{"id":185850,"date":"2020-06-22T08:10:27","date_gmt":"2020-06-22T11:10:27","guid":{"rendered":"https:\/\/franciscanos.org.br\/vidacrista\/?p=185850"},"modified":"2020-07-23T12:52:01","modified_gmt":"2020-07-23T15:52:01","slug":"joao-e-o-seu-nome","status":"publish","type":"post","link":"https:\/\/franciscanos.org.br\/vidacrista\/joao-e-o-seu-nome\/","title":{"rendered":"Jo\u00e3o \u00e9 o seu nome"},"content":{"rendered":"<p>&nbsp;<\/p>\n<div id=\"attachment_186893\" style=\"width: 850px\" class=\"wp-caption alignnone\"><img aria-describedby=\"caption-attachment-186893\" decoding=\"async\" loading=\"lazy\" class=\"wp-image-186893 size-full\" src=\"https:\/\/franciscanos.org.br\/vidacrista\/wp-content\/uploads\/2020\/06\/batista_2307.jpg\" alt=\"\" width=\"840\" height=\"450\" srcset=\"https:\/\/franciscanos.org.br\/vidacrista\/wp-content\/uploads\/2020\/06\/batista_2307.jpg 840w, https:\/\/franciscanos.org.br\/vidacrista\/wp-content\/uploads\/2020\/06\/batista_2307-450x241.jpg 450w, https:\/\/franciscanos.org.br\/vidacrista\/wp-content\/uploads\/2020\/06\/batista_2307-768x411.jpg 768w, https:\/\/franciscanos.org.br\/vidacrista\/wp-content\/uploads\/2020\/06\/batista_2307-150x80.jpg 150w\" sizes=\"(max-width: 840px) 100vw, 840px\" \/><p id=\"caption-attachment-186893\" class=\"wp-caption-text\"><em>\u00a0 \u00a0 \u00a0 \u00a0 \u00a0 \u00a0 \u00a0 \u00a0 \u00a0 \u00a0 \u00a0 \u00a0 \u00a0 \u00a0 \u00a0 \u00a0 \u00a0 \u00a0 \u00a0 \u00a0 \u00a0 \u00a0 \u00a0 \u00a0 \u00a0 \u00a0 \u00a0 \u00a0 \u00a0 \u00a0 \u00a0 \u00a0 \u00a0 \u00a0 \u00a0 \u00a0 \u00a0 \u00a0 \u00a0 \u00a0 \u00a0 \u00a0 \u00a0 \u00a0 \u00a0 \u00a0 \u00a0 \u00a0 \u00a0 \u00a0 \u00a0 \u00a0 \u00a0 \u00a0 \u00a0 \u00a0 \u00a0 \u00a0 \u00a0 \u00a0 \u00a0 \u00a0 \u00a0 \u00a0 \u00a0 \u00a0 \u00a0 \u00a0 \u00a0 \u00a0 \u00a0 \u00a0 \u00a0 \u00a0Imagem: Bartolom\u00e9 Esteban Murillo<\/em><\/p><\/div>\n<h3><strong>NATAL DE S\u00c3O JO\u00c3O BATISTA<\/strong><\/h3>\n<p>Vejam como Jo\u00e3o Batista foi importante para os crist\u00e3os! O pr\u00f3prio Jesus proclamou que, \u201centre os nascidos de mulher, n\u00e3o h\u00e1 um maior do que Jo\u00e3o; mas o menor no reino de Deus \u00e9 maior do que ele\u201d (Lucas 7,28). T\u00e3o importante, a ponto de ser o \u00fanico santo (com exce\u00e7\u00e3o de Maria) que tem seu nascimento celebrado pela Igreja.<\/p>\n<p>Assim como celebramos o nascimento Jesus no dia 25 de dezembro, nesta quarta-feira, dia 24 de junho, celebramos o natal de Jo\u00e3o Batista.<\/p>\n<p>A Palavra de Deus, neste dia de Festa (cf. Isa\u00edas 49,1-6; Salmo 138 (139); Atos 13,22-26; Lucas 1,57-66.80), nos leva a contemplar e celebrar acima de tudo o mist\u00e9rio d\u2019Aquele que se fez o menor no reino de Deus, e por isso \u00e9 o maior: Jesus. Essa Palavra nos traz uma mensagem de alegria e esperan\u00e7a para todos n\u00f3s. Pois ela nos aponta e nos mergulha, atrav\u00e9s de Jo\u00e3o Batista, para dentro da verdadeira Luz de todos os povos, para o Salvador, Jesus, do qual nem merecemos desamarrar as sand\u00e1lias.<\/p>\n<p>Nasceu o menino, filho de Isabel e Zacarias. A vizinhan\u00e7a toda, solid\u00e1ria, festejou! Pois Isabel, como n\u00e3o podia ter filhos, foi agraciada pela miseric\u00f3rdia do Senhor com uma gravidez bem-sucedida. E Zacarias continuava mudo (cf. Lucas 1,62-64), sem poder falar, pois n\u00e3o havia acreditado na mensagem do anjo, de que sua mulher, est\u00e9ril, ia ter um filho (cf. v. 20).<\/p>\n<p>Oito dias depois, no dia da circuncis\u00e3o do menino, queriam dar-lhe o nome de Zacarias. Zacarias J\u00fanior, dir\u00edamos hoje! Mas a m\u00e3e prop\u00f4s outro nome, Jo\u00e3o, o que causou estranheza a algumas pessoas. Jo\u00e3o?!&#8230; Um nome que nem consta nos anais da fam\u00edlia!&#8230; E o pai, ainda sem poder falar, escreveu numa tabuinha: \u201cJo\u00e3o \u00e9 o seu nome\u201d. Resultado: na hora, a voz de Zacarias se soltou, e ele come\u00e7ou a louvar Deus.<\/p>\n<p>A not\u00edcia se espalhou pela vizinhan\u00e7a e por toda a regi\u00e3o. Espantados e at\u00e9 com medo, todos pensavam consigo: \u201cO que n\u00e3o vai ser deste menino?!\u201d. Diz o evangelho que, \u201cde fato, a m\u00e3o do Senhor estava com ele\u201d, que \u201ccrescia e se fortalecia em esp\u00edrito\u201d. Quando cresceu, passou a viver nos lugares desertos, \u201cat\u00e9 ao dia em que se apresentou publicamente a Israel\u201d.<\/p>\n<p>Cumpria-se, assim, o que j\u00e1 proclamava o profeta Isa\u00edas: \u201cO Senhor chamou-me antes de eu nascer, desde o ventre de minha m\u00e3e ele tinha na mente o meu nome\u201d (Isa\u00edas 49,1). Jo\u00e3o, filho de Isabel e Zacarias, era destinado a ser tamb\u00e9m ele um profeta, mas um profeta com uma miss\u00e3o bem espec\u00edfica e muito importante: a de fazer a ponte entre o Antigo e o Novo Testamento inaugurado por Jesus.<\/p>\n<p>O pr\u00f3prio ap\u00f3stolo Paulo, mais tarde, vai pregar que, antes de Jesus vir a p\u00fablico, \u201cJo\u00e3o pregou um batismo de convers\u00e3o para todo o povo de Israel\u201d. E o fazia, avisando a todos: \u201cN\u00e3o sou eu, n\u00e3o, o messias que voc\u00eas esperando. Depois de mim, sim, vir\u00e1 aquele, do qual nem mere\u00e7o desamarrar as sand\u00e1lias\u201d (cf. Atos 13,24-25).<\/p>\n<p>Deus tem seus caminhos, Deus tem seus planos para a salva\u00e7\u00e3o da humanidade em Jesus Cristo. Depois que Jesus morreu, e ressuscitou, a comunidade crist\u00e3 primitiva logo o percebeu: A m\u00e3o misteriosa de Deus j\u00e1 estava ali, na pessoa de Jo\u00e3o Batista, desde a sua concep\u00e7\u00e3o e seu nascimento at\u00e9 como pregador de um batismo de convers\u00e3o para acolher a grande novidade do Reino que em Jesus estava para irromper. Foi Deus que enviou Jo\u00e3o para \u201cdar testemunho da luz e preparar para o Senhor um novo povo disposto a receb\u00ea-lo\u201d (cf. Jo\u00e3o 1,6-7; Lucas 1,17).<\/p>\n<p>Por isso, celebrando o natal de S\u00e3o Jo\u00e3o Batista, contemplamos ao mesmo tempo a figura do Salvador do mundo presente entre os seres humanos. Contemplamos a figura Filho de Deus que, descendo do c\u00e9u, mergulhou (foi batizado) no oceano de nossa exist\u00eancia humana para fazer de cada um de n\u00f3s, n\u2019Ele, tamb\u00e9m filhos de filhas do Alt\u00edssimo Senhor do c\u00e9u e da terra. Contemplamos e celebramos o divino Cordeiro que, por sua morte e ressurrei\u00e7\u00e3o, tirou o pecado do mundo e nos garantiu a salva\u00e7\u00e3o e a paz.<\/p>\n<p>Como Jo\u00e3o Batista, tamb\u00e9m n\u00f3s, agora na qualidade de crist\u00e3os renascidos nas \u00e1guas do Batismo, somos destinados a uma miss\u00e3o, a saber, a miss\u00e3o de anunciar o Salvador, que fez de nossos corpos a sua morada. E como o faremos? Por nossas palavras e a\u00e7\u00f5es, por nossa postura \u00e9tica crist\u00e3 em um mundo que, muitas vezes, aberta ou disfar\u00e7adamente, op\u00f5e resist\u00eancia \u00e0 Palavra libertadora de Deus.<\/p>\n<p>E conclu\u00edmos esta medita\u00e7\u00e3o com esta ora\u00e7\u00e3o oficial da Igreja Cat\u00f3lica: \u201c\u00d3 Deus, que suscitastes S\u00e3o Jo\u00e3o Batista, a fim de preparar para o Senhor um povo perfeito, concedei \u00e0 vossa Igreja as alegrias espirituais e dirigi nossos passos no caminho da salva\u00e7\u00e3o e da paz. Am\u00e9m\u201d.<\/p>\n<hr \/>\n<p><strong>Frei Jos\u00e9 Ariovaldo da Silva<\/strong> <em>\u00e9 doutor em Liturgia pelo Pontificio Ateneo S. Anselmo (1981), em Roma;\u00a0 lecionou\u00a0 Liturgia no Instituto Teol\u00f3gico Franciscano (ITF), em Petr\u00f3polis (RJ). \u00c9 membro fundador da Associa\u00e7\u00e3o dos Liturgistas do Brasil (Asli), da qual foi primeiro presidente.<\/em><\/p>\n<p>&nbsp;<\/p>\n","protected":false},"excerpt":{"rendered":"<p>Artigo de Frei Jos\u00e9 Ariovaldo da Silva<\/p>\n","protected":false},"author":3,"featured_media":186894,"comment_status":"open","ping_status":"open","sticky":false,"template":"","format":"standard","meta":{"footnotes":""},"categories":[26],"tags":[236],"yoast_head":"<!-- This site is optimized with the Yoast SEO plugin v19.4 - https:\/\/yoast.com\/wordpress\/plugins\/seo\/ -->\n<title>Jo\u00e3o \u00e9 o seu nome - Vida Crist\u00e3 - Franciscanos<\/title>\n<meta name=\"robots\" content=\"index, follow, max-snippet:-1, max-image-preview:large, max-video-preview:-1\" \/>\n<link rel=\"canonical\" href=\"https:\/\/franciscanos.org.br\/vidacrista\/joao-e-o-seu-nome\/\" \/>\n<meta property=\"og:locale\" content=\"pt_BR\" \/>\n<meta property=\"og:type\" content=\"article\" \/>\n<meta property=\"og:title\" content=\"Jo\u00e3o \u00e9 o seu nome - Vida Crist\u00e3 - Franciscanos\" \/>\n<meta property=\"og:description\" content=\"Artigo de Frei Jos\u00e9 Ariovaldo da Silva\" \/>\n<meta property=\"og:url\" content=\"https:\/\/franciscanos.org.br\/vidacrista\/joao-e-o-seu-nome\/\" \/>\n<meta property=\"og:site_name\" content=\"Vida Crist\u00e3 - Franciscanos\" \/>\n<meta property=\"article:published_time\" content=\"2020-06-22T11:10:27+00:00\" \/>\n<meta property=\"article:modified_time\" content=\"2020-07-23T15:52:01+00:00\" \/>\n<meta property=\"og:image\" content=\"https:\/\/franciscanos.org.br\/vidacrista\/wp-content\/uploads\/2020\/06\/batista_2307d.jpg\" \/>\n\t<meta property=\"og:image:width\" content=\"800\" \/>\n\t<meta property=\"og:image:height\" content=\"600\" \/>\n\t<meta property=\"og:image:type\" content=\"image\/jpeg\" \/>\n<meta name=\"author\" content=\"moacir\" \/>\n<meta name=\"twitter:card\" content=\"summary_large_image\" \/>\n<meta name=\"twitter:label1\" content=\"Escrito por\" \/>\n\t<meta name=\"twitter:data1\" content=\"moacir\" \/>\n\t<meta name=\"twitter:label2\" content=\"Est. tempo de leitura\" \/>\n\t<meta name=\"twitter:data2\" content=\"5 minutos\" \/>\n<script type=\"application\/ld+json\" class=\"yoast-schema-graph\">{\"@context\":\"https:\/\/schema.org\",\"@graph\":[{\"@type\":\"WebSite\",\"@id\":\"https:\/\/franciscanos.org.br\/vidacrista\/#website\",\"url\":\"https:\/\/franciscanos.org.br\/vidacrista\/\",\"name\":\"Vida Crist\u00e3 - Franciscanos\",\"description\":\"Prov\u00edncia Franciscana da Imaculada Concei\u00e7\u00e3o do Brasil - Ordem dos Frades Menores\",\"potentialAction\":[{\"@type\":\"SearchAction\",\"target\":{\"@type\":\"EntryPoint\",\"urlTemplate\":\"https:\/\/franciscanos.org.br\/vidacrista\/?s={search_term_string}\"},\"query-input\":\"required name=search_term_string\"}],\"inLanguage\":\"pt-BR\"},{\"@type\":\"WebPage\",\"@id\":\"https:\/\/franciscanos.org.br\/vidacrista\/joao-e-o-seu-nome\/\",\"url\":\"https:\/\/franciscanos.org.br\/vidacrista\/joao-e-o-seu-nome\/\",\"name\":\"Jo\u00e3o \u00e9 o seu nome - Vida Crist\u00e3 - Franciscanos\",\"isPartOf\":{\"@id\":\"https:\/\/franciscanos.org.br\/vidacrista\/#website\"},\"datePublished\":\"2020-06-22T11:10:27+00:00\",\"dateModified\":\"2020-07-23T15:52:01+00:00\",\"author\":{\"@id\":\"https:\/\/franciscanos.org.br\/vidacrista\/#\/schema\/person\/1880bdd2c350b735648725ef7614736a\"},\"breadcrumb\":{\"@id\":\"https:\/\/franciscanos.org.br\/vidacrista\/joao-e-o-seu-nome\/#breadcrumb\"},\"inLanguage\":\"pt-BR\",\"potentialAction\":[{\"@type\":\"ReadAction\",\"target\":[\"https:\/\/franciscanos.org.br\/vidacrista\/joao-e-o-seu-nome\/\"]}]},{\"@type\":\"BreadcrumbList\",\"@id\":\"https:\/\/franciscanos.org.br\/vidacrista\/joao-e-o-seu-nome\/#breadcrumb\",\"itemListElement\":[{\"@type\":\"ListItem\",\"position\":1,\"name\":\"Home\",\"item\":\"https:\/\/franciscanos.org.br\/vidacrista\/\"},{\"@type\":\"ListItem\",\"position\":2,\"name\":\"Jo\u00e3o \u00e9 o seu nome\"}]},{\"@type\":\"Person\",\"@id\":\"https:\/\/franciscanos.org.br\/vidacrista\/#\/schema\/person\/1880bdd2c350b735648725ef7614736a\",\"name\":\"moacir\",\"image\":{\"@type\":\"ImageObject\",\"inLanguage\":\"pt-BR\",\"@id\":\"https:\/\/franciscanos.org.br\/vidacrista\/#\/schema\/person\/image\/\",\"url\":\"https:\/\/secure.gravatar.com\/avatar\/d08aa2ce4c8dd416d4479aa8536fcf64?s=96&d=mm&r=g\",\"contentUrl\":\"https:\/\/secure.gravatar.com\/avatar\/d08aa2ce4c8dd416d4479aa8536fcf64?s=96&d=mm&r=g\",\"caption\":\"moacir\"},\"url\":\"https:\/\/franciscanos.org.br\/vidacrista\/author\/moacir\/\"}]}<\/script>\n<!-- \/ Yoast SEO plugin. -->","yoast_head_json":{"title":"Jo\u00e3o \u00e9 o seu nome - Vida Crist\u00e3 - Franciscanos","robots":{"index":"index","follow":"follow","max-snippet":"max-snippet:-1","max-image-preview":"max-image-preview:large","max-video-preview":"max-video-preview:-1"},"canonical":"https:\/\/franciscanos.org.br\/vidacrista\/joao-e-o-seu-nome\/","og_locale":"pt_BR","og_type":"article","og_title":"Jo\u00e3o \u00e9 o seu nome - Vida Crist\u00e3 - Franciscanos","og_description":"Artigo de Frei Jos\u00e9 Ariovaldo da Silva","og_url":"https:\/\/franciscanos.org.br\/vidacrista\/joao-e-o-seu-nome\/","og_site_name":"Vida Crist\u00e3 - Franciscanos","article_published_time":"2020-06-22T11:10:27+00:00","article_modified_time":"2020-07-23T15:52:01+00:00","og_image":[{"width":800,"height":600,"url":"https:\/\/franciscanos.org.br\/vidacrista\/wp-content\/uploads\/2020\/06\/batista_2307d.jpg","type":"image\/jpeg"}],"author":"moacir","twitter_card":"summary_large_image","twitter_misc":{"Escrito por":"moacir","Est. tempo de leitura":"5 minutos"},"schema":{"@context":"https:\/\/schema.org","@graph":[{"@type":"WebSite","@id":"https:\/\/franciscanos.org.br\/vidacrista\/#website","url":"https:\/\/franciscanos.org.br\/vidacrista\/","name":"Vida Crist\u00e3 - Franciscanos","description":"Prov\u00edncia Franciscana da Imaculada Concei\u00e7\u00e3o do Brasil - Ordem dos Frades Menores","potentialAction":[{"@type":"SearchAction","target":{"@type":"EntryPoint","urlTemplate":"https:\/\/franciscanos.org.br\/vidacrista\/?s={search_term_string}"},"query-input":"required name=search_term_string"}],"inLanguage":"pt-BR"},{"@type":"WebPage","@id":"https:\/\/franciscanos.org.br\/vidacrista\/joao-e-o-seu-nome\/","url":"https:\/\/franciscanos.org.br\/vidacrista\/joao-e-o-seu-nome\/","name":"Jo\u00e3o \u00e9 o seu nome - Vida Crist\u00e3 - Franciscanos","isPartOf":{"@id":"https:\/\/franciscanos.org.br\/vidacrista\/#website"},"datePublished":"2020-06-22T11:10:27+00:00","dateModified":"2020-07-23T15:52:01+00:00","author":{"@id":"https:\/\/franciscanos.org.br\/vidacrista\/#\/schema\/person\/1880bdd2c350b735648725ef7614736a"},"breadcrumb":{"@id":"https:\/\/franciscanos.org.br\/vidacrista\/joao-e-o-seu-nome\/#breadcrumb"},"inLanguage":"pt-BR","potentialAction":[{"@type":"ReadAction","target":["https:\/\/franciscanos.org.br\/vidacrista\/joao-e-o-seu-nome\/"]}]},{"@type":"BreadcrumbList","@id":"https:\/\/franciscanos.org.br\/vidacrista\/joao-e-o-seu-nome\/#breadcrumb","itemListElement":[{"@type":"ListItem","position":1,"name":"Home","item":"https:\/\/franciscanos.org.br\/vidacrista\/"},{"@type":"ListItem","position":2,"name":"Jo\u00e3o \u00e9 o seu nome"}]},{"@type":"Person","@id":"https:\/\/franciscanos.org.br\/vidacrista\/#\/schema\/person\/1880bdd2c350b735648725ef7614736a","name":"moacir","image":{"@type":"ImageObject","inLanguage":"pt-BR","@id":"https:\/\/franciscanos.org.br\/vidacrista\/#\/schema\/person\/image\/","url":"https:\/\/secure.gravatar.com\/avatar\/d08aa2ce4c8dd416d4479aa8536fcf64?s=96&d=mm&r=g","contentUrl":"https:\/\/secure.gravatar.com\/avatar\/d08aa2ce4c8dd416d4479aa8536fcf64?s=96&d=mm&r=g","caption":"moacir"},"url":"https:\/\/franciscanos.org.br\/vidacrista\/author\/moacir\/"}]}},"_links":{"self":[{"href":"https:\/\/franciscanos.org.br\/vidacrista\/wp-json\/wp\/v2\/posts\/185850"}],"collection":[{"href":"https:\/\/franciscanos.org.br\/vidacrista\/wp-json\/wp\/v2\/posts"}],"about":[{"href":"https:\/\/franciscanos.org.br\/vidacrista\/wp-json\/wp\/v2\/types\/post"}],"author":[{"embeddable":true,"href":"https:\/\/franciscanos.org.br\/vidacrista\/wp-json\/wp\/v2\/users\/3"}],"replies":[{"embeddable":true,"href":"https:\/\/franciscanos.org.br\/vidacrista\/wp-json\/wp\/v2\/comments?post=185850"}],"version-history":[{"count":6,"href":"https:\/\/franciscanos.org.br\/vidacrista\/wp-json\/wp\/v2\/posts\/185850\/revisions"}],"predecessor-version":[{"id":186896,"href":"https:\/\/franciscanos.org.br\/vidacrista\/wp-json\/wp\/v2\/posts\/185850\/revisions\/186896"}],"wp:featuredmedia":[{"embeddable":true,"href":"https:\/\/franciscanos.org.br\/vidacrista\/wp-json\/wp\/v2\/media\/186894"}],"wp:attachment":[{"href":"https:\/\/franciscanos.org.br\/vidacrista\/wp-json\/wp\/v2\/media?parent=185850"}],"wp:term":[{"taxonomy":"category","embeddable":true,"href":"https:\/\/franciscanos.org.br\/vidacrista\/wp-json\/wp\/v2\/categories?post=185850"},{"taxonomy":"post_tag","embeddable":true,"href":"https:\/\/franciscanos.org.br\/vidacrista\/wp-json\/wp\/v2\/tags?post=185850"}],"curies":[{"name":"wp","href":"https:\/\/api.w.org\/{rel}","templated":true}]}}