{"id":185798,"date":"2020-06-18T07:06:19","date_gmt":"2020-06-18T10:06:19","guid":{"rendered":"https:\/\/franciscanos.org.br\/vidacrista\/?p=185798"},"modified":"2020-06-18T21:31:46","modified_gmt":"2020-06-19T00:31:46","slug":"os-pensamentos-generosos-do-coracao-de-jesus","status":"publish","type":"post","link":"https:\/\/franciscanos.org.br\/vidacrista\/os-pensamentos-generosos-do-coracao-de-jesus\/","title":{"rendered":"Os pensamentos generosos do Cora\u00e7\u00e3o de Jesus"},"content":{"rendered":"<p><img decoding=\"async\" loading=\"lazy\" class=\"alignnone size-full wp-image-185799\" src=\"https:\/\/franciscanos.org.br\/vidacrista\/wp-content\/uploads\/2020\/06\/sagrado_1806_d.jpg\" alt=\"\" width=\"1000\" height=\"753\" srcset=\"https:\/\/franciscanos.org.br\/vidacrista\/wp-content\/uploads\/2020\/06\/sagrado_1806_d.jpg 1000w, https:\/\/franciscanos.org.br\/vidacrista\/wp-content\/uploads\/2020\/06\/sagrado_1806_d-450x339.jpg 450w, https:\/\/franciscanos.org.br\/vidacrista\/wp-content\/uploads\/2020\/06\/sagrado_1806_d-768x578.jpg 768w, https:\/\/franciscanos.org.br\/vidacrista\/wp-content\/uploads\/2020\/06\/sagrado_1806_d-150x113.jpg 150w\" sizes=\"(max-width: 1000px) 100vw, 1000px\" \/><\/p>\n<p><strong>Frei Jos\u00e9 Ariovaldo da Silva, OFM<\/strong><\/p>\n<p>N\u00e3o faz muito tempo, celebramos durante cinquenta dias as solenidades pascais. Nesta sexta feira (19.06), na <strong>Solenidade do Sagrado Cora\u00e7\u00e3o de Jesu<\/strong>s, \u00e9 como se entr\u00e1ssemos de novo naquelas solenidades e reviv\u00eassemos o imenso mist\u00e9rio do amor de Deus manifestado em Cristo. E o fazemos pela via simb\u00f3lica do cora\u00e7\u00e3o. Do cora\u00e7\u00e3o de Jesus.<\/p>\n<p>A devo\u00e7\u00e3o ao Sagrado Cora\u00e7\u00e3o prov\u00e9m de tempos bastante remotos. Grandes santos medievais, como S\u00e3o Bernardo e S\u00e3o Boaventura, teceram \u201cprofundas considera\u00e7\u00f5es sobre o amor de Deus manifestado em Cristo Jesus, sobretudo em sua sagrada Paix\u00e3o\u201d.<\/p>\n<p>Mas foi o realce dado \u00e0 humanidade de Jesus Cristo que \u201cfez brotar a devo\u00e7\u00e3o ao seu Cora\u00e7\u00e3o sagrado, s\u00edmbolo do amor de Deus transformado em amor humano. A devo\u00e7\u00e3o como tal tem in\u00edcio nos fins do s\u00e9culo 13 e in\u00edcios de s\u00e9culo 14, sobretudo em regi\u00f5es da Fran\u00e7a e Alemanha. Sua festa come\u00e7ou a ser celebrada a partir do s\u00e9culo 16, sobretudo na Fran\u00e7a\u201d (A. Beckh\u00e4user. <em>Viver em Cristo. Espiritualidade do ano lit\u00fargico<\/em>. Petr\u00f3polis: Vozes, 1992, p. 161).<\/p>\n<p>V\u00e1rios papas deram sua chancela ao novo culto, desde Pio IX que estendeu a festa a toda a Igreja em 1856, passando por Le\u00e3o XIII que consagrou o mundo ao Sagrado Cora\u00e7\u00e3o de Jesus, at\u00e9 Pio XII que mais uma vez recomendou esta devo\u00e7\u00e3o mediante uma carta enc\u00edclica.<\/p>\n<p>O Evangelho deste (cf. Mt 11,25-30) ilumina esplendidamente o sentido da solenidade de hoje. Ap\u00f3s a viv\u00eancia de uma esp\u00e9cie de \u2013 digamos \u2013 desencanto (cf. v. 20-24), Jesus se exp\u00f5e, de repente, num arroubo de profunda gratid\u00e3o, bem como de consoladora ternura e compaix\u00e3o. Diante de muita gente, provavelmente, ao seu redor, ele se dirige ao Pai, dizendo: \u201cEu te louvo, \u00f3 Pai, Senhor do c\u00e9u e da terra, porque escondeste estas coisas aos s\u00e1bios e entendidos e as revelaste aos pequeninos. Sim, Pai, porque assim foi do teu agrado\u201d (v. 25-26). Logo a seguir, ele afirma: \u201cTudo me foi entregue por meu Pai, e ningu\u00e9m conhece o Filho, sen\u00e3o o Pai, e ningu\u00e9m conhece o Pai, sen\u00e3o o Filho e aquele a quem o Filho o quiser revelar\u201d (v. 27). E completa: \u201cVenham a mim voc\u00eas todos que est\u00e3o cansados e fatigados, e eu lhes darei descanso. Tomem sobre voc\u00eas o meu jugo e aprendam de mim, porque sou manso e humilde de cora\u00e7\u00e3o, e voc\u00eas v\u00e3o encontrar descanso. Pois o meu jugo \u00e9 suave e o meu fardo \u00e9 leve\u201d (v. 27-30).<\/p>\n<p>Jesus falou isso ap\u00f3s uma dura chamada de aten\u00e7\u00e3o \u00e0s cidades \u201cem que se realizou a maioria de seus milagres, por n\u00e3o terem se convertido\u201d. S\u00e3o elas: Corozaim, Betsaida e Cafarnaum (cf. v. 20-24). Em outras palavras, mesmo com a evid\u00eancia dos milagres de Jesus, as elites \u2013 os grandes \u2013 dessas cidades n\u00e3o acreditaram ser Jesus o pr\u00f3prio Filho de Deus, a express\u00e3o acabada daquilo que Deus mesmo \u00e9: Amor. Preferiram permanecer na zona de conforto de suas \u201cverdades\u201d, a se converter \u00e0 sabedoria de vida que Jesus trazia da parte do Pai. Resultado: A estes \u2013 fechados em si mesmos \u2013, os pensamentos generosos do cora\u00e7\u00e3o de Deus ficaram ocultos. Os \u201cpequeninos\u201d, por sua vez \u2013 subjugados pelos poderosos e, por isso, cansados e fatigados, \u2013 eles sim, entenderam a proposta de Jesus. Diferentemente das elites subjugantes do povo, os \u201cpequeninos\u201d \u2013 eles sim! \u2013 ofereciam espa\u00e7os abertos em seus corpos para assimilar e colocar em pr\u00e1tica a \u00edntima e divina conex\u00e3o de conhecimento existente entre Jesus e o amor do Pai. Da\u00ed a alegria do louvor de Jesus ao Pai!<\/p>\n<p>A estes \u201cpequeninos\u201d, Jesus ent\u00e3o os encoraja no sentido de seguir sua proposta de uma alternativa de vida muito mais leve, feita de mansid\u00e3o e humildade: \u201cVenham a mim voc\u00eas todos que est\u00e3o cansados e fatigados, e eu lhes darei descanso. Tomem sobre voc\u00eas o meu jugo e aprendam de mim, porque sou manso e humilde de cora\u00e7\u00e3o, e voc\u00eas v\u00e3o encontrar descanso. Pois o meu jugo \u00e9 suave e o meu fardo \u00e9 leve\u201d (v. 27-30).<\/p>\n<p>Em outras palavras, no fundo, Jesus como que lhes diz: \u201cVejo que voc\u00eas, sim, s\u00e3o capazes de entender que meu Pai \u00e9 puro Amor e d\u2019Ele eu vim por amor a voc\u00eas. Por isso, permane\u00e7am nesse Amor, amem-se uns aos outros do jeito que eu estou amando voc\u00eas. Permane\u00e7am neste Amor, pois \u00e9 assim que voc\u00eas v\u00e3o permanecer com Deus e Deus vai permanecer com voc\u00eas (cf. 1Jo\u00e3o 4,7-160. Destarte, a vida de voc\u00eas vai ficar mais suave e mais leve. Mas s\u00e3o voc\u00eas que, junto comigo, v\u00e3o construir esse mundo melhor. \u00c9 o que eu desejo de todo o meu cora\u00e7\u00e3o para todos voc\u00eas. Contem com meu apoio, com a gra\u00e7a do meu Esp\u00edrito de amor\u201d.<\/p>\n<p>O mundo de hoje, dilacerado por muita ignor\u00e2ncia geradora de tantas mentiras, hipocrisias, preconceitos, \u00f3dios, agress\u00f5es, brigas, guerras, divis\u00f5es, jogo de poder, destrui\u00e7\u00e3o do meio-ambiente, enfermidades de todo tipo, e, ao mesmo tempo \u2013 gra\u00e7as a Deus! \u2013, encorajado pela sabedoria de milhares de pessoas em gestos de solidariedade, compaix\u00e3o, compreens\u00e3o, servi\u00e7o generoso em favor dos empobrecidos, adoecidos, sofridos e do meio ambiente depenado, este nosso mundo, nossa sociedade, precisa aprender muito ainda dos pensamentos generosos do cora\u00e7\u00e3o de Deus, a viver em paz, com a leveza e a suavidade do cora\u00e7\u00e3o do seu Filho Jesus.<\/p>\n<p>Por isso, especialmente neste dia, oramos com todos os crist\u00e3os de boa vontade: \u201cConcedei, \u00f3 Deus todo-poderoso, que, alegrando-nos pela solenidade do Cora\u00e7\u00e3o do vosso filho, meditemos as maravilhas de seu amor e possamos receber desta fonte de vida uma torrente de gra\u00e7as\u201d.<\/p>\n<p><em>Paz e Bem!<\/em><\/p>\n","protected":false},"excerpt":{"rendered":"<p>Reflex\u00e3o de Frei Jos\u00e9 Ariovaldo da Silva, OFM<\/p>\n","protected":false},"author":3,"featured_media":0,"comment_status":"open","ping_status":"open","sticky":false,"template":"","format":"standard","meta":{"footnotes":""},"categories":[105],"tags":[112],"yoast_head":"<!-- This site is optimized with the Yoast SEO plugin v19.4 - https:\/\/yoast.com\/wordpress\/plugins\/seo\/ -->\n<title>Os pensamentos generosos do Cora\u00e7\u00e3o de Jesus - Vida Crist\u00e3 - Franciscanos<\/title>\n<meta name=\"robots\" content=\"index, follow, max-snippet:-1, max-image-preview:large, max-video-preview:-1\" \/>\n<link rel=\"canonical\" href=\"https:\/\/franciscanos.org.br\/vidacrista\/os-pensamentos-generosos-do-coracao-de-jesus\/\" \/>\n<meta property=\"og:locale\" content=\"pt_BR\" \/>\n<meta property=\"og:type\" content=\"article\" \/>\n<meta property=\"og:title\" content=\"Os pensamentos generosos do Cora\u00e7\u00e3o de Jesus - Vida Crist\u00e3 - Franciscanos\" \/>\n<meta property=\"og:description\" content=\"Reflex\u00e3o de Frei Jos\u00e9 Ariovaldo da Silva, OFM\" \/>\n<meta property=\"og:url\" content=\"https:\/\/franciscanos.org.br\/vidacrista\/os-pensamentos-generosos-do-coracao-de-jesus\/\" \/>\n<meta property=\"og:site_name\" content=\"Vida Crist\u00e3 - Franciscanos\" \/>\n<meta property=\"article:published_time\" content=\"2020-06-18T10:06:19+00:00\" \/>\n<meta property=\"article:modified_time\" content=\"2020-06-19T00:31:46+00:00\" \/>\n<meta property=\"og:image\" content=\"https:\/\/franciscanos.org.br\/vidacrista\/wp-content\/uploads\/2020\/06\/sagrado_1806_d.jpg\" \/>\n<meta name=\"author\" content=\"moacir\" \/>\n<meta name=\"twitter:card\" content=\"summary_large_image\" \/>\n<meta name=\"twitter:label1\" content=\"Escrito por\" \/>\n\t<meta name=\"twitter:data1\" content=\"moacir\" \/>\n\t<meta name=\"twitter:label2\" content=\"Est. tempo de leitura\" \/>\n\t<meta name=\"twitter:data2\" content=\"5 minutos\" \/>\n<script type=\"application\/ld+json\" class=\"yoast-schema-graph\">{\"@context\":\"https:\/\/schema.org\",\"@graph\":[{\"@type\":\"WebSite\",\"@id\":\"https:\/\/franciscanos.org.br\/vidacrista\/#website\",\"url\":\"https:\/\/franciscanos.org.br\/vidacrista\/\",\"name\":\"Vida Crist\u00e3 - Franciscanos\",\"description\":\"Prov\u00edncia Franciscana da Imaculada Concei\u00e7\u00e3o do Brasil - Ordem dos Frades Menores\",\"potentialAction\":[{\"@type\":\"SearchAction\",\"target\":{\"@type\":\"EntryPoint\",\"urlTemplate\":\"https:\/\/franciscanos.org.br\/vidacrista\/?s={search_term_string}\"},\"query-input\":\"required name=search_term_string\"}],\"inLanguage\":\"pt-BR\"},{\"@type\":\"WebPage\",\"@id\":\"https:\/\/franciscanos.org.br\/vidacrista\/os-pensamentos-generosos-do-coracao-de-jesus\/\",\"url\":\"https:\/\/franciscanos.org.br\/vidacrista\/os-pensamentos-generosos-do-coracao-de-jesus\/\",\"name\":\"Os pensamentos generosos do Cora\u00e7\u00e3o de Jesus - Vida Crist\u00e3 - Franciscanos\",\"isPartOf\":{\"@id\":\"https:\/\/franciscanos.org.br\/vidacrista\/#website\"},\"datePublished\":\"2020-06-18T10:06:19+00:00\",\"dateModified\":\"2020-06-19T00:31:46+00:00\",\"author\":{\"@id\":\"https:\/\/franciscanos.org.br\/vidacrista\/#\/schema\/person\/1880bdd2c350b735648725ef7614736a\"},\"breadcrumb\":{\"@id\":\"https:\/\/franciscanos.org.br\/vidacrista\/os-pensamentos-generosos-do-coracao-de-jesus\/#breadcrumb\"},\"inLanguage\":\"pt-BR\",\"potentialAction\":[{\"@type\":\"ReadAction\",\"target\":[\"https:\/\/franciscanos.org.br\/vidacrista\/os-pensamentos-generosos-do-coracao-de-jesus\/\"]}]},{\"@type\":\"BreadcrumbList\",\"@id\":\"https:\/\/franciscanos.org.br\/vidacrista\/os-pensamentos-generosos-do-coracao-de-jesus\/#breadcrumb\",\"itemListElement\":[{\"@type\":\"ListItem\",\"position\":1,\"name\":\"Home\",\"item\":\"https:\/\/franciscanos.org.br\/vidacrista\/\"},{\"@type\":\"ListItem\",\"position\":2,\"name\":\"Os pensamentos generosos do Cora\u00e7\u00e3o de Jesus\"}]},{\"@type\":\"Person\",\"@id\":\"https:\/\/franciscanos.org.br\/vidacrista\/#\/schema\/person\/1880bdd2c350b735648725ef7614736a\",\"name\":\"moacir\",\"image\":{\"@type\":\"ImageObject\",\"inLanguage\":\"pt-BR\",\"@id\":\"https:\/\/franciscanos.org.br\/vidacrista\/#\/schema\/person\/image\/\",\"url\":\"https:\/\/secure.gravatar.com\/avatar\/d08aa2ce4c8dd416d4479aa8536fcf64?s=96&d=mm&r=g\",\"contentUrl\":\"https:\/\/secure.gravatar.com\/avatar\/d08aa2ce4c8dd416d4479aa8536fcf64?s=96&d=mm&r=g\",\"caption\":\"moacir\"},\"url\":\"https:\/\/franciscanos.org.br\/vidacrista\/author\/moacir\/\"}]}<\/script>\n<!-- \/ Yoast SEO plugin. -->","yoast_head_json":{"title":"Os pensamentos generosos do Cora\u00e7\u00e3o de Jesus - Vida Crist\u00e3 - Franciscanos","robots":{"index":"index","follow":"follow","max-snippet":"max-snippet:-1","max-image-preview":"max-image-preview:large","max-video-preview":"max-video-preview:-1"},"canonical":"https:\/\/franciscanos.org.br\/vidacrista\/os-pensamentos-generosos-do-coracao-de-jesus\/","og_locale":"pt_BR","og_type":"article","og_title":"Os pensamentos generosos do Cora\u00e7\u00e3o de Jesus - Vida Crist\u00e3 - Franciscanos","og_description":"Reflex\u00e3o de Frei Jos\u00e9 Ariovaldo da Silva, OFM","og_url":"https:\/\/franciscanos.org.br\/vidacrista\/os-pensamentos-generosos-do-coracao-de-jesus\/","og_site_name":"Vida Crist\u00e3 - Franciscanos","article_published_time":"2020-06-18T10:06:19+00:00","article_modified_time":"2020-06-19T00:31:46+00:00","og_image":[{"url":"https:\/\/franciscanos.org.br\/vidacrista\/wp-content\/uploads\/2020\/06\/sagrado_1806_d.jpg"}],"author":"moacir","twitter_card":"summary_large_image","twitter_misc":{"Escrito por":"moacir","Est. tempo de leitura":"5 minutos"},"schema":{"@context":"https:\/\/schema.org","@graph":[{"@type":"WebSite","@id":"https:\/\/franciscanos.org.br\/vidacrista\/#website","url":"https:\/\/franciscanos.org.br\/vidacrista\/","name":"Vida Crist\u00e3 - Franciscanos","description":"Prov\u00edncia Franciscana da Imaculada Concei\u00e7\u00e3o do Brasil - Ordem dos Frades Menores","potentialAction":[{"@type":"SearchAction","target":{"@type":"EntryPoint","urlTemplate":"https:\/\/franciscanos.org.br\/vidacrista\/?s={search_term_string}"},"query-input":"required name=search_term_string"}],"inLanguage":"pt-BR"},{"@type":"WebPage","@id":"https:\/\/franciscanos.org.br\/vidacrista\/os-pensamentos-generosos-do-coracao-de-jesus\/","url":"https:\/\/franciscanos.org.br\/vidacrista\/os-pensamentos-generosos-do-coracao-de-jesus\/","name":"Os pensamentos generosos do Cora\u00e7\u00e3o de Jesus - Vida Crist\u00e3 - Franciscanos","isPartOf":{"@id":"https:\/\/franciscanos.org.br\/vidacrista\/#website"},"datePublished":"2020-06-18T10:06:19+00:00","dateModified":"2020-06-19T00:31:46+00:00","author":{"@id":"https:\/\/franciscanos.org.br\/vidacrista\/#\/schema\/person\/1880bdd2c350b735648725ef7614736a"},"breadcrumb":{"@id":"https:\/\/franciscanos.org.br\/vidacrista\/os-pensamentos-generosos-do-coracao-de-jesus\/#breadcrumb"},"inLanguage":"pt-BR","potentialAction":[{"@type":"ReadAction","target":["https:\/\/franciscanos.org.br\/vidacrista\/os-pensamentos-generosos-do-coracao-de-jesus\/"]}]},{"@type":"BreadcrumbList","@id":"https:\/\/franciscanos.org.br\/vidacrista\/os-pensamentos-generosos-do-coracao-de-jesus\/#breadcrumb","itemListElement":[{"@type":"ListItem","position":1,"name":"Home","item":"https:\/\/franciscanos.org.br\/vidacrista\/"},{"@type":"ListItem","position":2,"name":"Os pensamentos generosos do Cora\u00e7\u00e3o de Jesus"}]},{"@type":"Person","@id":"https:\/\/franciscanos.org.br\/vidacrista\/#\/schema\/person\/1880bdd2c350b735648725ef7614736a","name":"moacir","image":{"@type":"ImageObject","inLanguage":"pt-BR","@id":"https:\/\/franciscanos.org.br\/vidacrista\/#\/schema\/person\/image\/","url":"https:\/\/secure.gravatar.com\/avatar\/d08aa2ce4c8dd416d4479aa8536fcf64?s=96&d=mm&r=g","contentUrl":"https:\/\/secure.gravatar.com\/avatar\/d08aa2ce4c8dd416d4479aa8536fcf64?s=96&d=mm&r=g","caption":"moacir"},"url":"https:\/\/franciscanos.org.br\/vidacrista\/author\/moacir\/"}]}},"_links":{"self":[{"href":"https:\/\/franciscanos.org.br\/vidacrista\/wp-json\/wp\/v2\/posts\/185798"}],"collection":[{"href":"https:\/\/franciscanos.org.br\/vidacrista\/wp-json\/wp\/v2\/posts"}],"about":[{"href":"https:\/\/franciscanos.org.br\/vidacrista\/wp-json\/wp\/v2\/types\/post"}],"author":[{"embeddable":true,"href":"https:\/\/franciscanos.org.br\/vidacrista\/wp-json\/wp\/v2\/users\/3"}],"replies":[{"embeddable":true,"href":"https:\/\/franciscanos.org.br\/vidacrista\/wp-json\/wp\/v2\/comments?post=185798"}],"version-history":[{"count":3,"href":"https:\/\/franciscanos.org.br\/vidacrista\/wp-json\/wp\/v2\/posts\/185798\/revisions"}],"predecessor-version":[{"id":185814,"href":"https:\/\/franciscanos.org.br\/vidacrista\/wp-json\/wp\/v2\/posts\/185798\/revisions\/185814"}],"wp:attachment":[{"href":"https:\/\/franciscanos.org.br\/vidacrista\/wp-json\/wp\/v2\/media?parent=185798"}],"wp:term":[{"taxonomy":"category","embeddable":true,"href":"https:\/\/franciscanos.org.br\/vidacrista\/wp-json\/wp\/v2\/categories?post=185798"},{"taxonomy":"post_tag","embeddable":true,"href":"https:\/\/franciscanos.org.br\/vidacrista\/wp-json\/wp\/v2\/tags?post=185798"}],"curies":[{"name":"wp","href":"https:\/\/api.w.org\/{rel}","templated":true}]}}