{"id":185793,"date":"2020-06-18T06:59:39","date_gmt":"2020-06-18T09:59:39","guid":{"rendered":"https:\/\/franciscanos.org.br\/vidacrista\/?p=185793"},"modified":"2020-06-18T07:00:07","modified_gmt":"2020-06-18T10:00:07","slug":"solenidade-do-coracao-de-jesus","status":"publish","type":"post","link":"https:\/\/franciscanos.org.br\/vidacrista\/solenidade-do-coracao-de-jesus\/","title":{"rendered":"Solenidade do Sagrado Cora\u00e7\u00e3o de Jesus"},"content":{"rendered":"<p><img decoding=\"async\" loading=\"lazy\" class=\"alignnone size-full wp-image-185794\" src=\"https:\/\/franciscanos.org.br\/vidacrista\/wp-content\/uploads\/2020\/06\/sagrado_1806_3.jpg\" alt=\"\" width=\"840\" height=\"450\" srcset=\"https:\/\/franciscanos.org.br\/vidacrista\/wp-content\/uploads\/2020\/06\/sagrado_1806_3.jpg 840w, https:\/\/franciscanos.org.br\/vidacrista\/wp-content\/uploads\/2020\/06\/sagrado_1806_3-450x241.jpg 450w, https:\/\/franciscanos.org.br\/vidacrista\/wp-content\/uploads\/2020\/06\/sagrado_1806_3-768x411.jpg 768w, https:\/\/franciscanos.org.br\/vidacrista\/wp-content\/uploads\/2020\/06\/sagrado_1806_3-150x80.jpg 150w\" sizes=\"(max-width: 840px) 100vw, 840px\" \/><\/p>\n<p>\u2665 Solenidade do Cora\u00e7\u00e3o do Redentor, do amor de Deus manifestado atrav\u00e9s de uma fenda feita por um soldado no lado do Senhor Jesus! Tudo j\u00e1 estava consumado. E do Cora\u00e7\u00e3o, desse Rochedo de carne e de amor, brotaram \u00e1guas de vida para saciar a sede do mundo e purificar as suas vidas. Os disc\u00edpulos do Senhor as recolheram e as transforam em \u00e1gua batismal e vinho rubro no c\u00e1lice da salva\u00e7\u00e3o. N\u00e3o cessamos de reconhecer que a paix\u00e3o e morte do Senhor seguidas de sua ressurrei\u00e7\u00e3o constituem o cerne de nossa f\u00e9. Somos profundamente gratos pelas aten\u00e7\u00f5es do Senhor jubilosamente participamos de seu mist\u00e9rio pascal. Seu e nosso. N\u00e3o cessamos de nos purificar e nos alimentar, de modo, particular na Eucaristia de todos os dias.<\/p>\n<p>\u2665 As leituras desta solenidade nos incitam ao amor. Temos medo de discorrer sobre o tema. N\u00e3o conv\u00e9m ficar repetindo palavras sobre a caridade, o amor. Importa reaprender a amar e nada mais. O evangelho hoje proclamado tem algumas orienta\u00e7\u00f5es que podem levar ao \u00e2mago do Cora\u00e7\u00e3o do Redentor.<\/p>\n<p>\u2665 Jesus se volta para o Pai e exprime uma grande alegria. Louva o Pai porque escondeu estas coisas, ou seja, os mist\u00e9rios de seu amor e as ternuras de seu cora\u00e7\u00e3o, aos satisfeitos e acabados e as revelou aos pequenos, aos que vivem hist\u00f3rias menos grandiosas, aos que n\u00e3o andam pegando \u201ccarona\u201d at\u00e9 mesmo nas coisas da f\u00e9 para mostrar-se e exibir-se. O Senhor se revela mulher que vem \u00e0 missa das 7h todos dias e devora Palavra e P\u00e3o. Aos que abandonaram o culto de si mesmos e passaram a usar o avental do servi\u00e7o. Aos que perderam e conservaram um restinho de esperan\u00e7a. \u201cSempre \u00e9 assim: o olhar dos simples \u00e9 em geral mais limpo. N\u00e3o h\u00e1 em seu cora\u00e7\u00e3o tanto interesse torto. Eles v\u00e3o diretamente ao essencial. Sabem o que \u00e9 sofrer, sentir-se mal e viver sem seguran\u00e7a. S\u00e3o os primeiros que entendem o Evangelho\u201d (<em>Pagola<\/em>).<\/p>\n<p>\u2665 Ningu\u00e9m conhece o Pai sen\u00e3o o Filho. De tanto convivermos com o Filho fomos nos tornando seus \u201cfamiliares\u201d. Encontramo-lo nos rostos desfigurados, nas pessoas mais ou menos abandonadas, no semblante desfigurado de doentes e moradores em cantos de mis\u00e9ria. Deixamos que sua Palavra penetrasse l\u00e1 onde come\u00e7a nossa hist\u00f3ria, l\u00e1 onde come\u00e7amos a ser o que somos. Vamos conhecendo o Senhor e ele nos leva ao Pai. Esse conv\u00edvio insistente nos leva ao Pai. Fomos sendo possu\u00eddos pelo Senhor.<\/p>\n<p>\u2665 Jesus pede que aqueles que est\u00e3o cansados a ele se acheguem. Ele promete ajudar a carregar nossos fardos, j\u00e1 que ele \u00e9 manso e humilde de cora\u00e7\u00e3o. \u201cO cora\u00e7\u00e3o de Jesus \u00e9 o cora\u00e7\u00e3o de Deus no mundo. \u00danico lugar em que o mundo descobre a verdadeira natureza de seu Deus, mist\u00e9rio destinado a nos cumular de felicidade, o \u00fanico lugar onde Deus torna-se o cora\u00e7\u00e3o de nosso cora\u00e7\u00e3o de tal forma que nosso ser, podendo tudo abra\u00e7ar e tudo unir ao mesmo tempo nosso centro de gravidade e de equil\u00edbrio\u201d(<em>Karl Rahner<\/em>).<\/p>\n<p>\u2665 \u201cCora\u00e7\u00e3o indica o lugar onde o mist\u00e9rio do homem transcende no mist\u00e9rio de Deus; a\u00ed, o vazio sem fim que ele experimenta dentro de si clama e invoca a infinita plenitude de Deus. Evoca o cora\u00e7\u00e3o traspassado, o cora\u00e7\u00e3o angustiado morto. Dizer cora\u00e7\u00e3o \u00e9 dizer amor, o amor inating\u00edvel e desinteressado, o amor que vence pela inutilidade, que triunfa pela fraqueza, que morto d\u00e1 a vida. O amor que \u00e9 Deus. Com esta palavra se afirma que Deus est\u00e1 onde algu\u00e9m suplica: \u201cMeu Deus, meu Deus por que me abandonaste?\u201d Com a palavra cora\u00e7\u00e3o se denomina algo que \u00e9 totalmente corp\u00f3reo, e no entanto, est\u00e1 todo em tudo, a ponto de se poderem contar as pulsa\u00e7\u00f5es e a\u00ed podemos nos deter com l\u00e1grimas de felicidade, porque n\u00e3o \u00e9 necess\u00e1rio ir mais adiante desse o momento em que se encontrou Deus\u201d (cf. <em>Missal Dominical da Paulus<\/em>, p, 502).<\/p>\n<p>\u2665 <strong>Uma ora\u00e7\u00e3o:<\/strong> \u201cFaz-nos trilhar, Senhor, a estrada da mansid\u00e3o. Ajuda-nos a contrariar a ferocidade do tempo, fora e dentro de n\u00f3s. Que a tua paz seja a fonte secreta que tudo sustenta. Tudo provenha dessa paz sem vencidos e vencedores. Desta paz que acalma as amea\u00e7as e os cercos implac\u00e1veis. Dessa paz pronunciada ao mesmo tempo com firmeza e do\u00e7ura. D\u00e1-nos a mansid\u00e3o nas palavras que t\u00e3o facilmente se tornam imperme\u00e1veis e nos prop\u00f3sitos que a competi\u00e7\u00e3o empurra para uma agressividade sempre mais dura. Que cheguemos \u00e0 mansid\u00e3o das paisagens reconciliadas como pequenos cursos de \u00e1gua, fazendo florir a terra\u201d (<em>Jos\u00e9 Tolentino Mendon\u00e7a, Um Deus que dan\u00e7a, Paulinas<\/em>, p. 115).<\/p>\n","protected":false},"excerpt":{"rendered":"<p>Reflex\u00e3o de Frei Almir Guimar\u00e3es<\/p>\n","protected":false},"author":3,"featured_media":185795,"comment_status":"open","ping_status":"open","sticky":false,"template":"","format":"standard","meta":{"footnotes":""},"categories":[105],"tags":[112],"yoast_head":"<!-- This site is optimized with the Yoast SEO plugin v19.4 - https:\/\/yoast.com\/wordpress\/plugins\/seo\/ -->\n<title>Solenidade do Sagrado Cora\u00e7\u00e3o de Jesus - Vida Crist\u00e3 - Franciscanos<\/title>\n<meta name=\"robots\" content=\"index, follow, max-snippet:-1, max-image-preview:large, max-video-preview:-1\" \/>\n<link rel=\"canonical\" href=\"https:\/\/franciscanos.org.br\/vidacrista\/solenidade-do-coracao-de-jesus\/\" \/>\n<meta property=\"og:locale\" content=\"pt_BR\" \/>\n<meta property=\"og:type\" content=\"article\" \/>\n<meta property=\"og:title\" content=\"Solenidade do Sagrado Cora\u00e7\u00e3o de Jesus - Vida Crist\u00e3 - Franciscanos\" \/>\n<meta property=\"og:description\" content=\"Reflex\u00e3o de Frei Almir Guimar\u00e3es\" \/>\n<meta property=\"og:url\" content=\"https:\/\/franciscanos.org.br\/vidacrista\/solenidade-do-coracao-de-jesus\/\" \/>\n<meta property=\"og:site_name\" content=\"Vida Crist\u00e3 - Franciscanos\" \/>\n<meta property=\"article:published_time\" content=\"2020-06-18T09:59:39+00:00\" \/>\n<meta property=\"article:modified_time\" content=\"2020-06-18T10:00:07+00:00\" \/>\n<meta property=\"og:image\" content=\"https:\/\/franciscanos.org.br\/vidacrista\/wp-content\/uploads\/2020\/06\/sagrado_1806_3d.jpg\" \/>\n\t<meta property=\"og:image:width\" content=\"800\" \/>\n\t<meta property=\"og:image:height\" content=\"600\" \/>\n\t<meta property=\"og:image:type\" content=\"image\/jpeg\" \/>\n<meta name=\"author\" content=\"moacir\" \/>\n<meta name=\"twitter:card\" content=\"summary_large_image\" \/>\n<meta name=\"twitter:label1\" content=\"Escrito por\" \/>\n\t<meta name=\"twitter:data1\" content=\"moacir\" \/>\n\t<meta name=\"twitter:label2\" content=\"Est. tempo de leitura\" \/>\n\t<meta name=\"twitter:data2\" content=\"4 minutos\" \/>\n<script type=\"application\/ld+json\" class=\"yoast-schema-graph\">{\"@context\":\"https:\/\/schema.org\",\"@graph\":[{\"@type\":\"WebSite\",\"@id\":\"https:\/\/franciscanos.org.br\/vidacrista\/#website\",\"url\":\"https:\/\/franciscanos.org.br\/vidacrista\/\",\"name\":\"Vida Crist\u00e3 - Franciscanos\",\"description\":\"Prov\u00edncia Franciscana da Imaculada Concei\u00e7\u00e3o do Brasil - Ordem dos Frades Menores\",\"potentialAction\":[{\"@type\":\"SearchAction\",\"target\":{\"@type\":\"EntryPoint\",\"urlTemplate\":\"https:\/\/franciscanos.org.br\/vidacrista\/?s={search_term_string}\"},\"query-input\":\"required name=search_term_string\"}],\"inLanguage\":\"pt-BR\"},{\"@type\":\"WebPage\",\"@id\":\"https:\/\/franciscanos.org.br\/vidacrista\/solenidade-do-coracao-de-jesus\/\",\"url\":\"https:\/\/franciscanos.org.br\/vidacrista\/solenidade-do-coracao-de-jesus\/\",\"name\":\"Solenidade do Sagrado Cora\u00e7\u00e3o de Jesus - Vida Crist\u00e3 - Franciscanos\",\"isPartOf\":{\"@id\":\"https:\/\/franciscanos.org.br\/vidacrista\/#website\"},\"datePublished\":\"2020-06-18T09:59:39+00:00\",\"dateModified\":\"2020-06-18T10:00:07+00:00\",\"author\":{\"@id\":\"https:\/\/franciscanos.org.br\/vidacrista\/#\/schema\/person\/1880bdd2c350b735648725ef7614736a\"},\"breadcrumb\":{\"@id\":\"https:\/\/franciscanos.org.br\/vidacrista\/solenidade-do-coracao-de-jesus\/#breadcrumb\"},\"inLanguage\":\"pt-BR\",\"potentialAction\":[{\"@type\":\"ReadAction\",\"target\":[\"https:\/\/franciscanos.org.br\/vidacrista\/solenidade-do-coracao-de-jesus\/\"]}]},{\"@type\":\"BreadcrumbList\",\"@id\":\"https:\/\/franciscanos.org.br\/vidacrista\/solenidade-do-coracao-de-jesus\/#breadcrumb\",\"itemListElement\":[{\"@type\":\"ListItem\",\"position\":1,\"name\":\"Home\",\"item\":\"https:\/\/franciscanos.org.br\/vidacrista\/\"},{\"@type\":\"ListItem\",\"position\":2,\"name\":\"Solenidade do Sagrado Cora\u00e7\u00e3o de Jesus\"}]},{\"@type\":\"Person\",\"@id\":\"https:\/\/franciscanos.org.br\/vidacrista\/#\/schema\/person\/1880bdd2c350b735648725ef7614736a\",\"name\":\"moacir\",\"image\":{\"@type\":\"ImageObject\",\"inLanguage\":\"pt-BR\",\"@id\":\"https:\/\/franciscanos.org.br\/vidacrista\/#\/schema\/person\/image\/\",\"url\":\"https:\/\/secure.gravatar.com\/avatar\/d08aa2ce4c8dd416d4479aa8536fcf64?s=96&d=mm&r=g\",\"contentUrl\":\"https:\/\/secure.gravatar.com\/avatar\/d08aa2ce4c8dd416d4479aa8536fcf64?s=96&d=mm&r=g\",\"caption\":\"moacir\"},\"url\":\"https:\/\/franciscanos.org.br\/vidacrista\/author\/moacir\/\"}]}<\/script>\n<!-- \/ Yoast SEO plugin. -->","yoast_head_json":{"title":"Solenidade do Sagrado Cora\u00e7\u00e3o de Jesus - Vida Crist\u00e3 - Franciscanos","robots":{"index":"index","follow":"follow","max-snippet":"max-snippet:-1","max-image-preview":"max-image-preview:large","max-video-preview":"max-video-preview:-1"},"canonical":"https:\/\/franciscanos.org.br\/vidacrista\/solenidade-do-coracao-de-jesus\/","og_locale":"pt_BR","og_type":"article","og_title":"Solenidade do Sagrado Cora\u00e7\u00e3o de Jesus - Vida Crist\u00e3 - Franciscanos","og_description":"Reflex\u00e3o de Frei Almir Guimar\u00e3es","og_url":"https:\/\/franciscanos.org.br\/vidacrista\/solenidade-do-coracao-de-jesus\/","og_site_name":"Vida Crist\u00e3 - Franciscanos","article_published_time":"2020-06-18T09:59:39+00:00","article_modified_time":"2020-06-18T10:00:07+00:00","og_image":[{"width":800,"height":600,"url":"https:\/\/franciscanos.org.br\/vidacrista\/wp-content\/uploads\/2020\/06\/sagrado_1806_3d.jpg","type":"image\/jpeg"}],"author":"moacir","twitter_card":"summary_large_image","twitter_misc":{"Escrito por":"moacir","Est. tempo de leitura":"4 minutos"},"schema":{"@context":"https:\/\/schema.org","@graph":[{"@type":"WebSite","@id":"https:\/\/franciscanos.org.br\/vidacrista\/#website","url":"https:\/\/franciscanos.org.br\/vidacrista\/","name":"Vida Crist\u00e3 - Franciscanos","description":"Prov\u00edncia Franciscana da Imaculada Concei\u00e7\u00e3o do Brasil - Ordem dos Frades Menores","potentialAction":[{"@type":"SearchAction","target":{"@type":"EntryPoint","urlTemplate":"https:\/\/franciscanos.org.br\/vidacrista\/?s={search_term_string}"},"query-input":"required name=search_term_string"}],"inLanguage":"pt-BR"},{"@type":"WebPage","@id":"https:\/\/franciscanos.org.br\/vidacrista\/solenidade-do-coracao-de-jesus\/","url":"https:\/\/franciscanos.org.br\/vidacrista\/solenidade-do-coracao-de-jesus\/","name":"Solenidade do Sagrado Cora\u00e7\u00e3o de Jesus - Vida Crist\u00e3 - Franciscanos","isPartOf":{"@id":"https:\/\/franciscanos.org.br\/vidacrista\/#website"},"datePublished":"2020-06-18T09:59:39+00:00","dateModified":"2020-06-18T10:00:07+00:00","author":{"@id":"https:\/\/franciscanos.org.br\/vidacrista\/#\/schema\/person\/1880bdd2c350b735648725ef7614736a"},"breadcrumb":{"@id":"https:\/\/franciscanos.org.br\/vidacrista\/solenidade-do-coracao-de-jesus\/#breadcrumb"},"inLanguage":"pt-BR","potentialAction":[{"@type":"ReadAction","target":["https:\/\/franciscanos.org.br\/vidacrista\/solenidade-do-coracao-de-jesus\/"]}]},{"@type":"BreadcrumbList","@id":"https:\/\/franciscanos.org.br\/vidacrista\/solenidade-do-coracao-de-jesus\/#breadcrumb","itemListElement":[{"@type":"ListItem","position":1,"name":"Home","item":"https:\/\/franciscanos.org.br\/vidacrista\/"},{"@type":"ListItem","position":2,"name":"Solenidade do Sagrado Cora\u00e7\u00e3o de Jesus"}]},{"@type":"Person","@id":"https:\/\/franciscanos.org.br\/vidacrista\/#\/schema\/person\/1880bdd2c350b735648725ef7614736a","name":"moacir","image":{"@type":"ImageObject","inLanguage":"pt-BR","@id":"https:\/\/franciscanos.org.br\/vidacrista\/#\/schema\/person\/image\/","url":"https:\/\/secure.gravatar.com\/avatar\/d08aa2ce4c8dd416d4479aa8536fcf64?s=96&d=mm&r=g","contentUrl":"https:\/\/secure.gravatar.com\/avatar\/d08aa2ce4c8dd416d4479aa8536fcf64?s=96&d=mm&r=g","caption":"moacir"},"url":"https:\/\/franciscanos.org.br\/vidacrista\/author\/moacir\/"}]}},"_links":{"self":[{"href":"https:\/\/franciscanos.org.br\/vidacrista\/wp-json\/wp\/v2\/posts\/185793"}],"collection":[{"href":"https:\/\/franciscanos.org.br\/vidacrista\/wp-json\/wp\/v2\/posts"}],"about":[{"href":"https:\/\/franciscanos.org.br\/vidacrista\/wp-json\/wp\/v2\/types\/post"}],"author":[{"embeddable":true,"href":"https:\/\/franciscanos.org.br\/vidacrista\/wp-json\/wp\/v2\/users\/3"}],"replies":[{"embeddable":true,"href":"https:\/\/franciscanos.org.br\/vidacrista\/wp-json\/wp\/v2\/comments?post=185793"}],"version-history":[{"count":2,"href":"https:\/\/franciscanos.org.br\/vidacrista\/wp-json\/wp\/v2\/posts\/185793\/revisions"}],"predecessor-version":[{"id":185797,"href":"https:\/\/franciscanos.org.br\/vidacrista\/wp-json\/wp\/v2\/posts\/185793\/revisions\/185797"}],"wp:featuredmedia":[{"embeddable":true,"href":"https:\/\/franciscanos.org.br\/vidacrista\/wp-json\/wp\/v2\/media\/185795"}],"wp:attachment":[{"href":"https:\/\/franciscanos.org.br\/vidacrista\/wp-json\/wp\/v2\/media?parent=185793"}],"wp:term":[{"taxonomy":"category","embeddable":true,"href":"https:\/\/franciscanos.org.br\/vidacrista\/wp-json\/wp\/v2\/categories?post=185793"},{"taxonomy":"post_tag","embeddable":true,"href":"https:\/\/franciscanos.org.br\/vidacrista\/wp-json\/wp\/v2\/tags?post=185793"}],"curies":[{"name":"wp","href":"https:\/\/api.w.org\/{rel}","templated":true}]}}