{"id":185772,"date":"2012-07-06T16:45:07","date_gmt":"2012-07-06T19:45:07","guid":{"rendered":"https:\/\/franciscanos.org.br\/vidacrista\/?p=185772"},"modified":"2020-07-28T13:51:07","modified_gmt":"2020-07-28T16:51:07","slug":"um-brasil-menos-catolico","status":"publish","type":"post","link":"https:\/\/franciscanos.org.br\/vidacrista\/um-brasil-menos-catolico\/","title":{"rendered":"Um Brasil menos cat\u00f3lico"},"content":{"rendered":"<p>&nbsp;<\/p>\n<p><img decoding=\"async\" loading=\"lazy\" class=\"alignnone size-full wp-image-185773\" src=\"https:\/\/franciscanos.org.br\/vidacrista\/wp-content\/uploads\/2020\/06\/artigo_060712.jpg\" alt=\"\" width=\"830\" height=\"459\" srcset=\"https:\/\/franciscanos.org.br\/vidacrista\/wp-content\/uploads\/2020\/06\/artigo_060712.jpg 830w, https:\/\/franciscanos.org.br\/vidacrista\/wp-content\/uploads\/2020\/06\/artigo_060712-450x249.jpg 450w, https:\/\/franciscanos.org.br\/vidacrista\/wp-content\/uploads\/2020\/06\/artigo_060712-768x425.jpg 768w, https:\/\/franciscanos.org.br\/vidacrista\/wp-content\/uploads\/2020\/06\/artigo_060712-150x83.jpg 150w\" sizes=\"(max-width: 830px) 100vw, 830px\" \/><\/p>\n<p><strong>Frei Jacir de Freitas Faria (*)<\/strong><\/p>\n<p>Na semana passada, divulgou-se o Censo 2010 do Instituto Brasileiro de Geografia e Estat\u00edstica (IBGE), pelo qual o n\u00famero de cat\u00f3licos no Brasil diminuiu em 9,2%, caindo de 73,6% da popula\u00e7\u00e3o em 2000 para 64,4% em 2010: o de evang\u00e9licos cresceu 44% (22% do brasileiros de hoje). A not\u00edcia n\u00e3o assusta, pois era esperada. Desde o tempo da Rep\u00fablica, quando da divis\u00e3o da Igreja e Estado, o catolicismo vem perdendo espa\u00e7o no Brasil.<\/p>\n<p>A constata\u00e7\u00e3o, no entanto, merece algumas considera\u00e7\u00f5es. Desde o final da d\u00e9cada de 1970, o Brasil iniciou um processo acentuado de passagem do mundo rural para o urbano. A Igreja Cat\u00f3lica, tendo em vista o mundo rural antigo, se organizou em dioceses (Administra\u00e7\u00e3o da Casa) e par\u00f3quias (Segunda casa), e assim permanece at\u00e9 os nossos dias, no estilo rural. A vida urbana \u00e9 mobilidade por excel\u00eancia.<\/p>\n<p>O Brasil saiu da ro\u00e7a, sem nenhuma conota\u00e7\u00e3o pejorativa do termo, mas a ro\u00e7a n\u00e3o saiu da Igreja. Prova disso \u00e9 que o censo comprovou que no interior o catolicismo ainda \u00e9 forte, 77,8%. Da popula\u00e7\u00e3o rural que migrou para as cidades, os fazendeiros foram para bairros abastados e Centro, j\u00e1 os pobres foram para vilas e favelas, mas a Igreja, nas pessoas de suas lideran\u00e7as, padres e bispos, n\u00e3o foram juntos. Sem padres, os cat\u00f3licos procuraram outros pastores. Mesmo sabendo da urg\u00eancia da presen\u00e7a, muitos padres preferem a comodidade das par\u00f3quias bem estabelecidas.<\/p>\n<p>A leva de padres cantores midi\u00e1ticos n\u00e3o foi capaz de impedir os avan\u00e7os dos evang\u00e9licos pentecostais. No entanto, se n\u00e3o fossem eles, a situa\u00e7\u00e3o poderia ser mais alarmante. Os discursos mais personalizados e voltados para a solu\u00e7\u00e3o de quest\u00f5es econ\u00f4micas imediatas dos evang\u00e9licos pentecostais atra\u00edram mais os pobres que os discursos coletivos, teol\u00f3gica e dogmaticamente bem pautados do catolicismo.<\/p>\n<p>A diversifica\u00e7\u00e3o religiosa e o individualismo tendem a ser caminho do Brasil nas pr\u00f3ximas d\u00e9cadas. A pessoa que cr\u00ea, mas n\u00e3o necessariamente opta por servi\u00e7os religiosos institucionais regulares, mostra o que ficou evidente na migra\u00e7\u00e3o dos evang\u00e9licos da Igreja Universal do Reino de Deus para a do Mundial do Poder de Deus e da Assembleia de Deus, sobretudo. O discurso em prol da cria\u00e7\u00e3o de comunidades e do amor ao pr\u00f3ximo do catolicismo, ess\u00eancia do seu modo de ser, n\u00e3o tem atra\u00eddo a modernidade. Isso ficou evidente no abandono eclesial cat\u00f3lico do discurso social da Teologia da Liberta\u00e7\u00e3o, que muito influenciou a sociedade e a pol\u00edtica brasileira nas d\u00e9cadas de 1970 e 1980. Muitos dos chamados cat\u00f3licos n\u00e3o praticantes encontraram abrigos nas igrejas evang\u00e9licas.<\/p>\n<p>A identifica\u00e7\u00e3o da Igreja Cat\u00f3lica com dogmas de f\u00e9, considerados pela modernidade como conservadores, \u00e9 um dos motivos que tamb\u00e9m n\u00e3o podem deixar de ser considerados, embora ele n\u00e3o seja decisivo para muitos cat\u00f3licos deixarem a institui\u00e7\u00e3o. A dificuldade cat\u00f3lica de falar a linguagem midi\u00e1tica, sobretudo com a juventude, \u00e9 outro fator preponderante. A diminui\u00e7\u00e3o do clero, aliada ao tempo longo de forma\u00e7\u00e3o de um padre, em compara\u00e7\u00e3o \u00e0 facilidade com que um que pastor convertido transforma uma loja em igreja na periferia, o que propiciou o surgimento de neg\u00f3cios de f\u00e9.<\/p>\n<p>Todos esses fatores acima apresentados merecem a reflex\u00e3o dos crist\u00e3os. N\u00e3o \u00e9 saud\u00e1vel o discurso da quantidade, embora seja ele o foco da not\u00edcia, mas a qualidade de nossa f\u00e9. A volta \u00e0s origens do cristianismo faria muito bem a todos n\u00f3s, quando lembramos que o cristianismo era religi\u00e3o de minorias, provido de um discurso pessoal, social, comunit\u00e1rio e comprometido com a Boa-Nova de Jesus e a viv\u00eancia de sua ressurrei\u00e7\u00e3o que come\u00e7a aqui e agora, sem ped\u00e1gios, promessas de c\u00e9u e medo do inferno.<\/p>\n<p><em><strong>(*) Escritor, exegeta e diretor do Col\u00e9gio Santo Ant\u00f4nio de Belo Horizonte.<\/strong><\/em><\/p>\n","protected":false},"excerpt":{"rendered":"<p>Artigo de Frei Jacir de Freitas Faria<\/p>\n","protected":false},"author":1,"featured_media":0,"comment_status":"open","ping_status":"open","sticky":false,"template":"","format":"standard","meta":{"footnotes":""},"categories":[26],"tags":[],"yoast_head":"<!-- This site is optimized with the Yoast SEO plugin v19.4 - https:\/\/yoast.com\/wordpress\/plugins\/seo\/ -->\n<title>Um Brasil menos cat\u00f3lico - Vida Crist\u00e3 - Franciscanos<\/title>\n<meta name=\"robots\" content=\"index, follow, max-snippet:-1, max-image-preview:large, max-video-preview:-1\" \/>\n<link rel=\"canonical\" href=\"https:\/\/franciscanos.org.br\/vidacrista\/um-brasil-menos-catolico\/\" \/>\n<meta property=\"og:locale\" content=\"pt_BR\" \/>\n<meta property=\"og:type\" content=\"article\" \/>\n<meta property=\"og:title\" content=\"Um Brasil menos cat\u00f3lico - Vida Crist\u00e3 - Franciscanos\" \/>\n<meta property=\"og:description\" content=\"Artigo de Frei Jacir de Freitas Faria\" \/>\n<meta property=\"og:url\" content=\"https:\/\/franciscanos.org.br\/vidacrista\/um-brasil-menos-catolico\/\" \/>\n<meta property=\"og:site_name\" content=\"Vida Crist\u00e3 - Franciscanos\" \/>\n<meta property=\"article:published_time\" content=\"2012-07-06T19:45:07+00:00\" \/>\n<meta property=\"article:modified_time\" content=\"2020-07-28T16:51:07+00:00\" \/>\n<meta property=\"og:image\" content=\"https:\/\/franciscanos.org.br\/vidacrista\/wp-content\/uploads\/2020\/06\/artigo_060712.jpg\" \/>\n<meta name=\"author\" content=\"admin\" \/>\n<meta name=\"twitter:card\" content=\"summary_large_image\" \/>\n<meta name=\"twitter:label1\" content=\"Escrito por\" \/>\n\t<meta name=\"twitter:data1\" content=\"admin\" \/>\n\t<meta name=\"twitter:label2\" content=\"Est. tempo de leitura\" \/>\n\t<meta name=\"twitter:data2\" content=\"3 minutos\" \/>\n<script type=\"application\/ld+json\" class=\"yoast-schema-graph\">{\"@context\":\"https:\/\/schema.org\",\"@graph\":[{\"@type\":\"WebSite\",\"@id\":\"https:\/\/franciscanos.org.br\/vidacrista\/#website\",\"url\":\"https:\/\/franciscanos.org.br\/vidacrista\/\",\"name\":\"Vida Crist\u00e3 - Franciscanos\",\"description\":\"Prov\u00edncia Franciscana da Imaculada Concei\u00e7\u00e3o do Brasil - Ordem dos Frades Menores\",\"potentialAction\":[{\"@type\":\"SearchAction\",\"target\":{\"@type\":\"EntryPoint\",\"urlTemplate\":\"https:\/\/franciscanos.org.br\/vidacrista\/?s={search_term_string}\"},\"query-input\":\"required name=search_term_string\"}],\"inLanguage\":\"pt-BR\"},{\"@type\":\"WebPage\",\"@id\":\"https:\/\/franciscanos.org.br\/vidacrista\/um-brasil-menos-catolico\/\",\"url\":\"https:\/\/franciscanos.org.br\/vidacrista\/um-brasil-menos-catolico\/\",\"name\":\"Um Brasil menos cat\u00f3lico - Vida Crist\u00e3 - Franciscanos\",\"isPartOf\":{\"@id\":\"https:\/\/franciscanos.org.br\/vidacrista\/#website\"},\"datePublished\":\"2012-07-06T19:45:07+00:00\",\"dateModified\":\"2020-07-28T16:51:07+00:00\",\"author\":{\"@id\":\"https:\/\/franciscanos.org.br\/vidacrista\/#\/schema\/person\/133632ca93cec555316a35f76ab4153b\"},\"breadcrumb\":{\"@id\":\"https:\/\/franciscanos.org.br\/vidacrista\/um-brasil-menos-catolico\/#breadcrumb\"},\"inLanguage\":\"pt-BR\",\"potentialAction\":[{\"@type\":\"ReadAction\",\"target\":[\"https:\/\/franciscanos.org.br\/vidacrista\/um-brasil-menos-catolico\/\"]}]},{\"@type\":\"BreadcrumbList\",\"@id\":\"https:\/\/franciscanos.org.br\/vidacrista\/um-brasil-menos-catolico\/#breadcrumb\",\"itemListElement\":[{\"@type\":\"ListItem\",\"position\":1,\"name\":\"Home\",\"item\":\"https:\/\/franciscanos.org.br\/vidacrista\/\"},{\"@type\":\"ListItem\",\"position\":2,\"name\":\"Um Brasil menos cat\u00f3lico\"}]},{\"@type\":\"Person\",\"@id\":\"https:\/\/franciscanos.org.br\/vidacrista\/#\/schema\/person\/133632ca93cec555316a35f76ab4153b\",\"name\":\"admin\",\"image\":{\"@type\":\"ImageObject\",\"inLanguage\":\"pt-BR\",\"@id\":\"https:\/\/franciscanos.org.br\/vidacrista\/#\/schema\/person\/image\/\",\"url\":\"https:\/\/secure.gravatar.com\/avatar\/e8495742d34d0ba6448ea1c628263b3e?s=96&d=mm&r=g\",\"contentUrl\":\"https:\/\/secure.gravatar.com\/avatar\/e8495742d34d0ba6448ea1c628263b3e?s=96&d=mm&r=g\",\"caption\":\"admin\"},\"url\":\"https:\/\/franciscanos.org.br\/vidacrista\/author\/admin\/\"}]}<\/script>\n<!-- \/ Yoast SEO plugin. -->","yoast_head_json":{"title":"Um Brasil menos cat\u00f3lico - Vida Crist\u00e3 - Franciscanos","robots":{"index":"index","follow":"follow","max-snippet":"max-snippet:-1","max-image-preview":"max-image-preview:large","max-video-preview":"max-video-preview:-1"},"canonical":"https:\/\/franciscanos.org.br\/vidacrista\/um-brasil-menos-catolico\/","og_locale":"pt_BR","og_type":"article","og_title":"Um Brasil menos cat\u00f3lico - Vida Crist\u00e3 - Franciscanos","og_description":"Artigo de Frei Jacir de Freitas Faria","og_url":"https:\/\/franciscanos.org.br\/vidacrista\/um-brasil-menos-catolico\/","og_site_name":"Vida Crist\u00e3 - Franciscanos","article_published_time":"2012-07-06T19:45:07+00:00","article_modified_time":"2020-07-28T16:51:07+00:00","og_image":[{"url":"https:\/\/franciscanos.org.br\/vidacrista\/wp-content\/uploads\/2020\/06\/artigo_060712.jpg"}],"author":"admin","twitter_card":"summary_large_image","twitter_misc":{"Escrito por":"admin","Est. tempo de leitura":"3 minutos"},"schema":{"@context":"https:\/\/schema.org","@graph":[{"@type":"WebSite","@id":"https:\/\/franciscanos.org.br\/vidacrista\/#website","url":"https:\/\/franciscanos.org.br\/vidacrista\/","name":"Vida Crist\u00e3 - Franciscanos","description":"Prov\u00edncia Franciscana da Imaculada Concei\u00e7\u00e3o do Brasil - Ordem dos Frades Menores","potentialAction":[{"@type":"SearchAction","target":{"@type":"EntryPoint","urlTemplate":"https:\/\/franciscanos.org.br\/vidacrista\/?s={search_term_string}"},"query-input":"required name=search_term_string"}],"inLanguage":"pt-BR"},{"@type":"WebPage","@id":"https:\/\/franciscanos.org.br\/vidacrista\/um-brasil-menos-catolico\/","url":"https:\/\/franciscanos.org.br\/vidacrista\/um-brasil-menos-catolico\/","name":"Um Brasil menos cat\u00f3lico - Vida Crist\u00e3 - Franciscanos","isPartOf":{"@id":"https:\/\/franciscanos.org.br\/vidacrista\/#website"},"datePublished":"2012-07-06T19:45:07+00:00","dateModified":"2020-07-28T16:51:07+00:00","author":{"@id":"https:\/\/franciscanos.org.br\/vidacrista\/#\/schema\/person\/133632ca93cec555316a35f76ab4153b"},"breadcrumb":{"@id":"https:\/\/franciscanos.org.br\/vidacrista\/um-brasil-menos-catolico\/#breadcrumb"},"inLanguage":"pt-BR","potentialAction":[{"@type":"ReadAction","target":["https:\/\/franciscanos.org.br\/vidacrista\/um-brasil-menos-catolico\/"]}]},{"@type":"BreadcrumbList","@id":"https:\/\/franciscanos.org.br\/vidacrista\/um-brasil-menos-catolico\/#breadcrumb","itemListElement":[{"@type":"ListItem","position":1,"name":"Home","item":"https:\/\/franciscanos.org.br\/vidacrista\/"},{"@type":"ListItem","position":2,"name":"Um Brasil menos cat\u00f3lico"}]},{"@type":"Person","@id":"https:\/\/franciscanos.org.br\/vidacrista\/#\/schema\/person\/133632ca93cec555316a35f76ab4153b","name":"admin","image":{"@type":"ImageObject","inLanguage":"pt-BR","@id":"https:\/\/franciscanos.org.br\/vidacrista\/#\/schema\/person\/image\/","url":"https:\/\/secure.gravatar.com\/avatar\/e8495742d34d0ba6448ea1c628263b3e?s=96&d=mm&r=g","contentUrl":"https:\/\/secure.gravatar.com\/avatar\/e8495742d34d0ba6448ea1c628263b3e?s=96&d=mm&r=g","caption":"admin"},"url":"https:\/\/franciscanos.org.br\/vidacrista\/author\/admin\/"}]}},"_links":{"self":[{"href":"https:\/\/franciscanos.org.br\/vidacrista\/wp-json\/wp\/v2\/posts\/185772"}],"collection":[{"href":"https:\/\/franciscanos.org.br\/vidacrista\/wp-json\/wp\/v2\/posts"}],"about":[{"href":"https:\/\/franciscanos.org.br\/vidacrista\/wp-json\/wp\/v2\/types\/post"}],"author":[{"embeddable":true,"href":"https:\/\/franciscanos.org.br\/vidacrista\/wp-json\/wp\/v2\/users\/1"}],"replies":[{"embeddable":true,"href":"https:\/\/franciscanos.org.br\/vidacrista\/wp-json\/wp\/v2\/comments?post=185772"}],"version-history":[{"count":2,"href":"https:\/\/franciscanos.org.br\/vidacrista\/wp-json\/wp\/v2\/posts\/185772\/revisions"}],"predecessor-version":[{"id":187105,"href":"https:\/\/franciscanos.org.br\/vidacrista\/wp-json\/wp\/v2\/posts\/185772\/revisions\/187105"}],"wp:attachment":[{"href":"https:\/\/franciscanos.org.br\/vidacrista\/wp-json\/wp\/v2\/media?parent=185772"}],"wp:term":[{"taxonomy":"category","embeddable":true,"href":"https:\/\/franciscanos.org.br\/vidacrista\/wp-json\/wp\/v2\/categories?post=185772"},{"taxonomy":"post_tag","embeddable":true,"href":"https:\/\/franciscanos.org.br\/vidacrista\/wp-json\/wp\/v2\/tags?post=185772"}],"curies":[{"name":"wp","href":"https:\/\/api.w.org\/{rel}","templated":true}]}}