{"id":185385,"date":"2020-06-11T08:16:35","date_gmt":"2020-06-11T11:16:35","guid":{"rendered":"https:\/\/franciscanos.org.br\/vidacrista\/?p=185385"},"modified":"2020-07-23T13:07:47","modified_gmt":"2020-07-23T16:07:47","slug":"meu-corpo-minha-vida-para-a-vida-do-mundo","status":"publish","type":"post","link":"https:\/\/franciscanos.org.br\/vidacrista\/meu-corpo-minha-vida-para-a-vida-do-mundo\/","title":{"rendered":"Meu Corpo, Minha Vida para a vida do mundo"},"content":{"rendered":"<p>&nbsp;<\/p>\n<p>&nbsp;<\/p>\n<div id=\"attachment_186902\" style=\"width: 850px\" class=\"wp-caption alignnone\"><img aria-describedby=\"caption-attachment-186902\" decoding=\"async\" loading=\"lazy\" class=\"wp-image-186902 size-full\" src=\"https:\/\/franciscanos.org.br\/vidacrista\/wp-content\/uploads\/2020\/06\/corpuschrist_2307.jpg\" alt=\"\" width=\"840\" height=\"450\" srcset=\"https:\/\/franciscanos.org.br\/vidacrista\/wp-content\/uploads\/2020\/06\/corpuschrist_2307.jpg 840w, https:\/\/franciscanos.org.br\/vidacrista\/wp-content\/uploads\/2020\/06\/corpuschrist_2307-450x241.jpg 450w, https:\/\/franciscanos.org.br\/vidacrista\/wp-content\/uploads\/2020\/06\/corpuschrist_2307-768x411.jpg 768w, https:\/\/franciscanos.org.br\/vidacrista\/wp-content\/uploads\/2020\/06\/corpuschrist_2307-150x80.jpg 150w\" sizes=\"(max-width: 840px) 100vw, 840px\" \/><p id=\"caption-attachment-186902\" class=\"wp-caption-text\">\u00a0 \u00a0 \u00a0 \u00a0 \u00a0 \u00a0 \u00a0 \u00a0 \u00a0 \u00a0 \u00a0 \u00a0 \u00a0 \u00a0 \u00a0 \u00a0 \u00a0 \u00a0 \u00a0 \u00a0 \u00a0 \u00a0 \u00a0 \u00a0 \u00a0 \u00a0 \u00a0 \u00a0 \u00a0 \u00a0 \u00a0 \u00a0 \u00a0 \u00a0 \u00a0 \u00a0 \u00a0 \u00a0 \u00a0 \u00a0 \u00a0 \u00a0 \u00a0 \u00a0 \u00a0 \u00a0 \u00a0 \u00a0 \u00a0 \u00a0 \u00a0 \u00a0 \u00a0 \u00a0 \u00a0 \u00a0 \u00a0 \u00a0 \u00a0 \u00a0 \u00a0 \u00a0 \u00a0 \u00a0 \u00a0<em> \u00a0 Imagem ilustrativa (fonte: Acervo Prov\u00edncia da Imaculada) <\/em><\/p><\/div>\n<h3>Solenidade do Sant\u00edssimo Corpo e Sangue de Cristo<\/h3>\n<p>\u2666 Houve a ceia de despedida. Os disc\u00edpulos de Jesus de todos os tempos nunca se extasiam o suficiente diante dos gestos do Mestre naquela refei\u00e7\u00e3o de despedida. Um sala preparada com esmero. Os ap\u00f3stolos que chegavam de v\u00e1rios cantos. O Mestre com um manto de festa. Uns conversam com os outros. Certa apreens\u00e3o no ar. Antes de sentarem-se \u00e0 mesa, o gesto do lava-p\u00e9s. Aquele que os c\u00e9us n\u00e3o podem conter, dobra-se sobre as criaturas para lavar-lhes os p\u00e9s. Os seus escutam que ser\u00e3o felizes na medida em que fizerem o mesmo.<\/p>\n<p>\u2666 Uma mesa&#8230; quantas mesas em nossa vida. A mesa da casa da inf\u00e2ncia, a mesa no refeit\u00f3rio do local de trabalho, a mesa de festa, mesa da casa pobre, a mesa dos presidi\u00e1rios, a mesa para os que t\u00eam fome. Jesus esteve sentado junto a muitas mesas: na casa de seus amigos Marta, Maria e L\u00e1zaro, numa festa de casamento em Can\u00e1 da Galileia, com Mateus e Zaqueu, com pecadores e prostitutas. Nossas refei\u00e7\u00f5es t\u00eam qualquer coisa de sagrado.<\/p>\n<p>\u2666 Dois sentimentos tomam conta de Jesus naquela derradeira ceia. Tem certeza de sua morte iminente. Aquela seria a \u00faltima ta\u00e7a que haveria de compartilhar com seus disc\u00edpulos. Ao mesmo tempo, tem f\u00e9 inquebrant\u00e1vel no Reino de Deus, no mundo novo que o Pai pedira que anunciasse e mostrasse com sua vida. Para isso tinha vindo.<\/p>\n<p>\u2666 O Mestre toma p\u00e3o e vinho. Alimento e bebida. P\u00e3o que lembra o man\u00e1 que os judeus haviam recebido do Senhor na travessia do deserto. As palavras de Jesus s\u00e3o fortes: \u201cIsto sou eu, eu sou o p\u00e3o, isto \u00e9 meu corpo que dado por v\u00f3s, para a vida, para a vida do mundo. Esta ta\u00e7a \u00e9 a do vinho, fruto da videira. Lembra essas videiras que produziram uvas na hist\u00f3ria deste povo ao qual voc\u00eas pertencem. Agora o vinho aponta para o sangue que derramo por todos\u201d.<\/p>\n<p>\u2666 No dia seguinte, na sexta-feira das dores, no alto da cruz em total abandono ele daria, efetivamente, o corpo para a vida do mundo e derramaria o sangue para que todos tivessem a vida em abund\u00e2ncia. \u201cEu sou este p\u00e3o. Vede: nestes peda\u00e7os de p\u00e3o, eu estou me entregando por v\u00f3s at\u00e9 o fim. N\u00e3o me esque\u00e7ais nunca. Recordai-me assim: entregue totalmente para fazer chegar a v\u00f3s a b\u00ean\u00e7\u00e3o do Reino de Deus, a salva\u00e7\u00e3o do Pai: isto alimentar\u00e1 vossas vidas\u201d (<em>Pagola, Grupos de Jesus, Vozes,<\/em> p. 284).<\/p>\n<p>\u2666 \u201cNo n\u00facleo desta ceia h\u00e1 algo que jamais deve ser esquecido: seus seguidores n\u00e3o ficar\u00e3o \u00f3rf\u00e3os. A morte de Jesus n\u00e3o poder\u00e1 romper sua comunh\u00e3o com ele. Ningu\u00e9m h\u00e1 de sentir o vazio de sua aus\u00eancia. Seus disc\u00edpulos n\u00e3o ficar\u00e3o s\u00f3s, \u00e0 merc\u00ea dos avatares da hist\u00f3ria. No centro de toda comunidade crist\u00e3 que celebra a Eucaristia est\u00e1 Cristo vivo. Aqui est\u00e1 segredo de sua for\u00e7a\u201d (<em>Pagola Jo\u00e3o,<\/em> p.108).<\/p>\n<p>\u2666 Os disc\u00edpulos de Jesus experimentam particular alegria em poderem celebrar Eucaristia, renovar a ceia. Chegam de suas casas, com suas hist\u00f3rias, seus acertos e desacertos. N\u00e3o querem ser exclu\u00eddos da presen\u00e7a do Senhor na Palavra de vida. Sabem que nos gestos e palavras da Eucaristia atualiza-se o amor do Salvador. Entram em comunh\u00e3o com seu corpo glorioso. Os que se aproximam da mesa da Eucaristia fazem uma s\u00f3 realidade com Cristo. Comungam seu destino de homem do servi\u00e7o, do amor, da esperan\u00e7a. Como s\u00e3o belas as Eucaristias dos domingos! Dizem com Cristo: meu corpo existe para a vida do mundo.<\/p>\n<p>\u2666 Os disc\u00edpulos alimentam-se com a vida de Jesus, v\u00e3o se impregnando do Evangelho, renovam sua convic\u00e7\u00e3o que seu viver ser\u00e1 sempre um viver de servi\u00e7o. Cada Eucaristia lhes d\u00e1 nova dose de esperan\u00e7a. E continuam a se reunir at\u00e9 que ele venha.<\/p>\n<hr \/>\n<h3>Creio em Jesus<\/h3>\n<p>Creio em Jesus. Creio em Jesus.<br \/>\nEle \u00e9 meu amigo, \u00e9 minha alegria, \u00e9 meu amor.<br \/>\nEle \u00e9 meu Salvador.<br \/>\nEle bateu \u00e0 minha porta, me convidou a segui-lo.<br \/>\nSeguirei seus passos, levarei sua mensagem de paz.<br \/>\nEle ajudou o enfermo. Atende ao pedido feito com confian\u00e7a.<br \/>\nDefendeu o humilde; combateu a mentira e o mal.<br \/>\nDia e noite creio em Jesus.<br \/>\nEle est\u00e1 do meu lado, creio em Jesus.<br \/>\nSigo suas palavras, creio em Jesus.<br \/>\nEle \u00e9 meu Salvador.<br \/>\nEle \u00e9 o Messias, sigo Jesus.<br \/>\nEle \u00e9 minha esperan\u00e7a, creio em Jesus.<br \/>\nEle vive para sempre, espero em Jesus.<br \/>\nEle \u00e9 meu Salvador<\/p>\n<p><em> (C. Erdozain).<\/em><\/p>\n","protected":false},"excerpt":{"rendered":"<p>Artigo de Frei Almir Guimar\u00e3es, ofm<\/p>\n","protected":false},"author":3,"featured_media":186903,"comment_status":"open","ping_status":"open","sticky":false,"template":"","format":"standard","meta":{"footnotes":""},"categories":[26],"tags":[30],"yoast_head":"<!-- This site is optimized with the Yoast SEO plugin v19.4 - https:\/\/yoast.com\/wordpress\/plugins\/seo\/ -->\n<title>Meu Corpo, Minha Vida para a vida do mundo - Vida Crist\u00e3 - Franciscanos<\/title>\n<meta name=\"robots\" content=\"index, follow, max-snippet:-1, max-image-preview:large, max-video-preview:-1\" \/>\n<link rel=\"canonical\" href=\"https:\/\/franciscanos.org.br\/vidacrista\/meu-corpo-minha-vida-para-a-vida-do-mundo\/\" \/>\n<meta property=\"og:locale\" content=\"pt_BR\" \/>\n<meta property=\"og:type\" content=\"article\" \/>\n<meta property=\"og:title\" content=\"Meu Corpo, Minha Vida para a vida do mundo - Vida Crist\u00e3 - Franciscanos\" \/>\n<meta property=\"og:description\" content=\"Artigo de Frei Almir Guimar\u00e3es, ofm\" \/>\n<meta property=\"og:url\" content=\"https:\/\/franciscanos.org.br\/vidacrista\/meu-corpo-minha-vida-para-a-vida-do-mundo\/\" \/>\n<meta property=\"og:site_name\" content=\"Vida Crist\u00e3 - Franciscanos\" \/>\n<meta property=\"article:published_time\" content=\"2020-06-11T11:16:35+00:00\" \/>\n<meta property=\"article:modified_time\" content=\"2020-07-23T16:07:47+00:00\" \/>\n<meta property=\"og:image\" content=\"https:\/\/franciscanos.org.br\/vidacrista\/wp-content\/uploads\/2020\/06\/corpuschrist_2307d.jpg\" \/>\n\t<meta property=\"og:image:width\" content=\"800\" \/>\n\t<meta property=\"og:image:height\" content=\"600\" \/>\n\t<meta property=\"og:image:type\" content=\"image\/jpeg\" \/>\n<meta name=\"author\" content=\"moacir\" \/>\n<meta name=\"twitter:card\" content=\"summary_large_image\" \/>\n<meta name=\"twitter:label1\" content=\"Escrito por\" \/>\n\t<meta name=\"twitter:data1\" content=\"moacir\" \/>\n\t<meta name=\"twitter:label2\" content=\"Est. tempo de leitura\" \/>\n\t<meta name=\"twitter:data2\" content=\"4 minutos\" \/>\n<script type=\"application\/ld+json\" class=\"yoast-schema-graph\">{\"@context\":\"https:\/\/schema.org\",\"@graph\":[{\"@type\":\"WebSite\",\"@id\":\"https:\/\/franciscanos.org.br\/vidacrista\/#website\",\"url\":\"https:\/\/franciscanos.org.br\/vidacrista\/\",\"name\":\"Vida Crist\u00e3 - Franciscanos\",\"description\":\"Prov\u00edncia Franciscana da Imaculada Concei\u00e7\u00e3o do Brasil - Ordem dos Frades Menores\",\"potentialAction\":[{\"@type\":\"SearchAction\",\"target\":{\"@type\":\"EntryPoint\",\"urlTemplate\":\"https:\/\/franciscanos.org.br\/vidacrista\/?s={search_term_string}\"},\"query-input\":\"required name=search_term_string\"}],\"inLanguage\":\"pt-BR\"},{\"@type\":\"WebPage\",\"@id\":\"https:\/\/franciscanos.org.br\/vidacrista\/meu-corpo-minha-vida-para-a-vida-do-mundo\/\",\"url\":\"https:\/\/franciscanos.org.br\/vidacrista\/meu-corpo-minha-vida-para-a-vida-do-mundo\/\",\"name\":\"Meu Corpo, Minha Vida para a vida do mundo - Vida Crist\u00e3 - Franciscanos\",\"isPartOf\":{\"@id\":\"https:\/\/franciscanos.org.br\/vidacrista\/#website\"},\"datePublished\":\"2020-06-11T11:16:35+00:00\",\"dateModified\":\"2020-07-23T16:07:47+00:00\",\"author\":{\"@id\":\"https:\/\/franciscanos.org.br\/vidacrista\/#\/schema\/person\/1880bdd2c350b735648725ef7614736a\"},\"breadcrumb\":{\"@id\":\"https:\/\/franciscanos.org.br\/vidacrista\/meu-corpo-minha-vida-para-a-vida-do-mundo\/#breadcrumb\"},\"inLanguage\":\"pt-BR\",\"potentialAction\":[{\"@type\":\"ReadAction\",\"target\":[\"https:\/\/franciscanos.org.br\/vidacrista\/meu-corpo-minha-vida-para-a-vida-do-mundo\/\"]}]},{\"@type\":\"BreadcrumbList\",\"@id\":\"https:\/\/franciscanos.org.br\/vidacrista\/meu-corpo-minha-vida-para-a-vida-do-mundo\/#breadcrumb\",\"itemListElement\":[{\"@type\":\"ListItem\",\"position\":1,\"name\":\"Home\",\"item\":\"https:\/\/franciscanos.org.br\/vidacrista\/\"},{\"@type\":\"ListItem\",\"position\":2,\"name\":\"Meu Corpo, Minha Vida para a vida do mundo\"}]},{\"@type\":\"Person\",\"@id\":\"https:\/\/franciscanos.org.br\/vidacrista\/#\/schema\/person\/1880bdd2c350b735648725ef7614736a\",\"name\":\"moacir\",\"image\":{\"@type\":\"ImageObject\",\"inLanguage\":\"pt-BR\",\"@id\":\"https:\/\/franciscanos.org.br\/vidacrista\/#\/schema\/person\/image\/\",\"url\":\"https:\/\/secure.gravatar.com\/avatar\/d08aa2ce4c8dd416d4479aa8536fcf64?s=96&d=mm&r=g\",\"contentUrl\":\"https:\/\/secure.gravatar.com\/avatar\/d08aa2ce4c8dd416d4479aa8536fcf64?s=96&d=mm&r=g\",\"caption\":\"moacir\"},\"url\":\"https:\/\/franciscanos.org.br\/vidacrista\/author\/moacir\/\"}]}<\/script>\n<!-- \/ Yoast SEO plugin. -->","yoast_head_json":{"title":"Meu Corpo, Minha Vida para a vida do mundo - Vida Crist\u00e3 - Franciscanos","robots":{"index":"index","follow":"follow","max-snippet":"max-snippet:-1","max-image-preview":"max-image-preview:large","max-video-preview":"max-video-preview:-1"},"canonical":"https:\/\/franciscanos.org.br\/vidacrista\/meu-corpo-minha-vida-para-a-vida-do-mundo\/","og_locale":"pt_BR","og_type":"article","og_title":"Meu Corpo, Minha Vida para a vida do mundo - Vida Crist\u00e3 - Franciscanos","og_description":"Artigo de Frei Almir Guimar\u00e3es, ofm","og_url":"https:\/\/franciscanos.org.br\/vidacrista\/meu-corpo-minha-vida-para-a-vida-do-mundo\/","og_site_name":"Vida Crist\u00e3 - Franciscanos","article_published_time":"2020-06-11T11:16:35+00:00","article_modified_time":"2020-07-23T16:07:47+00:00","og_image":[{"width":800,"height":600,"url":"https:\/\/franciscanos.org.br\/vidacrista\/wp-content\/uploads\/2020\/06\/corpuschrist_2307d.jpg","type":"image\/jpeg"}],"author":"moacir","twitter_card":"summary_large_image","twitter_misc":{"Escrito por":"moacir","Est. tempo de leitura":"4 minutos"},"schema":{"@context":"https:\/\/schema.org","@graph":[{"@type":"WebSite","@id":"https:\/\/franciscanos.org.br\/vidacrista\/#website","url":"https:\/\/franciscanos.org.br\/vidacrista\/","name":"Vida Crist\u00e3 - Franciscanos","description":"Prov\u00edncia Franciscana da Imaculada Concei\u00e7\u00e3o do Brasil - Ordem dos Frades Menores","potentialAction":[{"@type":"SearchAction","target":{"@type":"EntryPoint","urlTemplate":"https:\/\/franciscanos.org.br\/vidacrista\/?s={search_term_string}"},"query-input":"required name=search_term_string"}],"inLanguage":"pt-BR"},{"@type":"WebPage","@id":"https:\/\/franciscanos.org.br\/vidacrista\/meu-corpo-minha-vida-para-a-vida-do-mundo\/","url":"https:\/\/franciscanos.org.br\/vidacrista\/meu-corpo-minha-vida-para-a-vida-do-mundo\/","name":"Meu Corpo, Minha Vida para a vida do mundo - Vida Crist\u00e3 - Franciscanos","isPartOf":{"@id":"https:\/\/franciscanos.org.br\/vidacrista\/#website"},"datePublished":"2020-06-11T11:16:35+00:00","dateModified":"2020-07-23T16:07:47+00:00","author":{"@id":"https:\/\/franciscanos.org.br\/vidacrista\/#\/schema\/person\/1880bdd2c350b735648725ef7614736a"},"breadcrumb":{"@id":"https:\/\/franciscanos.org.br\/vidacrista\/meu-corpo-minha-vida-para-a-vida-do-mundo\/#breadcrumb"},"inLanguage":"pt-BR","potentialAction":[{"@type":"ReadAction","target":["https:\/\/franciscanos.org.br\/vidacrista\/meu-corpo-minha-vida-para-a-vida-do-mundo\/"]}]},{"@type":"BreadcrumbList","@id":"https:\/\/franciscanos.org.br\/vidacrista\/meu-corpo-minha-vida-para-a-vida-do-mundo\/#breadcrumb","itemListElement":[{"@type":"ListItem","position":1,"name":"Home","item":"https:\/\/franciscanos.org.br\/vidacrista\/"},{"@type":"ListItem","position":2,"name":"Meu Corpo, Minha Vida para a vida do mundo"}]},{"@type":"Person","@id":"https:\/\/franciscanos.org.br\/vidacrista\/#\/schema\/person\/1880bdd2c350b735648725ef7614736a","name":"moacir","image":{"@type":"ImageObject","inLanguage":"pt-BR","@id":"https:\/\/franciscanos.org.br\/vidacrista\/#\/schema\/person\/image\/","url":"https:\/\/secure.gravatar.com\/avatar\/d08aa2ce4c8dd416d4479aa8536fcf64?s=96&d=mm&r=g","contentUrl":"https:\/\/secure.gravatar.com\/avatar\/d08aa2ce4c8dd416d4479aa8536fcf64?s=96&d=mm&r=g","caption":"moacir"},"url":"https:\/\/franciscanos.org.br\/vidacrista\/author\/moacir\/"}]}},"_links":{"self":[{"href":"https:\/\/franciscanos.org.br\/vidacrista\/wp-json\/wp\/v2\/posts\/185385"}],"collection":[{"href":"https:\/\/franciscanos.org.br\/vidacrista\/wp-json\/wp\/v2\/posts"}],"about":[{"href":"https:\/\/franciscanos.org.br\/vidacrista\/wp-json\/wp\/v2\/types\/post"}],"author":[{"embeddable":true,"href":"https:\/\/franciscanos.org.br\/vidacrista\/wp-json\/wp\/v2\/users\/3"}],"replies":[{"embeddable":true,"href":"https:\/\/franciscanos.org.br\/vidacrista\/wp-json\/wp\/v2\/comments?post=185385"}],"version-history":[{"count":3,"href":"https:\/\/franciscanos.org.br\/vidacrista\/wp-json\/wp\/v2\/posts\/185385\/revisions"}],"predecessor-version":[{"id":186904,"href":"https:\/\/franciscanos.org.br\/vidacrista\/wp-json\/wp\/v2\/posts\/185385\/revisions\/186904"}],"wp:featuredmedia":[{"embeddable":true,"href":"https:\/\/franciscanos.org.br\/vidacrista\/wp-json\/wp\/v2\/media\/186903"}],"wp:attachment":[{"href":"https:\/\/franciscanos.org.br\/vidacrista\/wp-json\/wp\/v2\/media?parent=185385"}],"wp:term":[{"taxonomy":"category","embeddable":true,"href":"https:\/\/franciscanos.org.br\/vidacrista\/wp-json\/wp\/v2\/categories?post=185385"},{"taxonomy":"post_tag","embeddable":true,"href":"https:\/\/franciscanos.org.br\/vidacrista\/wp-json\/wp\/v2\/tags?post=185385"}],"curies":[{"name":"wp","href":"https:\/\/api.w.org\/{rel}","templated":true}]}}