{"id":185356,"date":"2020-06-08T07:10:39","date_gmt":"2020-06-08T10:10:39","guid":{"rendered":"https:\/\/franciscanos.org.br\/vidacrista\/?p=185356"},"modified":"2020-07-24T12:37:04","modified_gmt":"2020-07-24T15:37:04","slug":"meditacao-da-luz-o-caminho-da-simplicidade","status":"publish","type":"post","link":"https:\/\/franciscanos.org.br\/vidacrista\/meditacao-da-luz-o-caminho-da-simplicidade\/","title":{"rendered":"Medita\u00e7\u00e3o da luz: o caminho da simplicidade"},"content":{"rendered":"<div id=\"attachment_186927\" style=\"width: 850px\" class=\"wp-caption alignnone\"><img aria-describedby=\"caption-attachment-186927\" decoding=\"async\" loading=\"lazy\" class=\"wp-image-186927 size-full\" src=\"https:\/\/franciscanos.org.br\/vidacrista\/wp-content\/uploads\/2020\/06\/artigo_2407.png\" alt=\"\" width=\"840\" height=\"451\" srcset=\"https:\/\/franciscanos.org.br\/vidacrista\/wp-content\/uploads\/2020\/06\/artigo_2407.png 840w, https:\/\/franciscanos.org.br\/vidacrista\/wp-content\/uploads\/2020\/06\/artigo_2407-450x242.png 450w, https:\/\/franciscanos.org.br\/vidacrista\/wp-content\/uploads\/2020\/06\/artigo_2407-768x412.png 768w, https:\/\/franciscanos.org.br\/vidacrista\/wp-content\/uploads\/2020\/06\/artigo_2407-150x81.png 150w\" sizes=\"(max-width: 840px) 100vw, 840px\" \/><p id=\"caption-attachment-186927\" class=\"wp-caption-text\">\u00a0 \u00a0 \u00a0 \u00a0 \u00a0 \u00a0 \u00a0 \u00a0 \u00a0 \u00a0 \u00a0 \u00a0 \u00a0 \u00a0 \u00a0 \u00a0 \u00a0 \u00a0 \u00a0 \u00a0 \u00a0 \u00a0 \u00a0 \u00a0 \u00a0 \u00a0 \u00a0 \u00a0 \u00a0 \u00a0 \u00a0 \u00a0 \u00a0 \u00a0 \u00a0 \u00a0 \u00a0 \u00a0 \u00a0 \u00a0 \u00a0 \u00a0 \u00a0 \u00a0 \u00a0 \u00a0 \u00a0 \u00a0 \u00a0 \u00a0 \u00a0 \u00a0 \u00a0 \u00a0 \u00a0 \u00a0 \u00a0 \u00a0 \u00a0 \u00a0 \u00a0 \u00a0 \u00a0 \u00a0 \u00a0 \u00a0 \u00a0 \u00a0 \u00a0 \u00a0 \u00a0 \u00a0 \u00a0 \u00a0 \u00a0 \u00a0 \u00a0 \u00a0 \u00a0 \u00a0 \u00a0 \u00a0 <em>\u00a0 \u00a0 Imagem ilustrativa (fonte: Canva)<\/em><\/p><\/div>\n<p><strong>\u00a0<\/strong><strong>\u00a0Leonardo Boff<\/strong><\/p>\n<p>A grande maioria est\u00e1 atendendo \u00e0s recomenda\u00e7\u00f5es oficiais de recolhimento social, impedindo desta forma a dissemina\u00e7\u00e3o da Covid-19.<\/p>\n<p>Podem-se fazer muitas coisas nesse recolhimento for\u00e7ado: uma revis\u00e3o de vida; que li\u00e7\u00f5es tirar para o futuro; como mudar para melhor; ver um filme, etc.<\/p>\n<p>Mas oferece-se tamb\u00e9m a oportunidade de fazer algum exerc\u00edcio de medita\u00e7\u00e3o. N\u00e3o somente para as pessoas religiosas mas tamb\u00e9m para aquelas que, sem liga\u00e7\u00e3o \u00e0 alguma religi\u00e3o, cultivam valores como o amor, a coopera\u00e7\u00e3o, a empatia e a compaix\u00e3o.<\/p>\n<p>Ofere\u00e7o aqui um m\u00e9todo que eu chamo \u201c<strong>Medita\u00e7\u00e3o da Luz: o caminho da simplicidade<\/strong>\u201d. Ele tem uma alta ancestralidade no Oriente e no Ocidente. Tem a ver com o esp\u00edrito e todo o corpo humano mas em particular com o c\u00e9rebro, a sede de nossa consci\u00eancia e intelig\u00eancia.<\/p>\n<p>N\u00e3o \u00e9 o lugar aqui para discutirmos as tr\u00eas sobreposi\u00e7\u00f5es do c\u00e9rebro: o <em>reptiliano<\/em> que diz respeito ao nossos movimentos instintivos; o <em>l\u00edmbico<\/em>, aos sentimentos, e o <em>neo-cortical<\/em>, ao racioc\u00ednio, \u00e0 l\u00f3gica e \u00e0 linguagem.<\/p>\n<p><strong>O c\u00e9rebro humano e seus dois hemisf\u00e9rios<\/strong><\/p>\n<p>Tratemos, sucintamente, do <em>c\u00e9rebro<\/em> que possui uma forma de concha com dois hemisf\u00e9rios:<\/p>\n<p><em>O esquerdo<\/em> que responde pela an\u00e1lise, pelo discurso l\u00f3gico, pelos conceitos, pelos n\u00fameros e pelas conex\u00f5es causais.<\/p>\n<p>O <em>direito<\/em> responde pela s\u00edntese, pela criatividade, pela intui\u00e7\u00e3o, pelo lado simb\u00f3lico das coisas e dos fatos e pela percep\u00e7\u00e3o de uma totalidade.<\/p>\n<p>No meio est\u00e1 o <em>corpo caloso <\/em>que separa e ao mesmo tempo une os dois hemisf\u00e9rios.<\/p>\n<p>Outro ponto importante do c\u00e9rebro \u00e9 o <em>lobo frontal<\/em>, sede da mente humana. H\u00e1 muitas teorias sobre a rela\u00e7\u00e3o entre c\u00e9rebro e mente. V\u00e1rios neurocientistas sustentam que a mente \u00e9 o nome que damos a realidades intang\u00edveis, elaboradas no c\u00e9rebro, tais como a vida afetiva, o amor, a honestidade, a arte, a f\u00e9, a religi\u00e3o, a rever\u00eancia e a experi\u00eancia do numinoso e do sagrado.<\/p>\n<p><strong>A mente espiritual e o Ponto Deus no c\u00e9rebro<\/strong><\/p>\n<p>Outro ponto a ser referido \u00e9 a <em>mente espiritual<\/em>. A antropologia cultural se deu conta de que em todas as culturas surgem sempre duas constantes: a lei moral na consci\u00eancia e a percep\u00e7\u00e3o de uma Realidade que transcende o mundo espa\u00e7otemporal e que concerne ao universo e ao sentido da vida. Repousam em alguma estrutura neuronal, mas n\u00e3o s\u00e3o neur\u00f4nios. S\u00e3o de outra natureza at\u00e9 agora inexplic\u00e1vel. V\u00e1rios neurocientistas a chamaram de <em>mente m\u00edstica <\/em>(<em>mystical mind<\/em>). Prefiro uma express\u00e3o mais modesta: <em>mente espiritual<\/em>.<\/p>\n<p>Aprofundando a <em>mente espiritual <\/em>outros neurocientistas e neurolinguistas chegaram a identificar o que chamaram o <em>ponto Deus<\/em> no c\u00e9rebro. Constataram que sempre que o ser humano se interroga existencialmente sobre o sentido do Todo, do universo, de sua vida e pensa seriamente sobre uma \u00daltima Realidade, produz-se uma descomunal acelera\u00e7\u00e3o dos neur\u00f4nios do <em>lobo frontal<\/em>. Aponta para um \u00f3rg\u00e3o interior de qualidade especial. Disseram que assim como temos \u00f3rg\u00e3os externos, os olhos, os ouvidos, o tato, temos tamb\u00e9m um \u00f3rg\u00e3o interno, uma vantagem de nossa evolu\u00e7\u00e3o humana. Deram-lhe o nome de o<em> ponto Deus\u00a0<\/em>no c\u00e9rebro. Mediante esse \u00f3rg\u00e3o-ponto, captamos Aquela Realidade que tudo unifica e sustenta, desde o universo estrelado, a nossa Terra e a n\u00f3s mesmos: a Fonte que faz ser tudo o que \u00e9. Cada cultura d\u00e1-lhe um nome: o Grande Esp\u00edrito dos ind\u00edgenas, Al\u00e1, Shiva, Tao, Jav\u00e9, Olorum dos nag\u00f4 e n\u00f3s simplesmente de Deus (que em s\u00e2nscrito significa o <em>Gerador da luz<\/em>, donde vem tamb\u00e9m a palavra <em>dia<\/em>).<\/p>\n<p><strong>A natureza misteriosa da luz<\/strong><\/p>\n<p>Antes de nos focarmos na <em>Medita\u00e7\u00e3o da Luz<\/em>, cabe uma palavra sobre a <em>natureza da luz<\/em>. Ela \u00e9 tida at\u00e9 hoje como um fen\u00f4meno t\u00e3o singular para a ci\u00eancia, como a f\u00edsica qu\u00e2ntica e a astrof\u00edsica que preferiu-se dizer: a entendemos melhor se a consideramos uma part\u00edcula material (que pode ser barrada por uma placa de chumbo) e simultaneamente uma onda energ\u00e9tica que percorre o universo \u00e0 velocidade de 300 mil km por segundo. Bi\u00f3logos chegaram a discernir que todos os organismos vivos emitem luz, os biof\u00f3tons, invis\u00edveis a n\u00f3s mas capt\u00e1veis por aparelhos sofisticados. A sede desta bioluz estaria nas c\u00e9lulas de nosso DNA. Portanto, somos seres de luz. Ademais a luz \u00e9 um dos maiores s\u00edmbolos humanos e o nome que se d\u00e1 \u00e0 Divindade ou a Deus como Luz infinita e eterna.<\/p>\n<p><strong>Medita\u00e7\u00e3o da luz: caminho oriental e ocidental<\/strong><\/p>\n<p>Vamos finalmente ao tema: <strong>Como \u00e9 essa medita\u00e7\u00e3o da luz?<\/strong> Fundamentalmente tanto o Oriente quanto o Ocidente comungam da mesma intui\u00e7\u00e3o: do Infinito nos vem um raio sagrado de Luz que incide em nossa cabe\u00e7a (corpo caloso), penetra todo o nosso ser (os chacras), ativa os biof\u00f3tons, sana nossas feridas, nos enleva e nos transforma tamb\u00e9m em seres de luz.<\/p>\n<p>Conhecido \u00e9 o m\u00e9todo budista em tr\u00eas passos: diante de uma vela acesa, se concentra e diz: <em>eu estou na luz<\/em>; <em>a luz est\u00e1 em mim<\/em>; <em>eu sou luz<\/em>. Essa luz se expande do corpo para tudo o que est\u00e1 ao redor, para Terra, para as gal\u00e1xias mais distantes. Permite uma experi\u00eancia de n\u00e3o dualidade: tudo \u00e9 um e eu estou no Todo.<\/p>\n<p>O caminho ocidental se parece com o oriental. Era praticado pelos primeiros crist\u00e3os em Alexandria no Egito que professavam ser Deus luz, Jesus, luz do mundo e o Esp\u00edrito Santo,\u00a0 a \u201cLux Beatissima\u201d<\/p>\n<p>Sigam comigo os seguintes passos: colocar-se num lugar c\u00f4modo, como ao p\u00e9 da cama, ao levantar ou ao deitar ou num canto mas recolhido. Concentrar-se para abrir o corpo caloso e invocar o raio da Luz Beat\u00edssima que prov\u00e9m do infinito do c\u00e9u.<\/p>\n<p>Esse raio de Luz sagrada, incidindo, j\u00e1 permite a uni\u00e3o dos dois hemisf\u00e9rios do c\u00e9rebro, produzindo grande equil\u00edbrio entre raz\u00e3o e sentimento. Em seguida, deixe que essa Luz divina comece lentamente a penetrar todo o seu corpo: o c\u00e9rebro, as vias respirat\u00f3rias, os pulm\u00f5es, o cora\u00e7\u00e3o, o aparelho digestivo, os \u00f3rg\u00e3os genitais, as pernas e os p\u00e9s. Pare-a especialmente nas partes que est\u00e3o doentes e produzem dor. J\u00e1 que a Luz desceu, fa\u00e7a-a voltar, penetrando novamente todo o seu ser e seus \u00f3rg\u00e3os.<\/p>\n<p><strong>Benef\u00edcios da medita\u00e7\u00e3o da luz<\/strong><\/p>\n<p>Antes de mais nada, come\u00e7a a sentir que essa Luz divina potencializa suas energias, traz leveza a todo o seu ser corporal e espiritual. D\u00ea-se um pouco de tempo, para curtir essa Energia divina que o energiza totalmente. Por fim, agrade\u00e7a ao Esp\u00edrito de Luz que \u00e9 o Esp\u00edrito Santo. Lentamente seu corpo caloso se fecha e voc\u00ea sai mais espiritualizado, mais humanizado e com mais coragem para enfrentar o peso da vida.<\/p>\n<p>Voc\u00ea pode fazer esse exerc\u00edcio mentalmente no \u00f4nibus, ao parar no sem\u00e1foro, na f\u00e1brica,\u00a0no escrit\u00f3rio ou em qualquer tempinho que tenha no dia.<\/p>\n<p>Todos os que se acostumaram a fazer esse tipo de medita\u00e7\u00e3o \u2013 via da simplicidade \u2013 testemunham como ficam mais resistentes na sa\u00fade, ganham mais clareza nas quest\u00f5es complicadas e as ideias fixas e os preconceitos os tornam mais super\u00e1veis, enfim voc\u00ea se torna um ser melhor e sua luz irradia sobre outros. Tente fazer essa medita\u00e7\u00e3o simples e ver\u00e1 seu valor corporal e espiritual.<\/p>\n<hr \/>\n<p><strong>Leonardo Boff <\/strong><em>\u00e9 te\u00f3logo e escreveu Medita\u00e7\u00e3o da Luz: o caminho da simplicidade, Vozes, 2009; Tempo de Transcend\u00eancia (Vozes 2009). Para adquirir<\/em>: <strong>vendas@vozes.com.br<\/strong><\/p>\n","protected":false},"excerpt":{"rendered":"<p>Artigo de Leonardo Boff<\/p>\n","protected":false},"author":3,"featured_media":186929,"comment_status":"open","ping_status":"open","sticky":false,"template":"","format":"standard","meta":{"footnotes":""},"categories":[26],"tags":[59],"yoast_head":"<!-- This site is optimized with the Yoast SEO plugin v19.4 - https:\/\/yoast.com\/wordpress\/plugins\/seo\/ -->\n<title>Medita\u00e7\u00e3o da luz: o caminho da simplicidade - Vida Crist\u00e3 - Franciscanos<\/title>\n<meta name=\"robots\" content=\"index, follow, max-snippet:-1, max-image-preview:large, max-video-preview:-1\" \/>\n<link rel=\"canonical\" href=\"https:\/\/franciscanos.org.br\/vidacrista\/meditacao-da-luz-o-caminho-da-simplicidade\/\" \/>\n<meta property=\"og:locale\" content=\"pt_BR\" \/>\n<meta property=\"og:type\" content=\"article\" \/>\n<meta property=\"og:title\" content=\"Medita\u00e7\u00e3o da luz: o caminho da simplicidade - Vida Crist\u00e3 - Franciscanos\" \/>\n<meta property=\"og:description\" content=\"Artigo de Leonardo Boff\" \/>\n<meta property=\"og:url\" content=\"https:\/\/franciscanos.org.br\/vidacrista\/meditacao-da-luz-o-caminho-da-simplicidade\/\" \/>\n<meta property=\"og:site_name\" content=\"Vida Crist\u00e3 - Franciscanos\" \/>\n<meta property=\"article:published_time\" content=\"2020-06-08T10:10:39+00:00\" \/>\n<meta property=\"article:modified_time\" content=\"2020-07-24T15:37:04+00:00\" \/>\n<meta property=\"og:image\" content=\"https:\/\/franciscanos.org.br\/vidacrista\/wp-content\/uploads\/2020\/06\/artigo_2407d.png\" \/>\n\t<meta property=\"og:image:width\" content=\"800\" \/>\n\t<meta property=\"og:image:height\" content=\"599\" \/>\n\t<meta property=\"og:image:type\" content=\"image\/png\" \/>\n<meta name=\"author\" content=\"moacir\" \/>\n<meta name=\"twitter:card\" content=\"summary_large_image\" \/>\n<meta name=\"twitter:label1\" content=\"Escrito por\" \/>\n\t<meta name=\"twitter:data1\" content=\"moacir\" \/>\n\t<meta name=\"twitter:label2\" content=\"Est. tempo de leitura\" \/>\n\t<meta name=\"twitter:data2\" content=\"7 minutos\" \/>\n<script type=\"application\/ld+json\" class=\"yoast-schema-graph\">{\"@context\":\"https:\/\/schema.org\",\"@graph\":[{\"@type\":\"WebSite\",\"@id\":\"https:\/\/franciscanos.org.br\/vidacrista\/#website\",\"url\":\"https:\/\/franciscanos.org.br\/vidacrista\/\",\"name\":\"Vida Crist\u00e3 - Franciscanos\",\"description\":\"Prov\u00edncia Franciscana da Imaculada Concei\u00e7\u00e3o do Brasil - Ordem dos Frades Menores\",\"potentialAction\":[{\"@type\":\"SearchAction\",\"target\":{\"@type\":\"EntryPoint\",\"urlTemplate\":\"https:\/\/franciscanos.org.br\/vidacrista\/?s={search_term_string}\"},\"query-input\":\"required name=search_term_string\"}],\"inLanguage\":\"pt-BR\"},{\"@type\":\"WebPage\",\"@id\":\"https:\/\/franciscanos.org.br\/vidacrista\/meditacao-da-luz-o-caminho-da-simplicidade\/\",\"url\":\"https:\/\/franciscanos.org.br\/vidacrista\/meditacao-da-luz-o-caminho-da-simplicidade\/\",\"name\":\"Medita\u00e7\u00e3o da luz: o caminho da simplicidade - Vida Crist\u00e3 - Franciscanos\",\"isPartOf\":{\"@id\":\"https:\/\/franciscanos.org.br\/vidacrista\/#website\"},\"datePublished\":\"2020-06-08T10:10:39+00:00\",\"dateModified\":\"2020-07-24T15:37:04+00:00\",\"author\":{\"@id\":\"https:\/\/franciscanos.org.br\/vidacrista\/#\/schema\/person\/1880bdd2c350b735648725ef7614736a\"},\"breadcrumb\":{\"@id\":\"https:\/\/franciscanos.org.br\/vidacrista\/meditacao-da-luz-o-caminho-da-simplicidade\/#breadcrumb\"},\"inLanguage\":\"pt-BR\",\"potentialAction\":[{\"@type\":\"ReadAction\",\"target\":[\"https:\/\/franciscanos.org.br\/vidacrista\/meditacao-da-luz-o-caminho-da-simplicidade\/\"]}]},{\"@type\":\"BreadcrumbList\",\"@id\":\"https:\/\/franciscanos.org.br\/vidacrista\/meditacao-da-luz-o-caminho-da-simplicidade\/#breadcrumb\",\"itemListElement\":[{\"@type\":\"ListItem\",\"position\":1,\"name\":\"Home\",\"item\":\"https:\/\/franciscanos.org.br\/vidacrista\/\"},{\"@type\":\"ListItem\",\"position\":2,\"name\":\"Medita\u00e7\u00e3o da luz: o caminho da simplicidade\"}]},{\"@type\":\"Person\",\"@id\":\"https:\/\/franciscanos.org.br\/vidacrista\/#\/schema\/person\/1880bdd2c350b735648725ef7614736a\",\"name\":\"moacir\",\"image\":{\"@type\":\"ImageObject\",\"inLanguage\":\"pt-BR\",\"@id\":\"https:\/\/franciscanos.org.br\/vidacrista\/#\/schema\/person\/image\/\",\"url\":\"https:\/\/secure.gravatar.com\/avatar\/d08aa2ce4c8dd416d4479aa8536fcf64?s=96&d=mm&r=g\",\"contentUrl\":\"https:\/\/secure.gravatar.com\/avatar\/d08aa2ce4c8dd416d4479aa8536fcf64?s=96&d=mm&r=g\",\"caption\":\"moacir\"},\"url\":\"https:\/\/franciscanos.org.br\/vidacrista\/author\/moacir\/\"}]}<\/script>\n<!-- \/ Yoast SEO plugin. -->","yoast_head_json":{"title":"Medita\u00e7\u00e3o da luz: o caminho da simplicidade - Vida Crist\u00e3 - Franciscanos","robots":{"index":"index","follow":"follow","max-snippet":"max-snippet:-1","max-image-preview":"max-image-preview:large","max-video-preview":"max-video-preview:-1"},"canonical":"https:\/\/franciscanos.org.br\/vidacrista\/meditacao-da-luz-o-caminho-da-simplicidade\/","og_locale":"pt_BR","og_type":"article","og_title":"Medita\u00e7\u00e3o da luz: o caminho da simplicidade - Vida Crist\u00e3 - Franciscanos","og_description":"Artigo de Leonardo Boff","og_url":"https:\/\/franciscanos.org.br\/vidacrista\/meditacao-da-luz-o-caminho-da-simplicidade\/","og_site_name":"Vida Crist\u00e3 - Franciscanos","article_published_time":"2020-06-08T10:10:39+00:00","article_modified_time":"2020-07-24T15:37:04+00:00","og_image":[{"width":800,"height":599,"url":"https:\/\/franciscanos.org.br\/vidacrista\/wp-content\/uploads\/2020\/06\/artigo_2407d.png","type":"image\/png"}],"author":"moacir","twitter_card":"summary_large_image","twitter_misc":{"Escrito por":"moacir","Est. tempo de leitura":"7 minutos"},"schema":{"@context":"https:\/\/schema.org","@graph":[{"@type":"WebSite","@id":"https:\/\/franciscanos.org.br\/vidacrista\/#website","url":"https:\/\/franciscanos.org.br\/vidacrista\/","name":"Vida Crist\u00e3 - Franciscanos","description":"Prov\u00edncia Franciscana da Imaculada Concei\u00e7\u00e3o do Brasil - Ordem dos Frades Menores","potentialAction":[{"@type":"SearchAction","target":{"@type":"EntryPoint","urlTemplate":"https:\/\/franciscanos.org.br\/vidacrista\/?s={search_term_string}"},"query-input":"required name=search_term_string"}],"inLanguage":"pt-BR"},{"@type":"WebPage","@id":"https:\/\/franciscanos.org.br\/vidacrista\/meditacao-da-luz-o-caminho-da-simplicidade\/","url":"https:\/\/franciscanos.org.br\/vidacrista\/meditacao-da-luz-o-caminho-da-simplicidade\/","name":"Medita\u00e7\u00e3o da luz: o caminho da simplicidade - Vida Crist\u00e3 - Franciscanos","isPartOf":{"@id":"https:\/\/franciscanos.org.br\/vidacrista\/#website"},"datePublished":"2020-06-08T10:10:39+00:00","dateModified":"2020-07-24T15:37:04+00:00","author":{"@id":"https:\/\/franciscanos.org.br\/vidacrista\/#\/schema\/person\/1880bdd2c350b735648725ef7614736a"},"breadcrumb":{"@id":"https:\/\/franciscanos.org.br\/vidacrista\/meditacao-da-luz-o-caminho-da-simplicidade\/#breadcrumb"},"inLanguage":"pt-BR","potentialAction":[{"@type":"ReadAction","target":["https:\/\/franciscanos.org.br\/vidacrista\/meditacao-da-luz-o-caminho-da-simplicidade\/"]}]},{"@type":"BreadcrumbList","@id":"https:\/\/franciscanos.org.br\/vidacrista\/meditacao-da-luz-o-caminho-da-simplicidade\/#breadcrumb","itemListElement":[{"@type":"ListItem","position":1,"name":"Home","item":"https:\/\/franciscanos.org.br\/vidacrista\/"},{"@type":"ListItem","position":2,"name":"Medita\u00e7\u00e3o da luz: o caminho da simplicidade"}]},{"@type":"Person","@id":"https:\/\/franciscanos.org.br\/vidacrista\/#\/schema\/person\/1880bdd2c350b735648725ef7614736a","name":"moacir","image":{"@type":"ImageObject","inLanguage":"pt-BR","@id":"https:\/\/franciscanos.org.br\/vidacrista\/#\/schema\/person\/image\/","url":"https:\/\/secure.gravatar.com\/avatar\/d08aa2ce4c8dd416d4479aa8536fcf64?s=96&d=mm&r=g","contentUrl":"https:\/\/secure.gravatar.com\/avatar\/d08aa2ce4c8dd416d4479aa8536fcf64?s=96&d=mm&r=g","caption":"moacir"},"url":"https:\/\/franciscanos.org.br\/vidacrista\/author\/moacir\/"}]}},"_links":{"self":[{"href":"https:\/\/franciscanos.org.br\/vidacrista\/wp-json\/wp\/v2\/posts\/185356"}],"collection":[{"href":"https:\/\/franciscanos.org.br\/vidacrista\/wp-json\/wp\/v2\/posts"}],"about":[{"href":"https:\/\/franciscanos.org.br\/vidacrista\/wp-json\/wp\/v2\/types\/post"}],"author":[{"embeddable":true,"href":"https:\/\/franciscanos.org.br\/vidacrista\/wp-json\/wp\/v2\/users\/3"}],"replies":[{"embeddable":true,"href":"https:\/\/franciscanos.org.br\/vidacrista\/wp-json\/wp\/v2\/comments?post=185356"}],"version-history":[{"count":4,"href":"https:\/\/franciscanos.org.br\/vidacrista\/wp-json\/wp\/v2\/posts\/185356\/revisions"}],"predecessor-version":[{"id":186930,"href":"https:\/\/franciscanos.org.br\/vidacrista\/wp-json\/wp\/v2\/posts\/185356\/revisions\/186930"}],"wp:featuredmedia":[{"embeddable":true,"href":"https:\/\/franciscanos.org.br\/vidacrista\/wp-json\/wp\/v2\/media\/186929"}],"wp:attachment":[{"href":"https:\/\/franciscanos.org.br\/vidacrista\/wp-json\/wp\/v2\/media?parent=185356"}],"wp:term":[{"taxonomy":"category","embeddable":true,"href":"https:\/\/franciscanos.org.br\/vidacrista\/wp-json\/wp\/v2\/categories?post=185356"},{"taxonomy":"post_tag","embeddable":true,"href":"https:\/\/franciscanos.org.br\/vidacrista\/wp-json\/wp\/v2\/tags?post=185356"}],"curies":[{"name":"wp","href":"https:\/\/api.w.org\/{rel}","templated":true}]}}