{"id":185334,"date":"2018-08-10T08:34:46","date_gmt":"2018-08-10T11:34:46","guid":{"rendered":"https:\/\/franciscanos.org.br\/vidacrista\/?p=185334"},"modified":"2021-09-03T15:40:51","modified_gmt":"2021-09-03T18:40:51","slug":"esses-homens-a-quem-chamamos-de-pais","status":"publish","type":"post","link":"https:\/\/franciscanos.org.br\/vidacrista\/esses-homens-a-quem-chamamos-de-pais\/","title":{"rendered":"Esses homens a quem chamamos de pais"},"content":{"rendered":"<div id=\"attachment_190483\" style=\"width: 850px\" class=\"wp-caption alignnone\"><img aria-describedby=\"caption-attachment-190483\" decoding=\"async\" loading=\"lazy\" class=\"wp-image-190483 size-full\" src=\"https:\/\/franciscanos.org.br\/vidacrista\/wp-content\/uploads\/2018\/08\/artigo_almir_030921.png\" alt=\"\" width=\"840\" height=\"450\" srcset=\"https:\/\/franciscanos.org.br\/vidacrista\/wp-content\/uploads\/2018\/08\/artigo_almir_030921.png 840w, https:\/\/franciscanos.org.br\/vidacrista\/wp-content\/uploads\/2018\/08\/artigo_almir_030921-450x241.png 450w, https:\/\/franciscanos.org.br\/vidacrista\/wp-content\/uploads\/2018\/08\/artigo_almir_030921-768x411.png 768w, https:\/\/franciscanos.org.br\/vidacrista\/wp-content\/uploads\/2018\/08\/artigo_almir_030921-150x80.png 150w\" sizes=\"(max-width: 840px) 100vw, 840px\" \/><p id=\"caption-attachment-190483\" class=\"wp-caption-text\">\u00a0 \u00a0 \u00a0 \u00a0 \u00a0 \u00a0 \u00a0 \u00a0 \u00a0 \u00a0 \u00a0 \u00a0 \u00a0 \u00a0 \u00a0 \u00a0 \u00a0 \u00a0 \u00a0 \u00a0 \u00a0 \u00a0 \u00a0 \u00a0 \u00a0 \u00a0 \u00a0 \u00a0 \u00a0 \u00a0 \u00a0 \u00a0 \u00a0 \u00a0 \u00a0 <em>\u00a0 \u00a0 \u00a0 \u00a0 Imagem ilustrativa: Canva (www.canva.com\/pt_br\/modelos)<\/em><\/p><\/div>\n<p><strong style=\"font-size: 16px;\">Frei Almir Ribeiro Guimar\u00e3es, OFM<\/strong><em>Meus pais foram envelhecendo, foram se fragilizando, foram precisando mais de mim. E como n\u00e3o precisava tanto deles, ocupado com meu trabalho e minhas rela\u00e7\u00f5es, tornei-me ausente. Um ausente ego\u00edsta que empurrava os problemas para os irm\u00e3os e n\u00e3o pretendia se incomodar com a velhice e a sa\u00fade de meus guardi\u00f5es<\/em> (Cuide dos pais antes que seja tarde,\u00a0 Carpinejar, Bertrand Brasil, p.7)<\/p>\n<p style=\"padding-left: 30px;\"><em>\u2666 <\/em>Quando chega o m\u00eas de agosto h\u00e1 um convite a que reflitamos sobre a figura do pai, esse homem ao qual nossa m\u00e3e nos apresentou logo ap\u00f3s nosso nascimento. Viemos do seio dela, mas ela e ele \u201cmaquinaram\u201d nossa chegada. E, por detr\u00e1s, de tudo e antes de tudo o Pai que cria os espa\u00e7os,\u00a0 colore as p\u00e9talas das\u00a0 flores e ensina os ares a fabricar a neve colocou vi\u00e7o e vida no amor da m\u00e3e e do pai. Viemos do Pai belo dos c\u00e9us. No amor do pai e da m\u00e3e\u00a0 l\u00e1 est\u00e1vamos n\u00f3s&#8230; Quem dera que sempre assim fosse.\u00a0 Duas voca\u00e7\u00f5es:\u00a0 ser pai e ser m\u00e3e, duas trilhas que caminham inseparavelmente juntas.<\/p>\n<p style=\"padding-left: 30px;\"><em>\u2666 <\/em>Sim, n\u00e3o se pode falar de pai e paternidade, de m\u00e3e e maternidade separadamente. Paternidade e maternidade constituem tesouros da humanidade, que v\u00e3o se transmitindo de gera\u00e7\u00e3o em gera\u00e7\u00e3o n\u00e3o somente porque\u00a0 cada um nasce de um pai e de uma m\u00e3e, mas porque devido aos la\u00e7os que se criam\u00a0 s\u00e3o comunicadas maneiras de viver, de ser, atitudes e virtudes. Paternidade e maternidade constituem voca\u00e7\u00f5es.<\/p>\n<p style=\"padding-left: 30px;\"><em>\u2666 <\/em>Uma palavra esclarecedora: \u201cA m\u00e3e que ampara o filho com sua ternura e compaix\u00e3o, ajuda a despertar nele a confian\u00e7a, a experimentar que o mundo \u00e9 um lugar bom que o acolhe, e isto permite desenvolver uma autoestima que favorece a capacidade de intimidade e empatia. Por sua vez, a figura do pai ajuda a perceber os limites da realidade, caracterizando-se mais pela orienta\u00e7\u00e3o, pela sa\u00edda para o mundo mais amplo e rico de desafios, pelo convite a esfor\u00e7ar-se e a lutar. Um pai com uma clara e feliz identidade masculina, que por sua vez combine com a esposa, com o carinho e o acolhimento, \u00e9 t\u00e3o necess\u00e1rio como os cuidados maternos. H\u00e1 fun\u00e7\u00f5es e tarefas flex\u00edveis que se adaptam \u00e0s circunst\u00e2ncias concretas de cada fam\u00edlia, mas a presen\u00e7a clara e bem definida das duas figuras, feminina e masculina, cria o \u00e2mbito mais adequado para o amadurecimento das crian\u00e7as\u201d (<em>Papa\u00a0 Francisco,\u00a0 A alegria do amor, \u00a7 175<\/em>)<em>.<\/em><\/p>\n<p style=\"padding-left: 30px;\"><em>\u2666 Pai, homem companheiro da esposa: <\/em>A palavra companheiro \u00e9 bela. Duas pessoas que comem junto o p\u00e3o de todos os dias\u00a0\u00a0<em>cum panis<\/em>&#8230; Mulher e homem se encontram, se estudam, percorrem parte do caminho um ao lado do outro e entre os dois brota a certeza de que podem se dar as m\u00e3os, fazer um pacto de bem-querer, fazendo a experi\u00eancia de \u00eaxodo e se unindo para viver a ventura do amor conjugal. Tudo est\u00e1 sempre para ser feito. Mas juntos. Amantes e amigos. Os pais s\u00e3o bons quando s\u00e3o amigos das m\u00e3es.\u00a0 Uma das maiores e mais fundas alegria dos filhos \u00e9 sentirem ternura, carinho entre o pai e a m\u00e3e e um respeito amoroso nos momentos normais de diverg\u00eancia. O sucesso de ser pai e de ser m\u00e3e depende em boa parte do sucesso conjugal de um homem e de uma mulher.\u00a0 O filho \u00e9 sempre um <em>super\u00e1vit <\/em>de amor e n\u00e3o um acidente de percurso.<\/p>\n<p style=\"padding-left: 30px;\"><em>\u2666 O pai, al\u00e9m de provedor \u00e9 presen\u00e7a: <\/em>Os tempos mudaram. O pai n\u00e3o \u00e9 apenas um provedor, mas uma presen\u00e7a forte e indispens\u00e1vel no seio da fam\u00edlia e junto aos filhos.\u00a0 N\u00e3o adianta somente colocar dinheiro na \u201cfirma\u201d que \u00e9 a casa.\u00a0 Precisa manifestar alegria de ser marido, de ser pai, de ser pessoa feliz.\u00a0 Presen\u00e7a na vida escolar\u00a0 dos filhos, nos eventos familiares mais amplos, no sucesso e nos desafios que a mulher e os filhos vivem. Ali\u00e1s, hoje muitas mulheres \u00e9 que sustentam financeiramente a casa&#8230; Pai presente\u00a0 na vida do filho mesmo quando houve a separa\u00e7\u00e3o. Pai que n\u00e3o pode se ausentar da vida do filho que veio dele e uma mulher que escolheu para m\u00e3e de seus filhos.<\/p>\n<p style=\"padding-left: 30px;\"><em>\u2666 Pai amigo e confidente: <\/em>Pais que se colocam perto dos filhos, pr\u00f3ximos deles. Pais que conversam com os filhos e filhas meio \u00e0 maneira de colegas e confidentes. Entendamo-nos bem: n\u00e3o um \u201ccoleguinha\u201d dos filhos, sempre pai, sempre uma autoridade, mas uma autoridade que sabe ser terna e firme. Pai, sombra carinhosa se faz presente de modo particular quando os filhos descobrem a bela virul\u00eancia de sua sexualidade. Pais que podem ser, na medida do poss\u00edvel e no respeito ao mist\u00e9rio de cada um, amigos dos filhos.<\/p>\n<p style=\"padding-left: 30px;\"><em>\u2666 Pais que auscultam as \u00e2nsias mais profundas do filhos: <\/em>Pai e m\u00e3e saber\u00e3o entrar para uma \u201cEscola de Pais\u201d, aprender a arte de educar. A escola e a universidade podem ajudar os filhos a se situarem diante do mundo. Pais e m\u00e3es, no entanto, n\u00e3o\u00a0\u00a0 passam para outros suas intransfer\u00edveis responsabilidades de educadores. A hist\u00f3ria de cada filho pode ser uma obra de arte. Depende, em parte, da qualidade humana de um pai e de uma m\u00e3e\u201d.\u00a0 O pai n\u00e3o quer que os filhos sejam carbonos ou copias suas. Na volta do trabalho e em todos os momentos \u00a0e sempre auscultando as \u00e2nsias verdadeiramente profundas dos filhos.\u00a0 Sobretudo n\u00e3o deix\u00e1-los crescer numa banalidade e superficialidade de vida.<\/p>\n<p style=\"padding-left: 30px;\"><em>\u2666 Pais vigilantes: <\/em>Pais vigilantes, mas tamb\u00e9m esposos vigilantes. Que seu casamento n\u00e3o seja uma mon\u00f3tona rotina. Que ele sinta que sua mulher continua crescendo como mulher. Vigiar para que o amor conjugal n\u00e3o fique estagnado na mesmice das planuras.\u00a0 Vigiar para que na fam\u00edlia e entre os filhos vigorem valores: ajuda de todos, aten\u00e7\u00e3o para com os mais fr\u00e1geis, cuidado dos av\u00f3s velhos e doentes, bondade que seja dom de vida e n\u00e3o apenas um\u00a0 \u201cgestinho bonitinho\u201d.\u00a0 Os\u00a0 pais ter\u00e3o sempre \u00a0as antenas ligadas&#8230;<\/p>\n<p style=\"padding-left: 30px;\"><em>\u2666 Pais de seus filhos e dos filhos que a mulher trouxe: <\/em>Os homens s\u00e3o\u00a0 pais de seus filhos biol\u00f3gicos e\u00a0 dos filhos de uma companheira que veio de outro casamento. Os tempos mudaram.\u00a0 Homens de valor e de garra s\u00e3o pais dos filhos que outros homens geraram e colocaram no mundo.<\/p>\n<p style=\"padding-left: 30px;\"><em>\u2666 Pai cuja vida seja janela para descobrir a Deus: <\/em>\u00a0Nada de imposi\u00e7\u00e3o.\u00a0 O pai mostra aos filhos que anda buscando a Deus, que tem sede do Absoluto, pai que n\u00e3o seja intransigente homem dogm\u00e1tico, mero cumpridor de ritos religiosos. Os filhos sentir\u00e3o nos pais criaturas normais com falhas, mas se curvam diante de um sacr\u00e1rio e escutam com avidez a Palavra.\u00a0 Pai e m\u00e3e saber\u00e3o criar em casa um clima de verdade, de viv\u00eancia das bem-aventuran\u00e7as. Os filhos haver\u00e3o de ficar orgulhosos do pai que \u00e9 reto, simples no falar, n\u00e3o se vestindo do ouro do dinheiro e do prest\u00edgio.<\/p>\n<p style=\"padding-left: 30px;\"><em>\u2666 Ainda um texto de Carpinejar:\u00a0 <\/em>\u201cH\u00e1 filhos que abortam seus pais dentro do cora\u00e7\u00e3o, e os enterram precocemente, antes mesmo do vel\u00f3rio. Abandonam os pais no asilo. Largam os pais para a temeridade violenta da solid\u00e3o\u201d (<em>Cuide dos pais&#8230; Carpinejar, op. cit. 7<\/em>).<\/p>\n","protected":false},"excerpt":{"rendered":"<p>Artigo de Frei Almir Ribeiro Guimar\u00e3es<\/p>\n","protected":false},"author":3,"featured_media":190483,"comment_status":"open","ping_status":"open","sticky":false,"template":"","format":"standard","meta":{"footnotes":""},"categories":[26],"tags":[30],"yoast_head":"<!-- This site is optimized with the Yoast SEO plugin v19.4 - https:\/\/yoast.com\/wordpress\/plugins\/seo\/ -->\n<title>Esses homens a quem chamamos de pais - Vida Crist\u00e3 - Franciscanos<\/title>\n<meta name=\"robots\" content=\"index, follow, max-snippet:-1, max-image-preview:large, max-video-preview:-1\" \/>\n<link rel=\"canonical\" href=\"https:\/\/franciscanos.org.br\/vidacrista\/esses-homens-a-quem-chamamos-de-pais\/\" \/>\n<meta property=\"og:locale\" content=\"pt_BR\" \/>\n<meta property=\"og:type\" content=\"article\" \/>\n<meta property=\"og:title\" content=\"Esses homens a quem chamamos de pais - Vida Crist\u00e3 - Franciscanos\" \/>\n<meta property=\"og:description\" content=\"Artigo de Frei Almir Ribeiro Guimar\u00e3es\" \/>\n<meta property=\"og:url\" content=\"https:\/\/franciscanos.org.br\/vidacrista\/esses-homens-a-quem-chamamos-de-pais\/\" \/>\n<meta property=\"og:site_name\" content=\"Vida Crist\u00e3 - Franciscanos\" \/>\n<meta property=\"article:published_time\" content=\"2018-08-10T11:34:46+00:00\" \/>\n<meta property=\"article:modified_time\" content=\"2021-09-03T18:40:51+00:00\" \/>\n<meta property=\"og:image\" content=\"https:\/\/franciscanos.org.br\/vidacrista\/wp-content\/uploads\/2018\/08\/artigo_almir_030921.png\" \/>\n\t<meta property=\"og:image:width\" content=\"840\" \/>\n\t<meta property=\"og:image:height\" content=\"450\" \/>\n\t<meta property=\"og:image:type\" content=\"image\/png\" \/>\n<meta name=\"author\" content=\"moacir\" \/>\n<meta name=\"twitter:card\" content=\"summary_large_image\" \/>\n<meta name=\"twitter:label1\" content=\"Escrito por\" \/>\n\t<meta name=\"twitter:data1\" content=\"moacir\" \/>\n\t<meta name=\"twitter:label2\" content=\"Est. tempo de leitura\" \/>\n\t<meta name=\"twitter:data2\" content=\"6 minutos\" \/>\n<script type=\"application\/ld+json\" class=\"yoast-schema-graph\">{\"@context\":\"https:\/\/schema.org\",\"@graph\":[{\"@type\":\"WebSite\",\"@id\":\"https:\/\/franciscanos.org.br\/vidacrista\/#website\",\"url\":\"https:\/\/franciscanos.org.br\/vidacrista\/\",\"name\":\"Vida Crist\u00e3 - Franciscanos\",\"description\":\"Prov\u00edncia Franciscana da Imaculada Concei\u00e7\u00e3o do Brasil - Ordem dos Frades Menores\",\"potentialAction\":[{\"@type\":\"SearchAction\",\"target\":{\"@type\":\"EntryPoint\",\"urlTemplate\":\"https:\/\/franciscanos.org.br\/vidacrista\/?s={search_term_string}\"},\"query-input\":\"required name=search_term_string\"}],\"inLanguage\":\"pt-BR\"},{\"@type\":\"WebPage\",\"@id\":\"https:\/\/franciscanos.org.br\/vidacrista\/esses-homens-a-quem-chamamos-de-pais\/\",\"url\":\"https:\/\/franciscanos.org.br\/vidacrista\/esses-homens-a-quem-chamamos-de-pais\/\",\"name\":\"Esses homens a quem chamamos de pais - Vida Crist\u00e3 - Franciscanos\",\"isPartOf\":{\"@id\":\"https:\/\/franciscanos.org.br\/vidacrista\/#website\"},\"datePublished\":\"2018-08-10T11:34:46+00:00\",\"dateModified\":\"2021-09-03T18:40:51+00:00\",\"author\":{\"@id\":\"https:\/\/franciscanos.org.br\/vidacrista\/#\/schema\/person\/1880bdd2c350b735648725ef7614736a\"},\"breadcrumb\":{\"@id\":\"https:\/\/franciscanos.org.br\/vidacrista\/esses-homens-a-quem-chamamos-de-pais\/#breadcrumb\"},\"inLanguage\":\"pt-BR\",\"potentialAction\":[{\"@type\":\"ReadAction\",\"target\":[\"https:\/\/franciscanos.org.br\/vidacrista\/esses-homens-a-quem-chamamos-de-pais\/\"]}]},{\"@type\":\"BreadcrumbList\",\"@id\":\"https:\/\/franciscanos.org.br\/vidacrista\/esses-homens-a-quem-chamamos-de-pais\/#breadcrumb\",\"itemListElement\":[{\"@type\":\"ListItem\",\"position\":1,\"name\":\"Home\",\"item\":\"https:\/\/franciscanos.org.br\/vidacrista\/\"},{\"@type\":\"ListItem\",\"position\":2,\"name\":\"Esses homens a quem chamamos de pais\"}]},{\"@type\":\"Person\",\"@id\":\"https:\/\/franciscanos.org.br\/vidacrista\/#\/schema\/person\/1880bdd2c350b735648725ef7614736a\",\"name\":\"moacir\",\"image\":{\"@type\":\"ImageObject\",\"inLanguage\":\"pt-BR\",\"@id\":\"https:\/\/franciscanos.org.br\/vidacrista\/#\/schema\/person\/image\/\",\"url\":\"https:\/\/secure.gravatar.com\/avatar\/d08aa2ce4c8dd416d4479aa8536fcf64?s=96&d=mm&r=g\",\"contentUrl\":\"https:\/\/secure.gravatar.com\/avatar\/d08aa2ce4c8dd416d4479aa8536fcf64?s=96&d=mm&r=g\",\"caption\":\"moacir\"},\"url\":\"https:\/\/franciscanos.org.br\/vidacrista\/author\/moacir\/\"}]}<\/script>\n<!-- \/ Yoast SEO plugin. -->","yoast_head_json":{"title":"Esses homens a quem chamamos de pais - Vida Crist\u00e3 - Franciscanos","robots":{"index":"index","follow":"follow","max-snippet":"max-snippet:-1","max-image-preview":"max-image-preview:large","max-video-preview":"max-video-preview:-1"},"canonical":"https:\/\/franciscanos.org.br\/vidacrista\/esses-homens-a-quem-chamamos-de-pais\/","og_locale":"pt_BR","og_type":"article","og_title":"Esses homens a quem chamamos de pais - Vida Crist\u00e3 - Franciscanos","og_description":"Artigo de Frei Almir Ribeiro Guimar\u00e3es","og_url":"https:\/\/franciscanos.org.br\/vidacrista\/esses-homens-a-quem-chamamos-de-pais\/","og_site_name":"Vida Crist\u00e3 - Franciscanos","article_published_time":"2018-08-10T11:34:46+00:00","article_modified_time":"2021-09-03T18:40:51+00:00","og_image":[{"width":840,"height":450,"url":"https:\/\/franciscanos.org.br\/vidacrista\/wp-content\/uploads\/2018\/08\/artigo_almir_030921.png","type":"image\/png"}],"author":"moacir","twitter_card":"summary_large_image","twitter_misc":{"Escrito por":"moacir","Est. tempo de leitura":"6 minutos"},"schema":{"@context":"https:\/\/schema.org","@graph":[{"@type":"WebSite","@id":"https:\/\/franciscanos.org.br\/vidacrista\/#website","url":"https:\/\/franciscanos.org.br\/vidacrista\/","name":"Vida Crist\u00e3 - Franciscanos","description":"Prov\u00edncia Franciscana da Imaculada Concei\u00e7\u00e3o do Brasil - Ordem dos Frades Menores","potentialAction":[{"@type":"SearchAction","target":{"@type":"EntryPoint","urlTemplate":"https:\/\/franciscanos.org.br\/vidacrista\/?s={search_term_string}"},"query-input":"required name=search_term_string"}],"inLanguage":"pt-BR"},{"@type":"WebPage","@id":"https:\/\/franciscanos.org.br\/vidacrista\/esses-homens-a-quem-chamamos-de-pais\/","url":"https:\/\/franciscanos.org.br\/vidacrista\/esses-homens-a-quem-chamamos-de-pais\/","name":"Esses homens a quem chamamos de pais - Vida Crist\u00e3 - Franciscanos","isPartOf":{"@id":"https:\/\/franciscanos.org.br\/vidacrista\/#website"},"datePublished":"2018-08-10T11:34:46+00:00","dateModified":"2021-09-03T18:40:51+00:00","author":{"@id":"https:\/\/franciscanos.org.br\/vidacrista\/#\/schema\/person\/1880bdd2c350b735648725ef7614736a"},"breadcrumb":{"@id":"https:\/\/franciscanos.org.br\/vidacrista\/esses-homens-a-quem-chamamos-de-pais\/#breadcrumb"},"inLanguage":"pt-BR","potentialAction":[{"@type":"ReadAction","target":["https:\/\/franciscanos.org.br\/vidacrista\/esses-homens-a-quem-chamamos-de-pais\/"]}]},{"@type":"BreadcrumbList","@id":"https:\/\/franciscanos.org.br\/vidacrista\/esses-homens-a-quem-chamamos-de-pais\/#breadcrumb","itemListElement":[{"@type":"ListItem","position":1,"name":"Home","item":"https:\/\/franciscanos.org.br\/vidacrista\/"},{"@type":"ListItem","position":2,"name":"Esses homens a quem chamamos de pais"}]},{"@type":"Person","@id":"https:\/\/franciscanos.org.br\/vidacrista\/#\/schema\/person\/1880bdd2c350b735648725ef7614736a","name":"moacir","image":{"@type":"ImageObject","inLanguage":"pt-BR","@id":"https:\/\/franciscanos.org.br\/vidacrista\/#\/schema\/person\/image\/","url":"https:\/\/secure.gravatar.com\/avatar\/d08aa2ce4c8dd416d4479aa8536fcf64?s=96&d=mm&r=g","contentUrl":"https:\/\/secure.gravatar.com\/avatar\/d08aa2ce4c8dd416d4479aa8536fcf64?s=96&d=mm&r=g","caption":"moacir"},"url":"https:\/\/franciscanos.org.br\/vidacrista\/author\/moacir\/"}]}},"_links":{"self":[{"href":"https:\/\/franciscanos.org.br\/vidacrista\/wp-json\/wp\/v2\/posts\/185334"}],"collection":[{"href":"https:\/\/franciscanos.org.br\/vidacrista\/wp-json\/wp\/v2\/posts"}],"about":[{"href":"https:\/\/franciscanos.org.br\/vidacrista\/wp-json\/wp\/v2\/types\/post"}],"author":[{"embeddable":true,"href":"https:\/\/franciscanos.org.br\/vidacrista\/wp-json\/wp\/v2\/users\/3"}],"replies":[{"embeddable":true,"href":"https:\/\/franciscanos.org.br\/vidacrista\/wp-json\/wp\/v2\/comments?post=185334"}],"version-history":[{"count":5,"href":"https:\/\/franciscanos.org.br\/vidacrista\/wp-json\/wp\/v2\/posts\/185334\/revisions"}],"predecessor-version":[{"id":190491,"href":"https:\/\/franciscanos.org.br\/vidacrista\/wp-json\/wp\/v2\/posts\/185334\/revisions\/190491"}],"wp:featuredmedia":[{"embeddable":true,"href":"https:\/\/franciscanos.org.br\/vidacrista\/wp-json\/wp\/v2\/media\/190483"}],"wp:attachment":[{"href":"https:\/\/franciscanos.org.br\/vidacrista\/wp-json\/wp\/v2\/media?parent=185334"}],"wp:term":[{"taxonomy":"category","embeddable":true,"href":"https:\/\/franciscanos.org.br\/vidacrista\/wp-json\/wp\/v2\/categories?post=185334"},{"taxonomy":"post_tag","embeddable":true,"href":"https:\/\/franciscanos.org.br\/vidacrista\/wp-json\/wp\/v2\/tags?post=185334"}],"curies":[{"name":"wp","href":"https:\/\/api.w.org\/{rel}","templated":true}]}}