{"id":185190,"date":"2020-06-02T08:18:18","date_gmt":"2020-06-02T11:18:18","guid":{"rendered":"https:\/\/franciscanos.org.br\/vidacrista\/?p=185190"},"modified":"2020-07-24T12:46:11","modified_gmt":"2020-07-24T15:46:11","slug":"oasis-da-verdade","status":"publish","type":"post","link":"https:\/\/franciscanos.org.br\/vidacrista\/oasis-da-verdade\/","title":{"rendered":"O\u00e1sis da verdade"},"content":{"rendered":"<div id=\"attachment_186933\" style=\"width: 850px\" class=\"wp-caption alignnone\"><img aria-describedby=\"caption-attachment-186933\" decoding=\"async\" loading=\"lazy\" class=\"wp-image-186933 size-full\" src=\"https:\/\/franciscanos.org.br\/vidacrista\/wp-content\/uploads\/2020\/06\/artigo_2407_1.jpg\" alt=\"\" width=\"840\" height=\"450\" srcset=\"https:\/\/franciscanos.org.br\/vidacrista\/wp-content\/uploads\/2020\/06\/artigo_2407_1.jpg 840w, https:\/\/franciscanos.org.br\/vidacrista\/wp-content\/uploads\/2020\/06\/artigo_2407_1-450x241.jpg 450w, https:\/\/franciscanos.org.br\/vidacrista\/wp-content\/uploads\/2020\/06\/artigo_2407_1-768x411.jpg 768w, https:\/\/franciscanos.org.br\/vidacrista\/wp-content\/uploads\/2020\/06\/artigo_2407_1-150x80.jpg 150w\" sizes=\"(max-width: 840px) 100vw, 840px\" \/><p id=\"caption-attachment-186933\" class=\"wp-caption-text\">\u00a0 \u00a0 \u00a0 \u00a0 \u00a0 \u00a0 \u00a0 \u00a0 \u00a0 \u00a0 \u00a0 \u00a0 \u00a0 \u00a0 \u00a0 \u00a0 \u00a0 \u00a0 \u00a0 \u00a0 \u00a0 \u00a0 \u00a0 \u00a0 \u00a0 \u00a0 \u00a0 \u00a0 \u00a0 \u00a0 \u00a0 \u00a0 \u00a0 \u00a0 \u00a0 \u00a0 \u00a0 \u00a0 \u00a0 \u00a0 \u00a0 \u00a0 \u00a0 \u00a0 \u00a0 \u00a0 \u00a0 \u00a0 \u00a0 \u00a0 \u00a0 \u00a0 \u00a0 \u00a0 \u00a0 \u00a0 \u00a0 \u00a0 \u00a0 \u00a0 \u00a0 \u00a0 \u00a0 \u00a0 \u00a0 \u00a0 \u00a0 \u00a0 \u00a0 \u00a0 \u00a0 \u00a0 <em>\u00a0 \u00a0 \u00a0Imagem ilustrativa (fonte: Pexels)<\/em><\/p><\/div>\n<p>&nbsp;<\/p>\n<p style=\"font-weight: 400;\"><em>Pe. Ademir Guedes Azevedo, cp<\/em><\/p>\n<p style=\"font-weight: 400;\">O discurso sobre Deus \u00e9 sempre atual, sobretudo em nosso continente latino-americano. Mesmo na Europa iluminista, ouve-se muito a express\u00e3o \u201cDeus sim, igreja n\u00e3o\u201d. A experi\u00eancia religiosa, defendem alguns, n\u00e3o necessita da perten\u00e7a \u00e0 vida eclesial. Ela se faz no palco do mundo, sem hierarquias e ritos religiosos. Contudo, para n\u00f3s, crist\u00e3os, a vida de comunidade \u00e9 fundamental e exige o cultivo da espiritualidade, requer uni\u00e3o e compromissos concretos, a fim de que o amor se traduza em obras. Mas em tempos de pandemia, tudo isso passa por uma s\u00e9ria avalia\u00e7\u00e3o e Deus, mais do que nunca, tornou-se a invoca\u00e7\u00e3o comum em nossos dias. Por\u00e9m, a maneira pela qual o invocamos reflete a originalidade da revela\u00e7\u00e3o divina realizada em Jesus? Qual \u00e9 mesmo a imagem de Deus que est\u00e1 emergindo neste longo inverno de pandemia?<\/p>\n<p style=\"font-weight: 400;\">Para dar-nos conta do que a pandemia realizou na experi\u00eancia de f\u00e9, os meios de comunica\u00e7\u00e3o, t\u00e3o relevantes neste momento da hist\u00f3ria, nos p\u00f5em diante das famosas imagens de Deus que nascem, por exemplo, do medo de morrermos v\u00edtimas do v\u00edrus, de pensar que a humanidade est\u00e1 sendo castigada, de culpabilizar o carnaval de fevereiro como o estopim do castigo divino sobre n\u00f3s, brasileiros, etc.<\/p>\n<p style=\"font-weight: 400;\">S\u00e3o tantas interpreta\u00e7\u00f5es que n\u00e3o podemos deixar de nos questionar qual deveria ser realmente a experi\u00eancia de Deus que mais se aproxima da revela\u00e7\u00e3o b\u00edblica. Creio que este \u00e9 o ponto crucial que nos liberta da armadilha do fundamentalismo religioso.<\/p>\n<p style=\"font-weight: 400;\">A fim de levarmos a cabo esta tarefa vamos desenvolver os seguintes conceitos: deserto, miragem e o\u00e1sis. O deserto \u00e9 a realidade da vida, com todos os seus dramas. Podemos dizer que hoje o deserto nos traz o desafio da pandemia do Covid-19. Diferentemente dos padres do deserto, que fugiam das cidades para uma experi\u00eancia mais radical de Deus atrav\u00e9s de in\u00fameras priva\u00e7\u00f5es, vencidas com a ascese, hoje nos damos conta que o deserto \u00e9 o assumir a responsabilidade da vida com toda a dureza da pandemia. N\u00e3o temos para onde fugir, devemos nos refazer no ch\u00e3o onde estamos pisando. Por\u00e9m, \u00e9 justamente em meio a \u00e1rdua miss\u00e3o de enfrentarmos o peso da exist\u00eancia neste momento triste de nossas vidas que podemos projetar uma imagem errada de Deus. Feuerbach j\u00e1 dizia que Deus \u00e9 uma proje\u00e7\u00e3o do homem. E o pior \u00e9 quando se trata de algo que se distancia da revela\u00e7\u00e3o. A proje\u00e7\u00e3o pode ser a consequ\u00eancia de uma dor n\u00e3o suportada e, por isso, recorremos ao divino para que ele nos alivie e \u00e9 exatamente aqui que nasce a miragem, ou seja, a falsa imagem de Deus.<\/p>\n<p style=\"font-weight: 400;\">A miragem faz-nos agir motivados por algo falso e por isso produz um efeito nocivo. Quando algu\u00e9m, por exemplo, promove viol\u00eancia e a justifica em nome de Deus, esta pessoa encontra-se profundamente enraizada em uma miragem, ou seja, uma proje\u00e7\u00e3o que est\u00e1 longe da verdade. O mesmo pode ocorrer quando concebemos Deus a partir da \u00f3tica da justi\u00e7a do \u201colho por olho, dente por dente\u201d, ou ent\u00e3o quando usamos o nome dele para justificar algum partido pol\u00edtico, seja de direita ou de esquerda. A direita acredita num Deus justiceiro e poderoso, um Deus nacionalista que n\u00e3o admite as diferen\u00e7as. Da mesma forma pode acontecer com o discurso da esquerda quando os movimentos que representam todas as classes minorit\u00e1rias pretendem assumir algum cargo ou posi\u00e7\u00e3o na sociedade com o objetivo de mudar a ordem vigente. A inten\u00e7\u00e3o \u00e9 at\u00e9 boa, mas muitas vezes a pr\u00e1tica tem nos ensinado que a liberta\u00e7\u00e3o n\u00e3o se faz com o poder das classes, mas com o testemunho pac\u00edfico. Se a direita delira com a miragem de um Deus nacionalista e restrito apenas a alguns, a esquerda por sua vez, pode cair no risco de acreditar que a mudan\u00e7a se faz s\u00f3 com a pol\u00edtica partid\u00e1ria, ou pol\u00edtica de minorias. Pelo contr\u00e1rio, a revolu\u00e7\u00e3o come\u00e7a em n\u00edvel pessoal, no desenvolvimento de uma exist\u00eancia prof\u00e9tica, sem manifesta\u00e7\u00f5es violentas.<\/p>\n<p style=\"font-weight: 400;\">J\u00e1 o o\u00e1sis seria o caminho alternativo e cr\u00edtico que nos salva das armadilhas das miragens que falseiam a aut\u00eantica revela\u00e7\u00e3o de Deus. O\u00e1sis no deserto de nossa vida \u00e9 o encontro com a verdade e o bem. Trata-se daquele po\u00e7o onde se gera a fraternidade revolucion\u00e1ria. Neste po\u00e7o de \u00e1gua fresca emerge a aut\u00eantica imagem de Deus, ao modo de Jesus de Nazar\u00e9. Quando fazemos a experi\u00eancia do o\u00e1sis, o deserto da nossa vida torna-se algo suport\u00e1vel e nos faz superar as miragens desprovidas de plenitude. Mas como? Creio que neste momento da hist\u00f3ria s\u00f3 o esp\u00edrito cr\u00edtico poder\u00e1 nos salvar. A prop\u00f3sito, a hist\u00f3ria tem nos ensinado que s\u00f3 os dotados deste esp\u00edrito foram capazes de tomar dist\u00e2ncia das situa\u00e7\u00f5es de barb\u00e1rie para descobrir uma revela\u00e7\u00e3o mais profunda de Deus, aos moldes de Jesus libertador.<\/p>\n<p><span style=\"font-weight: 400;\">Como voc\u00ea se encontra em meio ao deserto da vida? Voc\u00ea est\u00e1 vivendo das miragens? E Deus, \u00e9 uma proje\u00e7\u00e3o tua ou se trata de um o\u00e1sis que te liberta das ilus\u00f5es? Tudo indica que chegou o tempo de optamos por uma via alternativa, aquela que nos remete a experi\u00eancia de Jesus, a \u00e1gua viva que nos sacia.<\/span><\/p>\n<hr \/>\n<p><strong>Pe. Ademir Guedes Azevedo<\/strong>,\u00a0<em>cp, \u00e9 mission\u00e1rio passionista e mestre em Teologia Fundamental na Pontif\u00edcia Universidade Gregoriana. Atualmente reside em Camaragibe \u2013 PE, no Semin\u00e1rio para a etapa do Postulantado dos Passionistas.<\/em><\/p>\n","protected":false},"excerpt":{"rendered":"<p>Artigo de Pe. Ademir Guedes Azevedo<\/p>\n","protected":false},"author":3,"featured_media":186934,"comment_status":"open","ping_status":"open","sticky":false,"template":"","format":"standard","meta":{"footnotes":""},"categories":[26],"tags":[188],"yoast_head":"<!-- This site is optimized with the Yoast SEO plugin v19.4 - https:\/\/yoast.com\/wordpress\/plugins\/seo\/ -->\n<title>O\u00e1sis da verdade - Vida Crist\u00e3 - Franciscanos<\/title>\n<meta name=\"robots\" content=\"index, follow, max-snippet:-1, max-image-preview:large, max-video-preview:-1\" \/>\n<link rel=\"canonical\" href=\"https:\/\/franciscanos.org.br\/vidacrista\/oasis-da-verdade\/\" \/>\n<meta property=\"og:locale\" content=\"pt_BR\" \/>\n<meta property=\"og:type\" content=\"article\" \/>\n<meta property=\"og:title\" content=\"O\u00e1sis da verdade - Vida Crist\u00e3 - Franciscanos\" \/>\n<meta property=\"og:description\" content=\"Artigo de Pe. Ademir Guedes Azevedo\" \/>\n<meta property=\"og:url\" content=\"https:\/\/franciscanos.org.br\/vidacrista\/oasis-da-verdade\/\" \/>\n<meta property=\"og:site_name\" content=\"Vida Crist\u00e3 - Franciscanos\" \/>\n<meta property=\"article:published_time\" content=\"2020-06-02T11:18:18+00:00\" \/>\n<meta property=\"article:modified_time\" content=\"2020-07-24T15:46:11+00:00\" \/>\n<meta property=\"og:image\" content=\"https:\/\/franciscanos.org.br\/vidacrista\/wp-content\/uploads\/2020\/06\/artigo_2407_1d.jpg\" \/>\n\t<meta property=\"og:image:width\" content=\"800\" \/>\n\t<meta property=\"og:image:height\" content=\"600\" \/>\n\t<meta property=\"og:image:type\" content=\"image\/jpeg\" \/>\n<meta name=\"author\" content=\"moacir\" \/>\n<meta name=\"twitter:card\" content=\"summary_large_image\" \/>\n<meta name=\"twitter:label1\" content=\"Escrito por\" \/>\n\t<meta name=\"twitter:data1\" content=\"moacir\" \/>\n\t<meta name=\"twitter:label2\" content=\"Est. tempo de leitura\" \/>\n\t<meta name=\"twitter:data2\" content=\"5 minutos\" \/>\n<script type=\"application\/ld+json\" class=\"yoast-schema-graph\">{\"@context\":\"https:\/\/schema.org\",\"@graph\":[{\"@type\":\"WebSite\",\"@id\":\"https:\/\/franciscanos.org.br\/vidacrista\/#website\",\"url\":\"https:\/\/franciscanos.org.br\/vidacrista\/\",\"name\":\"Vida Crist\u00e3 - Franciscanos\",\"description\":\"Prov\u00edncia Franciscana da Imaculada Concei\u00e7\u00e3o do Brasil - Ordem dos Frades Menores\",\"potentialAction\":[{\"@type\":\"SearchAction\",\"target\":{\"@type\":\"EntryPoint\",\"urlTemplate\":\"https:\/\/franciscanos.org.br\/vidacrista\/?s={search_term_string}\"},\"query-input\":\"required name=search_term_string\"}],\"inLanguage\":\"pt-BR\"},{\"@type\":\"WebPage\",\"@id\":\"https:\/\/franciscanos.org.br\/vidacrista\/oasis-da-verdade\/\",\"url\":\"https:\/\/franciscanos.org.br\/vidacrista\/oasis-da-verdade\/\",\"name\":\"O\u00e1sis da verdade - Vida Crist\u00e3 - Franciscanos\",\"isPartOf\":{\"@id\":\"https:\/\/franciscanos.org.br\/vidacrista\/#website\"},\"datePublished\":\"2020-06-02T11:18:18+00:00\",\"dateModified\":\"2020-07-24T15:46:11+00:00\",\"author\":{\"@id\":\"https:\/\/franciscanos.org.br\/vidacrista\/#\/schema\/person\/1880bdd2c350b735648725ef7614736a\"},\"breadcrumb\":{\"@id\":\"https:\/\/franciscanos.org.br\/vidacrista\/oasis-da-verdade\/#breadcrumb\"},\"inLanguage\":\"pt-BR\",\"potentialAction\":[{\"@type\":\"ReadAction\",\"target\":[\"https:\/\/franciscanos.org.br\/vidacrista\/oasis-da-verdade\/\"]}]},{\"@type\":\"BreadcrumbList\",\"@id\":\"https:\/\/franciscanos.org.br\/vidacrista\/oasis-da-verdade\/#breadcrumb\",\"itemListElement\":[{\"@type\":\"ListItem\",\"position\":1,\"name\":\"Home\",\"item\":\"https:\/\/franciscanos.org.br\/vidacrista\/\"},{\"@type\":\"ListItem\",\"position\":2,\"name\":\"O\u00e1sis da verdade\"}]},{\"@type\":\"Person\",\"@id\":\"https:\/\/franciscanos.org.br\/vidacrista\/#\/schema\/person\/1880bdd2c350b735648725ef7614736a\",\"name\":\"moacir\",\"image\":{\"@type\":\"ImageObject\",\"inLanguage\":\"pt-BR\",\"@id\":\"https:\/\/franciscanos.org.br\/vidacrista\/#\/schema\/person\/image\/\",\"url\":\"https:\/\/secure.gravatar.com\/avatar\/d08aa2ce4c8dd416d4479aa8536fcf64?s=96&d=mm&r=g\",\"contentUrl\":\"https:\/\/secure.gravatar.com\/avatar\/d08aa2ce4c8dd416d4479aa8536fcf64?s=96&d=mm&r=g\",\"caption\":\"moacir\"},\"url\":\"https:\/\/franciscanos.org.br\/vidacrista\/author\/moacir\/\"}]}<\/script>\n<!-- \/ Yoast SEO plugin. -->","yoast_head_json":{"title":"O\u00e1sis da verdade - Vida Crist\u00e3 - Franciscanos","robots":{"index":"index","follow":"follow","max-snippet":"max-snippet:-1","max-image-preview":"max-image-preview:large","max-video-preview":"max-video-preview:-1"},"canonical":"https:\/\/franciscanos.org.br\/vidacrista\/oasis-da-verdade\/","og_locale":"pt_BR","og_type":"article","og_title":"O\u00e1sis da verdade - Vida Crist\u00e3 - Franciscanos","og_description":"Artigo de Pe. Ademir Guedes Azevedo","og_url":"https:\/\/franciscanos.org.br\/vidacrista\/oasis-da-verdade\/","og_site_name":"Vida Crist\u00e3 - Franciscanos","article_published_time":"2020-06-02T11:18:18+00:00","article_modified_time":"2020-07-24T15:46:11+00:00","og_image":[{"width":800,"height":600,"url":"https:\/\/franciscanos.org.br\/vidacrista\/wp-content\/uploads\/2020\/06\/artigo_2407_1d.jpg","type":"image\/jpeg"}],"author":"moacir","twitter_card":"summary_large_image","twitter_misc":{"Escrito por":"moacir","Est. tempo de leitura":"5 minutos"},"schema":{"@context":"https:\/\/schema.org","@graph":[{"@type":"WebSite","@id":"https:\/\/franciscanos.org.br\/vidacrista\/#website","url":"https:\/\/franciscanos.org.br\/vidacrista\/","name":"Vida Crist\u00e3 - Franciscanos","description":"Prov\u00edncia Franciscana da Imaculada Concei\u00e7\u00e3o do Brasil - Ordem dos Frades Menores","potentialAction":[{"@type":"SearchAction","target":{"@type":"EntryPoint","urlTemplate":"https:\/\/franciscanos.org.br\/vidacrista\/?s={search_term_string}"},"query-input":"required name=search_term_string"}],"inLanguage":"pt-BR"},{"@type":"WebPage","@id":"https:\/\/franciscanos.org.br\/vidacrista\/oasis-da-verdade\/","url":"https:\/\/franciscanos.org.br\/vidacrista\/oasis-da-verdade\/","name":"O\u00e1sis da verdade - Vida Crist\u00e3 - Franciscanos","isPartOf":{"@id":"https:\/\/franciscanos.org.br\/vidacrista\/#website"},"datePublished":"2020-06-02T11:18:18+00:00","dateModified":"2020-07-24T15:46:11+00:00","author":{"@id":"https:\/\/franciscanos.org.br\/vidacrista\/#\/schema\/person\/1880bdd2c350b735648725ef7614736a"},"breadcrumb":{"@id":"https:\/\/franciscanos.org.br\/vidacrista\/oasis-da-verdade\/#breadcrumb"},"inLanguage":"pt-BR","potentialAction":[{"@type":"ReadAction","target":["https:\/\/franciscanos.org.br\/vidacrista\/oasis-da-verdade\/"]}]},{"@type":"BreadcrumbList","@id":"https:\/\/franciscanos.org.br\/vidacrista\/oasis-da-verdade\/#breadcrumb","itemListElement":[{"@type":"ListItem","position":1,"name":"Home","item":"https:\/\/franciscanos.org.br\/vidacrista\/"},{"@type":"ListItem","position":2,"name":"O\u00e1sis da verdade"}]},{"@type":"Person","@id":"https:\/\/franciscanos.org.br\/vidacrista\/#\/schema\/person\/1880bdd2c350b735648725ef7614736a","name":"moacir","image":{"@type":"ImageObject","inLanguage":"pt-BR","@id":"https:\/\/franciscanos.org.br\/vidacrista\/#\/schema\/person\/image\/","url":"https:\/\/secure.gravatar.com\/avatar\/d08aa2ce4c8dd416d4479aa8536fcf64?s=96&d=mm&r=g","contentUrl":"https:\/\/secure.gravatar.com\/avatar\/d08aa2ce4c8dd416d4479aa8536fcf64?s=96&d=mm&r=g","caption":"moacir"},"url":"https:\/\/franciscanos.org.br\/vidacrista\/author\/moacir\/"}]}},"_links":{"self":[{"href":"https:\/\/franciscanos.org.br\/vidacrista\/wp-json\/wp\/v2\/posts\/185190"}],"collection":[{"href":"https:\/\/franciscanos.org.br\/vidacrista\/wp-json\/wp\/v2\/posts"}],"about":[{"href":"https:\/\/franciscanos.org.br\/vidacrista\/wp-json\/wp\/v2\/types\/post"}],"author":[{"embeddable":true,"href":"https:\/\/franciscanos.org.br\/vidacrista\/wp-json\/wp\/v2\/users\/3"}],"replies":[{"embeddable":true,"href":"https:\/\/franciscanos.org.br\/vidacrista\/wp-json\/wp\/v2\/comments?post=185190"}],"version-history":[{"count":4,"href":"https:\/\/franciscanos.org.br\/vidacrista\/wp-json\/wp\/v2\/posts\/185190\/revisions"}],"predecessor-version":[{"id":186936,"href":"https:\/\/franciscanos.org.br\/vidacrista\/wp-json\/wp\/v2\/posts\/185190\/revisions\/186936"}],"wp:featuredmedia":[{"embeddable":true,"href":"https:\/\/franciscanos.org.br\/vidacrista\/wp-json\/wp\/v2\/media\/186934"}],"wp:attachment":[{"href":"https:\/\/franciscanos.org.br\/vidacrista\/wp-json\/wp\/v2\/media?parent=185190"}],"wp:term":[{"taxonomy":"category","embeddable":true,"href":"https:\/\/franciscanos.org.br\/vidacrista\/wp-json\/wp\/v2\/categories?post=185190"},{"taxonomy":"post_tag","embeddable":true,"href":"https:\/\/franciscanos.org.br\/vidacrista\/wp-json\/wp\/v2\/tags?post=185190"}],"curies":[{"name":"wp","href":"https:\/\/api.w.org\/{rel}","templated":true}]}}