{"id":185174,"date":"2020-06-01T06:19:23","date_gmt":"2020-06-01T09:19:23","guid":{"rendered":"https:\/\/franciscanos.org.br\/vidacrista\/?p=185174"},"modified":"2020-07-24T12:50:05","modified_gmt":"2020-07-24T15:50:05","slug":"pentecostes-vem-espirito-de-vida-e-salva-nos","status":"publish","type":"post","link":"https:\/\/franciscanos.org.br\/vidacrista\/pentecostes-vem-espirito-de-vida-e-salva-nos\/","title":{"rendered":"Pentecostes: vem Esp\u00edrito de vida e salva-nos!"},"content":{"rendered":"<div id=\"attachment_186937\" style=\"width: 850px\" class=\"wp-caption alignnone\"><img aria-describedby=\"caption-attachment-186937\" decoding=\"async\" loading=\"lazy\" class=\"wp-image-186937 size-full\" src=\"https:\/\/franciscanos.org.br\/vidacrista\/wp-content\/uploads\/2020\/06\/espirito_2407.png\" alt=\"\" width=\"840\" height=\"450\" srcset=\"https:\/\/franciscanos.org.br\/vidacrista\/wp-content\/uploads\/2020\/06\/espirito_2407.png 840w, https:\/\/franciscanos.org.br\/vidacrista\/wp-content\/uploads\/2020\/06\/espirito_2407-450x241.png 450w, https:\/\/franciscanos.org.br\/vidacrista\/wp-content\/uploads\/2020\/06\/espirito_2407-768x411.png 768w, https:\/\/franciscanos.org.br\/vidacrista\/wp-content\/uploads\/2020\/06\/espirito_2407-150x80.png 150w\" sizes=\"(max-width: 840px) 100vw, 840px\" \/><p id=\"caption-attachment-186937\" class=\"wp-caption-text\">\u00a0 \u00a0 \u00a0 \u00a0 \u00a0 \u00a0 \u00a0 \u00a0 \u00a0 \u00a0 \u00a0 \u00a0 \u00a0 \u00a0 \u00a0 \u00a0 \u00a0 \u00a0 \u00a0 \u00a0 \u00a0 \u00a0 \u00a0 \u00a0 \u00a0 \u00a0 \u00a0 \u00a0 \u00a0 \u00a0 \u00a0 \u00a0 \u00a0 \u00a0 \u00a0 \u00a0 \u00a0 \u00a0 \u00a0 \u00a0 \u00a0 \u00a0 \u00a0 \u00a0 \u00a0 \u00a0 \u00a0 \u00a0 \u00a0 \u00a0 \u00a0 \u00a0 \u00a0 \u00a0 \u00a0 \u00a0 \u00a0 \u00a0 \u00a0 \u00a0 \u00a0 \u00a0 \u00a0 \u00a0 \u00a0 \u00a0 \u00a0 \u00a0 \u00a0 \u00a0 \u00a0 \u00a0 \u00a0 \u00a0 <em>\u00a0 \u00a0 \u00a0 \u00a0Imagem ilustrativa (fonte: Canva)<\/em><\/p><\/div>\n<p>&nbsp;<\/p>\n<p><strong>Leonardo Boff<\/strong><u><\/u><u><\/u><\/p>\n<p>Todos nos sentimos perdidos, investigadores, m\u00e9dicos e m\u00e9dicas, epidemiologistas, bi\u00f3logos e todos os saberes que instauramos, todos n\u00e3o conhecemos o Covid-19 nem sabemos como enfrent\u00e1-lo eficazmente com uma vacina. Oxal\u00e1 n\u00e3o seja o que alguns bi\u00f3logos, h\u00e1 muito, temem: o NBO (<em>Next Big One<\/em>), \u201co pr\u00f3ximo grande\u201d v\u00edrus que far\u00e1 desaparecer a esp\u00e9cie humana.<u><\/u><u><\/u><\/p>\n<p>Al\u00e9m do Covid-19 e dos v\u00e1rios v\u00edrus j\u00e1 conhecidos, enfrentamos tempos ecologicamente amea\u00e7adores, como o aquecimento global, a sexta extin\u00e7\u00e3o em massa, a eros\u00e3o da biodiversidade e outras.<u><\/u><u><\/u><\/p>\n<p>Al\u00e9m de usarmos os meios cient\u00edficos que nos est\u00e3o deixando desamparados, temos uma refer\u00eancia de\u00a0<em>uma outra ordem<\/em> que n\u00e3o \u00e9 contra a intelig\u00eancia mas vai al\u00e9m de seu alcance que \u00e9 a intelig\u00eancia espiritual que capta o Esp\u00edrito Criador. Ela \u00e9 uma dimens\u00e3o de nossa realidade quando entendida holisticamente.<u><\/u><u><\/u><\/p>\n<p>Este Esp\u00edrito Criador responde pelo surgimento do universo com suas bilh\u00f5es de gal\u00e1xias e trilh\u00f5es de estrelas e planetas, aquele que existia antes do antes e que fez surgir aquele \u00ednfimo ponto, carregado de energia e que, explodindo (<i>big bang<\/i>), deu origem ao universo. Ele continua presidindo todo o processo da cosmog\u00eanico, o nosso planeta e a cada um de n\u00f3s pois \u00e9 o <em>Spiritus Creator, o Pneuma, o Sopro de Vida.<\/em> Nas l\u00ednguas m\u00e9dio-orientais, ele \u00e9 sempre feminino, ligado \u00e0 mulher que gera.<u><\/u><u><\/u><\/p>\n<p>Nesses momentos de crise \u00e9 ocasi\u00e3o de invoc\u00e1-lo e suplicar-lhe: \u201c<strong>Tu que \u00e9s Fonte de Vida, salva nossas vidas, as vidas dos mais vulner\u00e1veis, as vidas de toda a humanidade<\/strong>\u201d.<u><\/u><u><\/u><\/p>\n<p>Ele, diz o G\u00eanesis logo no in\u00edcio, pairava sobre o \u201c<i>touwabou<\/i>\u201d (em hebraico), o caos origin\u00e1rio; dele tirou todas as coisas e as colocou em sua devida ordem, no c\u00e9u e na terra e por fim, n\u00f3s\u00a0 seres humanos, homens e mulheres.<u><\/u><u><\/u><\/p>\n<p>Alargando o horizonte, releva reconhecer que sua cria\u00e7\u00e3o est\u00e1 amea\u00e7ada para al\u00e9m dos efeitos letais do Covid-19. A amea\u00e7a n\u00e3o vem de algum meteoro rasante como h\u00e1 65 milh\u00f5es de anos que exterminou os dinossauros depois de viverem por mais de cem milh\u00f5es de anos por sobre a Terra. O meteoro rasante atual se chama <em>homo sapiens e demens<\/em>, duplamente\u00a0<em>demens<\/em>\u00a0(inteligente e demente e duplamente demente). Por sua rela\u00e7\u00e3o agressiva para com a Terra e com todos os seus ecossistemas pode eliminar a vida humana, destruir nossa civiliza\u00e7\u00e3o e afetar gravemente toda a biosfera. \u00a0\u00a0\u00a0\u00a0\u00a0<u><\/u><u><\/u><\/p>\n<p>\u00c9 num contexto assim que refletiremos sucintamente e invocaremos a a\u00e7\u00e3o sanadora e recriadora do Esp\u00edrito Santo. Nossas fontes referenciais s\u00e3o os textos dos dois Testamentos judaico-crist\u00e3os e a experi\u00eancia humana, cujo esp\u00edrito \u00e9 animado pelo Esp\u00edrito Criador, chamado pela liturgia desta festa de \u201cluz beat\u00edssima\u201d.<u><\/u><u><\/u><\/p>\n<p>Pensar o Esp\u00edrito Santo nos obriga a ir al\u00e9m das categorias cl\u00e1ssicas com as quais se elaborou o discurso ocidental, tradicional e convencional da teologia. Deus, Cristo, a gra\u00e7a e a Igreja foram pensadas dentro de categorias metaf\u00edsicas da filosofia grega, de subst\u00e2ncia, de ess\u00eancia e de natureza. Portanto, por algo est\u00e1tico e sempre j\u00e1 circunscrito de forma imut\u00e1vel. Este paradigma foi feito oficial pela teologia crist\u00e3.<u><\/u><u><\/u><\/p>\n<p>Entretanto, pensar o Esp\u00edrito implica assumir outro paradigma, o do movimento, da a\u00e7\u00e3o, do processo, da emerg\u00eancia, da hist\u00f3ria, do novo e do surpreendente. Este n\u00e3o pode ser apreendido com a terminologia substancialista mas com a do <em>vir-a-ser<\/em>.<u><\/u><u><\/u><\/p>\n<p>Este paradigma nos aproxima da moderna cosmologia e da f\u00edsica qu\u00e2ntica. Estas veem todas as coisas em g\u00eanese, emergindo a partir de um fundo de Energia Inomin\u00e1vel, Misteriosa e Amorosa que est\u00e1 antes do antes, no tempo e no espa\u00e7o zero. Ela sustenta o universo e todos os seres nele existentes e penetra de ponta a ponta o cosmos e nos penetra totalmente. Essa Energia de Fundo, chamada tamb\u00e9m de o Abismo Originador de todo o ser, \u00e9 a melhor met\u00e1fora do Esp\u00edrito Criador que \u00e9 tudo isso e ainda mais.<u><\/u><u><\/u><\/p>\n<p>Redizer o terceiro artigo do Credo crist\u00e3o: \u201d<em>Creio no Esp\u00edrito Santo<\/em>\u201d nestes moldes, significa uma tarefa nova,\u00a0 cientes de que ficamos sempre aqu\u00e9m daquilo que dever\u00edamos dizer sobre o Esp\u00edrito Criador.<u><\/u><u><\/u><\/p>\n<p>Finalmente, cabe reconhecer que tocamos no mist\u00e9rio. Este n\u00e3o se op\u00f5e ao conhecimento pois o mist\u00e9rio \u00e9 o ilimitado de todo conhecimento. Este sempre conhece mais e mais o mist\u00e9rio permanente em todo o conhecimento. Este \u00e9, por natureza, sempre limitado. Este mist\u00e9rio se revela mas tamb\u00e9m se vela. A miss\u00e3o dos que o acolhem e se entregam \u00e0 sua reflex\u00e3o sistem\u00e1tica como os te\u00f3logos e as te\u00f3logas, tamb\u00e9m os que se dedicam \u00e0 filosofia (como F. Hegel, cuja categoria central \u00e9 o Esp\u00edrito Absoluto) \u00e9 buscar incessantemente esta revela\u00e7\u00e3o.<u><\/u><u><\/u><\/p>\n<p>\u00c9 pr\u00f3prio do Esp\u00edrito esconder-se dentro dos processos evolucion\u00e1rios e da hist\u00f3ria. \u00c9 pr\u00f3prio do ser humano descobri-lo. Ele \u201csopra onde quer e n\u00e3o sabemos nem de onde vem nem para onde vai\u201d (cf. Jo,38). Mas isso n\u00e3o nos exime da tarefa de <em>des-ocult\u00e1-lo<\/em>.<u><\/u><u><\/u><\/p>\n<p>\u00c9 o que esperamos ardentemente que este Esp\u00edrito se manifeste e inspire os esp\u00edritos de nossos investigadores para que descubram uma vacina que salve nossas vidas. E quando, atrav\u00e9s da pesquisa deles Ele irrompe surpreendentemente, nos alegramos e celebramos, \u00e9brios de gratid\u00e3o por sua a\u00e7\u00e3o mediada pelo esp\u00edrito humano.<u><\/u><u><\/u><\/p>\n<p>No domingo, dia 31 de maio, celebramos a festa de Pentecostes, uma das maiores das Igrejas crist\u00e3s. \u00c9 uma festa sem fim, pois o Esp\u00edrito est\u00e1 permanente em a\u00e7\u00e3o se prolonga ao longo e ao largo de toda a hist\u00f3ria e nos alcan\u00e7a at\u00e9 nos dias em que sofremos, nos angustiamos e tememos a letalidade do coronav\u00edrus. O <em>Spiritus Creator<\/em>\u00a0nunca abandonou sua cria\u00e7\u00e3o, mesmo nas 15 grandes dizima\u00e7\u00f5es pelas quais ela passou. E n\u00e3o nos vai abandonar agora.\u00a0<em>Veni Creator Spiritus et salva nos\u201d.<\/em><u><\/u><u><\/u><\/p>\n<hr \/>\n<p><strong>Leonardo Boff<\/strong> \u00e9 ecote\u00f3logo e escreveu\u00a0<em>O Esp\u00edrito Santo: fogo interior, doador de vida e pai dos pobres,<\/em>\u00a0Vozes 2013.<\/p>\n","protected":false},"excerpt":{"rendered":"<p>Artigo de Leonardo Boff<\/p>\n","protected":false},"author":3,"featured_media":186938,"comment_status":"open","ping_status":"open","sticky":false,"template":"","format":"standard","meta":{"footnotes":""},"categories":[26],"tags":[59],"yoast_head":"<!-- This site is optimized with the Yoast SEO plugin v19.4 - https:\/\/yoast.com\/wordpress\/plugins\/seo\/ -->\n<title>Pentecostes: vem Esp\u00edrito de vida e salva-nos! - Vida Crist\u00e3 - Franciscanos<\/title>\n<meta name=\"robots\" content=\"index, follow, max-snippet:-1, max-image-preview:large, max-video-preview:-1\" \/>\n<link rel=\"canonical\" href=\"https:\/\/franciscanos.org.br\/vidacrista\/pentecostes-vem-espirito-de-vida-e-salva-nos\/\" \/>\n<meta property=\"og:locale\" content=\"pt_BR\" \/>\n<meta property=\"og:type\" content=\"article\" \/>\n<meta property=\"og:title\" content=\"Pentecostes: vem Esp\u00edrito de vida e salva-nos! - Vida Crist\u00e3 - Franciscanos\" \/>\n<meta property=\"og:description\" content=\"Artigo de Leonardo Boff\" \/>\n<meta property=\"og:url\" content=\"https:\/\/franciscanos.org.br\/vidacrista\/pentecostes-vem-espirito-de-vida-e-salva-nos\/\" \/>\n<meta property=\"og:site_name\" content=\"Vida Crist\u00e3 - Franciscanos\" \/>\n<meta property=\"article:published_time\" content=\"2020-06-01T09:19:23+00:00\" \/>\n<meta property=\"article:modified_time\" content=\"2020-07-24T15:50:05+00:00\" \/>\n<meta property=\"og:image\" content=\"https:\/\/franciscanos.org.br\/vidacrista\/wp-content\/uploads\/2020\/06\/espirito_2407d.png\" \/>\n\t<meta property=\"og:image:width\" content=\"800\" \/>\n\t<meta property=\"og:image:height\" content=\"601\" \/>\n\t<meta property=\"og:image:type\" content=\"image\/png\" \/>\n<meta name=\"author\" content=\"moacir\" \/>\n<meta name=\"twitter:card\" content=\"summary_large_image\" \/>\n<meta name=\"twitter:label1\" content=\"Escrito por\" \/>\n\t<meta name=\"twitter:data1\" content=\"moacir\" \/>\n\t<meta name=\"twitter:label2\" content=\"Est. tempo de leitura\" \/>\n\t<meta name=\"twitter:data2\" content=\"5 minutos\" \/>\n<script type=\"application\/ld+json\" class=\"yoast-schema-graph\">{\"@context\":\"https:\/\/schema.org\",\"@graph\":[{\"@type\":\"WebSite\",\"@id\":\"https:\/\/franciscanos.org.br\/vidacrista\/#website\",\"url\":\"https:\/\/franciscanos.org.br\/vidacrista\/\",\"name\":\"Vida Crist\u00e3 - Franciscanos\",\"description\":\"Prov\u00edncia Franciscana da Imaculada Concei\u00e7\u00e3o do Brasil - Ordem dos Frades Menores\",\"potentialAction\":[{\"@type\":\"SearchAction\",\"target\":{\"@type\":\"EntryPoint\",\"urlTemplate\":\"https:\/\/franciscanos.org.br\/vidacrista\/?s={search_term_string}\"},\"query-input\":\"required name=search_term_string\"}],\"inLanguage\":\"pt-BR\"},{\"@type\":\"WebPage\",\"@id\":\"https:\/\/franciscanos.org.br\/vidacrista\/pentecostes-vem-espirito-de-vida-e-salva-nos\/\",\"url\":\"https:\/\/franciscanos.org.br\/vidacrista\/pentecostes-vem-espirito-de-vida-e-salva-nos\/\",\"name\":\"Pentecostes: vem Esp\u00edrito de vida e salva-nos! - Vida Crist\u00e3 - Franciscanos\",\"isPartOf\":{\"@id\":\"https:\/\/franciscanos.org.br\/vidacrista\/#website\"},\"datePublished\":\"2020-06-01T09:19:23+00:00\",\"dateModified\":\"2020-07-24T15:50:05+00:00\",\"author\":{\"@id\":\"https:\/\/franciscanos.org.br\/vidacrista\/#\/schema\/person\/1880bdd2c350b735648725ef7614736a\"},\"breadcrumb\":{\"@id\":\"https:\/\/franciscanos.org.br\/vidacrista\/pentecostes-vem-espirito-de-vida-e-salva-nos\/#breadcrumb\"},\"inLanguage\":\"pt-BR\",\"potentialAction\":[{\"@type\":\"ReadAction\",\"target\":[\"https:\/\/franciscanos.org.br\/vidacrista\/pentecostes-vem-espirito-de-vida-e-salva-nos\/\"]}]},{\"@type\":\"BreadcrumbList\",\"@id\":\"https:\/\/franciscanos.org.br\/vidacrista\/pentecostes-vem-espirito-de-vida-e-salva-nos\/#breadcrumb\",\"itemListElement\":[{\"@type\":\"ListItem\",\"position\":1,\"name\":\"Home\",\"item\":\"https:\/\/franciscanos.org.br\/vidacrista\/\"},{\"@type\":\"ListItem\",\"position\":2,\"name\":\"Pentecostes: vem Esp\u00edrito de vida e salva-nos!\"}]},{\"@type\":\"Person\",\"@id\":\"https:\/\/franciscanos.org.br\/vidacrista\/#\/schema\/person\/1880bdd2c350b735648725ef7614736a\",\"name\":\"moacir\",\"image\":{\"@type\":\"ImageObject\",\"inLanguage\":\"pt-BR\",\"@id\":\"https:\/\/franciscanos.org.br\/vidacrista\/#\/schema\/person\/image\/\",\"url\":\"https:\/\/secure.gravatar.com\/avatar\/d08aa2ce4c8dd416d4479aa8536fcf64?s=96&d=mm&r=g\",\"contentUrl\":\"https:\/\/secure.gravatar.com\/avatar\/d08aa2ce4c8dd416d4479aa8536fcf64?s=96&d=mm&r=g\",\"caption\":\"moacir\"},\"url\":\"https:\/\/franciscanos.org.br\/vidacrista\/author\/moacir\/\"}]}<\/script>\n<!-- \/ Yoast SEO plugin. -->","yoast_head_json":{"title":"Pentecostes: vem Esp\u00edrito de vida e salva-nos! - Vida Crist\u00e3 - Franciscanos","robots":{"index":"index","follow":"follow","max-snippet":"max-snippet:-1","max-image-preview":"max-image-preview:large","max-video-preview":"max-video-preview:-1"},"canonical":"https:\/\/franciscanos.org.br\/vidacrista\/pentecostes-vem-espirito-de-vida-e-salva-nos\/","og_locale":"pt_BR","og_type":"article","og_title":"Pentecostes: vem Esp\u00edrito de vida e salva-nos! - Vida Crist\u00e3 - Franciscanos","og_description":"Artigo de Leonardo Boff","og_url":"https:\/\/franciscanos.org.br\/vidacrista\/pentecostes-vem-espirito-de-vida-e-salva-nos\/","og_site_name":"Vida Crist\u00e3 - Franciscanos","article_published_time":"2020-06-01T09:19:23+00:00","article_modified_time":"2020-07-24T15:50:05+00:00","og_image":[{"width":800,"height":601,"url":"https:\/\/franciscanos.org.br\/vidacrista\/wp-content\/uploads\/2020\/06\/espirito_2407d.png","type":"image\/png"}],"author":"moacir","twitter_card":"summary_large_image","twitter_misc":{"Escrito por":"moacir","Est. tempo de leitura":"5 minutos"},"schema":{"@context":"https:\/\/schema.org","@graph":[{"@type":"WebSite","@id":"https:\/\/franciscanos.org.br\/vidacrista\/#website","url":"https:\/\/franciscanos.org.br\/vidacrista\/","name":"Vida Crist\u00e3 - Franciscanos","description":"Prov\u00edncia Franciscana da Imaculada Concei\u00e7\u00e3o do Brasil - Ordem dos Frades Menores","potentialAction":[{"@type":"SearchAction","target":{"@type":"EntryPoint","urlTemplate":"https:\/\/franciscanos.org.br\/vidacrista\/?s={search_term_string}"},"query-input":"required name=search_term_string"}],"inLanguage":"pt-BR"},{"@type":"WebPage","@id":"https:\/\/franciscanos.org.br\/vidacrista\/pentecostes-vem-espirito-de-vida-e-salva-nos\/","url":"https:\/\/franciscanos.org.br\/vidacrista\/pentecostes-vem-espirito-de-vida-e-salva-nos\/","name":"Pentecostes: vem Esp\u00edrito de vida e salva-nos! - Vida Crist\u00e3 - Franciscanos","isPartOf":{"@id":"https:\/\/franciscanos.org.br\/vidacrista\/#website"},"datePublished":"2020-06-01T09:19:23+00:00","dateModified":"2020-07-24T15:50:05+00:00","author":{"@id":"https:\/\/franciscanos.org.br\/vidacrista\/#\/schema\/person\/1880bdd2c350b735648725ef7614736a"},"breadcrumb":{"@id":"https:\/\/franciscanos.org.br\/vidacrista\/pentecostes-vem-espirito-de-vida-e-salva-nos\/#breadcrumb"},"inLanguage":"pt-BR","potentialAction":[{"@type":"ReadAction","target":["https:\/\/franciscanos.org.br\/vidacrista\/pentecostes-vem-espirito-de-vida-e-salva-nos\/"]}]},{"@type":"BreadcrumbList","@id":"https:\/\/franciscanos.org.br\/vidacrista\/pentecostes-vem-espirito-de-vida-e-salva-nos\/#breadcrumb","itemListElement":[{"@type":"ListItem","position":1,"name":"Home","item":"https:\/\/franciscanos.org.br\/vidacrista\/"},{"@type":"ListItem","position":2,"name":"Pentecostes: vem Esp\u00edrito de vida e salva-nos!"}]},{"@type":"Person","@id":"https:\/\/franciscanos.org.br\/vidacrista\/#\/schema\/person\/1880bdd2c350b735648725ef7614736a","name":"moacir","image":{"@type":"ImageObject","inLanguage":"pt-BR","@id":"https:\/\/franciscanos.org.br\/vidacrista\/#\/schema\/person\/image\/","url":"https:\/\/secure.gravatar.com\/avatar\/d08aa2ce4c8dd416d4479aa8536fcf64?s=96&d=mm&r=g","contentUrl":"https:\/\/secure.gravatar.com\/avatar\/d08aa2ce4c8dd416d4479aa8536fcf64?s=96&d=mm&r=g","caption":"moacir"},"url":"https:\/\/franciscanos.org.br\/vidacrista\/author\/moacir\/"}]}},"_links":{"self":[{"href":"https:\/\/franciscanos.org.br\/vidacrista\/wp-json\/wp\/v2\/posts\/185174"}],"collection":[{"href":"https:\/\/franciscanos.org.br\/vidacrista\/wp-json\/wp\/v2\/posts"}],"about":[{"href":"https:\/\/franciscanos.org.br\/vidacrista\/wp-json\/wp\/v2\/types\/post"}],"author":[{"embeddable":true,"href":"https:\/\/franciscanos.org.br\/vidacrista\/wp-json\/wp\/v2\/users\/3"}],"replies":[{"embeddable":true,"href":"https:\/\/franciscanos.org.br\/vidacrista\/wp-json\/wp\/v2\/comments?post=185174"}],"version-history":[{"count":4,"href":"https:\/\/franciscanos.org.br\/vidacrista\/wp-json\/wp\/v2\/posts\/185174\/revisions"}],"predecessor-version":[{"id":186939,"href":"https:\/\/franciscanos.org.br\/vidacrista\/wp-json\/wp\/v2\/posts\/185174\/revisions\/186939"}],"wp:featuredmedia":[{"embeddable":true,"href":"https:\/\/franciscanos.org.br\/vidacrista\/wp-json\/wp\/v2\/media\/186938"}],"wp:attachment":[{"href":"https:\/\/franciscanos.org.br\/vidacrista\/wp-json\/wp\/v2\/media?parent=185174"}],"wp:term":[{"taxonomy":"category","embeddable":true,"href":"https:\/\/franciscanos.org.br\/vidacrista\/wp-json\/wp\/v2\/categories?post=185174"},{"taxonomy":"post_tag","embeddable":true,"href":"https:\/\/franciscanos.org.br\/vidacrista\/wp-json\/wp\/v2\/tags?post=185174"}],"curies":[{"name":"wp","href":"https:\/\/api.w.org\/{rel}","templated":true}]}}