{"id":184675,"date":"2020-05-26T07:05:05","date_gmt":"2020-05-26T10:05:05","guid":{"rendered":"https:\/\/franciscanos.org.br\/vidacrista\/?p=184675"},"modified":"2020-07-24T13:40:04","modified_gmt":"2020-07-24T16:40:04","slug":"uma-leitura-de-cego-da-enciclica-ecologica-laudato-si","status":"publish","type":"post","link":"https:\/\/franciscanos.org.br\/vidacrista\/uma-leitura-de-cego-da-enciclica-ecologica-laudato-si\/","title":{"rendered":"Uma leitura de cego da enc\u00edclica ecol\u00f3gica Laudato Si&#8217;"},"content":{"rendered":"<div id=\"attachment_186945\" style=\"width: 850px\" class=\"wp-caption alignnone\"><img aria-describedby=\"caption-attachment-186945\" decoding=\"async\" loading=\"lazy\" class=\"wp-image-186945 size-full\" src=\"https:\/\/franciscanos.org.br\/vidacrista\/wp-content\/uploads\/2020\/05\/giotto_2407.jpg\" alt=\"\" width=\"840\" height=\"450\" srcset=\"https:\/\/franciscanos.org.br\/vidacrista\/wp-content\/uploads\/2020\/05\/giotto_2407.jpg 840w, https:\/\/franciscanos.org.br\/vidacrista\/wp-content\/uploads\/2020\/05\/giotto_2407-450x241.jpg 450w, https:\/\/franciscanos.org.br\/vidacrista\/wp-content\/uploads\/2020\/05\/giotto_2407-768x411.jpg 768w, https:\/\/franciscanos.org.br\/vidacrista\/wp-content\/uploads\/2020\/05\/giotto_2407-150x80.jpg 150w\" sizes=\"(max-width: 840px) 100vw, 840px\" \/><p id=\"caption-attachment-186945\" class=\"wp-caption-text\">\u00a0 \u00a0 \u00a0 \u00a0 \u00a0 \u00a0 \u00a0 \u00a0 \u00a0 \u00a0 \u00a0 \u00a0 \u00a0 \u00a0 \u00a0 \u00a0 \u00a0 \u00a0 \u00a0 \u00a0 \u00a0 \u00a0 \u00a0 \u00a0 \u00a0 \u00a0 \u00a0 \u00a0 \u00a0 \u00a0 \u00a0 \u00a0 \u00a0 \u00a0 \u00a0 \u00a0 \u00a0 \u00a0 \u00a0 \u00a0 \u00a0 \u00a0 \u00a0 \u00a0 \u00a0 \u00a0 \u00a0 \u00a0 \u00a0 \u00a0 \u00a0 \u00a0 \u00a0 \u00a0 \u00a0 \u00a0 \u00a0 \u00a0 \u00a0 \u00a0 \u00a0 \u00a0 \u00a0 \u00a0 \u00a0 \u00a0 \u00a0 \u00a0 <em>\u00a0 Imagem ilustrativa (Giotto di Bondone)<\/em><\/p><\/div>\n<p><em>\u00a0<\/em><strong>Leonardo Boff<\/strong><u><\/u><u><\/u><\/p>\n<p>Um cego capta com as m\u00e3os ou com seu bast\u00e3o as coisas mais relevantes que encontra pela frente. Pois assim tentaremos fazer uma leitura de cego acerca da enc\u00edclica ecol\u00f3gica do Papa Francisco,\u00a0<em>Laudato Si&#8217;: sobre o cuidado da Casa Comum,<\/em>\u00a0cujos 5 anos (24\/05\/2015) acabamos de celebrar. Quais s\u00e3o seus pontos relevantes?<u><\/u><u><\/u><\/p>\n<p>Antes de tudo, n\u00e3o se trata de uma enc\u00edclica verde que se restringe ao ambiente, predominante nos debates atuais. Prop\u00f5e uma ecologia integral que abarca o ambiental, o social, o pol\u00edtico, o cultural, o cotidiano e o espiritual.<u><\/u><u><\/u><\/p>\n<p>Quer ser uma resposta \u00e0 generalizada crise ecol\u00f3gica mundial porque \u201cnunca maltratamos e ferimos a nossa Casa Comum, como nos \u00faltimos dois s\u00e9culos\u201d(n.53); fizemos da Casa Comum \u201cum imenso dep\u00f3sito de lixo (n.21). Mais ainda: &#8220;As previs\u00f5es catastr\u00f3ficas j\u00e1 n\u00e3o se podem olhar com desprezo e ironia\u2026 nosso estilo de vida insustent\u00e1vel s\u00f3 pode desembocar em cat\u00e1strofes\u201d (n.161). A exig\u00eancia \u00e9 de \u201cuma convers\u00e3o ecol\u00f3gica global\u201d (n.5;216) que implica \u201cnovos estilos de vida\u201d (repete 35 vezes) e \u201cconverter o modelo de desenvolvimento global\u201d (n.194).<u><\/u><u><\/u><\/p>\n<p>Chegamos a esta emerg\u00eancia cr\u00edtica por causa de nosso exacerbado antropocentrismo, pelo qual o ser humano &#8220;se constitui um dominador absoluto\u201d (n.117) sobre a natureza, desgarrado dela, esquecendo que \u201ctudo est\u00e1 interligado e por isso ele \u201cn\u00e3o pode se declarar aut\u00f4nomo da realidade\u201d(n.117; 120). Utilizou a tecnoci\u00eancia como instrumento para forjar \u201cum crescimento infinito\u2026 o que sup\u00f5e a mentira da disponibilidade infinita dos bens do planeta que leva a esprem\u00ea-lo at\u00e9 ao limite para al\u00e9m dele\u201d (n.106).<u><\/u><u><\/u><\/p>\n<p>Na parte te\u00f3rica, a enc\u00edclica incorpora um dado da nova cosmologia e da f\u00edsica qu\u00e2ntica: que tudo no universo \u00e9 rela\u00e7\u00e3o. Como num <em>ritornello<\/em> insiste que \u201ctodos somos interdependentes, tudo est\u00e1 interligado e tudo est\u00e1 relacionado com tudo&#8221; (cf. nn.16, 86,117,120), o que confere grande coer\u00eancia ao texto.<u><\/u><u><\/u><\/p>\n<p>Outra categoria que constitui um verdadeiro paradigma \u00e9 o do cuidado. Este, na verdade, \u00e9 o verdadeiro t\u00edtulo da enc\u00edclica. O cuidado, por ser da ess\u00eancia da vida e do ser humano, segundo a f\u00e1bula romana de Higino, t\u00e3o bem explorada por Martin Heidegger em\u00a0<em>Ser e Tempo<\/em> \u00e9 recorrente em todo o texto da enc\u00edclica. V\u00ea em S\u00e3o Francisco \u201co exemplo por excel\u00eancia do cuidado\u201d (n.10). \u201cCora\u00e7\u00e3o universal\u2026 para ele qualquer criatura era uma irm\u00e3 unida a ele por la\u00e7os de carinho, sentindo-se chamado a cuidar de tudo o que existe\u201d (n.11).<u><\/u><u><\/u><\/p>\n<p>\u00c9 interessante observar que o Papa Francisco une a intelig\u00eancia intelectual, apoiado nos dados da ci\u00eancia, \u00e0 intelig\u00eancia sens\u00edvel ou cordial. Devemos ler com emo\u00e7\u00e3o os n\u00fameros e relacionarmo-nos com a natureza \u201ccom admira\u00e7\u00e3o e encanto (n.11)\u2026 prestar aten\u00e7\u00e3o \u00e0 beleza e am\u00e1-la pois nos ajuda a sair do pragmatismo utilitarista\u201d(n.215). Importa \u201couvir tanto o grito da Terra quanto o grito dos pobres\u201d (n.49).<u><\/u><u><\/u><\/p>\n<p>Consideremos este texto, carregado de intelig\u00eancia, emocional: &#8220;Tudo est\u00e1 relacionado e todos n\u00f3s, seres humanos, caminhamos juntos, como irm\u00e3os e irm\u00e3s, numa peregrina\u00e7\u00e3o maravilhosa, entrela\u00e7ados pelo amor que Deus tem a cada uma de suas criaturas e que nos une tamb\u00e9m com terna afei\u00e7\u00e3o ao irm\u00e3o Sol, \u00e0 irm\u00e3 Lua, ao irm\u00e3o rio, e \u00e0 M\u00e3e Terra\u201d (n.92). Importa \u201cincentivar uma cultura do cuidado que permeie toda a sociedade\u201d (n.231), pois assim \u201cpodemos falar de uma fraternidade universal\u201d (228).<u><\/u><u><\/u><\/p>\n<p>Por fim, \u00e9 essencial \u00e0 ecologia integral a espiritualidade. N\u00e3o se trata de deriv\u00e1-la de ideias, mas \u201cdas motiva\u00e7\u00f5es que d\u00e3o origem &#8220;a uma espiritualidade para alimentar a paix\u00e3o pelo cuidado do mundo\u2026 N\u00e3o \u00e9 poss\u00edvel empenhar-se em coisas grandes, apenas com doutrinas sem uma m\u00edstica que nos anima, sem uma mo\u00e7\u00e3o interior que impele, motiva, encoraja e d\u00e1 sentido \u00e0 a\u00e7\u00e3o pessoal e comunit\u00e1ria\u201d (n.216). Novamente evoca aqui a espiritualidade c\u00f3smica de S\u00e3o Francisco (n.218).<u><\/u><u><\/u><\/p>\n<p>Concluindo, releva enfatizar que com esta enc\u00edclica, ampla e detalhada, o Papa Francisco se coloca, como not\u00e1veis ecologistas o reconheceram, na vanguarda da discuss\u00e3o ecol\u00f3gica mundial. Em muitas entrevistas, referiu-se aos riscos que corre nossa Casa Comum. Mas sua mensagem \u00e9 de esperan\u00e7a: &#8220;Caminhemos cantando, que as nossas lutas e a nossa preocupa\u00e7\u00e3o por este planeta, n\u00e3o nos tirem a alegria da esperan\u00e7a\u201d (n.244).<u><\/u><u><\/u><\/p>\n<hr \/>\n<p><strong>Leonardo Boff<\/strong> <em>\u00e9 ecote\u00f3logo e escreveu:Francisco de Assis e Francisco de Roma,\u00a0Mar de Ideias, Rio 2014.<\/em><\/p>\n","protected":false},"excerpt":{"rendered":"<p>Artigo de Leonardo Boff<\/p>\n","protected":false},"author":3,"featured_media":186946,"comment_status":"open","ping_status":"open","sticky":false,"template":"","format":"standard","meta":{"footnotes":""},"categories":[26],"tags":[59],"yoast_head":"<!-- This site is optimized with the Yoast SEO plugin v19.4 - https:\/\/yoast.com\/wordpress\/plugins\/seo\/ -->\n<title>Uma leitura de cego da enc\u00edclica ecol\u00f3gica Laudato Si&#039; - Vida Crist\u00e3 - Franciscanos<\/title>\n<meta name=\"robots\" content=\"index, follow, max-snippet:-1, max-image-preview:large, max-video-preview:-1\" \/>\n<link rel=\"canonical\" href=\"https:\/\/franciscanos.org.br\/vidacrista\/uma-leitura-de-cego-da-enciclica-ecologica-laudato-si\/\" \/>\n<meta property=\"og:locale\" content=\"pt_BR\" \/>\n<meta property=\"og:type\" content=\"article\" \/>\n<meta property=\"og:title\" content=\"Uma leitura de cego da enc\u00edclica ecol\u00f3gica Laudato Si&#039; - Vida Crist\u00e3 - Franciscanos\" \/>\n<meta property=\"og:description\" content=\"Artigo de Leonardo Boff\" \/>\n<meta property=\"og:url\" content=\"https:\/\/franciscanos.org.br\/vidacrista\/uma-leitura-de-cego-da-enciclica-ecologica-laudato-si\/\" \/>\n<meta property=\"og:site_name\" content=\"Vida Crist\u00e3 - Franciscanos\" \/>\n<meta property=\"article:published_time\" content=\"2020-05-26T10:05:05+00:00\" \/>\n<meta property=\"article:modified_time\" content=\"2020-07-24T16:40:04+00:00\" \/>\n<meta property=\"og:image\" content=\"https:\/\/franciscanos.org.br\/vidacrista\/wp-content\/uploads\/2020\/05\/giotto_2407d.jpg\" \/>\n\t<meta property=\"og:image:width\" content=\"800\" \/>\n\t<meta property=\"og:image:height\" content=\"601\" \/>\n\t<meta property=\"og:image:type\" content=\"image\/jpeg\" \/>\n<meta name=\"author\" content=\"moacir\" \/>\n<meta name=\"twitter:card\" content=\"summary_large_image\" \/>\n<meta name=\"twitter:label1\" content=\"Escrito por\" \/>\n\t<meta name=\"twitter:data1\" content=\"moacir\" \/>\n\t<meta name=\"twitter:label2\" content=\"Est. tempo de leitura\" \/>\n\t<meta name=\"twitter:data2\" content=\"4 minutos\" \/>\n<script type=\"application\/ld+json\" class=\"yoast-schema-graph\">{\"@context\":\"https:\/\/schema.org\",\"@graph\":[{\"@type\":\"WebSite\",\"@id\":\"https:\/\/franciscanos.org.br\/vidacrista\/#website\",\"url\":\"https:\/\/franciscanos.org.br\/vidacrista\/\",\"name\":\"Vida Crist\u00e3 - Franciscanos\",\"description\":\"Prov\u00edncia Franciscana da Imaculada Concei\u00e7\u00e3o do Brasil - Ordem dos Frades Menores\",\"potentialAction\":[{\"@type\":\"SearchAction\",\"target\":{\"@type\":\"EntryPoint\",\"urlTemplate\":\"https:\/\/franciscanos.org.br\/vidacrista\/?s={search_term_string}\"},\"query-input\":\"required name=search_term_string\"}],\"inLanguage\":\"pt-BR\"},{\"@type\":\"WebPage\",\"@id\":\"https:\/\/franciscanos.org.br\/vidacrista\/uma-leitura-de-cego-da-enciclica-ecologica-laudato-si\/\",\"url\":\"https:\/\/franciscanos.org.br\/vidacrista\/uma-leitura-de-cego-da-enciclica-ecologica-laudato-si\/\",\"name\":\"Uma leitura de cego da enc\u00edclica ecol\u00f3gica Laudato Si' - Vida Crist\u00e3 - Franciscanos\",\"isPartOf\":{\"@id\":\"https:\/\/franciscanos.org.br\/vidacrista\/#website\"},\"datePublished\":\"2020-05-26T10:05:05+00:00\",\"dateModified\":\"2020-07-24T16:40:04+00:00\",\"author\":{\"@id\":\"https:\/\/franciscanos.org.br\/vidacrista\/#\/schema\/person\/1880bdd2c350b735648725ef7614736a\"},\"breadcrumb\":{\"@id\":\"https:\/\/franciscanos.org.br\/vidacrista\/uma-leitura-de-cego-da-enciclica-ecologica-laudato-si\/#breadcrumb\"},\"inLanguage\":\"pt-BR\",\"potentialAction\":[{\"@type\":\"ReadAction\",\"target\":[\"https:\/\/franciscanos.org.br\/vidacrista\/uma-leitura-de-cego-da-enciclica-ecologica-laudato-si\/\"]}]},{\"@type\":\"BreadcrumbList\",\"@id\":\"https:\/\/franciscanos.org.br\/vidacrista\/uma-leitura-de-cego-da-enciclica-ecologica-laudato-si\/#breadcrumb\",\"itemListElement\":[{\"@type\":\"ListItem\",\"position\":1,\"name\":\"Home\",\"item\":\"https:\/\/franciscanos.org.br\/vidacrista\/\"},{\"@type\":\"ListItem\",\"position\":2,\"name\":\"Uma leitura de cego da enc\u00edclica ecol\u00f3gica Laudato Si&#8217;\"}]},{\"@type\":\"Person\",\"@id\":\"https:\/\/franciscanos.org.br\/vidacrista\/#\/schema\/person\/1880bdd2c350b735648725ef7614736a\",\"name\":\"moacir\",\"image\":{\"@type\":\"ImageObject\",\"inLanguage\":\"pt-BR\",\"@id\":\"https:\/\/franciscanos.org.br\/vidacrista\/#\/schema\/person\/image\/\",\"url\":\"https:\/\/secure.gravatar.com\/avatar\/d08aa2ce4c8dd416d4479aa8536fcf64?s=96&d=mm&r=g\",\"contentUrl\":\"https:\/\/secure.gravatar.com\/avatar\/d08aa2ce4c8dd416d4479aa8536fcf64?s=96&d=mm&r=g\",\"caption\":\"moacir\"},\"url\":\"https:\/\/franciscanos.org.br\/vidacrista\/author\/moacir\/\"}]}<\/script>\n<!-- \/ Yoast SEO plugin. -->","yoast_head_json":{"title":"Uma leitura de cego da enc\u00edclica ecol\u00f3gica Laudato Si' - Vida Crist\u00e3 - Franciscanos","robots":{"index":"index","follow":"follow","max-snippet":"max-snippet:-1","max-image-preview":"max-image-preview:large","max-video-preview":"max-video-preview:-1"},"canonical":"https:\/\/franciscanos.org.br\/vidacrista\/uma-leitura-de-cego-da-enciclica-ecologica-laudato-si\/","og_locale":"pt_BR","og_type":"article","og_title":"Uma leitura de cego da enc\u00edclica ecol\u00f3gica Laudato Si' - Vida Crist\u00e3 - Franciscanos","og_description":"Artigo de Leonardo Boff","og_url":"https:\/\/franciscanos.org.br\/vidacrista\/uma-leitura-de-cego-da-enciclica-ecologica-laudato-si\/","og_site_name":"Vida Crist\u00e3 - Franciscanos","article_published_time":"2020-05-26T10:05:05+00:00","article_modified_time":"2020-07-24T16:40:04+00:00","og_image":[{"width":800,"height":601,"url":"https:\/\/franciscanos.org.br\/vidacrista\/wp-content\/uploads\/2020\/05\/giotto_2407d.jpg","type":"image\/jpeg"}],"author":"moacir","twitter_card":"summary_large_image","twitter_misc":{"Escrito por":"moacir","Est. tempo de leitura":"4 minutos"},"schema":{"@context":"https:\/\/schema.org","@graph":[{"@type":"WebSite","@id":"https:\/\/franciscanos.org.br\/vidacrista\/#website","url":"https:\/\/franciscanos.org.br\/vidacrista\/","name":"Vida Crist\u00e3 - Franciscanos","description":"Prov\u00edncia Franciscana da Imaculada Concei\u00e7\u00e3o do Brasil - Ordem dos Frades Menores","potentialAction":[{"@type":"SearchAction","target":{"@type":"EntryPoint","urlTemplate":"https:\/\/franciscanos.org.br\/vidacrista\/?s={search_term_string}"},"query-input":"required name=search_term_string"}],"inLanguage":"pt-BR"},{"@type":"WebPage","@id":"https:\/\/franciscanos.org.br\/vidacrista\/uma-leitura-de-cego-da-enciclica-ecologica-laudato-si\/","url":"https:\/\/franciscanos.org.br\/vidacrista\/uma-leitura-de-cego-da-enciclica-ecologica-laudato-si\/","name":"Uma leitura de cego da enc\u00edclica ecol\u00f3gica Laudato Si' - Vida Crist\u00e3 - Franciscanos","isPartOf":{"@id":"https:\/\/franciscanos.org.br\/vidacrista\/#website"},"datePublished":"2020-05-26T10:05:05+00:00","dateModified":"2020-07-24T16:40:04+00:00","author":{"@id":"https:\/\/franciscanos.org.br\/vidacrista\/#\/schema\/person\/1880bdd2c350b735648725ef7614736a"},"breadcrumb":{"@id":"https:\/\/franciscanos.org.br\/vidacrista\/uma-leitura-de-cego-da-enciclica-ecologica-laudato-si\/#breadcrumb"},"inLanguage":"pt-BR","potentialAction":[{"@type":"ReadAction","target":["https:\/\/franciscanos.org.br\/vidacrista\/uma-leitura-de-cego-da-enciclica-ecologica-laudato-si\/"]}]},{"@type":"BreadcrumbList","@id":"https:\/\/franciscanos.org.br\/vidacrista\/uma-leitura-de-cego-da-enciclica-ecologica-laudato-si\/#breadcrumb","itemListElement":[{"@type":"ListItem","position":1,"name":"Home","item":"https:\/\/franciscanos.org.br\/vidacrista\/"},{"@type":"ListItem","position":2,"name":"Uma leitura de cego da enc\u00edclica ecol\u00f3gica Laudato Si&#8217;"}]},{"@type":"Person","@id":"https:\/\/franciscanos.org.br\/vidacrista\/#\/schema\/person\/1880bdd2c350b735648725ef7614736a","name":"moacir","image":{"@type":"ImageObject","inLanguage":"pt-BR","@id":"https:\/\/franciscanos.org.br\/vidacrista\/#\/schema\/person\/image\/","url":"https:\/\/secure.gravatar.com\/avatar\/d08aa2ce4c8dd416d4479aa8536fcf64?s=96&d=mm&r=g","contentUrl":"https:\/\/secure.gravatar.com\/avatar\/d08aa2ce4c8dd416d4479aa8536fcf64?s=96&d=mm&r=g","caption":"moacir"},"url":"https:\/\/franciscanos.org.br\/vidacrista\/author\/moacir\/"}]}},"_links":{"self":[{"href":"https:\/\/franciscanos.org.br\/vidacrista\/wp-json\/wp\/v2\/posts\/184675"}],"collection":[{"href":"https:\/\/franciscanos.org.br\/vidacrista\/wp-json\/wp\/v2\/posts"}],"about":[{"href":"https:\/\/franciscanos.org.br\/vidacrista\/wp-json\/wp\/v2\/types\/post"}],"author":[{"embeddable":true,"href":"https:\/\/franciscanos.org.br\/vidacrista\/wp-json\/wp\/v2\/users\/3"}],"replies":[{"embeddable":true,"href":"https:\/\/franciscanos.org.br\/vidacrista\/wp-json\/wp\/v2\/comments?post=184675"}],"version-history":[{"count":6,"href":"https:\/\/franciscanos.org.br\/vidacrista\/wp-json\/wp\/v2\/posts\/184675\/revisions"}],"predecessor-version":[{"id":186949,"href":"https:\/\/franciscanos.org.br\/vidacrista\/wp-json\/wp\/v2\/posts\/184675\/revisions\/186949"}],"wp:featuredmedia":[{"embeddable":true,"href":"https:\/\/franciscanos.org.br\/vidacrista\/wp-json\/wp\/v2\/media\/186946"}],"wp:attachment":[{"href":"https:\/\/franciscanos.org.br\/vidacrista\/wp-json\/wp\/v2\/media?parent=184675"}],"wp:term":[{"taxonomy":"category","embeddable":true,"href":"https:\/\/franciscanos.org.br\/vidacrista\/wp-json\/wp\/v2\/categories?post=184675"},{"taxonomy":"post_tag","embeddable":true,"href":"https:\/\/franciscanos.org.br\/vidacrista\/wp-json\/wp\/v2\/tags?post=184675"}],"curies":[{"name":"wp","href":"https:\/\/api.w.org\/{rel}","templated":true}]}}