{"id":184378,"date":"2020-05-19T07:22:28","date_gmt":"2020-05-19T10:22:28","guid":{"rendered":"https:\/\/franciscanos.org.br\/vidacrista\/?p=184378"},"modified":"2020-07-24T13:42:03","modified_gmt":"2020-07-24T16:42:03","slug":"covid-19-ou-cooperamos-ou-nao-teremos-futuro-nenhum","status":"publish","type":"post","link":"https:\/\/franciscanos.org.br\/vidacrista\/covid-19-ou-cooperamos-ou-nao-teremos-futuro-nenhum\/","title":{"rendered":"Covid-19: ou cooperamos ou n\u00e3o teremos futuro nenhum"},"content":{"rendered":"<div id=\"attachment_186251\" style=\"width: 850px\" class=\"wp-caption alignnone\"><img aria-describedby=\"caption-attachment-186251\" decoding=\"async\" loading=\"lazy\" class=\"wp-image-186251 size-full\" src=\"https:\/\/franciscanos.org.br\/vidacrista\/wp-content\/uploads\/2020\/05\/missoes.jpg\" alt=\"\" width=\"840\" height=\"450\" srcset=\"https:\/\/franciscanos.org.br\/vidacrista\/wp-content\/uploads\/2020\/05\/missoes.jpg 840w, https:\/\/franciscanos.org.br\/vidacrista\/wp-content\/uploads\/2020\/05\/missoes-450x241.jpg 450w, https:\/\/franciscanos.org.br\/vidacrista\/wp-content\/uploads\/2020\/05\/missoes-768x411.jpg 768w, https:\/\/franciscanos.org.br\/vidacrista\/wp-content\/uploads\/2020\/05\/missoes-150x80.jpg 150w\" sizes=\"(max-width: 840px) 100vw, 840px\" \/><p id=\"caption-attachment-186251\" class=\"wp-caption-text\">\u00a0 \u00a0 \u00a0 \u00a0 \u00a0 \u00a0 \u00a0 \u00a0 \u00a0 \u00a0 \u00a0 \u00a0 \u00a0 \u00a0 \u00a0 \u00a0 \u00a0 \u00a0 \u00a0 \u00a0 \u00a0 \u00a0 \u00a0 \u00a0 \u00a0 \u00a0 \u00a0 \u00a0 \u00a0 \u00a0 \u00a0 \u00a0 \u00a0 \u00a0 \u00a0 \u00a0 \u00a0 \u00a0 \u00a0 \u00a0 \u00a0 \u00a0 \u00a0 \u00a0 \u00a0 \u00a0 \u00a0 \u00a0 \u00a0 \u00a0 \u00a0 \u00a0 \u00a0 \u00a0 \u00a0 \u00a0 \u00a0 <em>\u00a0 Imagem ilustrativa (fonte: Acervo Prov\u00edncia da Imaculada)<\/em><\/p><\/div>\n<p><strong>\u00a0Leonardo Boff<\/strong><u><\/u><u><\/u><\/p>\n<p>Uma pergunta sempre esteve presente nas buscas humanas: qual \u00e9 a nossa ess\u00eancia espec\u00edfica? A hist\u00f3ria conhece inumer\u00e1veis respostas. Mas a mais contundente, converg\u00eancia de v\u00e1rias ci\u00eancias contempor\u00e2neas como a nova biologia evolucion\u00e1ria, a gen\u00e9tica, as neuroci\u00eancias, a psicologia evolutiva, a cosmologia, a ecologia, a femenologia e outras \u00e9 essa: a <em>coopera\u00e7\u00e3o<\/em>.<u><\/u><u><\/u><\/p>\n<p>Michael Tomasello, considerado genial na \u00e1rea da psicologia do desenvolvimento de crian\u00e7as de 1-3 anos, sem interven\u00e7\u00e3o invasiva, reuniu num volume as melhores pesquisas na \u00e1rea sob o t\u00edtulo : &#8220;<em>Por que n\u00f3s cooperamos<\/em>\u201d (<em>Warum wir kooperieren,\u00a0<\/em>Berlim, Suhrkamp 2010). Em seu ensaio de abertura afirma que a ess\u00eancia do humano est\u00e1 no \u201c<em>altru\u00edsmo<\/em>\u201d e na \u201c<em>coopera\u00e7\u00e3o<\/em>\u201d. \u201cNo altru\u00edsmo, um se sacrifica pelo outro. \u00c9 a empatia. Na coopera\u00e7\u00e3o, muitos se unem em vista de um bem comum\u201d (p.14). \u00a0\u00a0\u00a0<u><\/u><u><\/u><\/p>\n<p>Uma das maiores especialistas em psicologia e evolu\u00e7\u00e3o da Universidade de Stanford, Carol S. Dweck, afirma: \u201cMais que a grandeza excepcional de nosso c\u00e9rebro e de nossa imensa capacidade de pensar, a nossa natureza essencial \u00e9 esta: a aptid\u00e3o de sermos seres de <em>coopera\u00e7\u00e3o e de rela\u00e7\u00e3o<\/em>\u00a0(<em>Por que cooperamos<\/em>, op.cit 95).<u><\/u><u><\/u><\/p>\n<p>Outra, da mesma ci\u00eancia, famosa por suas pesquisas emp\u00edricas, Elizabeth S. Spelke, de Harvard, assevera: nossa marca,\u00a0<em>por natureza<\/em>, diferencial de qualquer outra esp\u00e9cie superior como a dos primatas (dos quais somos um bifurca\u00e7\u00e3o) \u00e9 \u201c<em>a nossa intencionalidade compartida<\/em>\u201d que propicia todas as formas de coopera\u00e7\u00e3o, de comunica\u00e7\u00e3o e de participa\u00e7\u00e3o de tarefas e de objetivos comuns\u201d(op.cit. 112). Ela caminha junto com a linguagem que \u00e9, essencialmente, social e cooperativa, tra\u00e7o espec\u00edfico dos humanos, como o entenderam os bi\u00f3logos chilenos H.Maturana e F. Varela.<u><\/u><u><\/u><\/p>\n<p>Outro, este neurobi\u00f3logo do conhecido Instituto Max Plank, Joachim Bauer, em seu livro \u201c<em>O gen cooperativo<\/em>\u201d(<em>Das kooperative Gen<\/em>, Hoffman und Campe,Hamburgo 2008) e especialmente no livro \u201c<em>Princ\u00edpio humanidade: por que n\u00f3s, por natureza, cooperamos<\/em>\u201d (2006) sustenta a mesma tese: o ser humano \u00e9 essencialmente um ser de coopera\u00e7\u00e3o. Refuta com veem\u00eancia o zo\u00f3logo ingl\u00eas Richard Dawkins, autor do livro muito difundido: \u201c<em>O gene ego\u00edsta<\/em>\u201d (1976\/2004). Afirma \u201cque sua tese n\u00e3o possui nenhuma base emp\u00edrica; ao contr\u00e1rio, representa o correlato do capitalismo dominante que assim parece legitim\u00e1-lo\u201d (Op.cit.153). Critica tamb\u00e9m a superficialidade de outro livro \u201cDeus, uma ilus\u00e3o\u201d(2007).<u><\/u><u><\/u><\/p>\n<p>No entanto, diz Bauer, \u00e9 cientificamente verificado, que \u201cos genes n\u00e3o s\u00e3o aut\u00f4nomos e de modo algum \u2018ego\u00edstas\u2019 mas se agregam com outros nas c\u00e9lulas da totalidade do organismo\u201d (<em>O gene cooperativo<\/em>,184). Afirma mais ainda: &#8220;Todos os sistemas vivos se caracterizam pela permanente coopera\u00e7\u00e3o e comunica\u00e7\u00e3o molecular para dentro e para fora\u201d(Op.cit.183).<u><\/u><u><\/u><\/p>\n<p>\u00c9 not\u00f3rio pela bio-antropologia que a esp\u00e9cie humana deixou para tr\u00e1s os primatas e virou ser humano, quando come\u00e7ou, de forma cooperativa, a recoletar e a comer o que recolhia.<u><\/u><u><\/u><\/p>\n<p>Uma das teses axiais da f\u00edsica qu\u00e2ntica (W.Heisenberg) e da cosmog\u00eanese (B.Swimme) consiste em afirmar a coopera\u00e7\u00e3o e a rela\u00e7\u00e3o de todos com todos. Tudo \u00e9 relacionado e nada existe fora da rela\u00e7\u00e3o. Todos cooperam uns com os outros para coevoluirem. Talvez a formula\u00e7\u00e3o mais bela foi encontrada pelo Papa Francisco em sua enc\u00edclica\u00a0<em>Laudato Si&#8217;: sobre o cuidado da Casa Comum:<\/em> \u201cTudo est\u00e1 relacionado, e todos n\u00f3s, seres humanos, caminhamos juntos como irm\u00e3os e irm\u00e3s, numa peregrina\u00e7\u00e3o maravilhosa\u2026 que nos une tamb\u00e9m, com terna afei\u00e7\u00e3o, ao irm\u00e3o sol, \u00e0 irm\u00e3 lua, ao irm\u00e3o rio e \u00e0 m\u00e3e Terra\u201d (n.92).<u><\/u><u><\/u><\/p>\n<p>Um brasileiro, professor de filosofia da ci\u00eancia na UFES em Vit\u00f3ria, Maur\u00edcio Abdala, escreveu um convincente livro sobre &#8220;<em>O princ\u00edpio coopera\u00e7\u00e3o&#8221;\u00a0<\/em>na linha das reflex\u00f5es acima referidas.<u><\/u><u><\/u><\/p>\n<p>Por que dizemos tudo isso? Para mostrar qu\u00e3o anti-natural e perverso \u00e9 o sistema imperante do capital com seu individualismo e sua competi\u00e7\u00e3o sem nenhuma coopera\u00e7\u00e3o. \u00c9 ele que est\u00e1 conduzindo a humanidade a um impasse fatal. Por essa l\u00f3gica, o coronav\u00edrus nos teria contaminado e exterminado a todos. Foi a coopera\u00e7\u00e3o e a solidariedade de todos com todos que nos est\u00e3o salvando.<u><\/u><u><\/u><\/p>\n<p>De aqui por diante devemos decidir: Ou obedecemos \u00e0 nossa natureza essencial, a coopera\u00e7\u00e3o, em n\u00edvel pessoal, local, regional, nacional e mundial, mudando a forma de habitar a Casa Comum, ou comecemos a nos preparar para o pior, num caminho sem retorno.<u><\/u><u><\/u><\/p>\n<p>Se n\u00e3o ouvirmos esta li\u00e7\u00e3o que a Covid-19 nos est\u00e1 dando e voltarmos, com mais f\u00faria ainda, ao que era antes, para recuperar o atraso, podemos estar na contagem regressiva de uma cat\u00e1strofe ainda mais letal. Quem nos garante que n\u00e3o poder\u00e1 ser o temido <em>NBO<\/em>\u00a0(<em>Next Big One<\/em>), aquele pr\u00f3ximo e derradeiro v\u00edrus avassalador e inatac\u00e1vel que por\u00e1 fim \u00e0 nossa esp\u00e9cie? Grandes nomes da ci\u00eancia como Jacquard, de Duve, Rees, Lovelock e Chomsky entre outros nos advertem sobre esta emerg\u00eancia tr\u00e1gica.\u00a0<u><\/u><u><\/u><\/p>\n<p>Lembro apenas as derradeiras palavras do velho Martin Heidegger em sua \u00faltima entrevista ao\u00a0<em>Der Spiegel<\/em>\u00a0a ser publicada 15 anos ap\u00f3s a sua morte<em>,\u00a0<\/em>referindo-se \u00e0 l\u00f3gica suicida de nosso projeto t\u00e9cnico-cient\u00edfico: \u201c<em>Nur noch ein Gott kann uns retten\u201d = \u201cSomente um Deus nos poder\u00e1 salvar\u201d.<\/em><u><\/u><u><\/u><\/p>\n<p>\u00c9 o que espero e creio, pois, Deus se revelou como \u201co apaixonado amante da vida\u201d (Sabedoria 11,24).<u><\/u><u><\/u><\/p>\n<hr \/>\n<p><strong>Leonardo Boff<\/strong> <em>\u00e9 ecote\u00f3logo, fil\u00f3sofo e escreveu\u00a0Op\u00e7\u00e3o Terra: a solu\u00e7\u00e3o da Terra n\u00e3o cai do c\u00e9u, Record 2009.<\/em><\/p>\n","protected":false},"excerpt":{"rendered":"<p>Artigo de Leonardo Boff<\/p>\n","protected":false},"author":3,"featured_media":186252,"comment_status":"open","ping_status":"open","sticky":false,"template":"","format":"standard","meta":{"footnotes":""},"categories":[26],"tags":[59],"yoast_head":"<!-- This site is optimized with the Yoast SEO plugin v19.4 - https:\/\/yoast.com\/wordpress\/plugins\/seo\/ -->\n<title>Covid-19: ou cooperamos ou n\u00e3o teremos futuro nenhum - Vida Crist\u00e3 - Franciscanos<\/title>\n<meta name=\"robots\" content=\"index, follow, max-snippet:-1, max-image-preview:large, max-video-preview:-1\" \/>\n<link rel=\"canonical\" href=\"https:\/\/franciscanos.org.br\/vidacrista\/covid-19-ou-cooperamos-ou-nao-teremos-futuro-nenhum\/\" \/>\n<meta property=\"og:locale\" content=\"pt_BR\" \/>\n<meta property=\"og:type\" content=\"article\" \/>\n<meta property=\"og:title\" content=\"Covid-19: ou cooperamos ou n\u00e3o teremos futuro nenhum - Vida Crist\u00e3 - Franciscanos\" \/>\n<meta property=\"og:description\" content=\"Artigo de Leonardo Boff\" \/>\n<meta property=\"og:url\" content=\"https:\/\/franciscanos.org.br\/vidacrista\/covid-19-ou-cooperamos-ou-nao-teremos-futuro-nenhum\/\" \/>\n<meta property=\"og:site_name\" content=\"Vida Crist\u00e3 - Franciscanos\" \/>\n<meta property=\"article:published_time\" content=\"2020-05-19T10:22:28+00:00\" \/>\n<meta property=\"article:modified_time\" content=\"2020-07-24T16:42:03+00:00\" \/>\n<meta property=\"og:image\" content=\"https:\/\/franciscanos.org.br\/vidacrista\/wp-content\/uploads\/2020\/05\/misoes.jpg\" \/>\n\t<meta property=\"og:image:width\" content=\"800\" \/>\n\t<meta property=\"og:image:height\" content=\"600\" \/>\n\t<meta property=\"og:image:type\" content=\"image\/jpeg\" \/>\n<meta name=\"author\" content=\"moacir\" \/>\n<meta name=\"twitter:card\" content=\"summary_large_image\" \/>\n<meta name=\"twitter:label1\" content=\"Escrito por\" \/>\n\t<meta name=\"twitter:data1\" content=\"moacir\" \/>\n\t<meta name=\"twitter:label2\" content=\"Est. tempo de leitura\" \/>\n\t<meta name=\"twitter:data2\" content=\"5 minutos\" \/>\n<script type=\"application\/ld+json\" class=\"yoast-schema-graph\">{\"@context\":\"https:\/\/schema.org\",\"@graph\":[{\"@type\":\"WebSite\",\"@id\":\"https:\/\/franciscanos.org.br\/vidacrista\/#website\",\"url\":\"https:\/\/franciscanos.org.br\/vidacrista\/\",\"name\":\"Vida Crist\u00e3 - Franciscanos\",\"description\":\"Prov\u00edncia Franciscana da Imaculada Concei\u00e7\u00e3o do Brasil - Ordem dos Frades Menores\",\"potentialAction\":[{\"@type\":\"SearchAction\",\"target\":{\"@type\":\"EntryPoint\",\"urlTemplate\":\"https:\/\/franciscanos.org.br\/vidacrista\/?s={search_term_string}\"},\"query-input\":\"required name=search_term_string\"}],\"inLanguage\":\"pt-BR\"},{\"@type\":\"WebPage\",\"@id\":\"https:\/\/franciscanos.org.br\/vidacrista\/covid-19-ou-cooperamos-ou-nao-teremos-futuro-nenhum\/\",\"url\":\"https:\/\/franciscanos.org.br\/vidacrista\/covid-19-ou-cooperamos-ou-nao-teremos-futuro-nenhum\/\",\"name\":\"Covid-19: ou cooperamos ou n\u00e3o teremos futuro nenhum - Vida Crist\u00e3 - Franciscanos\",\"isPartOf\":{\"@id\":\"https:\/\/franciscanos.org.br\/vidacrista\/#website\"},\"datePublished\":\"2020-05-19T10:22:28+00:00\",\"dateModified\":\"2020-07-24T16:42:03+00:00\",\"author\":{\"@id\":\"https:\/\/franciscanos.org.br\/vidacrista\/#\/schema\/person\/1880bdd2c350b735648725ef7614736a\"},\"breadcrumb\":{\"@id\":\"https:\/\/franciscanos.org.br\/vidacrista\/covid-19-ou-cooperamos-ou-nao-teremos-futuro-nenhum\/#breadcrumb\"},\"inLanguage\":\"pt-BR\",\"potentialAction\":[{\"@type\":\"ReadAction\",\"target\":[\"https:\/\/franciscanos.org.br\/vidacrista\/covid-19-ou-cooperamos-ou-nao-teremos-futuro-nenhum\/\"]}]},{\"@type\":\"BreadcrumbList\",\"@id\":\"https:\/\/franciscanos.org.br\/vidacrista\/covid-19-ou-cooperamos-ou-nao-teremos-futuro-nenhum\/#breadcrumb\",\"itemListElement\":[{\"@type\":\"ListItem\",\"position\":1,\"name\":\"Home\",\"item\":\"https:\/\/franciscanos.org.br\/vidacrista\/\"},{\"@type\":\"ListItem\",\"position\":2,\"name\":\"Covid-19: ou cooperamos ou n\u00e3o teremos futuro nenhum\"}]},{\"@type\":\"Person\",\"@id\":\"https:\/\/franciscanos.org.br\/vidacrista\/#\/schema\/person\/1880bdd2c350b735648725ef7614736a\",\"name\":\"moacir\",\"image\":{\"@type\":\"ImageObject\",\"inLanguage\":\"pt-BR\",\"@id\":\"https:\/\/franciscanos.org.br\/vidacrista\/#\/schema\/person\/image\/\",\"url\":\"https:\/\/secure.gravatar.com\/avatar\/d08aa2ce4c8dd416d4479aa8536fcf64?s=96&d=mm&r=g\",\"contentUrl\":\"https:\/\/secure.gravatar.com\/avatar\/d08aa2ce4c8dd416d4479aa8536fcf64?s=96&d=mm&r=g\",\"caption\":\"moacir\"},\"url\":\"https:\/\/franciscanos.org.br\/vidacrista\/author\/moacir\/\"}]}<\/script>\n<!-- \/ Yoast SEO plugin. -->","yoast_head_json":{"title":"Covid-19: ou cooperamos ou n\u00e3o teremos futuro nenhum - Vida Crist\u00e3 - Franciscanos","robots":{"index":"index","follow":"follow","max-snippet":"max-snippet:-1","max-image-preview":"max-image-preview:large","max-video-preview":"max-video-preview:-1"},"canonical":"https:\/\/franciscanos.org.br\/vidacrista\/covid-19-ou-cooperamos-ou-nao-teremos-futuro-nenhum\/","og_locale":"pt_BR","og_type":"article","og_title":"Covid-19: ou cooperamos ou n\u00e3o teremos futuro nenhum - Vida Crist\u00e3 - Franciscanos","og_description":"Artigo de Leonardo Boff","og_url":"https:\/\/franciscanos.org.br\/vidacrista\/covid-19-ou-cooperamos-ou-nao-teremos-futuro-nenhum\/","og_site_name":"Vida Crist\u00e3 - Franciscanos","article_published_time":"2020-05-19T10:22:28+00:00","article_modified_time":"2020-07-24T16:42:03+00:00","og_image":[{"width":800,"height":600,"url":"https:\/\/franciscanos.org.br\/vidacrista\/wp-content\/uploads\/2020\/05\/misoes.jpg","type":"image\/jpeg"}],"author":"moacir","twitter_card":"summary_large_image","twitter_misc":{"Escrito por":"moacir","Est. tempo de leitura":"5 minutos"},"schema":{"@context":"https:\/\/schema.org","@graph":[{"@type":"WebSite","@id":"https:\/\/franciscanos.org.br\/vidacrista\/#website","url":"https:\/\/franciscanos.org.br\/vidacrista\/","name":"Vida Crist\u00e3 - Franciscanos","description":"Prov\u00edncia Franciscana da Imaculada Concei\u00e7\u00e3o do Brasil - Ordem dos Frades Menores","potentialAction":[{"@type":"SearchAction","target":{"@type":"EntryPoint","urlTemplate":"https:\/\/franciscanos.org.br\/vidacrista\/?s={search_term_string}"},"query-input":"required name=search_term_string"}],"inLanguage":"pt-BR"},{"@type":"WebPage","@id":"https:\/\/franciscanos.org.br\/vidacrista\/covid-19-ou-cooperamos-ou-nao-teremos-futuro-nenhum\/","url":"https:\/\/franciscanos.org.br\/vidacrista\/covid-19-ou-cooperamos-ou-nao-teremos-futuro-nenhum\/","name":"Covid-19: ou cooperamos ou n\u00e3o teremos futuro nenhum - Vida Crist\u00e3 - Franciscanos","isPartOf":{"@id":"https:\/\/franciscanos.org.br\/vidacrista\/#website"},"datePublished":"2020-05-19T10:22:28+00:00","dateModified":"2020-07-24T16:42:03+00:00","author":{"@id":"https:\/\/franciscanos.org.br\/vidacrista\/#\/schema\/person\/1880bdd2c350b735648725ef7614736a"},"breadcrumb":{"@id":"https:\/\/franciscanos.org.br\/vidacrista\/covid-19-ou-cooperamos-ou-nao-teremos-futuro-nenhum\/#breadcrumb"},"inLanguage":"pt-BR","potentialAction":[{"@type":"ReadAction","target":["https:\/\/franciscanos.org.br\/vidacrista\/covid-19-ou-cooperamos-ou-nao-teremos-futuro-nenhum\/"]}]},{"@type":"BreadcrumbList","@id":"https:\/\/franciscanos.org.br\/vidacrista\/covid-19-ou-cooperamos-ou-nao-teremos-futuro-nenhum\/#breadcrumb","itemListElement":[{"@type":"ListItem","position":1,"name":"Home","item":"https:\/\/franciscanos.org.br\/vidacrista\/"},{"@type":"ListItem","position":2,"name":"Covid-19: ou cooperamos ou n\u00e3o teremos futuro nenhum"}]},{"@type":"Person","@id":"https:\/\/franciscanos.org.br\/vidacrista\/#\/schema\/person\/1880bdd2c350b735648725ef7614736a","name":"moacir","image":{"@type":"ImageObject","inLanguage":"pt-BR","@id":"https:\/\/franciscanos.org.br\/vidacrista\/#\/schema\/person\/image\/","url":"https:\/\/secure.gravatar.com\/avatar\/d08aa2ce4c8dd416d4479aa8536fcf64?s=96&d=mm&r=g","contentUrl":"https:\/\/secure.gravatar.com\/avatar\/d08aa2ce4c8dd416d4479aa8536fcf64?s=96&d=mm&r=g","caption":"moacir"},"url":"https:\/\/franciscanos.org.br\/vidacrista\/author\/moacir\/"}]}},"_links":{"self":[{"href":"https:\/\/franciscanos.org.br\/vidacrista\/wp-json\/wp\/v2\/posts\/184378"}],"collection":[{"href":"https:\/\/franciscanos.org.br\/vidacrista\/wp-json\/wp\/v2\/posts"}],"about":[{"href":"https:\/\/franciscanos.org.br\/vidacrista\/wp-json\/wp\/v2\/types\/post"}],"author":[{"embeddable":true,"href":"https:\/\/franciscanos.org.br\/vidacrista\/wp-json\/wp\/v2\/users\/3"}],"replies":[{"embeddable":true,"href":"https:\/\/franciscanos.org.br\/vidacrista\/wp-json\/wp\/v2\/comments?post=184378"}],"version-history":[{"count":5,"href":"https:\/\/franciscanos.org.br\/vidacrista\/wp-json\/wp\/v2\/posts\/184378\/revisions"}],"predecessor-version":[{"id":186951,"href":"https:\/\/franciscanos.org.br\/vidacrista\/wp-json\/wp\/v2\/posts\/184378\/revisions\/186951"}],"wp:featuredmedia":[{"embeddable":true,"href":"https:\/\/franciscanos.org.br\/vidacrista\/wp-json\/wp\/v2\/media\/186252"}],"wp:attachment":[{"href":"https:\/\/franciscanos.org.br\/vidacrista\/wp-json\/wp\/v2\/media?parent=184378"}],"wp:term":[{"taxonomy":"category","embeddable":true,"href":"https:\/\/franciscanos.org.br\/vidacrista\/wp-json\/wp\/v2\/categories?post=184378"},{"taxonomy":"post_tag","embeddable":true,"href":"https:\/\/franciscanos.org.br\/vidacrista\/wp-json\/wp\/v2\/tags?post=184378"}],"curies":[{"name":"wp","href":"https:\/\/api.w.org\/{rel}","templated":true}]}}