{"id":184353,"date":"2020-05-18T07:20:49","date_gmt":"2020-05-18T10:20:49","guid":{"rendered":"https:\/\/franciscanos.org.br\/vidacrista\/?p=184353"},"modified":"2021-08-26T09:59:14","modified_gmt":"2021-08-26T12:59:14","slug":"a-agonia-do-eu","status":"publish","type":"post","link":"https:\/\/franciscanos.org.br\/vidacrista\/a-agonia-do-eu\/","title":{"rendered":"A agonia do eu"},"content":{"rendered":"<div id=\"attachment_187411\" style=\"width: 850px\" class=\"wp-caption alignnone\"><img aria-describedby=\"caption-attachment-187411\" decoding=\"async\" loading=\"lazy\" class=\"wp-image-187411 size-full\" style=\"font-size: 16px;\" src=\"https:\/\/franciscanos.org.br\/vidacrista\/wp-content\/uploads\/2020\/05\/artigo_0308_7.png\" alt=\"\" width=\"840\" height=\"450\" srcset=\"https:\/\/franciscanos.org.br\/vidacrista\/wp-content\/uploads\/2020\/05\/artigo_0308_7.png 840w, https:\/\/franciscanos.org.br\/vidacrista\/wp-content\/uploads\/2020\/05\/artigo_0308_7-450x241.png 450w, https:\/\/franciscanos.org.br\/vidacrista\/wp-content\/uploads\/2020\/05\/artigo_0308_7-768x411.png 768w, https:\/\/franciscanos.org.br\/vidacrista\/wp-content\/uploads\/2020\/05\/artigo_0308_7-150x80.png 150w\" sizes=\"(max-width: 840px) 100vw, 840px\" \/><p id=\"caption-attachment-187411\" class=\"wp-caption-text\">\u00a0 \u00a0 \u00a0 \u00a0 \u00a0 \u00a0 \u00a0 \u00a0 \u00a0 \u00a0 \u00a0 \u00a0 \u00a0 \u00a0 \u00a0 \u00a0 \u00a0 \u00a0 \u00a0 \u00a0 \u00a0 \u00a0 \u00a0 \u00a0 \u00a0 \u00a0 \u00a0 \u00a0 \u00a0 \u00a0 \u00a0 \u00a0 \u00a0 \u00a0 \u00a0 \u00a0 \u00a0 \u00a0 \u00a0 \u00a0 \u00a0 \u00a0<em> \u00a0 \u00a0 \u00a0 \u00a0Imagem ilustrativa (fonte: Canva)<\/em><\/p><\/div>\n<p><em>\u00a0 \u00a0<\/em><strong><em>Pe. Ademir Guedes Azevedo, cp<\/em><\/strong><\/p>\n<p>Reuni\u00f5es, confer\u00eancias, passeios, cursos, f\u00f3runs, projetos e agendas preenchidas por variados compromissos: eis o retrato do homem contempor\u00e2neo, inserido na chamada sociedade de desempenho, t\u00e3o bem ilustrada pelo fil\u00f3sofo Byung-Chul Han. Estar ocupado faz parte do perfil ocidental, orgulhoso da ideia de progresso. Tem-se que fazer algo, mas tudo vem estabelecido pelo jeito de viver da sociedade. O nosso \u201ceu\u201d para existir deve se ocupar com aquilo que produz dinheiro, fama e uma vida pr\u00f3spera. Fora deste credo, \u00e9 como se nada valesse a pena, assim aprendemos desde cedo com as propagandas e com toda a concorr\u00eancia pelas melhores vagas que garantir\u00e3o o nosso futuro. Por outro lado, este estilo de vida p\u00f5e o eu em agonia, levando-nos a perguntar se a vida realmente consiste apenas nisso. Tudo indica que n\u00e3o, pois a chegada de um v\u00edrus est\u00e1, aos poucos, nos dando esta li\u00e7\u00e3o.<\/p>\n<p>Mais uma vez, o espiritual Henri Nouwen nos prop\u00f5e uma via alternativa, aquela que se refere ao caminho do cora\u00e7\u00e3o. O fio condutor nos vem da sabedoria dos padres e m\u00e3es do deserto. Nouwen insiste que o envolvimento excessivo do sujeito com o aparato de coisas criadas pela sociedade moderna serve para nutrir um \u201ceu compulsivo\u201d que nos deixa ansiosos, fren\u00e9ticos e, o mais terr\u00edvel: vazios de sentido. Ele defende que s\u00f3 a solid\u00e3o, como fornalha de transforma\u00e7\u00e3o, pode curar nosso eu compulsivo daquelas falsas ilus\u00f5es que criamos de n\u00f3s mesmos. O resultado de tal transforma\u00e7\u00e3o reside no eu compassivo.<\/p>\n<p>Neste sentido, pode-se falar da agonia do eu. Desde que come\u00e7amos a ser educados a partir da ideia de que temos que concorrer para conquistarmos algo de relevante na vida, o nosso eu entra num estado de tens\u00e3o. Tornamo-nos distra\u00eddos e ansiosos. Mergulhamos em situa\u00e7\u00f5es que nos fazem gastar energia mental. O mundo da propaganda se encarrega de estabelecer o padr\u00e3o de vida que est\u00e1 em voga no momento e que devemos acompanh\u00e1-lo para sermos aceitos. Este tipo de ditadura mascarada exerce uma viol\u00eancia emocional a ponto de nos esquecermos que a felicidade n\u00e3o est\u00e1 fora, mas dentro de cada um de n\u00f3s.<\/p>\n<p>Para nos libertarmos de tal agonia, \u00e9 urgente fazermos de n\u00f3s mesmos objeto de reflex\u00e3o. Para isso, se faz necess\u00e1rio a solid\u00e3o, n\u00e3o como isolamento inf\u00e9rtil, nem t\u00e3o pouco como uma pausa para recarregar as energias e depois voltarmos \u00e0 correria de sempre. \u00c9, antes de tudo, a liberta\u00e7\u00e3o total de nossas compuls\u00f5es que falsificam a verdade do nosso ser. A solid\u00e3o real \u00e9 o caminho que me p\u00f5e diante do meu eu, em seu aspecto nu e cru. Para entender isto, imagine-se despido de seus t\u00edtulos, dos elogios daqueles que pensam igual a voc\u00ea. Avance mais um pouco e imagine-se como aquele jovem da Galileia que, em uma cruz, sente-se abandonado e sem nenhum poder. \u00c9 justamente a partir de tal experi\u00eancia que o eu compulsivo realiza aquele salto qualitativo de liberta\u00e7\u00e3o, pois ele se v\u00ea privado de qualquer compuls\u00e3o satisfat\u00f3ria. Resta, contudo, apenas voc\u00ea diante de si mesmo, por\u00e9m livre interiormente para recome\u00e7ar de cabe\u00e7a erguida. \u00c9 neste sentido que a solid\u00e3o se trata de uma fornalha de transforma\u00e7\u00e3o, pois ela \u00e9 como que nos reduzisse a cinzas e nos fizesse renascer de novo, como a f\u00eanix da mitologia grega.<\/p>\n<p>Se todo este processo consiste em um dar \u00e0 luz um novo eu, ent\u00e3o resta-nos saber qual \u00e9 este novo ser que renasce das cinzas. Nouwen dir\u00e1 que o eu compulsivo, ap\u00f3s passar pela fornalha da solid\u00e3o, renasce na forma de compaix\u00e3o. O seu comportamento mais sublime \u00e9 aquele de nunca julgar a ningu\u00e9m. A sociedade do desempenho funciona a partir da classifica\u00e7\u00e3o dicot\u00f4mica das pessoas, separando-as entre aquelas que s\u00e3o mais eficientes e capazes daquelas que n\u00e3o podem dar frutos, estas se tornam descartadas devido as suas limita\u00e7\u00f5es que as impedem de competir. Por\u00e9m, um eu compassivo aceita o outro independente de seus defeitos. Acolhe a ferida alheia e simplesmente convive com ela, pois n\u00e3o v\u00ea o outro como obst\u00e1culo, mas amplia a vis\u00e3o do cora\u00e7\u00e3o, a fim de enxergar o invis\u00edvel que est\u00e1 dentro do mist\u00e9rio que cada um traz em seu ser.<\/p>\n<p>Estamos todos confinados nesta pandemia. Talvez, voc\u00ea j\u00e1 n\u00e3o esteja suportando ter que ficar estes meses isolado. Por\u00e9m, aproveite-os para refletir sobre o seu eu. Busque libertar-se de suas compuls\u00f5es que fornecem uma falsa imagem sua. Encare a tua pr\u00f3pria imagem e n\u00e3o fuja de si mesmo. Lembre-se que estamos neste mundo para amar e propagar a compaix\u00e3o conosco e com os outros. Tenho certeza de que voc\u00ea renascer\u00e1 um ser humano mais forte e maduro, com mais resili\u00eancia e capacidade de acolher o pr\u00f3ximo. Seja corajoso e liberte o eu de sua agonia. Vamos em frente!<\/p>\n<hr \/>\n<p><strong>Pe. Ademir Guedes Azevedo<\/strong>,\u00a0<em>cp, \u00e9 mission\u00e1rio passionista e mestre em Teologia Fundamental na Pontif\u00edcia Universidade Gregoriana. Atualmente reside em Camaragibe \u2013 PE, no Semin\u00e1rio para a etapa do Postulantado dos Passionistas.<\/em><\/p>\n","protected":false},"excerpt":{"rendered":"<p>Artigo de Pe. Ademir Guedes Azevedo<\/p>\n","protected":false},"author":3,"featured_media":187413,"comment_status":"open","ping_status":"open","sticky":false,"template":"","format":"standard","meta":{"footnotes":""},"categories":[26],"tags":[188],"yoast_head":"<!-- This site is optimized with the Yoast SEO plugin v19.4 - https:\/\/yoast.com\/wordpress\/plugins\/seo\/ -->\n<title>A agonia do eu - Vida Crist\u00e3 - Franciscanos<\/title>\n<meta name=\"robots\" content=\"index, follow, max-snippet:-1, max-image-preview:large, max-video-preview:-1\" \/>\n<link rel=\"canonical\" href=\"https:\/\/franciscanos.org.br\/vidacrista\/a-agonia-do-eu\/\" \/>\n<meta property=\"og:locale\" content=\"pt_BR\" \/>\n<meta property=\"og:type\" content=\"article\" \/>\n<meta property=\"og:title\" content=\"A agonia do eu - Vida Crist\u00e3 - Franciscanos\" \/>\n<meta property=\"og:description\" content=\"Artigo de Pe. Ademir Guedes Azevedo\" \/>\n<meta property=\"og:url\" content=\"https:\/\/franciscanos.org.br\/vidacrista\/a-agonia-do-eu\/\" \/>\n<meta property=\"og:site_name\" content=\"Vida Crist\u00e3 - Franciscanos\" \/>\n<meta property=\"article:published_time\" content=\"2020-05-18T10:20:49+00:00\" \/>\n<meta property=\"article:modified_time\" content=\"2021-08-26T12:59:14+00:00\" \/>\n<meta property=\"og:image\" content=\"https:\/\/franciscanos.org.br\/vidacrista\/wp-content\/uploads\/2020\/05\/artigo_0308_7d.png\" \/>\n\t<meta property=\"og:image:width\" content=\"800\" \/>\n\t<meta property=\"og:image:height\" content=\"601\" \/>\n\t<meta property=\"og:image:type\" content=\"image\/png\" \/>\n<meta name=\"author\" content=\"moacir\" \/>\n<meta name=\"twitter:card\" content=\"summary_large_image\" \/>\n<meta name=\"twitter:label1\" content=\"Escrito por\" \/>\n\t<meta name=\"twitter:data1\" content=\"moacir\" \/>\n\t<meta name=\"twitter:label2\" content=\"Est. tempo de leitura\" \/>\n\t<meta name=\"twitter:data2\" content=\"4 minutos\" \/>\n<script type=\"application\/ld+json\" class=\"yoast-schema-graph\">{\"@context\":\"https:\/\/schema.org\",\"@graph\":[{\"@type\":\"WebSite\",\"@id\":\"https:\/\/franciscanos.org.br\/vidacrista\/#website\",\"url\":\"https:\/\/franciscanos.org.br\/vidacrista\/\",\"name\":\"Vida Crist\u00e3 - Franciscanos\",\"description\":\"Prov\u00edncia Franciscana da Imaculada Concei\u00e7\u00e3o do Brasil - Ordem dos Frades Menores\",\"potentialAction\":[{\"@type\":\"SearchAction\",\"target\":{\"@type\":\"EntryPoint\",\"urlTemplate\":\"https:\/\/franciscanos.org.br\/vidacrista\/?s={search_term_string}\"},\"query-input\":\"required name=search_term_string\"}],\"inLanguage\":\"pt-BR\"},{\"@type\":\"WebPage\",\"@id\":\"https:\/\/franciscanos.org.br\/vidacrista\/a-agonia-do-eu\/\",\"url\":\"https:\/\/franciscanos.org.br\/vidacrista\/a-agonia-do-eu\/\",\"name\":\"A agonia do eu - Vida Crist\u00e3 - Franciscanos\",\"isPartOf\":{\"@id\":\"https:\/\/franciscanos.org.br\/vidacrista\/#website\"},\"datePublished\":\"2020-05-18T10:20:49+00:00\",\"dateModified\":\"2021-08-26T12:59:14+00:00\",\"author\":{\"@id\":\"https:\/\/franciscanos.org.br\/vidacrista\/#\/schema\/person\/1880bdd2c350b735648725ef7614736a\"},\"breadcrumb\":{\"@id\":\"https:\/\/franciscanos.org.br\/vidacrista\/a-agonia-do-eu\/#breadcrumb\"},\"inLanguage\":\"pt-BR\",\"potentialAction\":[{\"@type\":\"ReadAction\",\"target\":[\"https:\/\/franciscanos.org.br\/vidacrista\/a-agonia-do-eu\/\"]}]},{\"@type\":\"BreadcrumbList\",\"@id\":\"https:\/\/franciscanos.org.br\/vidacrista\/a-agonia-do-eu\/#breadcrumb\",\"itemListElement\":[{\"@type\":\"ListItem\",\"position\":1,\"name\":\"Home\",\"item\":\"https:\/\/franciscanos.org.br\/vidacrista\/\"},{\"@type\":\"ListItem\",\"position\":2,\"name\":\"A agonia do eu\"}]},{\"@type\":\"Person\",\"@id\":\"https:\/\/franciscanos.org.br\/vidacrista\/#\/schema\/person\/1880bdd2c350b735648725ef7614736a\",\"name\":\"moacir\",\"image\":{\"@type\":\"ImageObject\",\"inLanguage\":\"pt-BR\",\"@id\":\"https:\/\/franciscanos.org.br\/vidacrista\/#\/schema\/person\/image\/\",\"url\":\"https:\/\/secure.gravatar.com\/avatar\/d08aa2ce4c8dd416d4479aa8536fcf64?s=96&d=mm&r=g\",\"contentUrl\":\"https:\/\/secure.gravatar.com\/avatar\/d08aa2ce4c8dd416d4479aa8536fcf64?s=96&d=mm&r=g\",\"caption\":\"moacir\"},\"url\":\"https:\/\/franciscanos.org.br\/vidacrista\/author\/moacir\/\"}]}<\/script>\n<!-- \/ Yoast SEO plugin. -->","yoast_head_json":{"title":"A agonia do eu - Vida Crist\u00e3 - Franciscanos","robots":{"index":"index","follow":"follow","max-snippet":"max-snippet:-1","max-image-preview":"max-image-preview:large","max-video-preview":"max-video-preview:-1"},"canonical":"https:\/\/franciscanos.org.br\/vidacrista\/a-agonia-do-eu\/","og_locale":"pt_BR","og_type":"article","og_title":"A agonia do eu - Vida Crist\u00e3 - Franciscanos","og_description":"Artigo de Pe. Ademir Guedes Azevedo","og_url":"https:\/\/franciscanos.org.br\/vidacrista\/a-agonia-do-eu\/","og_site_name":"Vida Crist\u00e3 - Franciscanos","article_published_time":"2020-05-18T10:20:49+00:00","article_modified_time":"2021-08-26T12:59:14+00:00","og_image":[{"width":800,"height":601,"url":"https:\/\/franciscanos.org.br\/vidacrista\/wp-content\/uploads\/2020\/05\/artigo_0308_7d.png","type":"image\/png"}],"author":"moacir","twitter_card":"summary_large_image","twitter_misc":{"Escrito por":"moacir","Est. tempo de leitura":"4 minutos"},"schema":{"@context":"https:\/\/schema.org","@graph":[{"@type":"WebSite","@id":"https:\/\/franciscanos.org.br\/vidacrista\/#website","url":"https:\/\/franciscanos.org.br\/vidacrista\/","name":"Vida Crist\u00e3 - Franciscanos","description":"Prov\u00edncia Franciscana da Imaculada Concei\u00e7\u00e3o do Brasil - Ordem dos Frades Menores","potentialAction":[{"@type":"SearchAction","target":{"@type":"EntryPoint","urlTemplate":"https:\/\/franciscanos.org.br\/vidacrista\/?s={search_term_string}"},"query-input":"required name=search_term_string"}],"inLanguage":"pt-BR"},{"@type":"WebPage","@id":"https:\/\/franciscanos.org.br\/vidacrista\/a-agonia-do-eu\/","url":"https:\/\/franciscanos.org.br\/vidacrista\/a-agonia-do-eu\/","name":"A agonia do eu - Vida Crist\u00e3 - Franciscanos","isPartOf":{"@id":"https:\/\/franciscanos.org.br\/vidacrista\/#website"},"datePublished":"2020-05-18T10:20:49+00:00","dateModified":"2021-08-26T12:59:14+00:00","author":{"@id":"https:\/\/franciscanos.org.br\/vidacrista\/#\/schema\/person\/1880bdd2c350b735648725ef7614736a"},"breadcrumb":{"@id":"https:\/\/franciscanos.org.br\/vidacrista\/a-agonia-do-eu\/#breadcrumb"},"inLanguage":"pt-BR","potentialAction":[{"@type":"ReadAction","target":["https:\/\/franciscanos.org.br\/vidacrista\/a-agonia-do-eu\/"]}]},{"@type":"BreadcrumbList","@id":"https:\/\/franciscanos.org.br\/vidacrista\/a-agonia-do-eu\/#breadcrumb","itemListElement":[{"@type":"ListItem","position":1,"name":"Home","item":"https:\/\/franciscanos.org.br\/vidacrista\/"},{"@type":"ListItem","position":2,"name":"A agonia do eu"}]},{"@type":"Person","@id":"https:\/\/franciscanos.org.br\/vidacrista\/#\/schema\/person\/1880bdd2c350b735648725ef7614736a","name":"moacir","image":{"@type":"ImageObject","inLanguage":"pt-BR","@id":"https:\/\/franciscanos.org.br\/vidacrista\/#\/schema\/person\/image\/","url":"https:\/\/secure.gravatar.com\/avatar\/d08aa2ce4c8dd416d4479aa8536fcf64?s=96&d=mm&r=g","contentUrl":"https:\/\/secure.gravatar.com\/avatar\/d08aa2ce4c8dd416d4479aa8536fcf64?s=96&d=mm&r=g","caption":"moacir"},"url":"https:\/\/franciscanos.org.br\/vidacrista\/author\/moacir\/"}]}},"_links":{"self":[{"href":"https:\/\/franciscanos.org.br\/vidacrista\/wp-json\/wp\/v2\/posts\/184353"}],"collection":[{"href":"https:\/\/franciscanos.org.br\/vidacrista\/wp-json\/wp\/v2\/posts"}],"about":[{"href":"https:\/\/franciscanos.org.br\/vidacrista\/wp-json\/wp\/v2\/types\/post"}],"author":[{"embeddable":true,"href":"https:\/\/franciscanos.org.br\/vidacrista\/wp-json\/wp\/v2\/users\/3"}],"replies":[{"embeddable":true,"href":"https:\/\/franciscanos.org.br\/vidacrista\/wp-json\/wp\/v2\/comments?post=184353"}],"version-history":[{"count":7,"href":"https:\/\/franciscanos.org.br\/vidacrista\/wp-json\/wp\/v2\/posts\/184353\/revisions"}],"predecessor-version":[{"id":190228,"href":"https:\/\/franciscanos.org.br\/vidacrista\/wp-json\/wp\/v2\/posts\/184353\/revisions\/190228"}],"wp:featuredmedia":[{"embeddable":true,"href":"https:\/\/franciscanos.org.br\/vidacrista\/wp-json\/wp\/v2\/media\/187413"}],"wp:attachment":[{"href":"https:\/\/franciscanos.org.br\/vidacrista\/wp-json\/wp\/v2\/media?parent=184353"}],"wp:term":[{"taxonomy":"category","embeddable":true,"href":"https:\/\/franciscanos.org.br\/vidacrista\/wp-json\/wp\/v2\/categories?post=184353"},{"taxonomy":"post_tag","embeddable":true,"href":"https:\/\/franciscanos.org.br\/vidacrista\/wp-json\/wp\/v2\/tags?post=184353"}],"curies":[{"name":"wp","href":"https:\/\/api.w.org\/{rel}","templated":true}]}}