{"id":184341,"date":"2020-05-14T10:55:31","date_gmt":"2020-05-14T13:55:31","guid":{"rendered":"https:\/\/franciscanos.org.br\/vidacrista\/?p=184341"},"modified":"2020-07-24T13:46:39","modified_gmt":"2020-07-24T16:46:39","slug":"o-paraclito-e-o-amor-que-une-vidas-em-tempos-de-pandemia-a-partir-de-jo-1415-21","status":"publish","type":"post","link":"https:\/\/franciscanos.org.br\/vidacrista\/o-paraclito-e-o-amor-que-une-vidas-em-tempos-de-pandemia-a-partir-de-jo-1415-21\/","title":{"rendered":"O Par\u00e1clito e o amor que une vidas em tempos de pandemia a partir de Jo 14,15-21"},"content":{"rendered":"<div id=\"attachment_186854\" style=\"width: 850px\" class=\"wp-caption alignnone\"><img aria-describedby=\"caption-attachment-186854\" decoding=\"async\" loading=\"lazy\" class=\"wp-image-186854 size-full\" src=\"https:\/\/franciscanos.org.br\/vidacrista\/wp-content\/uploads\/2020\/05\/artigo_2307_3.png\" alt=\"\" width=\"840\" height=\"450\" srcset=\"https:\/\/franciscanos.org.br\/vidacrista\/wp-content\/uploads\/2020\/05\/artigo_2307_3.png 840w, https:\/\/franciscanos.org.br\/vidacrista\/wp-content\/uploads\/2020\/05\/artigo_2307_3-450x241.png 450w, https:\/\/franciscanos.org.br\/vidacrista\/wp-content\/uploads\/2020\/05\/artigo_2307_3-768x411.png 768w, https:\/\/franciscanos.org.br\/vidacrista\/wp-content\/uploads\/2020\/05\/artigo_2307_3-150x80.png 150w\" sizes=\"(max-width: 840px) 100vw, 840px\" \/><p id=\"caption-attachment-186854\" class=\"wp-caption-text\">\u00a0 \u00a0 \u00a0 \u00a0 \u00a0 \u00a0 \u00a0 \u00a0 \u00a0 \u00a0 \u00a0 \u00a0 \u00a0 \u00a0 \u00a0 \u00a0 \u00a0 \u00a0 \u00a0 \u00a0 \u00a0 \u00a0 \u00a0 \u00a0 \u00a0 \u00a0 \u00a0 \u00a0 \u00a0 \u00a0 \u00a0 \u00a0 \u00a0 \u00a0 \u00a0 \u00a0 \u00a0 \u00a0 \u00a0 \u00a0 \u00a0 \u00a0 \u00a0 \u00a0 \u00a0 \u00a0 \u00a0 \u00a0 \u00a0 \u00a0 \u00a0 \u00a0 \u00a0 \u00a0 \u00a0 \u00a0 \u00a0 \u00a0 \u00a0 \u00a0 \u00a0 \u00a0 \u00a0 \u00a0 \u00a0 \u00a0 \u00a0 \u00a0 \u00a0 \u00a0 \u00a0 \u00a0 \u00a0 \u00a0 \u00a0 \u00a0 \u00a0 <em>Imagem ilustrativa (fonte: Pexels)<\/em><\/p><\/div>\n<p><em>Frei Jacir de Freitas Faria<\/em><a href=\"#_ftn1\" name=\"_ftnref1\">[1]<\/a><\/p>\n<p><strong>\u00a0<\/strong>A passagem de Jo 14,15-21 \u00e9 a continuidade dos vers\u00edculos anteriores do cap\u00edtulo quatorze do evangelho de Jo\u00e3o, os quais nos mostram Jesus fazendo um discurso de despedida dos seus ap\u00f3stolos e afirmando que na casa do seu Pai h\u00e1 muitas moradas, e que ele \u00e9 o caminho, a verdade e a vida.<\/p>\n<p>Em Jo 14,15-21, Jesus acrescenta tr\u00eas outros elementos: o mandamento do amor, a garantia de que os ap\u00f3stolos n\u00e3o ficariam \u00f3rf\u00e3os e que o Pai enviaria o Esp\u00edrito Santo Par\u00e1clito. Qual o sentido dessas palavras de Jesus? Como atualizar essas palavras de Jesus no contexto atual? Ressalto, primeiro, que Jo 14,15-21 come\u00e7a e termina falando de mandamento. Literariamente, estamos diante de uma inclus\u00e3o, isto \u00e9, a mesma coisa dita no in\u00edcio e no fim de um texto, fazendo o papel de um envelope, um inv\u00f3lucro, que guarda algo importante dentro dele. E a\u00ed vem outra pergunta: Por que Jesus uniu mandamento ao amor? Ele disse: Se me amais, observai o meu mandamento\u201d (v. 15).<\/p>\n<p>Comecemos pela \u00faltima pergunta. Permita-me explicar a quest\u00e3o a partir da origem do substantivo mandamento. No latim, l\u00edngua que deu origem ao nosso portugu\u00eas, mandamento vem de m<em>andatum <\/em>(cargo ou encargo), mas tamb\u00e9m do verbo<em> mandare, <\/em>composto de<em> manu <\/em>(m\u00e3os)<em> + dare <\/em>(dar). Isso quer dizer que mandamento \u00e9 dar com as m\u00e3os, entregar em m\u00e3o. Dar com as m\u00e3os \u00e9 oferecer algo. E \u00e9 isso mesmo. A m\u00e3o est\u00e1 sempre al\u00e9m do nosso corpo para dar e afagar, cumprimentar. E como estamos sentido falta desse gesto t\u00e3o caro para n\u00f3s neste tempo de pandemia. Estamos sendo for\u00e7ados a nos privar do abra\u00e7o, do dar as m\u00e3os, uma das coisas mais sublime na condi\u00e7\u00e3o humana.<\/p>\n<p>Isso \u00e9 t\u00e3o marcante que na cerim\u00f4nia religiosa do matrim\u00f4nio, quando o celebrante pede aos noivos que se deem as m\u00e3os, \u00e9 que ocorre o ato sublime do amor: \u201cEu te recebo como meu (minha) esposo (a) e te prometo amar-te, respeitar-te por todos os dias de nossas vidas.\u201d Lindas palavras. E \u00e9 isso mesmo: m\u00e3os foram feitas para dar amor. Por isso, Jesus disse: \u201cQuem me ama, ser\u00e1 amado pelo meu Pai, e eu o amarei e me manifestarei a ele\u201d (v. 21).<\/p>\n<p>Jesus \u00e9 a extens\u00e3o do amor do Pai, assim como o filho \u00e9 a extens\u00e3o do amor da m\u00e3e. Um outro detalhe, o m\u00eas de maio \u00e9 considerado tamb\u00e9m o m\u00eas da m\u00e3e, de Maria, das noivas e das flores. Flores, sinal de amor ofertado pelas m\u00e3os que carregam sempre o perfume da flor, isto \u00e9, o amor que deve ser levado para outras m\u00e3os.<\/p>\n<p>Dar as m\u00e3os \u00e9 um pacto, uma alian\u00e7a, um mandamento. Por isso, Jesus, na sua despedida, d\u00e1 aos disc\u00edpulos e a n\u00f3s, outra certeza: \u201cN\u00e3o vos deixarei \u00f3rf\u00e3os\u201d (v.18). A orfandade \u00e9 algo terr\u00edvel. O \u00f3rf\u00e3o \u00e9 algu\u00e9m sem base, sem alicerce. Perder pai e m\u00e3e na inf\u00e2ncia \u00e9 o exemplo cl\u00e1ssico para se falar de uma crian\u00e7a \u00f3rf\u00e3. Ela ter\u00e1 a vida marcada por esse fato. Os adultos tamb\u00e9m se sentem \u00f3rf\u00e3os quando os pais falecem. H\u00e1 tamb\u00e9m, no entanto, os \u00f3rf\u00e3os de rela\u00e7\u00f5es que se partiram durante a vida. Quem n\u00e3o consegue se reestruturar, viver\u00e1 eternamente amargurado.<\/p>\n<p>Para garantir aos ap\u00f3stolos que a sua morte n\u00e3o seria o fim, Jesus lhes promete que o Pai lhes enviaria o Esp\u00edrito Santo Par\u00e1clito (vv.16.26). Estamos diante de uma palavra n\u00e3o muito comum aos nossos ouvidos: Par\u00e1clito. Permita-me tamb\u00e9m explicar a sua origem. Par\u00e1clito \u00e9 um substantivo grego, composto por <em>par\u00e1 + kletos <\/em>\u2013 aquele que chama para junto. <em>Kaleo <\/em>\u00e9 chamar, e <em>par\u00e1 <\/em>\u00e9 junto. Assim, Jesus quer dizer: meu Pai deixar\u00e1 ao lado de voc\u00ea seu Esp\u00edrito que \u00e9 da Verdade, Santo e seu Defensor diante das dificuldades da vida. Note que o texto fala de outro Par\u00e1clito, outro defensor, pois o primeiro Par\u00e1clito \u00e9 Jesus mesmo (v.16.26).<\/p>\n<p>Interessante, que \u00e9 isso que fazemos quando estamos em dificuldades e precisamos de algu\u00e9m que nos ajude: chamamos um defensor, que fale por n\u00f3s e nos defenda. \u00c9 o caso do nosso advogado de defesa. Advogado quem \u00e9 em latim, tem o mesmo significado de Par\u00e1clito, isto \u00e9: <em>ad + vocatus <\/em>\u2013 o que chama e est\u00e1 ao nosso lado. Par\u00e1clito \u00e9 o Esp\u00edrito da verdade! \u00c9 o que tamb\u00e9m esperamos de todos os advogados, serem um defensor da verdade. Eu me lembro que quando fui ordenado presb\u00edtero em Divin\u00f3polis, nome que significa a Cidade do Divino, o bispo ordenante, Dom Querino, me disse: \u201caqui na cidade do Divino evoco o Esp\u00edrito Santo Par\u00e1clito. Ele ser\u00e1 seu defensor por toda a vida.<\/p>\n<p>Outro elemento que n\u00e3o posso deixar de ressaltar em Jo 14,12-21 \u00e9 que Jesus nos orienta a pedir em ora\u00e7\u00e3o: \u201ctudo que pedirdes em meu nome, eu o farei\u201d (v.14). E com isso, posso concluir que o discurso de Jesus no cap\u00edtulo 14 \u00e9 de despedida, mas isso n\u00e3o \u00e9 ponto principal da narrativa, mas a vida dos disc\u00edpulos que ficariam sem Ele, que n\u00e3o estaria morto, mas vivo neles.<\/p>\n<p>Muitos poderiam dizer que a solu\u00e7\u00e3o, ent\u00e3o, estaria na volta de Jesus, sua Parusia final. E como isso j\u00e1 deu pano para manga na hist\u00f3ria do cristianismo, de forma positiva e negativa. A quest\u00e3o n\u00e3o \u00e9 a volta de Jesus, mas a sua presen\u00e7a permanente no meio de n\u00f3s por meio do amor que estende a m\u00e3o; no dom do Esp\u00edrito Par\u00e1clito, na ora\u00e7\u00e3o eficaz e na paz. Jesus, o primeiro Par\u00e1clito e o Esp\u00edrito Santo tamb\u00e9m Par\u00e1clito nunca nos abandonar\u00e1.<\/p>\n<p>Para terminar, gostaria de frisar a import\u00e2ncia de viver tudo isso em nossos dias. A pandemia do Coronav\u00edrus est\u00e1 deixando o mundo mais empobrecido, com famintos por todos os cantos da terra. Os economistas preveem uma quebradeira total, uma recess\u00e3o jamais vista em n\u00edvel mundial. Por isso, o evangelho que refletimos nos convoca a repartir, estender suas m\u00e3os aos que nada t\u00eam, aos que perderam com a pandemia, a ser um defensor, um par\u00e1clito na vida do outro. Em outras palavras: solidariedade para reconstruir a nossa vida no planeta terra. Coragem! M\u00e3os estendidas para repartir.<\/p>\n<hr \/>\n<p><a href=\"#_ftnref1\" name=\"_ftn1\">[1]<\/a> Doutor em Teologia B\u00edblica pela Faculdade Jesu\u00edta de Filosofia e Teologia (Faje). Mestre em Ci\u00eancias B\u00edblicas (Exegese) pelo Pontif\u00edcio Instituto B\u00edblico (Roma). Reitor e professor no Instituto Santo Tom\u00e1s de Aquino (ISTA\/BH) <a href=\"http:\/\/www.bibliaeapocrifos.com.br\">www.bibliaeapocrifos.com.br<\/a><\/p>\n","protected":false},"excerpt":{"rendered":"<p>Artigo de Frei Jacir de Freitas Faria<\/p>\n","protected":false},"author":3,"featured_media":186855,"comment_status":"open","ping_status":"open","sticky":false,"template":"","format":"standard","meta":{"footnotes":""},"categories":[26],"tags":[43],"yoast_head":"<!-- This site is optimized with the Yoast SEO plugin v19.4 - https:\/\/yoast.com\/wordpress\/plugins\/seo\/ -->\n<title>O Par\u00e1clito e o amor que une vidas em tempos de pandemia a partir de Jo 14,15-21 - Vida Crist\u00e3 - Franciscanos<\/title>\n<meta name=\"robots\" content=\"index, follow, max-snippet:-1, max-image-preview:large, max-video-preview:-1\" \/>\n<link rel=\"canonical\" href=\"https:\/\/franciscanos.org.br\/vidacrista\/o-paraclito-e-o-amor-que-une-vidas-em-tempos-de-pandemia-a-partir-de-jo-1415-21\/\" \/>\n<meta property=\"og:locale\" content=\"pt_BR\" \/>\n<meta property=\"og:type\" content=\"article\" \/>\n<meta property=\"og:title\" content=\"O Par\u00e1clito e o amor que une vidas em tempos de pandemia a partir de Jo 14,15-21 - Vida Crist\u00e3 - Franciscanos\" \/>\n<meta property=\"og:description\" content=\"Artigo de Frei Jacir de Freitas Faria\" \/>\n<meta property=\"og:url\" content=\"https:\/\/franciscanos.org.br\/vidacrista\/o-paraclito-e-o-amor-que-une-vidas-em-tempos-de-pandemia-a-partir-de-jo-1415-21\/\" \/>\n<meta property=\"og:site_name\" content=\"Vida Crist\u00e3 - Franciscanos\" \/>\n<meta property=\"article:published_time\" content=\"2020-05-14T13:55:31+00:00\" \/>\n<meta property=\"article:modified_time\" content=\"2020-07-24T16:46:39+00:00\" \/>\n<meta property=\"og:image\" content=\"https:\/\/franciscanos.org.br\/vidacrista\/wp-content\/uploads\/2020\/05\/artigo_2307_3d.png\" \/>\n\t<meta property=\"og:image:width\" content=\"800\" \/>\n\t<meta property=\"og:image:height\" content=\"600\" \/>\n\t<meta property=\"og:image:type\" content=\"image\/png\" \/>\n<meta name=\"author\" content=\"moacir\" \/>\n<meta name=\"twitter:card\" content=\"summary_large_image\" \/>\n<meta name=\"twitter:label1\" content=\"Escrito por\" \/>\n\t<meta name=\"twitter:data1\" content=\"moacir\" \/>\n\t<meta name=\"twitter:label2\" content=\"Est. tempo de leitura\" \/>\n\t<meta name=\"twitter:data2\" content=\"6 minutos\" \/>\n<script type=\"application\/ld+json\" class=\"yoast-schema-graph\">{\"@context\":\"https:\/\/schema.org\",\"@graph\":[{\"@type\":\"WebSite\",\"@id\":\"https:\/\/franciscanos.org.br\/vidacrista\/#website\",\"url\":\"https:\/\/franciscanos.org.br\/vidacrista\/\",\"name\":\"Vida Crist\u00e3 - Franciscanos\",\"description\":\"Prov\u00edncia Franciscana da Imaculada Concei\u00e7\u00e3o do Brasil - Ordem dos Frades Menores\",\"potentialAction\":[{\"@type\":\"SearchAction\",\"target\":{\"@type\":\"EntryPoint\",\"urlTemplate\":\"https:\/\/franciscanos.org.br\/vidacrista\/?s={search_term_string}\"},\"query-input\":\"required name=search_term_string\"}],\"inLanguage\":\"pt-BR\"},{\"@type\":\"WebPage\",\"@id\":\"https:\/\/franciscanos.org.br\/vidacrista\/o-paraclito-e-o-amor-que-une-vidas-em-tempos-de-pandemia-a-partir-de-jo-1415-21\/\",\"url\":\"https:\/\/franciscanos.org.br\/vidacrista\/o-paraclito-e-o-amor-que-une-vidas-em-tempos-de-pandemia-a-partir-de-jo-1415-21\/\",\"name\":\"O Par\u00e1clito e o amor que une vidas em tempos de pandemia a partir de Jo 14,15-21 - Vida Crist\u00e3 - Franciscanos\",\"isPartOf\":{\"@id\":\"https:\/\/franciscanos.org.br\/vidacrista\/#website\"},\"datePublished\":\"2020-05-14T13:55:31+00:00\",\"dateModified\":\"2020-07-24T16:46:39+00:00\",\"author\":{\"@id\":\"https:\/\/franciscanos.org.br\/vidacrista\/#\/schema\/person\/1880bdd2c350b735648725ef7614736a\"},\"breadcrumb\":{\"@id\":\"https:\/\/franciscanos.org.br\/vidacrista\/o-paraclito-e-o-amor-que-une-vidas-em-tempos-de-pandemia-a-partir-de-jo-1415-21\/#breadcrumb\"},\"inLanguage\":\"pt-BR\",\"potentialAction\":[{\"@type\":\"ReadAction\",\"target\":[\"https:\/\/franciscanos.org.br\/vidacrista\/o-paraclito-e-o-amor-que-une-vidas-em-tempos-de-pandemia-a-partir-de-jo-1415-21\/\"]}]},{\"@type\":\"BreadcrumbList\",\"@id\":\"https:\/\/franciscanos.org.br\/vidacrista\/o-paraclito-e-o-amor-que-une-vidas-em-tempos-de-pandemia-a-partir-de-jo-1415-21\/#breadcrumb\",\"itemListElement\":[{\"@type\":\"ListItem\",\"position\":1,\"name\":\"Home\",\"item\":\"https:\/\/franciscanos.org.br\/vidacrista\/\"},{\"@type\":\"ListItem\",\"position\":2,\"name\":\"O Par\u00e1clito e o amor que une vidas em tempos de pandemia a partir de Jo 14,15-21\"}]},{\"@type\":\"Person\",\"@id\":\"https:\/\/franciscanos.org.br\/vidacrista\/#\/schema\/person\/1880bdd2c350b735648725ef7614736a\",\"name\":\"moacir\",\"image\":{\"@type\":\"ImageObject\",\"inLanguage\":\"pt-BR\",\"@id\":\"https:\/\/franciscanos.org.br\/vidacrista\/#\/schema\/person\/image\/\",\"url\":\"https:\/\/secure.gravatar.com\/avatar\/d08aa2ce4c8dd416d4479aa8536fcf64?s=96&d=mm&r=g\",\"contentUrl\":\"https:\/\/secure.gravatar.com\/avatar\/d08aa2ce4c8dd416d4479aa8536fcf64?s=96&d=mm&r=g\",\"caption\":\"moacir\"},\"url\":\"https:\/\/franciscanos.org.br\/vidacrista\/author\/moacir\/\"}]}<\/script>\n<!-- \/ Yoast SEO plugin. -->","yoast_head_json":{"title":"O Par\u00e1clito e o amor que une vidas em tempos de pandemia a partir de Jo 14,15-21 - Vida Crist\u00e3 - Franciscanos","robots":{"index":"index","follow":"follow","max-snippet":"max-snippet:-1","max-image-preview":"max-image-preview:large","max-video-preview":"max-video-preview:-1"},"canonical":"https:\/\/franciscanos.org.br\/vidacrista\/o-paraclito-e-o-amor-que-une-vidas-em-tempos-de-pandemia-a-partir-de-jo-1415-21\/","og_locale":"pt_BR","og_type":"article","og_title":"O Par\u00e1clito e o amor que une vidas em tempos de pandemia a partir de Jo 14,15-21 - Vida Crist\u00e3 - Franciscanos","og_description":"Artigo de Frei Jacir de Freitas Faria","og_url":"https:\/\/franciscanos.org.br\/vidacrista\/o-paraclito-e-o-amor-que-une-vidas-em-tempos-de-pandemia-a-partir-de-jo-1415-21\/","og_site_name":"Vida Crist\u00e3 - Franciscanos","article_published_time":"2020-05-14T13:55:31+00:00","article_modified_time":"2020-07-24T16:46:39+00:00","og_image":[{"width":800,"height":600,"url":"https:\/\/franciscanos.org.br\/vidacrista\/wp-content\/uploads\/2020\/05\/artigo_2307_3d.png","type":"image\/png"}],"author":"moacir","twitter_card":"summary_large_image","twitter_misc":{"Escrito por":"moacir","Est. tempo de leitura":"6 minutos"},"schema":{"@context":"https:\/\/schema.org","@graph":[{"@type":"WebSite","@id":"https:\/\/franciscanos.org.br\/vidacrista\/#website","url":"https:\/\/franciscanos.org.br\/vidacrista\/","name":"Vida Crist\u00e3 - Franciscanos","description":"Prov\u00edncia Franciscana da Imaculada Concei\u00e7\u00e3o do Brasil - Ordem dos Frades Menores","potentialAction":[{"@type":"SearchAction","target":{"@type":"EntryPoint","urlTemplate":"https:\/\/franciscanos.org.br\/vidacrista\/?s={search_term_string}"},"query-input":"required name=search_term_string"}],"inLanguage":"pt-BR"},{"@type":"WebPage","@id":"https:\/\/franciscanos.org.br\/vidacrista\/o-paraclito-e-o-amor-que-une-vidas-em-tempos-de-pandemia-a-partir-de-jo-1415-21\/","url":"https:\/\/franciscanos.org.br\/vidacrista\/o-paraclito-e-o-amor-que-une-vidas-em-tempos-de-pandemia-a-partir-de-jo-1415-21\/","name":"O Par\u00e1clito e o amor que une vidas em tempos de pandemia a partir de Jo 14,15-21 - Vida Crist\u00e3 - Franciscanos","isPartOf":{"@id":"https:\/\/franciscanos.org.br\/vidacrista\/#website"},"datePublished":"2020-05-14T13:55:31+00:00","dateModified":"2020-07-24T16:46:39+00:00","author":{"@id":"https:\/\/franciscanos.org.br\/vidacrista\/#\/schema\/person\/1880bdd2c350b735648725ef7614736a"},"breadcrumb":{"@id":"https:\/\/franciscanos.org.br\/vidacrista\/o-paraclito-e-o-amor-que-une-vidas-em-tempos-de-pandemia-a-partir-de-jo-1415-21\/#breadcrumb"},"inLanguage":"pt-BR","potentialAction":[{"@type":"ReadAction","target":["https:\/\/franciscanos.org.br\/vidacrista\/o-paraclito-e-o-amor-que-une-vidas-em-tempos-de-pandemia-a-partir-de-jo-1415-21\/"]}]},{"@type":"BreadcrumbList","@id":"https:\/\/franciscanos.org.br\/vidacrista\/o-paraclito-e-o-amor-que-une-vidas-em-tempos-de-pandemia-a-partir-de-jo-1415-21\/#breadcrumb","itemListElement":[{"@type":"ListItem","position":1,"name":"Home","item":"https:\/\/franciscanos.org.br\/vidacrista\/"},{"@type":"ListItem","position":2,"name":"O Par\u00e1clito e o amor que une vidas em tempos de pandemia a partir de Jo 14,15-21"}]},{"@type":"Person","@id":"https:\/\/franciscanos.org.br\/vidacrista\/#\/schema\/person\/1880bdd2c350b735648725ef7614736a","name":"moacir","image":{"@type":"ImageObject","inLanguage":"pt-BR","@id":"https:\/\/franciscanos.org.br\/vidacrista\/#\/schema\/person\/image\/","url":"https:\/\/secure.gravatar.com\/avatar\/d08aa2ce4c8dd416d4479aa8536fcf64?s=96&d=mm&r=g","contentUrl":"https:\/\/secure.gravatar.com\/avatar\/d08aa2ce4c8dd416d4479aa8536fcf64?s=96&d=mm&r=g","caption":"moacir"},"url":"https:\/\/franciscanos.org.br\/vidacrista\/author\/moacir\/"}]}},"_links":{"self":[{"href":"https:\/\/franciscanos.org.br\/vidacrista\/wp-json\/wp\/v2\/posts\/184341"}],"collection":[{"href":"https:\/\/franciscanos.org.br\/vidacrista\/wp-json\/wp\/v2\/posts"}],"about":[{"href":"https:\/\/franciscanos.org.br\/vidacrista\/wp-json\/wp\/v2\/types\/post"}],"author":[{"embeddable":true,"href":"https:\/\/franciscanos.org.br\/vidacrista\/wp-json\/wp\/v2\/users\/3"}],"replies":[{"embeddable":true,"href":"https:\/\/franciscanos.org.br\/vidacrista\/wp-json\/wp\/v2\/comments?post=184341"}],"version-history":[{"count":4,"href":"https:\/\/franciscanos.org.br\/vidacrista\/wp-json\/wp\/v2\/posts\/184341\/revisions"}],"predecessor-version":[{"id":186953,"href":"https:\/\/franciscanos.org.br\/vidacrista\/wp-json\/wp\/v2\/posts\/184341\/revisions\/186953"}],"wp:featuredmedia":[{"embeddable":true,"href":"https:\/\/franciscanos.org.br\/vidacrista\/wp-json\/wp\/v2\/media\/186855"}],"wp:attachment":[{"href":"https:\/\/franciscanos.org.br\/vidacrista\/wp-json\/wp\/v2\/media?parent=184341"}],"wp:term":[{"taxonomy":"category","embeddable":true,"href":"https:\/\/franciscanos.org.br\/vidacrista\/wp-json\/wp\/v2\/categories?post=184341"},{"taxonomy":"post_tag","embeddable":true,"href":"https:\/\/franciscanos.org.br\/vidacrista\/wp-json\/wp\/v2\/tags?post=184341"}],"curies":[{"name":"wp","href":"https:\/\/api.w.org\/{rel}","templated":true}]}}