{"id":184201,"date":"2020-05-03T07:28:27","date_gmt":"2020-05-03T10:28:27","guid":{"rendered":"https:\/\/franciscanos.org.br\/vidacrista\/?p=184201"},"modified":"2020-07-24T14:00:41","modified_gmt":"2020-07-24T17:00:41","slug":"voltar-a-normalidade-e-se-autocondenar","status":"publish","type":"post","link":"https:\/\/franciscanos.org.br\/vidacrista\/voltar-a-normalidade-e-se-autocondenar\/","title":{"rendered":"\u00a0Voltar \u00e0 \u201cnormalidade\u201d \u00e9 se autocondenar"},"content":{"rendered":"<div id=\"attachment_186410\" style=\"width: 850px\" class=\"wp-caption alignnone\"><img aria-describedby=\"caption-attachment-186410\" decoding=\"async\" loading=\"lazy\" class=\"wp-image-186410 size-full\" src=\"https:\/\/franciscanos.org.br\/vidacrista\/wp-content\/uploads\/2020\/05\/artigo_0803.jpg\" alt=\"\" width=\"840\" height=\"450\" srcset=\"https:\/\/franciscanos.org.br\/vidacrista\/wp-content\/uploads\/2020\/05\/artigo_0803.jpg 840w, https:\/\/franciscanos.org.br\/vidacrista\/wp-content\/uploads\/2020\/05\/artigo_0803-450x241.jpg 450w, https:\/\/franciscanos.org.br\/vidacrista\/wp-content\/uploads\/2020\/05\/artigo_0803-768x411.jpg 768w, https:\/\/franciscanos.org.br\/vidacrista\/wp-content\/uploads\/2020\/05\/artigo_0803-150x80.jpg 150w\" sizes=\"(max-width: 840px) 100vw, 840px\" \/><p id=\"caption-attachment-186410\" class=\"wp-caption-text\">\u00a0 \u00a0 \u00a0 \u00a0 \u00a0 \u00a0 \u00a0 \u00a0 \u00a0 \u00a0 \u00a0 \u00a0 \u00a0 \u00a0 \u00a0 \u00a0 \u00a0 \u00a0 \u00a0 \u00a0 \u00a0 \u00a0 \u00a0 \u00a0 \u00a0 \u00a0 \u00a0 \u00a0 \u00a0 \u00a0 \u00a0 \u00a0 \u00a0 \u00a0 \u00a0 \u00a0 \u00a0 \u00a0 \u00a0 \u00a0 \u00a0 \u00a0 \u00a0 \u00a0 \u00a0 \u00a0 \u00a0 \u00a0 \u00a0 \u00a0 \u00a0 \u00a0 \u00a0 \u00a0 \u00a0 \u00a0 \u00a0 \u00a0 \u00a0 <em>\u00a0 \u00a0Imagem ilustrativa (fonte: Prov\u00edncia da Imaculada<\/em>)<\/p><\/div>\n<p style=\"font-weight: 400;\"><strong>\u00a0Leonardo Boff<\/strong><\/p>\n<p style=\"font-weight: 400;\">Quando passar a pandemia do coronav\u00edrus n\u00e3o nos ser\u00e1 permitido voltar \u00e0 \u201cnormalidade\u201d anterior. Seria, em primeiro lugar, um desprezo pelos milhares que morreram sufocados pelo v\u00edrus e uma falta de solidariedade para com os parentes e amigos. Em segundo lugar, seria uma demonstra\u00e7\u00e3o de que n\u00e3o aprendemos nada daquilo que \u00e9 ou foi mais que uma crise, mas um chamado urgente para mudarmos a nossa forma de habitar a \u00fanica Casa Comum. Temos a ver com um\u00a0\u00a0apelo da pr\u00f3pria Terra viva, esse superorganismo que se auto-regula do qual somos sua por\u00e7\u00e3o inteligente e consciente.<\/p>\n<p style=\"font-weight: 400;\"><strong>\u00a0 \u00a0 \u00a0 \u00a0 \u00a0 \u00a0<\/strong><strong>O atual sistema p\u00f5e em risco as bases da vida<\/strong><\/p>\n<p style=\"font-weight: 400;\">Voltar \u00e0 conforma\u00e7\u00e3o anterior do mundo, hegemonizado pelo capitalismo neoliberal, incapaz de resolver suas contradi\u00e7\u00f5es internas e cujo DNA \u00e9 sua voracidade por um crescimento ilimitado \u00e0 custa da superexplora\u00e7\u00e3o da natureza e da indiferen\u00e7a face \u00e0 pobreza e mis\u00e9ria da grande maioria da humanidade produzida por ele,\u00a0\u00a0\u00e9 esquecer que tal conforma\u00e7\u00e3o est\u00e1 abalando os fundamentos ecol\u00f3gicos que sustentam toda a vida no planeta. Voltar \u00e0 \u201cnormalidade\u201danterior (<em>business as usual<\/em>) \u00e9 prolongar uma situa\u00e7\u00e3o que poder\u00e1 significar a nossa pr\u00f3pria autodestrui\u00e7\u00e3o.<\/p>\n<p style=\"font-weight: 400;\">Se n\u00e3o fizermos uma \u201cconvers\u00e3o ecol\u00f3gica radical\u201d, nas palavras do Papa Francisco, a Terra viva\u00a0\u00a0poder\u00e1 reagir e contra-atacar com v\u00edrus ainda mais violentos, capazes de fazer desaparecer a esp\u00e9cie humana. Essa n\u00e3o \u00e9 uma opini\u00e3o meramente pessoal, mas de muitos bi\u00f3logos, cosm\u00f3logos e ecologistas que sistematicamente acompanham a crescente degrada\u00e7\u00e3o dos sistema-vida e do sistema-Terra. Dez anos atr\u00e1s (2010), como fruto de minhas\u00a0\u00a0pesquisas em cosmologia e novo paradigma ecol\u00f3gico, escrevi o livro:<em>Cuidar da Terra-proteger a vida: como evitar o fim do mundo<\/em>\u201d (Record). Os progn\u00f3sticos que avan\u00e7ava, se viram plenamente confirmados pela atual situa\u00e7\u00e3o.<\/p>\n<p style=\"font-weight: 400;\"><strong>\u00a0\u00a0\u00a0<\/strong><strong>\u00a0\u00a0\u00a0\u00a0\u00a0\u00a0\u00a0O projeto capitalista e neoliberal foi refutado<\/strong><\/p>\n<p style=\"font-weight: 400;\">Uma li\u00e7\u00e3o desta pandemia \u00e9 esta: se tiv\u00e9ssemos seguido os ideais do capitalismo neoliberal, &#8211; competi\u00e7\u00e3o, acumula\u00e7\u00e3o privada, individualismo, primazia do mercado sobre a vida e a minimiliza\u00e7\u00e3o do Estado &#8211; a maioria da humanidade estaria perdida. O que nos tem salvado foi a coopera\u00e7\u00e3o, a interdepend\u00eancia de todos com todos, a solidariedade e um Estado suficientemente apetrechado para oferecer a chance universal de tratamento do coronav\u00edrus, no caso do Brasil, o SUS\u00a0\u00a0(Sistema \u00danico de Sa\u00fade).<\/p>\n<p style=\"font-weight: 400;\">Fizemos algumas descobertas: precisamos de um\u00a0<em>contrato social mundial<\/em>, pois somos ainda ref\u00e9ns do ultrapassado soberanismo de cada pa\u00eds. Problemas globais exigem uma solu\u00e7\u00e3o global, concertada entre todos os pa\u00edses. Vimos o desastre na Comunidade Europeia, na qual cada pa\u00eds tinha seu plano, sem considerar a coopera\u00e7\u00e3o necess\u00e1ria de outros pa\u00edses. Foi uma devasta\u00e7\u00e3o generalizada na It\u00e1lia, Espanha e\u00a0\u00a0ultimamente nos USA onde a medicina \u00e9 toda privatizada.<\/p>\n<p style=\"font-weight: 400;\">Outra descoberta foi a urg\u00eancia de\u00a0<em>um centro plural de governan\u00e7a global<\/em>\u00a0para garantir \u00e0 toda a comunidade de vida (n\u00e3o s\u00f3 a humana mas de todos os seres vivos) o suficiente e decente para viver. Os bens e servi\u00e7os naturais s\u00e3o escassos e muitos n\u00e3o renov\u00e1veis. Com eles devemos atender as demandas b\u00e1sicas do sistema-vida, pensando ainda nas futuras gera\u00e7\u00f5es. Aqui \u00e9 o lugar de se criar uma\u00a0\u00a0renda universal m\u00ednima para todos, prega\u00e7\u00e3o persistente do valoroso e digno pol\u00edtico Eduardo Suplicy.<\/p>\n<p style=\"font-weight: 400;\"><strong>\u00a0 \u00a0 \u00a0 \u00a0<\/strong><strong>Uma comunidade de destino compartilhado<\/strong><\/p>\n<p style=\"font-weight: 400;\">Os chineses viram com clareza esta exig\u00eancia ao impulsionar \u201c<em>uma comunidade de destino compartilhado para toda a humanidade<\/em>\u201d, texto incorporado no renovado artigo 35 da Constitui\u00e7\u00e3o Chinesa. Desta vez, ou nos salvamos todos ou todos engrossaremos o cortejo dos que rumam em dire\u00e7\u00e3o da sepultura coletiva. Por isso temos que mudar urgentemente o nosso modo de nos relacionar com a natureza e a Terra, n\u00e3o como senhores, montados sobre ela, delapidando-a mas como partes conscientes e respons\u00e1veis, colocando-nos junto e ao p\u00e9 dela, cuidadores de toda a vida.<\/p>\n<p style=\"font-weight: 400;\">Ao famoso TINA (<em>There Is No Alternative<\/em>), \u201cn\u00e3o h\u00e1 outra alternativa\u201d da cultura do capital, devemos contrapor outra TINA (<em>There Is a New Alternative<\/em>) \u201ch\u00e1 uma nova alternativa\u201d. Se na primeira alternativa a centralidade era ocupada pelo lucro, pelo mercado\u00a0\u00a0e pela domina\u00e7\u00e3o da natureza e dos outros (imperialismo), nesta segunda ser\u00e1 a vida em sua vasta diversidade, tamb\u00e9m humana com suas muitas culturas e tradi\u00e7\u00f5es que organizar\u00e1 a nova forma de habitar a Casa Comum. Isso \u00e9 poss\u00edvel e est\u00e1 dentro das possibilidades humanas: temos ci\u00eancia e tecnologia, temos uma acumula\u00e7\u00e3o fant\u00e1stica de riqueza monet\u00e1ria, mas falta \u00e0 grande maioria da humanidade e, pior, dos chefes de Estado a consci\u00eancia desta necessidade e a vontade pol\u00edtica de implement\u00e1-la. Talvez, face a um risco real de nosso desaparecimento como esp\u00e9cie, porque atingimos os limites insuport\u00e1veis da Terra, o instinto de sobreviv\u00eancia nos far\u00e1 soci\u00e1veis, fraternos e todos colaboradores e solid\u00e1rios uns para com\u00a0\u00a0os outros. O tempo da competi\u00e7\u00e3o passou. Agora \u00e9 o tempo da coopera\u00e7\u00e3o.<strong>\u00a0\u00a0\u00a0\u00a0\u00a0<\/strong><\/p>\n<p style=\"font-weight: 400;\"><strong>\u00a0\u00a0\u00a0\u00a0\u00a0A inaugura\u00e7\u00e3o de uma civiliza\u00e7\u00e3o biocentrada<\/strong><\/p>\n<p style=\"font-weight: 400;\">Creio que iremos inaugurar uma civiliza\u00e7\u00e3o biocentrada, cuidadosa, amiga da vida e como dizem alguns, \u201ca Terra da boa esperan\u00e7a\u201d. O \u201cbien vivir e convivir\u201d dos andinos ter\u00e1 condi\u00e7\u00f5es de\u00a0\u00a0realizar-se: a harmonia de todos com todos, na fam\u00edlia, na sociedade, com os demais seres da natureza, com as \u00e1guas, com\u00a0\u00a0montanhas e at\u00e9 com as estrelas do firmamento.<\/p>\n<p style=\"font-weight: 400;\">Como bem disse o Nobel de economia Joseph Stiglitz: \u201cTeremos uma ci\u00eancia n\u00e3o a servi\u00e7o do mercado, mas o mercado a servi\u00e7o da ci\u00eancia\u201d e eu acrescentaria, e a ci\u00eancia a servi\u00e7o da vida.<\/p>\n<p style=\"font-weight: 400;\">N\u00e3o sairemos da pandemia do coronav\u00edrus como entramos. Seguramente far-se-\u00e3o mudan\u00e7as significativas, quem sabe, at\u00e9 estruturais. Acertadamente disse a lideran\u00e7a ind\u00edgena muito conhecida, Ailton Krenak, da etnia<em> krenak<\/em>, do vale do Rio Doce: &#8220;N\u00e3o sei se vamos sair dessa experi\u00eancia da mesma maneira que entramos. \u00c9 como um tranco para olharmos o que realmente importa; o futuro \u00e9 aqui e agora, podemos n\u00e3o estar vivos amanha; tomara que n\u00e3o voltemos \u00e0 normalidade\u201d (O Globo,01\/05\/2020, B 6).<\/p>\n<p style=\"font-weight: 400;\">Logicamente, n\u00e3o podemos imaginar que as transforma\u00e7\u00f5es se far\u00e3o de um dia para o outro. \u00c9 compreens\u00edvel que as f\u00e1bricas e as cadeias produtivas v\u00e3o querer retomar a l\u00f3gica anterior. Mas n\u00e3o ser\u00e3o mais aceit\u00e1veis. Dever\u00e3o submeter-se a um processo de reconvers\u00e3o no qual todo o aparato produtivo industrial e agroindustrial dever\u00e1 incorporar como elemento essencial o fator ecol\u00f3gico. N\u00e3o basta a responsabilidade social das empresas. Impor-se-\u00e1 uma responsabilidade s\u00f3cio-<em>ecol\u00f3gica<\/em>.<\/p>\n<p style=\"font-weight: 400;\">\u00a0Buscar-se-\u00e3o energias alternativas \u00e0s f\u00f3sseis, menos impactantes sobre os ecossitemas. Cuidar-se-\u00e1 mais da atmosfera, das \u00e1guas e das florestas. A salvaguarda da biodiversidade ser\u00e1 fundamental para o futuro da vida e da alimenta\u00e7\u00e3o humana e de toda a comunidade de vida.<\/p>\n<p style=\"font-weight: 400;\"><strong>\u00a0 \u00a0 \u00a0 \u00a0 \u00a0 <\/strong><strong>Que tipo de Terra queremos para o futuro?<\/strong><\/p>\n<p style=\"font-weight: 400;\">Seguramente haver\u00e1 uma grande discuss\u00e3o de ideias sobre que futuro queremos e que tipo de Terra na qual queremos habitar. Qual ser\u00e1 a conforma\u00e7\u00e3o mais adequada \u00e0 atual fase da Terra e da pr\u00f3pria humanidade, a fase da planetiza\u00e7\u00e3o e da percep\u00e7\u00e3o cada vez mais clara que n\u00e3o temos outra Casa Comum para habitar sen\u00e3o esta. E que temos um destino comum, feliz ou tr\u00e1gico. Para que seja feliz, importa cuidar dela para que todos possam caber dentro, a natureza inclu\u00edda.<\/p>\n<p style=\"font-weight: 400;\">H\u00e1 o risco real de uma polariza\u00e7\u00e3o de modelos bin\u00e1rios: por um lado movimentos de integra\u00e7\u00e3o de coopera\u00e7\u00e3o geral e por outro, a reafirma\u00e7\u00e3o das soberanias nacionais com seu protecionismo. Por um lado, o capitalismo \u201cnatural\u201d e verde e por outro o comunismo reinventado e de terceira gera\u00e7\u00e3o como prognosticam Alain Badiou e Slavoy Zizek.<\/p>\n<p style=\"font-weight: 400;\">Outros temem um processo de radical brutaliza\u00e7\u00e3o por parte dos \u201cdonos do poder econ\u00f4mico e militar\u201d para garantir seus privil\u00e9gios e seus capitais. Seria um despotismo de forma diferente pois contaria com os meios cibern\u00e9ticos e a intelig\u00eancia artificial com seus complexos algoritmos, um sistema de vigil\u00e2ncia sobre todas as pessoas do planeta. A vida social e as liberdades estariam permanentemente amea\u00e7adas. A todo poder sempre emerge um antipoder. Surgiriam grandes confrontos e conflitos por causa da exclus\u00e3o e da mis\u00e9ria de milh\u00f5es que, apesar da vigil\u00e2ncia,\u00a0\u00a0n\u00e3o se contentar\u00e3o com as migalhas que ca\u00edrem\u00a0\u00a0das mesas dos ricos epul\u00f5es.<\/p>\n<p style=\"font-weight: 400;\">N\u00e3o s\u00e3o poucos que prop\u00f5em uma\u00a0<em>glocaliza\u00e7\u00e3o<\/em>\u00a0vale dizer, o acento ser\u00e1 colocado no\u00a0<em>local<\/em>, na regi\u00e3o com suas especificidades geol\u00f3gicas, f\u00edsicas, ecol\u00f3gicas e culturais mas aberta ao\u00a0<em>global<\/em> que a todos\u00a0\u00a0envolve. Nesse bio-regionalismo poder-se-ia realizar de fato um real desenvolvimento sustent\u00e1vel, aproveitando os bens e servi\u00e7os locais. Praticamente tudo se realizar\u00e1 na regi\u00e3o, com empresas menores, com uma produ\u00e7\u00e3o agroecol\u00f3gica, sem precisar de\u00a0\u00a0longos transportes que consomem energias e poluem. A cultura, as artes e as tradi\u00e7\u00f5es ser\u00e3o reanimadas como parte importante da vida social. A governan\u00e7a ser\u00e1 participativa, diminuindo as desigualdades e tornando menor a pobreza, sempre poss\u00edvel, nas sociedades complexas. \u00c9 a tese que o cosm\u00f3logo Mark Hathaway e eu defendemos em nosso livro comum\u00a0<em>O Tao\u00a0<\/em>da Liberta\u00e7\u00e3o (2010) que teve boa acolhida no meio cient\u00edfico e entre os ecologistas a ponto de Fritjob Capra ter se oferecido a fazer um instigante pref\u00e1cio.<\/p>\n<p style=\"font-weight: 400;\">Outros veem a possibilidade de um\u00a0<em>ecossocialismo planet\u00e1rio<\/em>, capaz de realizar aquilo que o capitalismo, por sua ess\u00eancia competitivo e excludente se mostra incapaz de fazer: um contrato social mundial, igualit\u00e1rio e inclusivo, respeitador da natureza no qual\u00a0<strong>o n\u00f3s<\/strong>\u00a0(o comunit\u00e1rio e societ\u00e1rio) e n\u00e3o\u00a0<strong>o eu <\/strong>(individualismo)<strong>\u00a0<\/strong>ser\u00e1 o eixo estruturador das sociedades e da comunidade mundial. Ele encontrou no franco-brasileiro Michael L\u00f6wy o seu mais brilhante formulador. Teremos em fim\u00a0\u00a0como\u00a0\u00a0reafirma a <em>Carta da Terra<\/em> bem como a enc\u00edclica do Papa Francisco <em>\u201csobre o cuidado da Casa Comum\u201d<\/em> um\u00a0<em>modo realmente sustent\u00e1vel de vida<\/em>\u00a0e n\u00e3o apenas um desenvolvimento sustent\u00e1vel.<\/p>\n<p style=\"font-weight: 400;\">Enfim, passaremos de uma sociedade industrialista\/consumista para uma sociedade de sustenta\u00e7\u00e3o de toda a vida com um consumo s\u00f3brio e solid\u00e1rio; de um cultura de acumula\u00e7\u00e3o de bens materiais para uma cultura human\u00edstico-espiritual na qual os bens intang\u00edveis como a solidariedade, a justi\u00e7a social, a coopera\u00e7\u00e3o, os la\u00e7os afetivos e n\u00e3o em \u00faltimo lugar a amorosidade e a <em>logique du coeur<\/em>\u00a0\u00a0estar\u00e3o em seus fundamentos.<\/p>\n<p style=\"font-weight: 400;\">N\u00e3o sabemos qual tend\u00eancia predominar\u00e1. O ser humano \u00e9 complexo e indecifr\u00e1vel, \u00e9 movido por benevol\u00eancia mas tamb\u00e9m por bo\u00e7alidade. \u00c9 completo mas n\u00e3o est\u00e1 ainda totalmente pronto. Ir\u00e1 aprender, por erros e acertos, que a melhor conforma\u00e7\u00e3o para a conviv\u00eancia humana junto com todos os demais seres da M\u00e3e Terra deve se orientar pela l\u00f3gica do pr\u00f3prio universo: este est\u00e1 estruturado, como nos dizem not\u00e1veis cosm\u00f3logos e f\u00edsicos qu\u00e2nticos, por redes complexas de inter-retro-rela\u00e7\u00f5es. Tudo \u00e9 rela\u00e7\u00e3o. Na existe nada fora da rela\u00e7\u00e3o. Todos se entreajudam para continuar existindo e podendo co-evoluir. O pr\u00f3prio ser humano \u00e9 um rizoma (<em>bulbo de ra\u00edzes)<\/em> de rela\u00e7\u00f5es em todas as dire\u00e7\u00f5es.<\/p>\n<p style=\"font-weight: 400;\">Se me \u00e9 permitido dizer em termos teol\u00f3gicos: \u00e9 a imagem e semelhan\u00e7a da Divindade que emerge como a \u00edntima rela\u00e7\u00e3o de tr\u00eas Infinitos, cada um singular (as singularidades n\u00e3o se somam) de Pai, Filho e Esp\u00edrito Santo que eternamente existem um para o outro, com o outro, no outro e atrav\u00e9s do outro, constituindo um Deus-comunh\u00e3o de amor, de bondade e de infinita beleza.<\/p>\n<p style=\"font-weight: 400;\">Tempos de crise como o nosso, de passagem de um tipo de mundo para outro, s\u00e3o tamb\u00e9m tempos de grande sonhos e utopias. S\u00e3o elas que nos movem na dire\u00e7\u00e3o do futuro, incorporando o passado, mas fazendo a pr\u00f3pria pegada no ch\u00e3o da vida. \u00c9 f\u00e1cil pisar na pegada deixada por outros. Mas ela n\u00e3o nos leva mais a nenhum caminho esperan\u00e7ador. Devemos fazer a nossa pegada, marcada pela inarred\u00e1vel esperan\u00e7a da vit\u00f3ria da vida, pois o caminho se faz caminhando e sonhando. Ent\u00e3o caminhemos.<\/p>\n<hr \/>\n<p style=\"font-weight: 400;\"><strong>Leonardo Boff<\/strong> <em>\u00e9 ecote\u00f3logo, fil\u00f3sofo e escreveu:Cuidar da Terra-proteger a vida: como escapar do fim do mundo,\u00a0\u00a0Record, Rio 2010.<\/em><\/p>\n","protected":false},"excerpt":{"rendered":"<p>Artigo de Leonardo Boff<\/p>\n","protected":false},"author":3,"featured_media":186411,"comment_status":"open","ping_status":"open","sticky":false,"template":"","format":"standard","meta":{"footnotes":""},"categories":[26],"tags":[59],"yoast_head":"<!-- This site is optimized with the Yoast SEO plugin v19.4 - https:\/\/yoast.com\/wordpress\/plugins\/seo\/ -->\n<title>\u00a0Voltar \u00e0 \u201cnormalidade\u201d \u00e9 se autocondenar - Vida Crist\u00e3 - Franciscanos<\/title>\n<meta name=\"robots\" content=\"index, follow, max-snippet:-1, max-image-preview:large, max-video-preview:-1\" \/>\n<link rel=\"canonical\" href=\"https:\/\/franciscanos.org.br\/vidacrista\/voltar-a-normalidade-e-se-autocondenar\/\" \/>\n<meta property=\"og:locale\" content=\"pt_BR\" \/>\n<meta property=\"og:type\" content=\"article\" \/>\n<meta property=\"og:title\" content=\"\u00a0Voltar \u00e0 \u201cnormalidade\u201d \u00e9 se autocondenar - Vida Crist\u00e3 - Franciscanos\" \/>\n<meta property=\"og:description\" content=\"Artigo de Leonardo Boff\" \/>\n<meta property=\"og:url\" content=\"https:\/\/franciscanos.org.br\/vidacrista\/voltar-a-normalidade-e-se-autocondenar\/\" \/>\n<meta property=\"og:site_name\" content=\"Vida Crist\u00e3 - Franciscanos\" \/>\n<meta property=\"article:published_time\" content=\"2020-05-03T10:28:27+00:00\" \/>\n<meta property=\"article:modified_time\" content=\"2020-07-24T17:00:41+00:00\" \/>\n<meta property=\"og:image\" content=\"https:\/\/franciscanos.org.br\/vidacrista\/wp-content\/uploads\/2020\/05\/artigo_0803d.jpg\" \/>\n\t<meta property=\"og:image:width\" content=\"800\" \/>\n\t<meta property=\"og:image:height\" content=\"600\" \/>\n\t<meta property=\"og:image:type\" content=\"image\/jpeg\" \/>\n<meta name=\"author\" content=\"moacir\" \/>\n<meta name=\"twitter:card\" content=\"summary_large_image\" \/>\n<meta name=\"twitter:label1\" content=\"Escrito por\" \/>\n\t<meta name=\"twitter:data1\" content=\"moacir\" \/>\n\t<meta name=\"twitter:label2\" content=\"Est. tempo de leitura\" \/>\n\t<meta name=\"twitter:data2\" content=\"11 minutos\" \/>\n<script type=\"application\/ld+json\" class=\"yoast-schema-graph\">{\"@context\":\"https:\/\/schema.org\",\"@graph\":[{\"@type\":\"WebSite\",\"@id\":\"https:\/\/franciscanos.org.br\/vidacrista\/#website\",\"url\":\"https:\/\/franciscanos.org.br\/vidacrista\/\",\"name\":\"Vida Crist\u00e3 - Franciscanos\",\"description\":\"Prov\u00edncia Franciscana da Imaculada Concei\u00e7\u00e3o do Brasil - Ordem dos Frades Menores\",\"potentialAction\":[{\"@type\":\"SearchAction\",\"target\":{\"@type\":\"EntryPoint\",\"urlTemplate\":\"https:\/\/franciscanos.org.br\/vidacrista\/?s={search_term_string}\"},\"query-input\":\"required name=search_term_string\"}],\"inLanguage\":\"pt-BR\"},{\"@type\":\"WebPage\",\"@id\":\"https:\/\/franciscanos.org.br\/vidacrista\/voltar-a-normalidade-e-se-autocondenar\/\",\"url\":\"https:\/\/franciscanos.org.br\/vidacrista\/voltar-a-normalidade-e-se-autocondenar\/\",\"name\":\"\u00a0Voltar \u00e0 \u201cnormalidade\u201d \u00e9 se autocondenar - Vida Crist\u00e3 - Franciscanos\",\"isPartOf\":{\"@id\":\"https:\/\/franciscanos.org.br\/vidacrista\/#website\"},\"datePublished\":\"2020-05-03T10:28:27+00:00\",\"dateModified\":\"2020-07-24T17:00:41+00:00\",\"author\":{\"@id\":\"https:\/\/franciscanos.org.br\/vidacrista\/#\/schema\/person\/1880bdd2c350b735648725ef7614736a\"},\"breadcrumb\":{\"@id\":\"https:\/\/franciscanos.org.br\/vidacrista\/voltar-a-normalidade-e-se-autocondenar\/#breadcrumb\"},\"inLanguage\":\"pt-BR\",\"potentialAction\":[{\"@type\":\"ReadAction\",\"target\":[\"https:\/\/franciscanos.org.br\/vidacrista\/voltar-a-normalidade-e-se-autocondenar\/\"]}]},{\"@type\":\"BreadcrumbList\",\"@id\":\"https:\/\/franciscanos.org.br\/vidacrista\/voltar-a-normalidade-e-se-autocondenar\/#breadcrumb\",\"itemListElement\":[{\"@type\":\"ListItem\",\"position\":1,\"name\":\"Home\",\"item\":\"https:\/\/franciscanos.org.br\/vidacrista\/\"},{\"@type\":\"ListItem\",\"position\":2,\"name\":\"\u00a0Voltar \u00e0 \u201cnormalidade\u201d \u00e9 se autocondenar\"}]},{\"@type\":\"Person\",\"@id\":\"https:\/\/franciscanos.org.br\/vidacrista\/#\/schema\/person\/1880bdd2c350b735648725ef7614736a\",\"name\":\"moacir\",\"image\":{\"@type\":\"ImageObject\",\"inLanguage\":\"pt-BR\",\"@id\":\"https:\/\/franciscanos.org.br\/vidacrista\/#\/schema\/person\/image\/\",\"url\":\"https:\/\/secure.gravatar.com\/avatar\/d08aa2ce4c8dd416d4479aa8536fcf64?s=96&d=mm&r=g\",\"contentUrl\":\"https:\/\/secure.gravatar.com\/avatar\/d08aa2ce4c8dd416d4479aa8536fcf64?s=96&d=mm&r=g\",\"caption\":\"moacir\"},\"url\":\"https:\/\/franciscanos.org.br\/vidacrista\/author\/moacir\/\"}]}<\/script>\n<!-- \/ Yoast SEO plugin. -->","yoast_head_json":{"title":"\u00a0Voltar \u00e0 \u201cnormalidade\u201d \u00e9 se autocondenar - Vida Crist\u00e3 - Franciscanos","robots":{"index":"index","follow":"follow","max-snippet":"max-snippet:-1","max-image-preview":"max-image-preview:large","max-video-preview":"max-video-preview:-1"},"canonical":"https:\/\/franciscanos.org.br\/vidacrista\/voltar-a-normalidade-e-se-autocondenar\/","og_locale":"pt_BR","og_type":"article","og_title":"\u00a0Voltar \u00e0 \u201cnormalidade\u201d \u00e9 se autocondenar - Vida Crist\u00e3 - Franciscanos","og_description":"Artigo de Leonardo Boff","og_url":"https:\/\/franciscanos.org.br\/vidacrista\/voltar-a-normalidade-e-se-autocondenar\/","og_site_name":"Vida Crist\u00e3 - Franciscanos","article_published_time":"2020-05-03T10:28:27+00:00","article_modified_time":"2020-07-24T17:00:41+00:00","og_image":[{"width":800,"height":600,"url":"https:\/\/franciscanos.org.br\/vidacrista\/wp-content\/uploads\/2020\/05\/artigo_0803d.jpg","type":"image\/jpeg"}],"author":"moacir","twitter_card":"summary_large_image","twitter_misc":{"Escrito por":"moacir","Est. tempo de leitura":"11 minutos"},"schema":{"@context":"https:\/\/schema.org","@graph":[{"@type":"WebSite","@id":"https:\/\/franciscanos.org.br\/vidacrista\/#website","url":"https:\/\/franciscanos.org.br\/vidacrista\/","name":"Vida Crist\u00e3 - Franciscanos","description":"Prov\u00edncia Franciscana da Imaculada Concei\u00e7\u00e3o do Brasil - Ordem dos Frades Menores","potentialAction":[{"@type":"SearchAction","target":{"@type":"EntryPoint","urlTemplate":"https:\/\/franciscanos.org.br\/vidacrista\/?s={search_term_string}"},"query-input":"required name=search_term_string"}],"inLanguage":"pt-BR"},{"@type":"WebPage","@id":"https:\/\/franciscanos.org.br\/vidacrista\/voltar-a-normalidade-e-se-autocondenar\/","url":"https:\/\/franciscanos.org.br\/vidacrista\/voltar-a-normalidade-e-se-autocondenar\/","name":"\u00a0Voltar \u00e0 \u201cnormalidade\u201d \u00e9 se autocondenar - Vida Crist\u00e3 - Franciscanos","isPartOf":{"@id":"https:\/\/franciscanos.org.br\/vidacrista\/#website"},"datePublished":"2020-05-03T10:28:27+00:00","dateModified":"2020-07-24T17:00:41+00:00","author":{"@id":"https:\/\/franciscanos.org.br\/vidacrista\/#\/schema\/person\/1880bdd2c350b735648725ef7614736a"},"breadcrumb":{"@id":"https:\/\/franciscanos.org.br\/vidacrista\/voltar-a-normalidade-e-se-autocondenar\/#breadcrumb"},"inLanguage":"pt-BR","potentialAction":[{"@type":"ReadAction","target":["https:\/\/franciscanos.org.br\/vidacrista\/voltar-a-normalidade-e-se-autocondenar\/"]}]},{"@type":"BreadcrumbList","@id":"https:\/\/franciscanos.org.br\/vidacrista\/voltar-a-normalidade-e-se-autocondenar\/#breadcrumb","itemListElement":[{"@type":"ListItem","position":1,"name":"Home","item":"https:\/\/franciscanos.org.br\/vidacrista\/"},{"@type":"ListItem","position":2,"name":"\u00a0Voltar \u00e0 \u201cnormalidade\u201d \u00e9 se autocondenar"}]},{"@type":"Person","@id":"https:\/\/franciscanos.org.br\/vidacrista\/#\/schema\/person\/1880bdd2c350b735648725ef7614736a","name":"moacir","image":{"@type":"ImageObject","inLanguage":"pt-BR","@id":"https:\/\/franciscanos.org.br\/vidacrista\/#\/schema\/person\/image\/","url":"https:\/\/secure.gravatar.com\/avatar\/d08aa2ce4c8dd416d4479aa8536fcf64?s=96&d=mm&r=g","contentUrl":"https:\/\/secure.gravatar.com\/avatar\/d08aa2ce4c8dd416d4479aa8536fcf64?s=96&d=mm&r=g","caption":"moacir"},"url":"https:\/\/franciscanos.org.br\/vidacrista\/author\/moacir\/"}]}},"_links":{"self":[{"href":"https:\/\/franciscanos.org.br\/vidacrista\/wp-json\/wp\/v2\/posts\/184201"}],"collection":[{"href":"https:\/\/franciscanos.org.br\/vidacrista\/wp-json\/wp\/v2\/posts"}],"about":[{"href":"https:\/\/franciscanos.org.br\/vidacrista\/wp-json\/wp\/v2\/types\/post"}],"author":[{"embeddable":true,"href":"https:\/\/franciscanos.org.br\/vidacrista\/wp-json\/wp\/v2\/users\/3"}],"replies":[{"embeddable":true,"href":"https:\/\/franciscanos.org.br\/vidacrista\/wp-json\/wp\/v2\/comments?post=184201"}],"version-history":[{"count":5,"href":"https:\/\/franciscanos.org.br\/vidacrista\/wp-json\/wp\/v2\/posts\/184201\/revisions"}],"predecessor-version":[{"id":186964,"href":"https:\/\/franciscanos.org.br\/vidacrista\/wp-json\/wp\/v2\/posts\/184201\/revisions\/186964"}],"wp:featuredmedia":[{"embeddable":true,"href":"https:\/\/franciscanos.org.br\/vidacrista\/wp-json\/wp\/v2\/media\/186411"}],"wp:attachment":[{"href":"https:\/\/franciscanos.org.br\/vidacrista\/wp-json\/wp\/v2\/media?parent=184201"}],"wp:term":[{"taxonomy":"category","embeddable":true,"href":"https:\/\/franciscanos.org.br\/vidacrista\/wp-json\/wp\/v2\/categories?post=184201"},{"taxonomy":"post_tag","embeddable":true,"href":"https:\/\/franciscanos.org.br\/vidacrista\/wp-json\/wp\/v2\/tags?post=184201"}],"curies":[{"name":"wp","href":"https:\/\/api.w.org\/{rel}","templated":true}]}}