{"id":184184,"date":"2020-04-30T11:16:37","date_gmt":"2020-04-30T14:16:37","guid":{"rendered":"https:\/\/franciscanos.org.br\/vidacrista\/?p=184184"},"modified":"2020-04-30T11:17:30","modified_gmt":"2020-04-30T14:17:30","slug":"esse-lado-traspassado","status":"publish","type":"post","link":"https:\/\/franciscanos.org.br\/vidacrista\/esse-lado-traspassado\/","title":{"rendered":"Esse lado traspassado"},"content":{"rendered":"<p><img decoding=\"async\" loading=\"lazy\" class=\"alignnone size-full wp-image-184185\" src=\"https:\/\/franciscanos.org.br\/vidacrista\/wp-content\/uploads\/2020\/04\/sexta_30-scaled.jpg\" alt=\"\" width=\"1920\" height=\"1080\" srcset=\"https:\/\/franciscanos.org.br\/vidacrista\/wp-content\/uploads\/2020\/04\/sexta_30-scaled.jpg 1920w, https:\/\/franciscanos.org.br\/vidacrista\/wp-content\/uploads\/2020\/04\/sexta_30-450x253.jpg 450w, https:\/\/franciscanos.org.br\/vidacrista\/wp-content\/uploads\/2020\/04\/sexta_30-1024x576.jpg 1024w, https:\/\/franciscanos.org.br\/vidacrista\/wp-content\/uploads\/2020\/04\/sexta_30-768x432.jpg 768w, https:\/\/franciscanos.org.br\/vidacrista\/wp-content\/uploads\/2020\/04\/sexta_30-1536x864.jpg 1536w, https:\/\/franciscanos.org.br\/vidacrista\/wp-content\/uploads\/2020\/04\/sexta_30-2048x1152.jpg 2048w, https:\/\/franciscanos.org.br\/vidacrista\/wp-content\/uploads\/2020\/04\/sexta_30-150x84.jpg 150w\" sizes=\"(max-width: 1920px) 100vw, 1920px\" \/><\/p>\n<p><strong>Frei Almir Ribeiro Guimar\u00e3es, OFM<\/strong><\/p>\n<p style=\"padding-left: 40px;\"><em>Desejo ver o lado traspassado daquele que, abrindo o cora\u00e7\u00e3o, fez ali um abrigo para mim, tomou-me consigo e rasgou diante de meus olhos um caminho para a casa do Pai onde somente Deus pode estar.<\/em><br \/>\nKarl Rahner<\/p>\n<p>\u2666 Um dos momentos mais impressionantes da liturgia da Sexta-feira Santa \u00e9, sem d\u00favida, o da Adora\u00e7\u00e3o da Cruz. O celebrante, diante do povo, desvela um grande crucifixo e canta por tr\u00eas vezes; \u201cEis o lenho da cruz no qual pendeu a salva\u00e7\u00e3o do mundo&#8221;. E toda a assembleia se joelha reverentemente. Sempre que chega a primeira sexta-feira do m\u00eas, voltamo-nos para o alto da cruz e, interiormente, nos prostramos diante daquele que conhece nosso nome e nos quer um bem incomensur\u00e1vel. \u201cN\u00e3o existe maior amor do que dar a vida pelos seus\u201d. Somos dele. Morremos para o homem velho. Ressuscitamos com ele. No regime da f\u00e9, a vida do Ressuscitado circula em cada um de n\u00f3s e \u00e0 nossa volta respiramos a presen\u00e7a do Amado. Karl Ranher, em p\u00e1ginas admir\u00e1veis sobre a Sexta-feira Santa, fala do mist\u00e9rio amoroso da cruz (cf. <em>Karl Ranher, L\u2019homme au miroir de l\u2019ann\u00e9e chr\u00e9tienne<\/em>, Mame, Paris, p. 127-139).<\/p>\n<p>\u2666 Vem \u00e0 nossa mente, neste contexto, uma curta e densa ora\u00e7\u00e3o de S\u00e3o Francisco de Assis, inspirada em textos de S\u00e3o Paulo: \u201cN\u00f3s vos adoramos, sant\u00edssimo Senhor Jesus Cristo aqui e me todas as igreja do mundo e vos bendizemos porque pela vossa santa cruz remistes o mundo\u201d. Cruz da dor sem limites e de um infinito e indescrit\u00edvel amor.<\/p>\n<p>\u2666 Um lado rasgado, trespassado&#8230; lado do cora\u00e7\u00e3o. Quando falamos em cora\u00e7\u00e3o vamos al\u00e9m do m\u00fasculo quase central situado em nosso peito e que distribui sangue e vida. Pensamos aqui nessa parte mais \u00edntima de n\u00f3s mesmos. Thomas Merton assim explica o conceito de \u201ccora\u00e7\u00e3o\u201d: \u201cRefere-se \u00e0 base mais \u00edntima e profunda de algu\u00e9m. Trata-se de um santu\u00e1rio interior, onde a autoconsci\u00eancia ultrapassa a raz\u00e3o anal\u00edtica e desabrocha em confronta\u00e7\u00e3o metaf\u00edsica com o Abismo do incognosc\u00edvel e, contudo presente &#8211; algu\u00e9m que no dizer de Santo Agostinho \u00e9 mais \u00edntimo a nos do que n\u00f3s somos\u201d (cf. <em>A ora\u00e7\u00e3o contemplativa,<\/em> p.51)<\/p>\n<p>\u2666 Um lado rasgado que exp\u00f5e o melhor de Jesus, um ser \u00fanico que veio e vem dizer que a pupila dos olhos do Senhor nos acompanha, mesmo nos momentos de forte neblina existencial e mesmo quando nosso cora\u00e7\u00e3o e o cora\u00e7\u00e3o do mundo cria \u00eddolos, esquece que o Amor precisa amado, como dizia S\u00e3o Francisco. Sim, eis o lenho da cruz do qual pendeu a salva\u00e7\u00e3o do mundo.<\/p>\n<p>\u2666 H\u00e1 os que passam diante da cruz. Passam e nada mais. Seus olho mal e mal se pousam no homem preso ao madeiro. Isso n\u00e3o lhes interessa e fica dif\u00edcil ao disc\u00edpulo do Amado furar esta casca dura e chegar \u00e0 brecha do cora\u00e7\u00e3o contrito, desse espa\u00e7o interior nosso que poderia ser suscept\u00edvel ao amor se deixasse de dan\u00e7ar em torno de quimeras e ilus\u00f5es. Os que decidem permanecer diante da cruz experimentam um vigor insuspeitado. Passam a ter as batidas de seu interior no mesmo ritmo das batidas do Cora\u00e7\u00e3o de Jesus. Passam a dar a vida pelos outros e n\u00e3o nos esque\u00e7amos \u201cn\u00e3o existe maior amor do que dar a vida pelos outros\u201d.<\/p>\n","protected":false},"excerpt":{"rendered":"<p>Primeira Sexta-feira do M\u00eas<\/p>\n","protected":false},"author":3,"featured_media":184186,"comment_status":"open","ping_status":"open","sticky":false,"template":"","format":"standard","meta":{"footnotes":""},"categories":[105],"tags":[212],"yoast_head":"<!-- This site is optimized with the Yoast SEO plugin v19.4 - https:\/\/yoast.com\/wordpress\/plugins\/seo\/ -->\n<title>Esse lado traspassado - Vida Crist\u00e3 - Franciscanos<\/title>\n<meta name=\"robots\" content=\"index, follow, max-snippet:-1, max-image-preview:large, max-video-preview:-1\" \/>\n<link rel=\"canonical\" href=\"https:\/\/franciscanos.org.br\/vidacrista\/esse-lado-traspassado\/\" \/>\n<meta property=\"og:locale\" content=\"pt_BR\" \/>\n<meta property=\"og:type\" content=\"article\" \/>\n<meta property=\"og:title\" content=\"Esse lado traspassado - Vida Crist\u00e3 - Franciscanos\" \/>\n<meta property=\"og:description\" content=\"Primeira Sexta-feira do M\u00eas\" \/>\n<meta property=\"og:url\" content=\"https:\/\/franciscanos.org.br\/vidacrista\/esse-lado-traspassado\/\" \/>\n<meta property=\"og:site_name\" content=\"Vida Crist\u00e3 - Franciscanos\" \/>\n<meta property=\"article:published_time\" content=\"2020-04-30T14:16:37+00:00\" \/>\n<meta property=\"article:modified_time\" content=\"2020-04-30T14:17:30+00:00\" \/>\n<meta property=\"og:image\" content=\"https:\/\/franciscanos.org.br\/vidacrista\/wp-content\/uploads\/2020\/04\/sexta_30d.jpg\" \/>\n\t<meta property=\"og:image:width\" content=\"800\" \/>\n\t<meta property=\"og:image:height\" content=\"600\" \/>\n\t<meta property=\"og:image:type\" content=\"image\/jpeg\" \/>\n<meta name=\"author\" content=\"moacir\" \/>\n<meta name=\"twitter:card\" content=\"summary_large_image\" \/>\n<meta name=\"twitter:label1\" content=\"Escrito por\" \/>\n\t<meta name=\"twitter:data1\" content=\"moacir\" \/>\n\t<meta name=\"twitter:label2\" content=\"Est. tempo de leitura\" \/>\n\t<meta name=\"twitter:data2\" content=\"3 minutos\" \/>\n<script type=\"application\/ld+json\" class=\"yoast-schema-graph\">{\"@context\":\"https:\/\/schema.org\",\"@graph\":[{\"@type\":\"WebSite\",\"@id\":\"https:\/\/franciscanos.org.br\/vidacrista\/#website\",\"url\":\"https:\/\/franciscanos.org.br\/vidacrista\/\",\"name\":\"Vida Crist\u00e3 - Franciscanos\",\"description\":\"Prov\u00edncia Franciscana da Imaculada Concei\u00e7\u00e3o do Brasil - Ordem dos Frades Menores\",\"potentialAction\":[{\"@type\":\"SearchAction\",\"target\":{\"@type\":\"EntryPoint\",\"urlTemplate\":\"https:\/\/franciscanos.org.br\/vidacrista\/?s={search_term_string}\"},\"query-input\":\"required name=search_term_string\"}],\"inLanguage\":\"pt-BR\"},{\"@type\":\"WebPage\",\"@id\":\"https:\/\/franciscanos.org.br\/vidacrista\/esse-lado-traspassado\/\",\"url\":\"https:\/\/franciscanos.org.br\/vidacrista\/esse-lado-traspassado\/\",\"name\":\"Esse lado traspassado - Vida Crist\u00e3 - Franciscanos\",\"isPartOf\":{\"@id\":\"https:\/\/franciscanos.org.br\/vidacrista\/#website\"},\"datePublished\":\"2020-04-30T14:16:37+00:00\",\"dateModified\":\"2020-04-30T14:17:30+00:00\",\"author\":{\"@id\":\"https:\/\/franciscanos.org.br\/vidacrista\/#\/schema\/person\/1880bdd2c350b735648725ef7614736a\"},\"breadcrumb\":{\"@id\":\"https:\/\/franciscanos.org.br\/vidacrista\/esse-lado-traspassado\/#breadcrumb\"},\"inLanguage\":\"pt-BR\",\"potentialAction\":[{\"@type\":\"ReadAction\",\"target\":[\"https:\/\/franciscanos.org.br\/vidacrista\/esse-lado-traspassado\/\"]}]},{\"@type\":\"BreadcrumbList\",\"@id\":\"https:\/\/franciscanos.org.br\/vidacrista\/esse-lado-traspassado\/#breadcrumb\",\"itemListElement\":[{\"@type\":\"ListItem\",\"position\":1,\"name\":\"Home\",\"item\":\"https:\/\/franciscanos.org.br\/vidacrista\/\"},{\"@type\":\"ListItem\",\"position\":2,\"name\":\"Esse lado traspassado\"}]},{\"@type\":\"Person\",\"@id\":\"https:\/\/franciscanos.org.br\/vidacrista\/#\/schema\/person\/1880bdd2c350b735648725ef7614736a\",\"name\":\"moacir\",\"image\":{\"@type\":\"ImageObject\",\"inLanguage\":\"pt-BR\",\"@id\":\"https:\/\/franciscanos.org.br\/vidacrista\/#\/schema\/person\/image\/\",\"url\":\"https:\/\/secure.gravatar.com\/avatar\/d08aa2ce4c8dd416d4479aa8536fcf64?s=96&d=mm&r=g\",\"contentUrl\":\"https:\/\/secure.gravatar.com\/avatar\/d08aa2ce4c8dd416d4479aa8536fcf64?s=96&d=mm&r=g\",\"caption\":\"moacir\"},\"url\":\"https:\/\/franciscanos.org.br\/vidacrista\/author\/moacir\/\"}]}<\/script>\n<!-- \/ Yoast SEO plugin. -->","yoast_head_json":{"title":"Esse lado traspassado - Vida Crist\u00e3 - Franciscanos","robots":{"index":"index","follow":"follow","max-snippet":"max-snippet:-1","max-image-preview":"max-image-preview:large","max-video-preview":"max-video-preview:-1"},"canonical":"https:\/\/franciscanos.org.br\/vidacrista\/esse-lado-traspassado\/","og_locale":"pt_BR","og_type":"article","og_title":"Esse lado traspassado - Vida Crist\u00e3 - Franciscanos","og_description":"Primeira Sexta-feira do M\u00eas","og_url":"https:\/\/franciscanos.org.br\/vidacrista\/esse-lado-traspassado\/","og_site_name":"Vida Crist\u00e3 - Franciscanos","article_published_time":"2020-04-30T14:16:37+00:00","article_modified_time":"2020-04-30T14:17:30+00:00","og_image":[{"width":800,"height":600,"url":"https:\/\/franciscanos.org.br\/vidacrista\/wp-content\/uploads\/2020\/04\/sexta_30d.jpg","type":"image\/jpeg"}],"author":"moacir","twitter_card":"summary_large_image","twitter_misc":{"Escrito por":"moacir","Est. tempo de leitura":"3 minutos"},"schema":{"@context":"https:\/\/schema.org","@graph":[{"@type":"WebSite","@id":"https:\/\/franciscanos.org.br\/vidacrista\/#website","url":"https:\/\/franciscanos.org.br\/vidacrista\/","name":"Vida Crist\u00e3 - Franciscanos","description":"Prov\u00edncia Franciscana da Imaculada Concei\u00e7\u00e3o do Brasil - Ordem dos Frades Menores","potentialAction":[{"@type":"SearchAction","target":{"@type":"EntryPoint","urlTemplate":"https:\/\/franciscanos.org.br\/vidacrista\/?s={search_term_string}"},"query-input":"required name=search_term_string"}],"inLanguage":"pt-BR"},{"@type":"WebPage","@id":"https:\/\/franciscanos.org.br\/vidacrista\/esse-lado-traspassado\/","url":"https:\/\/franciscanos.org.br\/vidacrista\/esse-lado-traspassado\/","name":"Esse lado traspassado - Vida Crist\u00e3 - Franciscanos","isPartOf":{"@id":"https:\/\/franciscanos.org.br\/vidacrista\/#website"},"datePublished":"2020-04-30T14:16:37+00:00","dateModified":"2020-04-30T14:17:30+00:00","author":{"@id":"https:\/\/franciscanos.org.br\/vidacrista\/#\/schema\/person\/1880bdd2c350b735648725ef7614736a"},"breadcrumb":{"@id":"https:\/\/franciscanos.org.br\/vidacrista\/esse-lado-traspassado\/#breadcrumb"},"inLanguage":"pt-BR","potentialAction":[{"@type":"ReadAction","target":["https:\/\/franciscanos.org.br\/vidacrista\/esse-lado-traspassado\/"]}]},{"@type":"BreadcrumbList","@id":"https:\/\/franciscanos.org.br\/vidacrista\/esse-lado-traspassado\/#breadcrumb","itemListElement":[{"@type":"ListItem","position":1,"name":"Home","item":"https:\/\/franciscanos.org.br\/vidacrista\/"},{"@type":"ListItem","position":2,"name":"Esse lado traspassado"}]},{"@type":"Person","@id":"https:\/\/franciscanos.org.br\/vidacrista\/#\/schema\/person\/1880bdd2c350b735648725ef7614736a","name":"moacir","image":{"@type":"ImageObject","inLanguage":"pt-BR","@id":"https:\/\/franciscanos.org.br\/vidacrista\/#\/schema\/person\/image\/","url":"https:\/\/secure.gravatar.com\/avatar\/d08aa2ce4c8dd416d4479aa8536fcf64?s=96&d=mm&r=g","contentUrl":"https:\/\/secure.gravatar.com\/avatar\/d08aa2ce4c8dd416d4479aa8536fcf64?s=96&d=mm&r=g","caption":"moacir"},"url":"https:\/\/franciscanos.org.br\/vidacrista\/author\/moacir\/"}]}},"_links":{"self":[{"href":"https:\/\/franciscanos.org.br\/vidacrista\/wp-json\/wp\/v2\/posts\/184184"}],"collection":[{"href":"https:\/\/franciscanos.org.br\/vidacrista\/wp-json\/wp\/v2\/posts"}],"about":[{"href":"https:\/\/franciscanos.org.br\/vidacrista\/wp-json\/wp\/v2\/types\/post"}],"author":[{"embeddable":true,"href":"https:\/\/franciscanos.org.br\/vidacrista\/wp-json\/wp\/v2\/users\/3"}],"replies":[{"embeddable":true,"href":"https:\/\/franciscanos.org.br\/vidacrista\/wp-json\/wp\/v2\/comments?post=184184"}],"version-history":[{"count":3,"href":"https:\/\/franciscanos.org.br\/vidacrista\/wp-json\/wp\/v2\/posts\/184184\/revisions"}],"predecessor-version":[{"id":184189,"href":"https:\/\/franciscanos.org.br\/vidacrista\/wp-json\/wp\/v2\/posts\/184184\/revisions\/184189"}],"wp:featuredmedia":[{"embeddable":true,"href":"https:\/\/franciscanos.org.br\/vidacrista\/wp-json\/wp\/v2\/media\/184186"}],"wp:attachment":[{"href":"https:\/\/franciscanos.org.br\/vidacrista\/wp-json\/wp\/v2\/media?parent=184184"}],"wp:term":[{"taxonomy":"category","embeddable":true,"href":"https:\/\/franciscanos.org.br\/vidacrista\/wp-json\/wp\/v2\/categories?post=184184"},{"taxonomy":"post_tag","embeddable":true,"href":"https:\/\/franciscanos.org.br\/vidacrista\/wp-json\/wp\/v2\/tags?post=184184"}],"curies":[{"name":"wp","href":"https:\/\/api.w.org\/{rel}","templated":true}]}}