{"id":184175,"date":"2020-04-28T12:44:38","date_gmt":"2020-04-28T15:44:38","guid":{"rendered":"https:\/\/franciscanos.org.br\/vidacrista\/?p=184175"},"modified":"2020-07-24T14:01:29","modified_gmt":"2020-07-24T17:01:29","slug":"liberdade-de-culto-ou-liberdade-de-adoracao-na-direcao-da-vida","status":"publish","type":"post","link":"https:\/\/franciscanos.org.br\/vidacrista\/liberdade-de-culto-ou-liberdade-de-adoracao-na-direcao-da-vida\/","title":{"rendered":"Liberdade de culto ou liberdade de adora\u00e7\u00e3o na dire\u00e7\u00e3o da vida?"},"content":{"rendered":"<div id=\"attachment_184176\" style=\"width: 850px\" class=\"wp-caption alignnone\"><img aria-describedby=\"caption-attachment-184176\" decoding=\"async\" loading=\"lazy\" class=\"wp-image-184176 size-full\" src=\"https:\/\/franciscanos.org.br\/vidacrista\/wp-content\/uploads\/2020\/04\/eucaristia.jpg\" alt=\"\" width=\"840\" height=\"450\" srcset=\"https:\/\/franciscanos.org.br\/vidacrista\/wp-content\/uploads\/2020\/04\/eucaristia.jpg 840w, https:\/\/franciscanos.org.br\/vidacrista\/wp-content\/uploads\/2020\/04\/eucaristia-450x241.jpg 450w, https:\/\/franciscanos.org.br\/vidacrista\/wp-content\/uploads\/2020\/04\/eucaristia-768x411.jpg 768w, https:\/\/franciscanos.org.br\/vidacrista\/wp-content\/uploads\/2020\/04\/eucaristia-150x80.jpg 150w\" sizes=\"(max-width: 840px) 100vw, 840px\" \/><p id=\"caption-attachment-184176\" class=\"wp-caption-text\">\u00a0 \u00a0 \u00a0 \u00a0 \u00a0 \u00a0 \u00a0 \u00a0 \u00a0 \u00a0 \u00a0 \u00a0 \u00a0 \u00a0 \u00a0 \u00a0 \u00a0 \u00a0 \u00a0 \u00a0 \u00a0 \u00a0 \u00a0 \u00a0 \u00a0 \u00a0 \u00a0 \u00a0 \u00a0 \u00a0 \u00a0 \u00a0 \u00a0 \u00a0 \u00a0 \u00a0 \u00a0 \u00a0 \u00a0 \u00a0 \u00a0 \u00a0 \u00a0 \u00a0 \u00a0 \u00a0 \u00a0 \u00a0 \u00a0 \u00a0 \u00a0 \u00a0 \u00a0 \u00a0 \u00a0 \u00a0 \u00a0 \u00a0 \u00a0 \u00a0 \u00a0 \u00a0 \u00a0 \u00a0 \u00a0 \u00a0 \u00a0<em>Imagem ilustrativa (fonte: Prov\u00edncia da Imaculada)<\/em><\/p><\/div>\n<p><em>A Igreja Cat\u00f3lica reclama da decis\u00e3o do governo da It\u00e1lia de manter a proibi\u00e7\u00e3o a missas e outros cultos religiosos em fun\u00e7\u00e3o da pandemia do novo coronav\u00edrus (covid-19). L\u00edderes religiosos esperavam que o relaxamento da quarentena previsto para 4 de maio inclu\u00edsse a reabertura de lugares de culto, mas o primeiro-ministro Giuseppe Conte decidiu permitir apenas a volta dos funerais.<\/em><\/p>\n<p><strong>A prop\u00f3sito disso, Dom Beniamino De Palma, arcebispo de Nola, escreveu o seguinte artigo:<\/strong><\/p>\n<p>O epis\u00f3dio evang\u00e9lico dos disc\u00edpulos de Ema\u00fas (Lc 24, 13-35) deve ser, para a Igreja de todos os tempos, uma refer\u00eancia can\u00f4nica sobre o estilo de sua miss\u00e3o. Jesus se aproxima e caminha com os disc\u00edpulos, sem intromiss\u00f5es, mas compartilha &#8220;as alegrias e esperan\u00e7as, tristezas e ang\u00fastias dos homens de hoje, especialmente os pobres e todos os que sofrem&#8221; (<em>Gaudium et Spes<\/em> 1). Vamos traduzir para n\u00f3s: o batismo n\u00e3o cancela o fato de sermos cidad\u00e3os do mundo, mas o exige. Pertencer fundamentalmente \u00e0 humanidade comum \u00e9 a condi\u00e7\u00e3o da f\u00e9, porque sem ela o Evangelho n\u00e3o seria ouvido, n\u00e3o seria uma not\u00edcia feliz, arriscando ser percebido como uma ideologia.<\/p>\n<p>Se hoje, devido \u00e0 pandemia, n\u00e3o estamos nas condi\u00e7\u00f5es certas para celebrar a Eucaristia juntos, isso n\u00e3o significa que falta &#8220;liberdade de culto&#8221;, mas \u00e9 uma quest\u00e3o de redescobrir o primeiro, fundamental e prof\u00e9tico testemunho crist\u00e3o de estar ao seu lado, da capacidade de compartilhar o esfor\u00e7o di\u00e1rio pelo qual todos estamos passando.<\/p>\n<p>Se a humanidade e o cuidado com o homem realmente est\u00e3o no centro, como a encarna\u00e7\u00e3o deve nos ensinar, ent\u00e3o podemos redescobrir de uma maneira nova, propositiva, sem contraposi\u00e7\u00e3o, que a vida eclesial n\u00e3o pode se concentrar exclusivamente no momento do culto. A Igreja est\u00e1 l\u00e1, onde a for\u00e7a e a profundidade da Palavra de Deus est\u00e3o ressurgindo, onde belas hist\u00f3rias de solidariedade, muitas vezes escondidas, mant\u00eam nossa sociedade ferida em p\u00e9, l\u00e1 onde fam\u00edlias, associa\u00e7\u00f5es compartilham a luz do Evangelho com seu testemunho di\u00e1rio da vida. Eu gostaria que ressoasse essa novidade em comunicados eclesiais institucionais, que, al\u00e9m disso, j\u00e1 est\u00e3o presentes em abund\u00e2ncia no substrato de tantos crist\u00e3os; gostaria que se falasse mais sobre isso, para nos contar como nossa atual &#8220;Eucaristia&#8221; \u00e9 t\u00e3o corajosa ao &#8220;estar junto&#8221;, como Jesus fez com os dois disc\u00edpulos de Ema\u00fas.<\/p>\n<p>A mesma coisa vale para funerais: por que continuar dizendo que n\u00e3o se celebra? N\u00e3o \u00e9 assim: o acompanhamento ao cemit\u00e9rio, bem preparado, com aten\u00e7\u00e3o ao rito e aos detalhes, deve ser a forma normal das ex\u00e9quias, a que infelizmente n\u00e3o estamos acostumados, porque n\u00e3o nos preparamos em tempo para repensar esse momento importante no al\u00e9m da Eucaristia, continuando a acreditar que &#8220;quando n\u00e3o h\u00e1 missa, n\u00e3o h\u00e1 nada&#8221;. Se alguma vez estiver certo no funeral, para que possam ser vividos com mais calma e de forma mais comunit\u00e1ria, poderia ser solicitada aten\u00e7\u00e3o \u00e0 institui\u00e7\u00e3o civil em rela\u00e7\u00e3o a uma poss\u00edvel participa\u00e7\u00e3o mais ampla no cemit\u00e9rio, respeitando as regras certas, sendo um local ao ar livre, muito mais administr\u00e1vel do que o local fechado das igrejas.<\/p>\n<p>De qualquer forma, acredito firmemente que o &#8220;jejum eucar\u00edstico&#8221;, que nos obriga a levar a s\u00e9rio uma pandemia e n\u00e3o ser surpreendidos por ela, n\u00e3o \u00e9 contra a liberdade de culto, mas gosto de v\u00ea-la como a possibilidade de liberar o culto em dire\u00e7\u00e3o \u00e0 da vida, porque quando for poss\u00edvel provar o p\u00e3o da jornada novamente, poderemos sentir muita fome e nunca esquecer o seu sabor inconfund\u00edvel. N\u00e3o estamos vivendo sem Eucaristia: estamos experimentando um aspecto fundamental, cujo h\u00e1bito corre o risco de nos fazer perder!<\/p>\n<p>Portanto, acredito que \u00e9 apropriado n\u00e3o transformar a Eucaristia em uma bandeira (missa sim, missa n\u00e3o!). E, se for o caso, sempre com o respeito necess\u00e1rio, levante sua voz um pouco mais sobre a falta (isso sim problem\u00e1tica!) de perspectivas amplas sobre as escolas, sobre a gest\u00e3o familiar dos filhos, sobre a nova pobreza que est\u00e1 surgindo, sobre a realidade juvenil e universit\u00e1ria, sobre o sentido do ensino a dist\u00e2ncia. \u00c9 sobre essas quest\u00f5es que, como Igreja, devemos dar uma contribui\u00e7\u00e3o prof\u00e9tica, evitando dar ao v\u00edrus a \u00faltima palavra com uma oposi\u00e7\u00e3o precipitada e desnecess\u00e1ria.<\/p>\n<p>Voltaremos a celebrar como fonte e culmina\u00e7\u00e3o indispens\u00e1vel de nossa f\u00e9, mas agora \u00e9 importante lembrar um ao outro que ficar ao lado n\u00e3o \u00e9 outra coisa sen\u00e3o a Eucaristia: \u00e9 a express\u00e3o de sua verdade mais profunda, esperando poder reviv\u00ea-la com alegria e de um modo renovado. Este \u00e9 o momento de sermos nada menos que cidad\u00e3os respons\u00e1veis, conscientes de que, desse modo, nos tornamos um bom p\u00e3o para o outro, Corpo de Cristo, neste \u00e1rduo caminho de Ema\u00fas, no qual todos tentamos andar, simplesmente como homens!<\/p>\n<hr \/>\n<p><strong>Dom Beniamino De Palma<\/strong>, <em>Arcebispo de Nola<\/em><\/p>\n","protected":false},"excerpt":{"rendered":"<p>Artigo de Dom Beniamino De Palma, Arcebispo de Nola<\/p>\n","protected":false},"author":3,"featured_media":184177,"comment_status":"open","ping_status":"open","sticky":false,"template":"","format":"standard","meta":{"footnotes":""},"categories":[26],"tags":[274],"yoast_head":"<!-- This site is optimized with the Yoast SEO plugin v19.4 - https:\/\/yoast.com\/wordpress\/plugins\/seo\/ -->\n<title>Liberdade de culto ou liberdade de adora\u00e7\u00e3o na dire\u00e7\u00e3o da vida? - Vida Crist\u00e3 - Franciscanos<\/title>\n<meta name=\"robots\" content=\"index, follow, max-snippet:-1, max-image-preview:large, max-video-preview:-1\" \/>\n<link rel=\"canonical\" href=\"https:\/\/franciscanos.org.br\/vidacrista\/liberdade-de-culto-ou-liberdade-de-adoracao-na-direcao-da-vida\/\" \/>\n<meta property=\"og:locale\" content=\"pt_BR\" \/>\n<meta property=\"og:type\" content=\"article\" \/>\n<meta property=\"og:title\" content=\"Liberdade de culto ou liberdade de adora\u00e7\u00e3o na dire\u00e7\u00e3o da vida? - Vida Crist\u00e3 - Franciscanos\" \/>\n<meta property=\"og:description\" content=\"Artigo de Dom Beniamino De Palma, Arcebispo de Nola\" \/>\n<meta property=\"og:url\" content=\"https:\/\/franciscanos.org.br\/vidacrista\/liberdade-de-culto-ou-liberdade-de-adoracao-na-direcao-da-vida\/\" \/>\n<meta property=\"og:site_name\" content=\"Vida Crist\u00e3 - Franciscanos\" \/>\n<meta property=\"article:published_time\" content=\"2020-04-28T15:44:38+00:00\" \/>\n<meta property=\"article:modified_time\" content=\"2020-07-24T17:01:29+00:00\" \/>\n<meta property=\"og:image\" content=\"https:\/\/franciscanos.org.br\/vidacrista\/wp-content\/uploads\/2020\/04\/eucaristia_d.jpg\" \/>\n\t<meta property=\"og:image:width\" content=\"800\" \/>\n\t<meta property=\"og:image:height\" content=\"600\" \/>\n\t<meta property=\"og:image:type\" content=\"image\/jpeg\" \/>\n<meta name=\"author\" content=\"moacir\" \/>\n<meta name=\"twitter:card\" content=\"summary_large_image\" \/>\n<meta name=\"twitter:label1\" content=\"Escrito por\" \/>\n\t<meta name=\"twitter:data1\" content=\"moacir\" \/>\n\t<meta name=\"twitter:label2\" content=\"Est. tempo de leitura\" \/>\n\t<meta name=\"twitter:data2\" content=\"4 minutos\" \/>\n<script type=\"application\/ld+json\" class=\"yoast-schema-graph\">{\"@context\":\"https:\/\/schema.org\",\"@graph\":[{\"@type\":\"WebSite\",\"@id\":\"https:\/\/franciscanos.org.br\/vidacrista\/#website\",\"url\":\"https:\/\/franciscanos.org.br\/vidacrista\/\",\"name\":\"Vida Crist\u00e3 - Franciscanos\",\"description\":\"Prov\u00edncia Franciscana da Imaculada Concei\u00e7\u00e3o do Brasil - Ordem dos Frades Menores\",\"potentialAction\":[{\"@type\":\"SearchAction\",\"target\":{\"@type\":\"EntryPoint\",\"urlTemplate\":\"https:\/\/franciscanos.org.br\/vidacrista\/?s={search_term_string}\"},\"query-input\":\"required name=search_term_string\"}],\"inLanguage\":\"pt-BR\"},{\"@type\":\"WebPage\",\"@id\":\"https:\/\/franciscanos.org.br\/vidacrista\/liberdade-de-culto-ou-liberdade-de-adoracao-na-direcao-da-vida\/\",\"url\":\"https:\/\/franciscanos.org.br\/vidacrista\/liberdade-de-culto-ou-liberdade-de-adoracao-na-direcao-da-vida\/\",\"name\":\"Liberdade de culto ou liberdade de adora\u00e7\u00e3o na dire\u00e7\u00e3o da vida? - Vida Crist\u00e3 - Franciscanos\",\"isPartOf\":{\"@id\":\"https:\/\/franciscanos.org.br\/vidacrista\/#website\"},\"datePublished\":\"2020-04-28T15:44:38+00:00\",\"dateModified\":\"2020-07-24T17:01:29+00:00\",\"author\":{\"@id\":\"https:\/\/franciscanos.org.br\/vidacrista\/#\/schema\/person\/1880bdd2c350b735648725ef7614736a\"},\"breadcrumb\":{\"@id\":\"https:\/\/franciscanos.org.br\/vidacrista\/liberdade-de-culto-ou-liberdade-de-adoracao-na-direcao-da-vida\/#breadcrumb\"},\"inLanguage\":\"pt-BR\",\"potentialAction\":[{\"@type\":\"ReadAction\",\"target\":[\"https:\/\/franciscanos.org.br\/vidacrista\/liberdade-de-culto-ou-liberdade-de-adoracao-na-direcao-da-vida\/\"]}]},{\"@type\":\"BreadcrumbList\",\"@id\":\"https:\/\/franciscanos.org.br\/vidacrista\/liberdade-de-culto-ou-liberdade-de-adoracao-na-direcao-da-vida\/#breadcrumb\",\"itemListElement\":[{\"@type\":\"ListItem\",\"position\":1,\"name\":\"Home\",\"item\":\"https:\/\/franciscanos.org.br\/vidacrista\/\"},{\"@type\":\"ListItem\",\"position\":2,\"name\":\"Liberdade de culto ou liberdade de adora\u00e7\u00e3o na dire\u00e7\u00e3o da vida?\"}]},{\"@type\":\"Person\",\"@id\":\"https:\/\/franciscanos.org.br\/vidacrista\/#\/schema\/person\/1880bdd2c350b735648725ef7614736a\",\"name\":\"moacir\",\"image\":{\"@type\":\"ImageObject\",\"inLanguage\":\"pt-BR\",\"@id\":\"https:\/\/franciscanos.org.br\/vidacrista\/#\/schema\/person\/image\/\",\"url\":\"https:\/\/secure.gravatar.com\/avatar\/d08aa2ce4c8dd416d4479aa8536fcf64?s=96&d=mm&r=g\",\"contentUrl\":\"https:\/\/secure.gravatar.com\/avatar\/d08aa2ce4c8dd416d4479aa8536fcf64?s=96&d=mm&r=g\",\"caption\":\"moacir\"},\"url\":\"https:\/\/franciscanos.org.br\/vidacrista\/author\/moacir\/\"}]}<\/script>\n<!-- \/ Yoast SEO plugin. -->","yoast_head_json":{"title":"Liberdade de culto ou liberdade de adora\u00e7\u00e3o na dire\u00e7\u00e3o da vida? - Vida Crist\u00e3 - Franciscanos","robots":{"index":"index","follow":"follow","max-snippet":"max-snippet:-1","max-image-preview":"max-image-preview:large","max-video-preview":"max-video-preview:-1"},"canonical":"https:\/\/franciscanos.org.br\/vidacrista\/liberdade-de-culto-ou-liberdade-de-adoracao-na-direcao-da-vida\/","og_locale":"pt_BR","og_type":"article","og_title":"Liberdade de culto ou liberdade de adora\u00e7\u00e3o na dire\u00e7\u00e3o da vida? - Vida Crist\u00e3 - Franciscanos","og_description":"Artigo de Dom Beniamino De Palma, Arcebispo de Nola","og_url":"https:\/\/franciscanos.org.br\/vidacrista\/liberdade-de-culto-ou-liberdade-de-adoracao-na-direcao-da-vida\/","og_site_name":"Vida Crist\u00e3 - Franciscanos","article_published_time":"2020-04-28T15:44:38+00:00","article_modified_time":"2020-07-24T17:01:29+00:00","og_image":[{"width":800,"height":600,"url":"https:\/\/franciscanos.org.br\/vidacrista\/wp-content\/uploads\/2020\/04\/eucaristia_d.jpg","type":"image\/jpeg"}],"author":"moacir","twitter_card":"summary_large_image","twitter_misc":{"Escrito por":"moacir","Est. tempo de leitura":"4 minutos"},"schema":{"@context":"https:\/\/schema.org","@graph":[{"@type":"WebSite","@id":"https:\/\/franciscanos.org.br\/vidacrista\/#website","url":"https:\/\/franciscanos.org.br\/vidacrista\/","name":"Vida Crist\u00e3 - Franciscanos","description":"Prov\u00edncia Franciscana da Imaculada Concei\u00e7\u00e3o do Brasil - Ordem dos Frades Menores","potentialAction":[{"@type":"SearchAction","target":{"@type":"EntryPoint","urlTemplate":"https:\/\/franciscanos.org.br\/vidacrista\/?s={search_term_string}"},"query-input":"required name=search_term_string"}],"inLanguage":"pt-BR"},{"@type":"WebPage","@id":"https:\/\/franciscanos.org.br\/vidacrista\/liberdade-de-culto-ou-liberdade-de-adoracao-na-direcao-da-vida\/","url":"https:\/\/franciscanos.org.br\/vidacrista\/liberdade-de-culto-ou-liberdade-de-adoracao-na-direcao-da-vida\/","name":"Liberdade de culto ou liberdade de adora\u00e7\u00e3o na dire\u00e7\u00e3o da vida? - Vida Crist\u00e3 - Franciscanos","isPartOf":{"@id":"https:\/\/franciscanos.org.br\/vidacrista\/#website"},"datePublished":"2020-04-28T15:44:38+00:00","dateModified":"2020-07-24T17:01:29+00:00","author":{"@id":"https:\/\/franciscanos.org.br\/vidacrista\/#\/schema\/person\/1880bdd2c350b735648725ef7614736a"},"breadcrumb":{"@id":"https:\/\/franciscanos.org.br\/vidacrista\/liberdade-de-culto-ou-liberdade-de-adoracao-na-direcao-da-vida\/#breadcrumb"},"inLanguage":"pt-BR","potentialAction":[{"@type":"ReadAction","target":["https:\/\/franciscanos.org.br\/vidacrista\/liberdade-de-culto-ou-liberdade-de-adoracao-na-direcao-da-vida\/"]}]},{"@type":"BreadcrumbList","@id":"https:\/\/franciscanos.org.br\/vidacrista\/liberdade-de-culto-ou-liberdade-de-adoracao-na-direcao-da-vida\/#breadcrumb","itemListElement":[{"@type":"ListItem","position":1,"name":"Home","item":"https:\/\/franciscanos.org.br\/vidacrista\/"},{"@type":"ListItem","position":2,"name":"Liberdade de culto ou liberdade de adora\u00e7\u00e3o na dire\u00e7\u00e3o da vida?"}]},{"@type":"Person","@id":"https:\/\/franciscanos.org.br\/vidacrista\/#\/schema\/person\/1880bdd2c350b735648725ef7614736a","name":"moacir","image":{"@type":"ImageObject","inLanguage":"pt-BR","@id":"https:\/\/franciscanos.org.br\/vidacrista\/#\/schema\/person\/image\/","url":"https:\/\/secure.gravatar.com\/avatar\/d08aa2ce4c8dd416d4479aa8536fcf64?s=96&d=mm&r=g","contentUrl":"https:\/\/secure.gravatar.com\/avatar\/d08aa2ce4c8dd416d4479aa8536fcf64?s=96&d=mm&r=g","caption":"moacir"},"url":"https:\/\/franciscanos.org.br\/vidacrista\/author\/moacir\/"}]}},"_links":{"self":[{"href":"https:\/\/franciscanos.org.br\/vidacrista\/wp-json\/wp\/v2\/posts\/184175"}],"collection":[{"href":"https:\/\/franciscanos.org.br\/vidacrista\/wp-json\/wp\/v2\/posts"}],"about":[{"href":"https:\/\/franciscanos.org.br\/vidacrista\/wp-json\/wp\/v2\/types\/post"}],"author":[{"embeddable":true,"href":"https:\/\/franciscanos.org.br\/vidacrista\/wp-json\/wp\/v2\/users\/3"}],"replies":[{"embeddable":true,"href":"https:\/\/franciscanos.org.br\/vidacrista\/wp-json\/wp\/v2\/comments?post=184175"}],"version-history":[{"count":2,"href":"https:\/\/franciscanos.org.br\/vidacrista\/wp-json\/wp\/v2\/posts\/184175\/revisions"}],"predecessor-version":[{"id":186965,"href":"https:\/\/franciscanos.org.br\/vidacrista\/wp-json\/wp\/v2\/posts\/184175\/revisions\/186965"}],"wp:featuredmedia":[{"embeddable":true,"href":"https:\/\/franciscanos.org.br\/vidacrista\/wp-json\/wp\/v2\/media\/184177"}],"wp:attachment":[{"href":"https:\/\/franciscanos.org.br\/vidacrista\/wp-json\/wp\/v2\/media?parent=184175"}],"wp:term":[{"taxonomy":"category","embeddable":true,"href":"https:\/\/franciscanos.org.br\/vidacrista\/wp-json\/wp\/v2\/categories?post=184175"},{"taxonomy":"post_tag","embeddable":true,"href":"https:\/\/franciscanos.org.br\/vidacrista\/wp-json\/wp\/v2\/tags?post=184175"}],"curies":[{"name":"wp","href":"https:\/\/api.w.org\/{rel}","templated":true}]}}