{"id":184155,"date":"2020-04-27T08:06:15","date_gmt":"2020-04-27T11:06:15","guid":{"rendered":"https:\/\/franciscanos.org.br\/vidacrista\/?p=184155"},"modified":"2020-07-24T14:06:47","modified_gmt":"2020-07-24T17:06:47","slug":"o-que-podera-vir-depois-do-coronavirus","status":"publish","type":"post","link":"https:\/\/franciscanos.org.br\/vidacrista\/o-que-podera-vir-depois-do-coronavirus\/","title":{"rendered":"O que poder\u00e1 vir depois do coronav\u00edrus?"},"content":{"rendered":"<p>&nbsp;<\/p>\n<div id=\"attachment_186406\" style=\"width: 850px\" class=\"wp-caption alignnone\"><img aria-describedby=\"caption-attachment-186406\" decoding=\"async\" loading=\"lazy\" class=\"wp-image-186406 size-full\" src=\"https:\/\/franciscanos.org.br\/vidacrista\/wp-content\/uploads\/2020\/04\/artigo_0802.jpg\" alt=\"\" width=\"840\" height=\"450\" srcset=\"https:\/\/franciscanos.org.br\/vidacrista\/wp-content\/uploads\/2020\/04\/artigo_0802.jpg 840w, https:\/\/franciscanos.org.br\/vidacrista\/wp-content\/uploads\/2020\/04\/artigo_0802-450x241.jpg 450w, https:\/\/franciscanos.org.br\/vidacrista\/wp-content\/uploads\/2020\/04\/artigo_0802-768x411.jpg 768w, https:\/\/franciscanos.org.br\/vidacrista\/wp-content\/uploads\/2020\/04\/artigo_0802-150x80.jpg 150w\" sizes=\"(max-width: 840px) 100vw, 840px\" \/><p id=\"caption-attachment-186406\" class=\"wp-caption-text\">\u00a0 \u00a0 \u00a0 \u00a0 \u00a0 \u00a0 \u00a0 \u00a0 \u00a0 \u00a0 \u00a0 \u00a0 \u00a0 \u00a0 \u00a0 \u00a0 \u00a0 \u00a0 \u00a0 \u00a0 \u00a0 \u00a0 \u00a0 \u00a0 \u00a0 \u00a0 \u00a0 \u00a0 \u00a0 \u00a0 \u00a0 \u00a0 \u00a0 \u00a0 \u00a0 \u00a0 \u00a0 \u00a0 \u00a0 \u00a0 \u00a0 \u00a0 \u00a0 \u00a0 \u00a0 \u00a0 \u00a0 \u00a0 \u00a0 \u00a0 \u00a0 \u00a0 \u00a0 \u00a0 \u00a0 \u00a0 \u00a0 \u00a0 \u00a0 \u00a0 \u00a0 \u00a0 \u00a0 \u00a0 \u00a0 \u00a0 \u00a0 \u00a0 \u00a0 \u00a0 \u00a0<em> \u00a0 \u00a0 \u00a0 Imagem ilustrativa (Divulga\u00e7\u00e3o)<\/em><\/p><\/div>\n<p><strong>\u00a0Leonardo Boff<\/strong><\/p>\n<p>Muitos j\u00e1 sentenciaram: depois do coronav\u00edrus n\u00e3o \u00e9 mais poss\u00edvel levar avante o projeto do capitalismo como modo de produ\u00e7\u00e3o nem do neoliberalismo como sua express\u00e3o pol\u00edtica. O capitalismo \u00e9 somente bom para os ricos; para os demais \u00e9 um purgat\u00f3rio ou um inferno e para a natureza, uma guerra sem tr\u00e9guas.<\/p>\n<p>O que nos est\u00e1 salvando n\u00e3o \u00e9 a concorr\u00eancia &#8211; seu motor principal &#8211; mas a coopera\u00e7\u00e3o, nem o individualismo &#8211; sua express\u00e3o cultural &#8211; mas a interdepend\u00eancia de todos com todos.<\/p>\n<p>Mas vamos ao ponto central: descobrimos que\u00a0<em>a vida<\/em>\u00a0\u00e9 o valor supremo, n\u00e3o a acumula\u00e7\u00e3o de bens materiais. O aparato b\u00e9lico montado, capaz de destruir por v\u00e1rias vezes, a vida na Terra se mostrou rid\u00edculo face a um inimigo microsc\u00f3pico invis\u00edvel, que amea\u00e7a a humanidade inteira. Seria o\u00a0<em>Next Big One<\/em>\u00a0(<em>NBO<\/em>) do qual temem os bi\u00f3logos, \u201co pr\u00f3ximo Grande V\u00edrus\u201d, destruidor do futuro da vida? N\u00e3o cremos. Esperamos que a Terra tenha ainda compaix\u00e3o de n\u00f3s e nos d\u00ea apenas uma esp\u00e9cie de ultimato.<\/p>\n<p>J\u00e1 que o v\u00edrus amea\u00e7ador prov\u00e9m da natureza, o isolamento social nos oferece a oportunidade de nos questionarmos: qual foi e como deve ser nossa rela\u00e7\u00e3o face \u00e0 natureza e, em termos mais gerais, face \u00e0 Terra como Casa Comum? N\u00e3o s\u00e3o suficientes a medicina e a t\u00e9cnica, por mais necess\u00e1rias. Sua fun\u00e7\u00e3o \u00e9 atacar o v\u00edrus at\u00e9 extermin\u00e1-lo. Mas se continuarmos a agredir a Terra viva,&#8221;nosso lar com uma comunidade de vida \u00fanica\u201d como diz a <em>Carta da Terra<\/em> (<em>Pre\u00e2mbulo<\/em>) ela contra-atacar\u00e1 de novo com pandemias mais letais, at\u00e9 uma que nos exterminar\u00e1.<\/p>\n<p>Ocorre que a maioria da humanidade e dos chefes de Estado n\u00e3o t\u00eam consci\u00eancia de que estamos dentro da sexta extin\u00e7\u00e3o em massa. At\u00e9 hoje n\u00e3o nos sent\u00edamos parte da natureza e n\u00f3s, humanos, a sua por\u00e7\u00e3o consciente; nossa rela\u00e7\u00e3o n\u00e3o \u00e9 para com um ser vivo, Gaia, que possui valor em si mesmo e deve ser respeitado mas de mero uso em fun\u00e7\u00e3o de nossa comodidade e enriquecimento. Exploramos a Terra violentamente a ponto de 60% dos solos terem sido erodidos, na mesma propor\u00e7\u00e3o as floresta \u00famidas e causamos uma espantosa devasta\u00e7\u00e3o de esp\u00e9cies, entre 70-100 mil por ano. \u00c9 a vig\u00eancia do antropoceno e do necroceno. A continuar nesta rota vamos ao encontro de nosso pr\u00f3prio desaparecimento.<\/p>\n<p>N\u00e3o temos outra alternativa sen\u00e3o fazermos nas palavras da enc\u00edclica papal \u201c<em>sobre o cuidado da Casa Comum<\/em>\u201d uma \u201c<em>radical convers\u00e3o ecol\u00f3gica<\/em>\u201d. Nesse sentido, o coronav\u00edrus \u00e9 mais que uma crise como outras, mas a exig\u00eancia de uma rela\u00e7\u00e3o amig\u00e1vel e cuidadosa para com natureza. Como implement\u00e1-la num mundo montado sobre a explora\u00e7\u00e3o de todos os ecossistemas? N\u00e3o h\u00e1 projetos prontos. Todos est\u00e3o em busca. O pior que nos pode acontecer, seria, passada a pandemia, voltarmos ao que era antes: as f\u00e1bricas produzindo a todo vapor mesmo com certo cuidado ecol\u00f3gico. Sabemos que grandes corpora\u00e7\u00f5es est\u00e3o se articulando para recuperar o tempo e os ganhos perdidos.<\/p>\n<p>Mas h\u00e1 que conceder que esta convers\u00e3o n\u00e3o poder\u00e1 ser repentina, mas processual. Quando o Presidente franc\u00eas Emmanuel Macron disse que \u201ca li\u00e7\u00e3o da pandemia era de que existem bens e servi\u00e7o que devem ser colocados fora do mercado\u201d provocou a corrida de dezenas de grandes organiza\u00e7\u00f5es ecol\u00f3gicas, tipo Oxfam, Attac e outras pedindo que os 750 bilh\u00f5es de Euros do Banco Central Europeu destinados a sanar as perdas das empresas fossem direcionados \u00e0 <em>reconvers\u00e3o social e ecol\u00f3gica<\/em> do aparato produtivo em vista de mais cuidado para com a natureza, mais justi\u00e7a e igualdade sociais. Logicamente, isso s\u00f3 se far\u00e1 ampliando o debate, envolvendo todo tipo de grupos, desde a participa\u00e7\u00e3o popular ao saber cient\u00edfico, at\u00e9 surgir uma convic\u00e7\u00e3o e uma responsabilidade coletivas.<\/p>\n<p>De uma coisa devemos ter plena consci\u00eancia: ao crescer o aquecimento global e ao aumentar a popula\u00e7\u00e3o mundial devastando <em>habitats<\/em> naturais e assim aproximando os seres humanos aos animais, estes transmitir\u00e3o mais v\u00edrus que encontrar\u00e3o em n\u00f3s novos hospedeiros para os quais n\u00e3o estamos imunes. Da\u00ed surgir\u00e3o as pandemias devastadoras.<\/p>\n<p>O ponto essencial e irrenunci\u00e1vel \u00e9 a nova concep\u00e7\u00e3o da Terra, n\u00e3o mais como um\u00a0mercado de neg\u00f3cios colocando-nos como senhores (<em>dominus<\/em>), fora e acima dela mas como um super Ente vivo, um sistema autorregulador e autocriativo, do qual somos a parte consciente e respons\u00e1vel, junto com os demais seres como irm\u00e3os (<em>frater<\/em>). A passagem do\u00a0<em>dominus\u00a0<\/em>(dono) a\u00a0<em>frater\u00a0<\/em>(irm\u00e3o) exigir\u00e1 uma nova mente e um novo cora\u00e7\u00e3o, isto \u00e9, ver de modo diferente a Terra e sentir com o cora\u00e7\u00e3o a nossa perten\u00e7a a ela e ao Grande Todo. Junto a isso, o sentido de inter-retro-relacionamento de todos com todos e uma responsabilidade coletiva face ao futuro comum. S\u00f3 assim chegaremos, como prognostica a <em>Carta da Terra<\/em>, a \u201cum modo sustent\u00e1vel de vida\u201de a uma garantia de futuro da vida e da M\u00e3e Terra.<\/p>\n<p>A atual fase de recolhimento social pode significar uma esp\u00e9cie de retiro reflexivo e human\u00edstico para pensarmos sobre tais coisas e a nossa responsabilidade face a elas. O tempo \u00e9 curto e urgente e n\u00e3o podemos chegar tarde demais.<\/p>\n<hr \/>\n<p><strong>Leonardo Boff<\/strong> <em>escreveu\u00a0Como cuidar da Casa Comum,\u00a0Vozes 2018 e\u00a0A op\u00e7\u00e3o Terra: a solu\u00e7\u00e3o da Terra n\u00e3o cai do c\u00e9u, Record 2009.<\/em><\/p>\n","protected":false},"excerpt":{"rendered":"<p>Artigo de Leonardo Boff<\/p>\n","protected":false},"author":3,"featured_media":186407,"comment_status":"open","ping_status":"open","sticky":false,"template":"","format":"standard","meta":{"footnotes":""},"categories":[26],"tags":[59],"yoast_head":"<!-- This site is optimized with the Yoast SEO plugin v19.4 - https:\/\/yoast.com\/wordpress\/plugins\/seo\/ -->\n<title>O que poder\u00e1 vir depois do coronav\u00edrus? - Vida Crist\u00e3 - Franciscanos<\/title>\n<meta name=\"robots\" content=\"index, follow, max-snippet:-1, max-image-preview:large, max-video-preview:-1\" \/>\n<link rel=\"canonical\" href=\"https:\/\/franciscanos.org.br\/vidacrista\/o-que-podera-vir-depois-do-coronavirus\/\" \/>\n<meta property=\"og:locale\" content=\"pt_BR\" \/>\n<meta property=\"og:type\" content=\"article\" \/>\n<meta property=\"og:title\" content=\"O que poder\u00e1 vir depois do coronav\u00edrus? - Vida Crist\u00e3 - Franciscanos\" \/>\n<meta property=\"og:description\" content=\"Artigo de Leonardo Boff\" \/>\n<meta property=\"og:url\" content=\"https:\/\/franciscanos.org.br\/vidacrista\/o-que-podera-vir-depois-do-coronavirus\/\" \/>\n<meta property=\"og:site_name\" content=\"Vida Crist\u00e3 - Franciscanos\" \/>\n<meta property=\"article:published_time\" content=\"2020-04-27T11:06:15+00:00\" \/>\n<meta property=\"article:modified_time\" content=\"2020-07-24T17:06:47+00:00\" \/>\n<meta property=\"og:image\" content=\"https:\/\/franciscanos.org.br\/vidacrista\/wp-content\/uploads\/2020\/04\/artigo_0802d.jpg\" \/>\n\t<meta property=\"og:image:width\" content=\"800\" \/>\n\t<meta property=\"og:image:height\" content=\"600\" \/>\n\t<meta property=\"og:image:type\" content=\"image\/jpeg\" \/>\n<meta name=\"author\" content=\"moacir\" \/>\n<meta name=\"twitter:card\" content=\"summary_large_image\" \/>\n<meta name=\"twitter:label1\" content=\"Escrito por\" \/>\n\t<meta name=\"twitter:data1\" content=\"moacir\" \/>\n\t<meta name=\"twitter:label2\" content=\"Est. tempo de leitura\" \/>\n\t<meta name=\"twitter:data2\" content=\"5 minutos\" \/>\n<script type=\"application\/ld+json\" class=\"yoast-schema-graph\">{\"@context\":\"https:\/\/schema.org\",\"@graph\":[{\"@type\":\"WebSite\",\"@id\":\"https:\/\/franciscanos.org.br\/vidacrista\/#website\",\"url\":\"https:\/\/franciscanos.org.br\/vidacrista\/\",\"name\":\"Vida Crist\u00e3 - Franciscanos\",\"description\":\"Prov\u00edncia Franciscana da Imaculada Concei\u00e7\u00e3o do Brasil - Ordem dos Frades Menores\",\"potentialAction\":[{\"@type\":\"SearchAction\",\"target\":{\"@type\":\"EntryPoint\",\"urlTemplate\":\"https:\/\/franciscanos.org.br\/vidacrista\/?s={search_term_string}\"},\"query-input\":\"required name=search_term_string\"}],\"inLanguage\":\"pt-BR\"},{\"@type\":\"WebPage\",\"@id\":\"https:\/\/franciscanos.org.br\/vidacrista\/o-que-podera-vir-depois-do-coronavirus\/\",\"url\":\"https:\/\/franciscanos.org.br\/vidacrista\/o-que-podera-vir-depois-do-coronavirus\/\",\"name\":\"O que poder\u00e1 vir depois do coronav\u00edrus? - Vida Crist\u00e3 - Franciscanos\",\"isPartOf\":{\"@id\":\"https:\/\/franciscanos.org.br\/vidacrista\/#website\"},\"datePublished\":\"2020-04-27T11:06:15+00:00\",\"dateModified\":\"2020-07-24T17:06:47+00:00\",\"author\":{\"@id\":\"https:\/\/franciscanos.org.br\/vidacrista\/#\/schema\/person\/1880bdd2c350b735648725ef7614736a\"},\"breadcrumb\":{\"@id\":\"https:\/\/franciscanos.org.br\/vidacrista\/o-que-podera-vir-depois-do-coronavirus\/#breadcrumb\"},\"inLanguage\":\"pt-BR\",\"potentialAction\":[{\"@type\":\"ReadAction\",\"target\":[\"https:\/\/franciscanos.org.br\/vidacrista\/o-que-podera-vir-depois-do-coronavirus\/\"]}]},{\"@type\":\"BreadcrumbList\",\"@id\":\"https:\/\/franciscanos.org.br\/vidacrista\/o-que-podera-vir-depois-do-coronavirus\/#breadcrumb\",\"itemListElement\":[{\"@type\":\"ListItem\",\"position\":1,\"name\":\"Home\",\"item\":\"https:\/\/franciscanos.org.br\/vidacrista\/\"},{\"@type\":\"ListItem\",\"position\":2,\"name\":\"O que poder\u00e1 vir depois do coronav\u00edrus?\"}]},{\"@type\":\"Person\",\"@id\":\"https:\/\/franciscanos.org.br\/vidacrista\/#\/schema\/person\/1880bdd2c350b735648725ef7614736a\",\"name\":\"moacir\",\"image\":{\"@type\":\"ImageObject\",\"inLanguage\":\"pt-BR\",\"@id\":\"https:\/\/franciscanos.org.br\/vidacrista\/#\/schema\/person\/image\/\",\"url\":\"https:\/\/secure.gravatar.com\/avatar\/d08aa2ce4c8dd416d4479aa8536fcf64?s=96&d=mm&r=g\",\"contentUrl\":\"https:\/\/secure.gravatar.com\/avatar\/d08aa2ce4c8dd416d4479aa8536fcf64?s=96&d=mm&r=g\",\"caption\":\"moacir\"},\"url\":\"https:\/\/franciscanos.org.br\/vidacrista\/author\/moacir\/\"}]}<\/script>\n<!-- \/ Yoast SEO plugin. -->","yoast_head_json":{"title":"O que poder\u00e1 vir depois do coronav\u00edrus? - Vida Crist\u00e3 - Franciscanos","robots":{"index":"index","follow":"follow","max-snippet":"max-snippet:-1","max-image-preview":"max-image-preview:large","max-video-preview":"max-video-preview:-1"},"canonical":"https:\/\/franciscanos.org.br\/vidacrista\/o-que-podera-vir-depois-do-coronavirus\/","og_locale":"pt_BR","og_type":"article","og_title":"O que poder\u00e1 vir depois do coronav\u00edrus? - Vida Crist\u00e3 - Franciscanos","og_description":"Artigo de Leonardo Boff","og_url":"https:\/\/franciscanos.org.br\/vidacrista\/o-que-podera-vir-depois-do-coronavirus\/","og_site_name":"Vida Crist\u00e3 - Franciscanos","article_published_time":"2020-04-27T11:06:15+00:00","article_modified_time":"2020-07-24T17:06:47+00:00","og_image":[{"width":800,"height":600,"url":"https:\/\/franciscanos.org.br\/vidacrista\/wp-content\/uploads\/2020\/04\/artigo_0802d.jpg","type":"image\/jpeg"}],"author":"moacir","twitter_card":"summary_large_image","twitter_misc":{"Escrito por":"moacir","Est. tempo de leitura":"5 minutos"},"schema":{"@context":"https:\/\/schema.org","@graph":[{"@type":"WebSite","@id":"https:\/\/franciscanos.org.br\/vidacrista\/#website","url":"https:\/\/franciscanos.org.br\/vidacrista\/","name":"Vida Crist\u00e3 - Franciscanos","description":"Prov\u00edncia Franciscana da Imaculada Concei\u00e7\u00e3o do Brasil - Ordem dos Frades Menores","potentialAction":[{"@type":"SearchAction","target":{"@type":"EntryPoint","urlTemplate":"https:\/\/franciscanos.org.br\/vidacrista\/?s={search_term_string}"},"query-input":"required name=search_term_string"}],"inLanguage":"pt-BR"},{"@type":"WebPage","@id":"https:\/\/franciscanos.org.br\/vidacrista\/o-que-podera-vir-depois-do-coronavirus\/","url":"https:\/\/franciscanos.org.br\/vidacrista\/o-que-podera-vir-depois-do-coronavirus\/","name":"O que poder\u00e1 vir depois do coronav\u00edrus? - Vida Crist\u00e3 - Franciscanos","isPartOf":{"@id":"https:\/\/franciscanos.org.br\/vidacrista\/#website"},"datePublished":"2020-04-27T11:06:15+00:00","dateModified":"2020-07-24T17:06:47+00:00","author":{"@id":"https:\/\/franciscanos.org.br\/vidacrista\/#\/schema\/person\/1880bdd2c350b735648725ef7614736a"},"breadcrumb":{"@id":"https:\/\/franciscanos.org.br\/vidacrista\/o-que-podera-vir-depois-do-coronavirus\/#breadcrumb"},"inLanguage":"pt-BR","potentialAction":[{"@type":"ReadAction","target":["https:\/\/franciscanos.org.br\/vidacrista\/o-que-podera-vir-depois-do-coronavirus\/"]}]},{"@type":"BreadcrumbList","@id":"https:\/\/franciscanos.org.br\/vidacrista\/o-que-podera-vir-depois-do-coronavirus\/#breadcrumb","itemListElement":[{"@type":"ListItem","position":1,"name":"Home","item":"https:\/\/franciscanos.org.br\/vidacrista\/"},{"@type":"ListItem","position":2,"name":"O que poder\u00e1 vir depois do coronav\u00edrus?"}]},{"@type":"Person","@id":"https:\/\/franciscanos.org.br\/vidacrista\/#\/schema\/person\/1880bdd2c350b735648725ef7614736a","name":"moacir","image":{"@type":"ImageObject","inLanguage":"pt-BR","@id":"https:\/\/franciscanos.org.br\/vidacrista\/#\/schema\/person\/image\/","url":"https:\/\/secure.gravatar.com\/avatar\/d08aa2ce4c8dd416d4479aa8536fcf64?s=96&d=mm&r=g","contentUrl":"https:\/\/secure.gravatar.com\/avatar\/d08aa2ce4c8dd416d4479aa8536fcf64?s=96&d=mm&r=g","caption":"moacir"},"url":"https:\/\/franciscanos.org.br\/vidacrista\/author\/moacir\/"}]}},"_links":{"self":[{"href":"https:\/\/franciscanos.org.br\/vidacrista\/wp-json\/wp\/v2\/posts\/184155"}],"collection":[{"href":"https:\/\/franciscanos.org.br\/vidacrista\/wp-json\/wp\/v2\/posts"}],"about":[{"href":"https:\/\/franciscanos.org.br\/vidacrista\/wp-json\/wp\/v2\/types\/post"}],"author":[{"embeddable":true,"href":"https:\/\/franciscanos.org.br\/vidacrista\/wp-json\/wp\/v2\/users\/3"}],"replies":[{"embeddable":true,"href":"https:\/\/franciscanos.org.br\/vidacrista\/wp-json\/wp\/v2\/comments?post=184155"}],"version-history":[{"count":3,"href":"https:\/\/franciscanos.org.br\/vidacrista\/wp-json\/wp\/v2\/posts\/184155\/revisions"}],"predecessor-version":[{"id":186966,"href":"https:\/\/franciscanos.org.br\/vidacrista\/wp-json\/wp\/v2\/posts\/184155\/revisions\/186966"}],"wp:featuredmedia":[{"embeddable":true,"href":"https:\/\/franciscanos.org.br\/vidacrista\/wp-json\/wp\/v2\/media\/186407"}],"wp:attachment":[{"href":"https:\/\/franciscanos.org.br\/vidacrista\/wp-json\/wp\/v2\/media?parent=184155"}],"wp:term":[{"taxonomy":"category","embeddable":true,"href":"https:\/\/franciscanos.org.br\/vidacrista\/wp-json\/wp\/v2\/categories?post=184155"},{"taxonomy":"post_tag","embeddable":true,"href":"https:\/\/franciscanos.org.br\/vidacrista\/wp-json\/wp\/v2\/tags?post=184155"}],"curies":[{"name":"wp","href":"https:\/\/api.w.org\/{rel}","templated":true}]}}