{"id":184146,"date":"2020-04-24T07:29:31","date_gmt":"2020-04-24T10:29:31","guid":{"rendered":"https:\/\/franciscanos.org.br\/vidacrista\/?p=184146"},"modified":"2020-07-27T10:53:08","modified_gmt":"2020-07-27T13:53:08","slug":"tudo-mudou-num-passe-de-magica","status":"publish","type":"post","link":"https:\/\/franciscanos.org.br\/vidacrista\/tudo-mudou-num-passe-de-magica\/","title":{"rendered":"Tudo mudou num passe de m\u00e1gica!"},"content":{"rendered":"<p>&nbsp;<\/p>\n<div id=\"attachment_186980\" style=\"width: 850px\" class=\"wp-caption alignnone\"><img aria-describedby=\"caption-attachment-186980\" decoding=\"async\" loading=\"lazy\" class=\"wp-image-186980 size-full\" src=\"https:\/\/franciscanos.org.br\/vidacrista\/wp-content\/uploads\/2020\/04\/artigo_2707.png\" alt=\"\" width=\"840\" height=\"450\" srcset=\"https:\/\/franciscanos.org.br\/vidacrista\/wp-content\/uploads\/2020\/04\/artigo_2707.png 840w, https:\/\/franciscanos.org.br\/vidacrista\/wp-content\/uploads\/2020\/04\/artigo_2707-450x241.png 450w, https:\/\/franciscanos.org.br\/vidacrista\/wp-content\/uploads\/2020\/04\/artigo_2707-768x411.png 768w, https:\/\/franciscanos.org.br\/vidacrista\/wp-content\/uploads\/2020\/04\/artigo_2707-150x80.png 150w\" sizes=\"(max-width: 840px) 100vw, 840px\" \/><p id=\"caption-attachment-186980\" class=\"wp-caption-text\">\u00a0 \u00a0 \u00a0 \u00a0 \u00a0 \u00a0 \u00a0 \u00a0 \u00a0 \u00a0 \u00a0 \u00a0 \u00a0 \u00a0 \u00a0 \u00a0 \u00a0 \u00a0 \u00a0 \u00a0 \u00a0 \u00a0 \u00a0 \u00a0 \u00a0 \u00a0 \u00a0 \u00a0 \u00a0 \u00a0 \u00a0 \u00a0 \u00a0 \u00a0 \u00a0 \u00a0 \u00a0 \u00a0 \u00a0 \u00a0 \u00a0 \u00a0 \u00a0 \u00a0 \u00a0 \u00a0 \u00a0 \u00a0 \u00a0 \u00a0 \u00a0 \u00a0 \u00a0 \u00a0 \u00a0 \u00a0 \u00a0 \u00a0 \u00a0 \u00a0 \u00a0 \u00a0 \u00a0 \u00a0 \u00a0 \u00a0 \u00a0 \u00a0 \u00a0 \u00a0 \u00a0 \u00a0 \u00a0 \u00a0 \u00a0 \u00a0 \u00a0<em> \u00a0 Imagem ilustrativa (fonte: Canva)<\/em><\/p><\/div>\n<p><strong>Dirceu Beninc\u00e1 (*)<\/strong><\/p>\n<p>De uma hora para outra, como num passe de m\u00e1gica, tudo mudou. Grandes, m\u00e9dias e pequenas cidades ficaram desertas por dias e semanas a fio. O com\u00e9rcio parou. N\u00e3o vende mais o sup\u00e9rfluo e nem o essencial. Estudantes foram impedidos de ir \u00e0s escolas, faculdades e universidades; e fi\u00e9is de frequentar os templos. Fomos proibidos de realizar festas, jogos de futebol e qualquer outro tipo de aglomera\u00e7\u00e3o. Orientados por profissionais da sa\u00fade, por cientistas, e por muitas pessoas sensatas e respons\u00e1veis, passamos a nos isolar do conv\u00edvio social.<\/p>\n<p>Fomos reeducados a nos lavarmos e nos higienizarmos. \u00c9 verdade que muitos n\u00e3o tinham e n\u00e3o t\u00eam \u00e1gua, nem sab\u00e3o, desinfetante, \u00e1lcool em gel ou em l\u00edquido. Visitar-nos, nos abra\u00e7ar e nos beijar virou um grande perigo. Vimos de forma cabal que isso \u00e9 da ess\u00eancia dos humanos. Mas, agora n\u00e3o podemos. Enquanto isso, algumas autoridades insanas tamb\u00e9m agiram com grosseria, estupidez, irresponsabilidade e insensatez, desrespeitando as vozes conhecedoras da mat\u00e9ria e os gritos de dor advindos da pr\u00f3pria realidade.<\/p>\n<p>Fomos orientados com insist\u00eancia a tomar dist\u00e2ncia de idosos, doentes e grupos de risco. Isso que nos era impens\u00e1vel e inconceb\u00edvel, agora virou um ato de amor. Fomos apartados do mundo real (ficamos apenas com o virtual, do qual muitos j\u00e1 n\u00e3o estavam saindo) e obrigados a nos circunscrever em nosso interior pessoal, em nossas casas ou casebres. Tudo pela emerg\u00eancia inesperada e atroz de um v\u00edrus em forma de coroa, que veio para reinar sobre a vida e a sa\u00fade dos habitantes pensantes desse planeta. Trouxe-nos a doen\u00e7a, a morte, o desespero e o p\u00e2nico.<\/p>\n<p>Agora j\u00e1 estamos em uma nova desordem global e globalizante. Nela os desprezados m\u00e9dicos de Cuba se tornaram importantes. Foram enviados e aceitos em v\u00e1rias partes do mundo para prestar ajuda, compartilhando seu saber e sua solidariedade. Muitos outros profissionais desvalorizados, de repente, passaram a ser vistos como her\u00f3is. Agora o risco pa\u00eds n\u00e3o tem mais destaque porque todos os pa\u00edses ficaram em risco e perigo. Deixou-se de falar dos pa\u00edses emergentes e dos pa\u00edses desenvolvidos como mais importantes que os pa\u00edses pobres porque o que emergiu e se desenvolveu foi um v\u00edrus violento que fez todos se sentirem muito pobres e impotentes.<\/p>\n<p>Na nova conjuntura geopol\u00edtica e econ\u00f4mica, a bolsa de valores que pulsava, ficava nervosa e, vez por outra, se abrandava, agora parece que perdeu seu foco e seu valor. Na verdade, muitos passaram a perceber que, dentro e fora das bolsas, o maior valor \u00e9 o da vida. At\u00e9 alguns poucos poderosos deste mundo neoliberal, \u201cmilagrosamente\u201d e repentinamente perceberam isso. Contudo, ainda n\u00e3o \u00e9 poss\u00edvel saber se essa convers\u00e3o abrupta de pensamento ir\u00e1 perdurar para al\u00e9m do pico da pandemia.<\/p>\n<p>Adentramos agora no ciclo da desordem sist\u00eamica, globalizada e pand\u00eamica. Atravessamos a linha vermelha do limite da sa\u00fade civilizat\u00f3ria, diante da qual precisamos decidir se seguimos rumo ao caos total ou se aproveitamos as experi\u00eancias, os recursos econ\u00f4micos, cient\u00edficos e tecnol\u00f3gicos para nos reposicionarmos em dire\u00e7\u00e3o a outra ordem global. Agora orientada pela justi\u00e7a social e econ\u00f4mica, pelo respeito m\u00fatuo, pela solidariedade e pela sustentabilidade integral.<\/p>\n<p>Os tempos n\u00e3o apenas parecem apocal\u00edpticos. Eles o s\u00e3o. Muito \u00e0 semelhan\u00e7a das imagens b\u00edblicas da Torre de Babel e do dil\u00favio, do qual s\u00f3 se salvou No\u00e9 (o justo), sua fam\u00edlia e representantes das esp\u00e9cies animais. O v\u00edrus mostrou seu superpoder sobre nossa sa\u00fade, sobre nossa economia, sobre nossa cultura, sobre nossos relacionamentos interpessoais, familiares, sociais, entre os pa\u00edses e os continentes. Com sua governa\u00e7\u00e3o globalizada, ditatorial e democratizada ao mesmo tempo, est\u00e1 desafiando a humanidade a se reposicionar. Para onde iremos?<\/p>\n<hr \/>\n<p><strong>(*) Dirceu Beninc\u00e1<\/strong> <em>\u00e9 professor da Universidade Federal do Sul da Bahia &#8211; UFSB.<\/em><\/p>\n","protected":false},"excerpt":{"rendered":"<p>Artigo de Dirceu Beninc\u00e1<\/p>\n","protected":false},"author":3,"featured_media":186981,"comment_status":"open","ping_status":"open","sticky":false,"template":"","format":"standard","meta":{"footnotes":""},"categories":[26],"tags":[274],"yoast_head":"<!-- This site is optimized with the Yoast SEO plugin v19.4 - https:\/\/yoast.com\/wordpress\/plugins\/seo\/ -->\n<title>Tudo mudou num passe de m\u00e1gica! - Vida Crist\u00e3 - Franciscanos<\/title>\n<meta name=\"robots\" content=\"index, follow, max-snippet:-1, max-image-preview:large, max-video-preview:-1\" \/>\n<link rel=\"canonical\" href=\"https:\/\/franciscanos.org.br\/vidacrista\/tudo-mudou-num-passe-de-magica\/\" \/>\n<meta property=\"og:locale\" content=\"pt_BR\" \/>\n<meta property=\"og:type\" content=\"article\" \/>\n<meta property=\"og:title\" content=\"Tudo mudou num passe de m\u00e1gica! - Vida Crist\u00e3 - Franciscanos\" \/>\n<meta property=\"og:description\" content=\"Artigo de Dirceu Beninc\u00e1\" \/>\n<meta property=\"og:url\" content=\"https:\/\/franciscanos.org.br\/vidacrista\/tudo-mudou-num-passe-de-magica\/\" \/>\n<meta property=\"og:site_name\" content=\"Vida Crist\u00e3 - Franciscanos\" \/>\n<meta property=\"article:published_time\" content=\"2020-04-24T10:29:31+00:00\" \/>\n<meta property=\"article:modified_time\" content=\"2020-07-27T13:53:08+00:00\" \/>\n<meta property=\"og:image\" content=\"https:\/\/franciscanos.org.br\/vidacrista\/wp-content\/uploads\/2020\/04\/artigo_2707d.png\" \/>\n\t<meta property=\"og:image:width\" content=\"800\" \/>\n\t<meta property=\"og:image:height\" content=\"600\" \/>\n\t<meta property=\"og:image:type\" content=\"image\/png\" \/>\n<meta name=\"author\" content=\"moacir\" \/>\n<meta name=\"twitter:card\" content=\"summary_large_image\" \/>\n<meta name=\"twitter:label1\" content=\"Escrito por\" \/>\n\t<meta name=\"twitter:data1\" content=\"moacir\" \/>\n\t<meta name=\"twitter:label2\" content=\"Est. tempo de leitura\" \/>\n\t<meta name=\"twitter:data2\" content=\"3 minutos\" \/>\n<script type=\"application\/ld+json\" class=\"yoast-schema-graph\">{\"@context\":\"https:\/\/schema.org\",\"@graph\":[{\"@type\":\"WebSite\",\"@id\":\"https:\/\/franciscanos.org.br\/vidacrista\/#website\",\"url\":\"https:\/\/franciscanos.org.br\/vidacrista\/\",\"name\":\"Vida Crist\u00e3 - Franciscanos\",\"description\":\"Prov\u00edncia Franciscana da Imaculada Concei\u00e7\u00e3o do Brasil - Ordem dos Frades Menores\",\"potentialAction\":[{\"@type\":\"SearchAction\",\"target\":{\"@type\":\"EntryPoint\",\"urlTemplate\":\"https:\/\/franciscanos.org.br\/vidacrista\/?s={search_term_string}\"},\"query-input\":\"required name=search_term_string\"}],\"inLanguage\":\"pt-BR\"},{\"@type\":\"WebPage\",\"@id\":\"https:\/\/franciscanos.org.br\/vidacrista\/tudo-mudou-num-passe-de-magica\/\",\"url\":\"https:\/\/franciscanos.org.br\/vidacrista\/tudo-mudou-num-passe-de-magica\/\",\"name\":\"Tudo mudou num passe de m\u00e1gica! - Vida Crist\u00e3 - Franciscanos\",\"isPartOf\":{\"@id\":\"https:\/\/franciscanos.org.br\/vidacrista\/#website\"},\"datePublished\":\"2020-04-24T10:29:31+00:00\",\"dateModified\":\"2020-07-27T13:53:08+00:00\",\"author\":{\"@id\":\"https:\/\/franciscanos.org.br\/vidacrista\/#\/schema\/person\/1880bdd2c350b735648725ef7614736a\"},\"breadcrumb\":{\"@id\":\"https:\/\/franciscanos.org.br\/vidacrista\/tudo-mudou-num-passe-de-magica\/#breadcrumb\"},\"inLanguage\":\"pt-BR\",\"potentialAction\":[{\"@type\":\"ReadAction\",\"target\":[\"https:\/\/franciscanos.org.br\/vidacrista\/tudo-mudou-num-passe-de-magica\/\"]}]},{\"@type\":\"BreadcrumbList\",\"@id\":\"https:\/\/franciscanos.org.br\/vidacrista\/tudo-mudou-num-passe-de-magica\/#breadcrumb\",\"itemListElement\":[{\"@type\":\"ListItem\",\"position\":1,\"name\":\"Home\",\"item\":\"https:\/\/franciscanos.org.br\/vidacrista\/\"},{\"@type\":\"ListItem\",\"position\":2,\"name\":\"Tudo mudou num passe de m\u00e1gica!\"}]},{\"@type\":\"Person\",\"@id\":\"https:\/\/franciscanos.org.br\/vidacrista\/#\/schema\/person\/1880bdd2c350b735648725ef7614736a\",\"name\":\"moacir\",\"image\":{\"@type\":\"ImageObject\",\"inLanguage\":\"pt-BR\",\"@id\":\"https:\/\/franciscanos.org.br\/vidacrista\/#\/schema\/person\/image\/\",\"url\":\"https:\/\/secure.gravatar.com\/avatar\/d08aa2ce4c8dd416d4479aa8536fcf64?s=96&d=mm&r=g\",\"contentUrl\":\"https:\/\/secure.gravatar.com\/avatar\/d08aa2ce4c8dd416d4479aa8536fcf64?s=96&d=mm&r=g\",\"caption\":\"moacir\"},\"url\":\"https:\/\/franciscanos.org.br\/vidacrista\/author\/moacir\/\"}]}<\/script>\n<!-- \/ Yoast SEO plugin. -->","yoast_head_json":{"title":"Tudo mudou num passe de m\u00e1gica! - Vida Crist\u00e3 - Franciscanos","robots":{"index":"index","follow":"follow","max-snippet":"max-snippet:-1","max-image-preview":"max-image-preview:large","max-video-preview":"max-video-preview:-1"},"canonical":"https:\/\/franciscanos.org.br\/vidacrista\/tudo-mudou-num-passe-de-magica\/","og_locale":"pt_BR","og_type":"article","og_title":"Tudo mudou num passe de m\u00e1gica! - Vida Crist\u00e3 - Franciscanos","og_description":"Artigo de Dirceu Beninc\u00e1","og_url":"https:\/\/franciscanos.org.br\/vidacrista\/tudo-mudou-num-passe-de-magica\/","og_site_name":"Vida Crist\u00e3 - Franciscanos","article_published_time":"2020-04-24T10:29:31+00:00","article_modified_time":"2020-07-27T13:53:08+00:00","og_image":[{"width":800,"height":600,"url":"https:\/\/franciscanos.org.br\/vidacrista\/wp-content\/uploads\/2020\/04\/artigo_2707d.png","type":"image\/png"}],"author":"moacir","twitter_card":"summary_large_image","twitter_misc":{"Escrito por":"moacir","Est. tempo de leitura":"3 minutos"},"schema":{"@context":"https:\/\/schema.org","@graph":[{"@type":"WebSite","@id":"https:\/\/franciscanos.org.br\/vidacrista\/#website","url":"https:\/\/franciscanos.org.br\/vidacrista\/","name":"Vida Crist\u00e3 - Franciscanos","description":"Prov\u00edncia Franciscana da Imaculada Concei\u00e7\u00e3o do Brasil - Ordem dos Frades Menores","potentialAction":[{"@type":"SearchAction","target":{"@type":"EntryPoint","urlTemplate":"https:\/\/franciscanos.org.br\/vidacrista\/?s={search_term_string}"},"query-input":"required name=search_term_string"}],"inLanguage":"pt-BR"},{"@type":"WebPage","@id":"https:\/\/franciscanos.org.br\/vidacrista\/tudo-mudou-num-passe-de-magica\/","url":"https:\/\/franciscanos.org.br\/vidacrista\/tudo-mudou-num-passe-de-magica\/","name":"Tudo mudou num passe de m\u00e1gica! - Vida Crist\u00e3 - Franciscanos","isPartOf":{"@id":"https:\/\/franciscanos.org.br\/vidacrista\/#website"},"datePublished":"2020-04-24T10:29:31+00:00","dateModified":"2020-07-27T13:53:08+00:00","author":{"@id":"https:\/\/franciscanos.org.br\/vidacrista\/#\/schema\/person\/1880bdd2c350b735648725ef7614736a"},"breadcrumb":{"@id":"https:\/\/franciscanos.org.br\/vidacrista\/tudo-mudou-num-passe-de-magica\/#breadcrumb"},"inLanguage":"pt-BR","potentialAction":[{"@type":"ReadAction","target":["https:\/\/franciscanos.org.br\/vidacrista\/tudo-mudou-num-passe-de-magica\/"]}]},{"@type":"BreadcrumbList","@id":"https:\/\/franciscanos.org.br\/vidacrista\/tudo-mudou-num-passe-de-magica\/#breadcrumb","itemListElement":[{"@type":"ListItem","position":1,"name":"Home","item":"https:\/\/franciscanos.org.br\/vidacrista\/"},{"@type":"ListItem","position":2,"name":"Tudo mudou num passe de m\u00e1gica!"}]},{"@type":"Person","@id":"https:\/\/franciscanos.org.br\/vidacrista\/#\/schema\/person\/1880bdd2c350b735648725ef7614736a","name":"moacir","image":{"@type":"ImageObject","inLanguage":"pt-BR","@id":"https:\/\/franciscanos.org.br\/vidacrista\/#\/schema\/person\/image\/","url":"https:\/\/secure.gravatar.com\/avatar\/d08aa2ce4c8dd416d4479aa8536fcf64?s=96&d=mm&r=g","contentUrl":"https:\/\/secure.gravatar.com\/avatar\/d08aa2ce4c8dd416d4479aa8536fcf64?s=96&d=mm&r=g","caption":"moacir"},"url":"https:\/\/franciscanos.org.br\/vidacrista\/author\/moacir\/"}]}},"_links":{"self":[{"href":"https:\/\/franciscanos.org.br\/vidacrista\/wp-json\/wp\/v2\/posts\/184146"}],"collection":[{"href":"https:\/\/franciscanos.org.br\/vidacrista\/wp-json\/wp\/v2\/posts"}],"about":[{"href":"https:\/\/franciscanos.org.br\/vidacrista\/wp-json\/wp\/v2\/types\/post"}],"author":[{"embeddable":true,"href":"https:\/\/franciscanos.org.br\/vidacrista\/wp-json\/wp\/v2\/users\/3"}],"replies":[{"embeddable":true,"href":"https:\/\/franciscanos.org.br\/vidacrista\/wp-json\/wp\/v2\/comments?post=184146"}],"version-history":[{"count":3,"href":"https:\/\/franciscanos.org.br\/vidacrista\/wp-json\/wp\/v2\/posts\/184146\/revisions"}],"predecessor-version":[{"id":186982,"href":"https:\/\/franciscanos.org.br\/vidacrista\/wp-json\/wp\/v2\/posts\/184146\/revisions\/186982"}],"wp:featuredmedia":[{"embeddable":true,"href":"https:\/\/franciscanos.org.br\/vidacrista\/wp-json\/wp\/v2\/media\/186981"}],"wp:attachment":[{"href":"https:\/\/franciscanos.org.br\/vidacrista\/wp-json\/wp\/v2\/media?parent=184146"}],"wp:term":[{"taxonomy":"category","embeddable":true,"href":"https:\/\/franciscanos.org.br\/vidacrista\/wp-json\/wp\/v2\/categories?post=184146"},{"taxonomy":"post_tag","embeddable":true,"href":"https:\/\/franciscanos.org.br\/vidacrista\/wp-json\/wp\/v2\/tags?post=184146"}],"curies":[{"name":"wp","href":"https:\/\/api.w.org\/{rel}","templated":true}]}}