{"id":184142,"date":"2020-04-23T08:03:48","date_gmt":"2020-04-23T11:03:48","guid":{"rendered":"https:\/\/franciscanos.org.br\/vidacrista\/?p=184142"},"modified":"2020-07-27T10:57:11","modified_gmt":"2020-07-27T13:57:11","slug":"qual-a-sua-resposta-diante-de-um-inimigo-mortal","status":"publish","type":"post","link":"https:\/\/franciscanos.org.br\/vidacrista\/qual-a-sua-resposta-diante-de-um-inimigo-mortal\/","title":{"rendered":"Qual a sua resposta diante de um inimigo mortal?"},"content":{"rendered":"<p>&nbsp;<\/p>\n<div id=\"attachment_186983\" style=\"width: 850px\" class=\"wp-caption alignnone\"><img aria-describedby=\"caption-attachment-186983\" decoding=\"async\" loading=\"lazy\" class=\"wp-image-186983 size-full\" src=\"https:\/\/franciscanos.org.br\/vidacrista\/wp-content\/uploads\/2020\/04\/artigo_2707_2.png\" alt=\"\" width=\"840\" height=\"450\" srcset=\"https:\/\/franciscanos.org.br\/vidacrista\/wp-content\/uploads\/2020\/04\/artigo_2707_2.png 840w, https:\/\/franciscanos.org.br\/vidacrista\/wp-content\/uploads\/2020\/04\/artigo_2707_2-450x241.png 450w, https:\/\/franciscanos.org.br\/vidacrista\/wp-content\/uploads\/2020\/04\/artigo_2707_2-768x411.png 768w, https:\/\/franciscanos.org.br\/vidacrista\/wp-content\/uploads\/2020\/04\/artigo_2707_2-150x80.png 150w\" sizes=\"(max-width: 840px) 100vw, 840px\" \/><p id=\"caption-attachment-186983\" class=\"wp-caption-text\">\u00a0 \u00a0 \u00a0 \u00a0 \u00a0 \u00a0 \u00a0 \u00a0 \u00a0 \u00a0 \u00a0 \u00a0 \u00a0 \u00a0 \u00a0 \u00a0 \u00a0 \u00a0 \u00a0 \u00a0 \u00a0 \u00a0 \u00a0 \u00a0 \u00a0 \u00a0 \u00a0 \u00a0 \u00a0 \u00a0 \u00a0 \u00a0 \u00a0 \u00a0 \u00a0 \u00a0 \u00a0 \u00a0 \u00a0 \u00a0 \u00a0 \u00a0 \u00a0 \u00a0 \u00a0 \u00a0 \u00a0 \u00a0 \u00a0 \u00a0 \u00a0 \u00a0 \u00a0 \u00a0 \u00a0 \u00a0 \u00a0 \u00a0 \u00a0 \u00a0 \u00a0 \u00a0 \u00a0 \u00a0 \u00a0 \u00a0 \u00a0 \u00a0 \u00a0 \u00a0 \u00a0 \u00a0 \u00a0 \u00a0 \u00a0 \u00a0 \u00a0 <em>\u00a0Imagem ilustrativa (fonte: Canva)<\/em><\/p><\/div>\n<p><strong>Frei Conrado Lindmeier, OFM<\/strong><\/p>\n<p>De repente, a nossa liberdade \u00e9 invadida e delimitada. Os nossos caminhos controlados e condicionados. A perman\u00eancia em casa ordenada. At\u00e9 os contatos com parentes e amigos restringido e regulamentado. Os encontros e celebra\u00e7\u00f5es cancelados e proibidos.\u00a0 E o pior, parentes e amigos s\u00e3o levados pelas ruas e pra\u00e7as vazias aos hospitais e de l\u00e1, talvez, aos cemit\u00e9rios. Sim, cemit\u00e9rios, pois n\u00e3o sabemos com certeza o que acontece com eles nos hospitais e depois. J\u00e1 que ningu\u00e9m, nem parentes, os pode visitar. Tudo isso para evitar a contamina\u00e7\u00e3o com o inimigo mortal e impedir, assim, sua expans\u00e3o. Pois por ele toda a humanidade est\u00e1 mortalmente amea\u00e7ada: sem excluir ningu\u00e9m, nem pa\u00eds, nem ra\u00e7a ou religi\u00e3o. E \u00e9 s\u00e9rio, pois ningu\u00e9m tem rem\u00e9dio nem vacina para se proteger do novo coronav\u00edrus. E muitos j\u00e1 se perguntam: quando ser\u00e1 a minha vez?<\/p>\n<p>Tal situa\u00e7\u00e3o me faz lembrar de Carlos Drummond de Andrade, quando diz: \u201cE agora, Jos\u00e9? A festa acabou, a luz apagou, o povo sumiu. E agora, Jos\u00e9?\u201d<\/p>\n<p>Sim, e agora, Jos\u00e9? Qual ser\u00e1 a atitude, a minha atitude e defesa perante tal situa\u00e7\u00e3o generalizada e presente em todos os espa\u00e7os? Por enquanto, foi dada uma resposta de urg\u00eancia coletiva: confinamento. Ordenada pelas autoridades competentes. Sim, ajuda. Mas a amea\u00e7a n\u00e3o \u00e9 apenas coletiva, n\u00e3o! Ela atinge a cada um e cada uma, a cada indiv\u00edduo em particular. E agora, Jos\u00e9?<\/p>\n<p>Desta forma, cada um vai ter que elaborar uma resposta para si mesmo frente a tal caos. Sim, sim! E qual ser\u00e1 a minha? Como devo me posicionar frente a tal situa\u00e7\u00e3o imposta por um inimigo mortal, mas desconhecido e oculto? Devo recorrer \u00e0 magia? Fazer promessa? Trancar-me no quarto e rezar?<\/p>\n<p>Recorrer ao poder de Deus e ao Esp\u00edrito Santo? Aos Santos e Santas? Organizar missas de cura e liberta\u00e7\u00e3o? O que eu farei? Talvez resolveria um milagreiro ou um padre destacado pela m\u00eddia? Pois estes sempre t\u00eam um caminho para anunciar\u2026<\/p>\n<p>Quem pode nos salvar?<\/p>\n<p>A\u00ed vem a pergunta: \u201cafinal, quem eu sou?\u201d N\u00e3o sou crist\u00e3o, cat\u00f3lico? Sim senhor! Assim se acende uma luz em nossa mente. E a possibilidade de resposta j\u00e1 se torna mais clara, pois logo nos lembramos de quando Jesus diz: \u201cPor que estais com medo, gente de pouca f\u00e9?\u201d (<em>cf. Mt<\/em> 8,26-29).<\/p>\n<p>\u00c9 isso mesmo, no fundo tenho medo e provavelmente pouco f\u00e9. Parece que Jesus fala agora diretamente para mim. Parece que conhece a minha, a nossa situa\u00e7\u00e3o. E, de fato, a Psicologia tamb\u00e9m mostra que o melhor rem\u00e9dio contra o medo \u00e9 a f\u00e9 em Deus. Portanto, a resposta poss\u00edvel, em n\u00edvel pessoal, frente a tal amea\u00e7a, \u00e9 o fortalecimento da pr\u00f3pria f\u00e9. Assim, o primeiro passo \u00e9 dado. Confiando profundamente em Deus, tudo o que ent\u00e3o acontece recebe um sentido, quer compreendamos ou n\u00e3o, e mesmo se n\u00e3o o conseguimos ver no momento. Isso, de fato, deve nos deixar mais tranquilos.<\/p>\n<p>E agora vemos tamb\u00e9m que as autoridades competentes estabeleceram regras v\u00e1lidas fundamentadas na intelig\u00eancia humana, a fim de proteger os cidad\u00e3os. Sinto que \u00e9 v\u00e1lido e importante nesta situa\u00e7\u00e3o confiar na intelig\u00eancia humana, na ci\u00eancia, porque ela \u00e9 um dom de Deus para que o ser humano consiga resolver os seus problemas. Assim, Deus n\u00e3o faz na Terra o que o ser humano pode fazer e resolver com sua intelig\u00eancia. E, certamente, qualquer que seja a solu\u00e7\u00e3o desta pandemia, ela necessariamente vai ser fruto desse dom do ser humano.<\/p>\n<p>Portanto, temos a f\u00e9 em Deus e na intelig\u00eancia humana, e este deve ser o caminho para elaborar uma postura adequada frente a esse perigo. Por outro lado, vejo agora que est\u00e1 surgindo um outro inimigo, mas desta vez dentro de n\u00f3s. \u00c9 consequ\u00eancia das restri\u00e7\u00f5es impostas pelas autoridades competentes \u00e0 nossa liberdade: Ficar em casa, com v\u00e1rias pessoas, dias e noites num espa\u00e7o reduzido, tamb\u00e9m gera medo. Agora n\u00e3o \u00e9 medo do v\u00edrus, mas medo de mim mesmo. Dentro de mim surge uma insatisfa\u00e7\u00e3o cada vez mais forte\u2026<\/p>\n<p>E agora, Jos\u00e9?<\/p>\n<p>A amea\u00e7a que vinha de fora, de repente vem tamb\u00e9m de dentro de mim. E agora?<\/p>\n<p>A\u00ed tem v\u00e1rias consequ\u00eancias: a primeira e a mais comum \u00e9 a proje\u00e7\u00e3o. Ela acontece quando deslocamos essa nossa insatisfa\u00e7\u00e3o, de forma inconsciente, sobre as outras pessoas no ambiente. Pois elas, ent\u00e3o, nos irritam. Come\u00e7amos uma briguinha por qualquer coisa (ou outra situa\u00e7\u00e3o qualquer), e, para mim, a culpa, no fim \u00e9 do outro. Ou ent\u00e3o descontamos nossa insatisfa\u00e7\u00e3o na comida, no \u00e1lcool, no sexo\u2026 Tentamos compensar o nosso problema com um prazer que nos deixa esquecer por um tempo a insatisfa\u00e7\u00e3o.<\/p>\n<p>Tais caminhos nos aliviam, momentaneamente, mas n\u00e3o s\u00e3o solu\u00e7\u00f5es. Por isso devemos pensar melhor. O certo \u00e9 <em>assumir a responsabilidade sobre a nossa insatisfa\u00e7\u00e3o<\/em>, isto \u00e9, nos conscientizar que o problema \u00e9 meu e que eu tenho que assumir responsabilidade sobre ele. Em outras palavras, significa confrontar-me comigo mesmo e n\u00e3o fugir disso.<\/p>\n<p>Amigo, aproveite essa ocasi\u00e3o \u00fanica para se conhecer melhor. N\u00e3o tente fugir do problema, n\u00e3o tente projet\u00e1-lo sobre os outros nem descontar na comida ou no sexo. V\u00e1 ao encontro de si mesmo. Isto \u00e9: fale com algu\u00e9m sobre seu sentimento. Ou ent\u00e3o desenhe, pinte, escreva uma poesia ou uma m\u00fasica\u2026 Comece a aceitar-se a si mesmo com insatisfa\u00e7\u00e3o na alma. Este \u00e9 o caminho para o amadurecimento e crescimento.<\/p>\n<p>Acredite tamb\u00e9m em voc\u00ea, que voc\u00ea \u00e9 capaz de resolver seus problemas adultamente e com a sua intelig\u00eancia e capacidade. Isso evita que em situa\u00e7\u00f5es impostas voc\u00ea caia em desamor, t\u00e9dio, depress\u00e3o ou viol\u00eancia.<\/p>\n<p>Portanto, desta forma, podemos concluir que a amea\u00e7a mortal pelo v\u00edrus desencadeia nas pessoas um medo existencial. Para sanar tal medo, n\u00e3o adianta recorrer a exerc\u00edcios m\u00e1gicos ou religiosos infantis, pois este seria o caminho para a neurose. Tal medo existencial exige uma atitude adulta e madura.<\/p>\n<p>A vit\u00f3ria sobre tal pandemia, certamente, ser\u00e1 um produto de intelig\u00eancia humana. Ela deve ser o nosso guia. Ela j\u00e1 ajuda agora a humanidade a dar os passos preliminares certos. E ela mostra para o crist\u00e3o o caminho da f\u00e9. Isto \u00e9, construir a sua personalidade sobre a rocha (<em>cf. Mt<\/em> 7,24). Assim, as amea\u00e7as n\u00e3o poder\u00e3o derrubar a nossa casa.<\/p>\n<p>Num segundo momento, devemos obedecer e confiar nas restri\u00e7\u00f5es estabelecidas pelas autoridades competentes, desde que estas sejam fundamentadas em dados cient\u00edficos.<\/p>\n<p>Para resolver os efeitos secund\u00e1rios, causados pelas regras de isolamento social, entendemos que n\u00e3o adianta deslocar nossas insatisfa\u00e7\u00f5es sobre pessoas ou compens\u00e1-las com outros subterf\u00fagios, pois tais atitudes n\u00e3o s\u00e3o solu\u00e7\u00f5es e agravam o problema mais ainda.<\/p>\n<p>Entendemos que a solu\u00e7\u00e3o \u00e9 confrontar-se com o problema e conscientiz\u00e1-lo, assumindo responsabilidade sobre ele. Pois isso faz crescer e amadurecer.<\/p>\n<p>E agora, Jos\u00e9?<\/p>\n<p>Agora, sim, ap\u00f3s essa reflex\u00e3o, sou mais calmo e esperan\u00e7oso. Mais estruturado frente \u00e0 amea\u00e7a externa bem como \u00e0 interna. Agora compreendi o valor da profunda f\u00e9 em meu Criador e na intelig\u00eancia humana que sempre dever\u00e1 ser a luz que ilumina o nosso caminho. Por outro lado, as restri\u00e7\u00f5es \u00e0 minha liberdade me ensinam que devo assumir sempre responsabilidade sobre os meus problemas e resolv\u00ea-los comigo mesmo. Esse \u00e9 o caminho para o amadurecimento.<\/p>\n<p>Vejo agora tamb\u00e9m que tal flagelo que amea\u00e7a atualmente toda a humanidade deve trazer para os que a ele sobrevivem, algo de muito positivo, tanto para o indiv\u00edduo como para as sociedades. Desde que as pessoas se esforcem em apreender a situa\u00e7\u00e3o. Estou convicto de que tudo tem o seu profundo sentido, estando n\u00f3s conscientes dele ou n\u00e3o.<\/p>\n<hr \/>\n<p><strong>Frei Conrado Lindmeier, OFM<\/strong>, <em>\u00e9 vig\u00e1rio paroquial da Par\u00f3quia Santa In\u00eas, em Balne\u00e1rio Cambori\u00fa (SC). Psic\u00f3logo, \u00e9 natural de Pfenningbach, Alemanha, e ingressou na Ordem dos Frades Menores no dia 19 e dezembro de 1963 como mission\u00e1rio no Brasil. Fez profiss\u00e3o solene no dia 03 de outubro de 1968.<\/em><\/p>\n","protected":false},"excerpt":{"rendered":"<p>Artigo de Frei Conrado Lindmeier, OFM<\/p>\n","protected":false},"author":3,"featured_media":186984,"comment_status":"open","ping_status":"open","sticky":false,"template":"","format":"standard","meta":{"footnotes":""},"categories":[26],"tags":[274,276],"yoast_head":"<!-- This site is optimized with the Yoast SEO plugin v19.4 - https:\/\/yoast.com\/wordpress\/plugins\/seo\/ -->\n<title>Qual a sua resposta diante de um inimigo mortal? - Vida Crist\u00e3 - Franciscanos<\/title>\n<meta name=\"robots\" content=\"index, follow, max-snippet:-1, max-image-preview:large, max-video-preview:-1\" \/>\n<link rel=\"canonical\" href=\"https:\/\/franciscanos.org.br\/vidacrista\/qual-a-sua-resposta-diante-de-um-inimigo-mortal\/\" \/>\n<meta property=\"og:locale\" content=\"pt_BR\" \/>\n<meta property=\"og:type\" content=\"article\" \/>\n<meta property=\"og:title\" content=\"Qual a sua resposta diante de um inimigo mortal? - Vida Crist\u00e3 - Franciscanos\" \/>\n<meta property=\"og:description\" content=\"Artigo de Frei Conrado Lindmeier, OFM\" \/>\n<meta property=\"og:url\" content=\"https:\/\/franciscanos.org.br\/vidacrista\/qual-a-sua-resposta-diante-de-um-inimigo-mortal\/\" \/>\n<meta property=\"og:site_name\" content=\"Vida Crist\u00e3 - Franciscanos\" \/>\n<meta property=\"article:published_time\" content=\"2020-04-23T11:03:48+00:00\" \/>\n<meta property=\"article:modified_time\" content=\"2020-07-27T13:57:11+00:00\" \/>\n<meta property=\"og:image\" content=\"https:\/\/franciscanos.org.br\/vidacrista\/wp-content\/uploads\/2020\/04\/artigo_2707_2d.png\" \/>\n\t<meta property=\"og:image:width\" content=\"800\" \/>\n\t<meta property=\"og:image:height\" content=\"600\" \/>\n\t<meta property=\"og:image:type\" content=\"image\/png\" \/>\n<meta name=\"author\" content=\"moacir\" \/>\n<meta name=\"twitter:card\" content=\"summary_large_image\" \/>\n<meta name=\"twitter:label1\" content=\"Escrito por\" \/>\n\t<meta name=\"twitter:data1\" content=\"moacir\" \/>\n\t<meta name=\"twitter:label2\" content=\"Est. tempo de leitura\" \/>\n\t<meta name=\"twitter:data2\" content=\"7 minutos\" \/>\n<script type=\"application\/ld+json\" class=\"yoast-schema-graph\">{\"@context\":\"https:\/\/schema.org\",\"@graph\":[{\"@type\":\"WebSite\",\"@id\":\"https:\/\/franciscanos.org.br\/vidacrista\/#website\",\"url\":\"https:\/\/franciscanos.org.br\/vidacrista\/\",\"name\":\"Vida Crist\u00e3 - Franciscanos\",\"description\":\"Prov\u00edncia Franciscana da Imaculada Concei\u00e7\u00e3o do Brasil - Ordem dos Frades Menores\",\"potentialAction\":[{\"@type\":\"SearchAction\",\"target\":{\"@type\":\"EntryPoint\",\"urlTemplate\":\"https:\/\/franciscanos.org.br\/vidacrista\/?s={search_term_string}\"},\"query-input\":\"required name=search_term_string\"}],\"inLanguage\":\"pt-BR\"},{\"@type\":\"WebPage\",\"@id\":\"https:\/\/franciscanos.org.br\/vidacrista\/qual-a-sua-resposta-diante-de-um-inimigo-mortal\/\",\"url\":\"https:\/\/franciscanos.org.br\/vidacrista\/qual-a-sua-resposta-diante-de-um-inimigo-mortal\/\",\"name\":\"Qual a sua resposta diante de um inimigo mortal? - Vida Crist\u00e3 - Franciscanos\",\"isPartOf\":{\"@id\":\"https:\/\/franciscanos.org.br\/vidacrista\/#website\"},\"datePublished\":\"2020-04-23T11:03:48+00:00\",\"dateModified\":\"2020-07-27T13:57:11+00:00\",\"author\":{\"@id\":\"https:\/\/franciscanos.org.br\/vidacrista\/#\/schema\/person\/1880bdd2c350b735648725ef7614736a\"},\"breadcrumb\":{\"@id\":\"https:\/\/franciscanos.org.br\/vidacrista\/qual-a-sua-resposta-diante-de-um-inimigo-mortal\/#breadcrumb\"},\"inLanguage\":\"pt-BR\",\"potentialAction\":[{\"@type\":\"ReadAction\",\"target\":[\"https:\/\/franciscanos.org.br\/vidacrista\/qual-a-sua-resposta-diante-de-um-inimigo-mortal\/\"]}]},{\"@type\":\"BreadcrumbList\",\"@id\":\"https:\/\/franciscanos.org.br\/vidacrista\/qual-a-sua-resposta-diante-de-um-inimigo-mortal\/#breadcrumb\",\"itemListElement\":[{\"@type\":\"ListItem\",\"position\":1,\"name\":\"Home\",\"item\":\"https:\/\/franciscanos.org.br\/vidacrista\/\"},{\"@type\":\"ListItem\",\"position\":2,\"name\":\"Qual a sua resposta diante de um inimigo mortal?\"}]},{\"@type\":\"Person\",\"@id\":\"https:\/\/franciscanos.org.br\/vidacrista\/#\/schema\/person\/1880bdd2c350b735648725ef7614736a\",\"name\":\"moacir\",\"image\":{\"@type\":\"ImageObject\",\"inLanguage\":\"pt-BR\",\"@id\":\"https:\/\/franciscanos.org.br\/vidacrista\/#\/schema\/person\/image\/\",\"url\":\"https:\/\/secure.gravatar.com\/avatar\/d08aa2ce4c8dd416d4479aa8536fcf64?s=96&d=mm&r=g\",\"contentUrl\":\"https:\/\/secure.gravatar.com\/avatar\/d08aa2ce4c8dd416d4479aa8536fcf64?s=96&d=mm&r=g\",\"caption\":\"moacir\"},\"url\":\"https:\/\/franciscanos.org.br\/vidacrista\/author\/moacir\/\"}]}<\/script>\n<!-- \/ Yoast SEO plugin. -->","yoast_head_json":{"title":"Qual a sua resposta diante de um inimigo mortal? - Vida Crist\u00e3 - Franciscanos","robots":{"index":"index","follow":"follow","max-snippet":"max-snippet:-1","max-image-preview":"max-image-preview:large","max-video-preview":"max-video-preview:-1"},"canonical":"https:\/\/franciscanos.org.br\/vidacrista\/qual-a-sua-resposta-diante-de-um-inimigo-mortal\/","og_locale":"pt_BR","og_type":"article","og_title":"Qual a sua resposta diante de um inimigo mortal? - Vida Crist\u00e3 - Franciscanos","og_description":"Artigo de Frei Conrado Lindmeier, OFM","og_url":"https:\/\/franciscanos.org.br\/vidacrista\/qual-a-sua-resposta-diante-de-um-inimigo-mortal\/","og_site_name":"Vida Crist\u00e3 - Franciscanos","article_published_time":"2020-04-23T11:03:48+00:00","article_modified_time":"2020-07-27T13:57:11+00:00","og_image":[{"width":800,"height":600,"url":"https:\/\/franciscanos.org.br\/vidacrista\/wp-content\/uploads\/2020\/04\/artigo_2707_2d.png","type":"image\/png"}],"author":"moacir","twitter_card":"summary_large_image","twitter_misc":{"Escrito por":"moacir","Est. tempo de leitura":"7 minutos"},"schema":{"@context":"https:\/\/schema.org","@graph":[{"@type":"WebSite","@id":"https:\/\/franciscanos.org.br\/vidacrista\/#website","url":"https:\/\/franciscanos.org.br\/vidacrista\/","name":"Vida Crist\u00e3 - Franciscanos","description":"Prov\u00edncia Franciscana da Imaculada Concei\u00e7\u00e3o do Brasil - Ordem dos Frades Menores","potentialAction":[{"@type":"SearchAction","target":{"@type":"EntryPoint","urlTemplate":"https:\/\/franciscanos.org.br\/vidacrista\/?s={search_term_string}"},"query-input":"required name=search_term_string"}],"inLanguage":"pt-BR"},{"@type":"WebPage","@id":"https:\/\/franciscanos.org.br\/vidacrista\/qual-a-sua-resposta-diante-de-um-inimigo-mortal\/","url":"https:\/\/franciscanos.org.br\/vidacrista\/qual-a-sua-resposta-diante-de-um-inimigo-mortal\/","name":"Qual a sua resposta diante de um inimigo mortal? - Vida Crist\u00e3 - Franciscanos","isPartOf":{"@id":"https:\/\/franciscanos.org.br\/vidacrista\/#website"},"datePublished":"2020-04-23T11:03:48+00:00","dateModified":"2020-07-27T13:57:11+00:00","author":{"@id":"https:\/\/franciscanos.org.br\/vidacrista\/#\/schema\/person\/1880bdd2c350b735648725ef7614736a"},"breadcrumb":{"@id":"https:\/\/franciscanos.org.br\/vidacrista\/qual-a-sua-resposta-diante-de-um-inimigo-mortal\/#breadcrumb"},"inLanguage":"pt-BR","potentialAction":[{"@type":"ReadAction","target":["https:\/\/franciscanos.org.br\/vidacrista\/qual-a-sua-resposta-diante-de-um-inimigo-mortal\/"]}]},{"@type":"BreadcrumbList","@id":"https:\/\/franciscanos.org.br\/vidacrista\/qual-a-sua-resposta-diante-de-um-inimigo-mortal\/#breadcrumb","itemListElement":[{"@type":"ListItem","position":1,"name":"Home","item":"https:\/\/franciscanos.org.br\/vidacrista\/"},{"@type":"ListItem","position":2,"name":"Qual a sua resposta diante de um inimigo mortal?"}]},{"@type":"Person","@id":"https:\/\/franciscanos.org.br\/vidacrista\/#\/schema\/person\/1880bdd2c350b735648725ef7614736a","name":"moacir","image":{"@type":"ImageObject","inLanguage":"pt-BR","@id":"https:\/\/franciscanos.org.br\/vidacrista\/#\/schema\/person\/image\/","url":"https:\/\/secure.gravatar.com\/avatar\/d08aa2ce4c8dd416d4479aa8536fcf64?s=96&d=mm&r=g","contentUrl":"https:\/\/secure.gravatar.com\/avatar\/d08aa2ce4c8dd416d4479aa8536fcf64?s=96&d=mm&r=g","caption":"moacir"},"url":"https:\/\/franciscanos.org.br\/vidacrista\/author\/moacir\/"}]}},"_links":{"self":[{"href":"https:\/\/franciscanos.org.br\/vidacrista\/wp-json\/wp\/v2\/posts\/184142"}],"collection":[{"href":"https:\/\/franciscanos.org.br\/vidacrista\/wp-json\/wp\/v2\/posts"}],"about":[{"href":"https:\/\/franciscanos.org.br\/vidacrista\/wp-json\/wp\/v2\/types\/post"}],"author":[{"embeddable":true,"href":"https:\/\/franciscanos.org.br\/vidacrista\/wp-json\/wp\/v2\/users\/3"}],"replies":[{"embeddable":true,"href":"https:\/\/franciscanos.org.br\/vidacrista\/wp-json\/wp\/v2\/comments?post=184142"}],"version-history":[{"count":4,"href":"https:\/\/franciscanos.org.br\/vidacrista\/wp-json\/wp\/v2\/posts\/184142\/revisions"}],"predecessor-version":[{"id":186985,"href":"https:\/\/franciscanos.org.br\/vidacrista\/wp-json\/wp\/v2\/posts\/184142\/revisions\/186985"}],"wp:featuredmedia":[{"embeddable":true,"href":"https:\/\/franciscanos.org.br\/vidacrista\/wp-json\/wp\/v2\/media\/186984"}],"wp:attachment":[{"href":"https:\/\/franciscanos.org.br\/vidacrista\/wp-json\/wp\/v2\/media?parent=184142"}],"wp:term":[{"taxonomy":"category","embeddable":true,"href":"https:\/\/franciscanos.org.br\/vidacrista\/wp-json\/wp\/v2\/categories?post=184142"},{"taxonomy":"post_tag","embeddable":true,"href":"https:\/\/franciscanos.org.br\/vidacrista\/wp-json\/wp\/v2\/tags?post=184142"}],"curies":[{"name":"wp","href":"https:\/\/api.w.org\/{rel}","templated":true}]}}