{"id":184030,"date":"2020-04-13T07:07:37","date_gmt":"2020-04-13T10:07:37","guid":{"rendered":"https:\/\/franciscanos.org.br\/vidacrista\/?p=184030"},"modified":"2020-07-27T11:05:07","modified_gmt":"2020-07-27T14:05:07","slug":"a-pascoa-numa-sexta-feira-santa-prolongada","status":"publish","type":"post","link":"https:\/\/franciscanos.org.br\/vidacrista\/a-pascoa-numa-sexta-feira-santa-prolongada\/","title":{"rendered":"A P\u00e1scoa numa sexta-feira santa prolongada"},"content":{"rendered":"<p>&nbsp;<\/p>\n<div id=\"attachment_186989\" style=\"width: 850px\" class=\"wp-caption alignnone\"><img aria-describedby=\"caption-attachment-186989\" decoding=\"async\" loading=\"lazy\" class=\"wp-image-186989 size-full\" src=\"https:\/\/franciscanos.org.br\/vidacrista\/wp-content\/uploads\/2020\/04\/artigo_2707_3.png\" alt=\"\" width=\"840\" height=\"450\" srcset=\"https:\/\/franciscanos.org.br\/vidacrista\/wp-content\/uploads\/2020\/04\/artigo_2707_3.png 840w, https:\/\/franciscanos.org.br\/vidacrista\/wp-content\/uploads\/2020\/04\/artigo_2707_3-450x241.png 450w, https:\/\/franciscanos.org.br\/vidacrista\/wp-content\/uploads\/2020\/04\/artigo_2707_3-768x411.png 768w, https:\/\/franciscanos.org.br\/vidacrista\/wp-content\/uploads\/2020\/04\/artigo_2707_3-150x80.png 150w\" sizes=\"(max-width: 840px) 100vw, 840px\" \/><p id=\"caption-attachment-186989\" class=\"wp-caption-text\">\u00a0 \u00a0 \u00a0 \u00a0 \u00a0 \u00a0 \u00a0 \u00a0 \u00a0 \u00a0 \u00a0 \u00a0 \u00a0 \u00a0 \u00a0 \u00a0 \u00a0 \u00a0 \u00a0 \u00a0 \u00a0 \u00a0 \u00a0 \u00a0 \u00a0 \u00a0 \u00a0 \u00a0 \u00a0 \u00a0 \u00a0 \u00a0 \u00a0 \u00a0 \u00a0 \u00a0 \u00a0 \u00a0 \u00a0 \u00a0 \u00a0 \u00a0 \u00a0 \u00a0 \u00a0 \u00a0 \u00a0 \u00a0 \u00a0 \u00a0 \u00a0 \u00a0 \u00a0 \u00a0 \u00a0 \u00a0 \u00a0 \u00a0 \u00a0 \u00a0 \u00a0 \u00a0 \u00a0 \u00a0 \u00a0 \u00a0 \u00a0 \u00a0 \u00a0 \u00a0 \u00a0 \u00a0 \u00a0 \u00a0 \u00a0 \u00a0 \u00a0 \u00a0 <em>Imagem ilustrativa (fonte: Canva)<\/em><\/p><\/div>\n<p><strong>Leonardo Boff<\/strong><\/p>\n<p>Como celebrar a p\u00e1scoa, a vit\u00f3ria da vida sobre a morte, mais ainda, a irrup\u00e7\u00e3o do homem novo, no contexto de uma sexta-feira santa de paix\u00e3o, dor e morte, que n\u00e3o sabemos quando acaba, sob o ataque do coronav\u00edrus \u00e0 toda a humanidade?<\/p>\n<p>Pesarosos, mesmo dentro desta pandemia, cabe celebrar a p\u00e1scoa com reservada alegria. Ela n\u00e3o \u00e9 apenas uma festa crist\u00e3 mas responde a uma das mais ancestrais utopias humanas: o irromper do homem novo.<\/p>\n<p>Sempre houve em todas as culturas conhecidas, desde a antiga epopeia mesopot\u00e2mica de Gilgam\u00e9s, passando pelo mito grego de Pandora e chegando \u00e0 utopia da Terra sem Males dos tupi-guarani a percep\u00e7\u00e3o de que o ser humano, assim como o conhecemos, deve ser superado. Ele n\u00e3o est\u00e1 pronto. Ainda n\u00e3o acabou de nascer. O verdadeiro homem est\u00e1 latente dentro dos dinamismos da cosmog\u00eanese e da antropog\u00eanese. Comparece como um projeto infinito, portador de potencialidades incont\u00e1veis que forcejam por irromper. Intui que s\u00f3 ser\u00e1 plenamente homem, ent\u00e3o, o homem novo, quando tais potencialidades se realizarem em plenitude.<\/p>\n<p>Todos os seus esfor\u00e7os, por maiores que sejam, esbarraram numa barreira intranspon\u00edvel: a morte. Mesmo o mais velho, chega o dia em que vai tamb\u00e9m morrer. Alcan\u00e7ar uma imortalidade biol\u00f3gica, conservadas as atuais condi\u00e7\u00f5es <em>espacios-temporais<\/em>, como alguns prop\u00f5em, seria um verdadeiro inferno: buscar realizar o infinito dentro de si e encontrar apenas finitos que nunca o saciam. Sempre est\u00e1 na espera. Talvez o esp\u00edrito mataria o corpo para poder realizar o infinito de seu desejo.<\/p>\n<p>Mas eis que um homem se levanta na Galileia, Jesus de Nazar\u00e9 e proclama: \u201cO tempo da espera se esgotou. Aproximou-se a nova ordem a ser introduzida por Deus. Revolucionai-vos em vosso modo de pensar e de agir. Crede nessa alvissareira not\u00edcia\u201d (<em>cf. Mc 1,15: Mt 4,17<\/em>).<\/p>\n<p>Conhecemos a saga tr\u00e1gica do prof\u00e9tico Pregador: \u201cVeio para o que era seu e os seus n\u00e3o o receberam\u201d (Jo 1.11). Ele que \u201cpassou pelo mundo fazendo o bem\u201d <em>(At 10,39)<\/em> foi rejeitado e acabou pregado na cruz.<\/p>\n<p>Mas eis que tr\u00eas dias ap\u00f3s, mulheres foram, bem de madrugada, ao sepulcro e ouviram uma voz: \u201cPor que procurais entre os mortos, quem est\u00e1 vivo? Jesus n\u00e3o est\u00e1 aqui. Ressuscitou\u201d (<em>Lc 24,5; Mc 16,6<\/em>).<\/p>\n<p>Eis o fato novo e sempre esperado: a alvissareira not\u00edcia se realizou. De um morto emergiu um ressuscitado, um ser novo. \u00c9 o sentido da p\u00e1scoa, a festa central do Cristianismo. Seus seguidores logo entenderam que o Ressuscitado era a realiza\u00e7\u00e3o do sonho ancestral da humanidade: acabou a espera. Agora \u00e9 o tempo da vida plena sem a morte. Liberto do espa\u00e7o e do tempo e dos condicionamentos humanos, o Ressuscitado aparece, desaparece, est\u00e1 presente com os andantes de Ema\u00fas, se mostra na praia e come com os ap\u00f3stolos e \u00e9 reconhecido ao partir o p\u00e3o.<\/p>\n<p>Os Ap\u00f3stolos n\u00e3o sabem como defini-lo. S\u00e3o Paulo, o maior g\u00eanio do pensamento crist\u00e3o, escolheu a palavra certa: \u201cEle \u00e9 o Ad\u00e3o nov\u00edssimo\u201d (1 Cor 15,45). O Ad\u00e3o n\u00e3o mais submetido \u00e0 morte mas aquele que deixou para tr\u00e1s o velho Ad\u00e3o mortal.<\/p>\n<p>Como que zombando, provoca S\u00e3o Paulo: \u201c\u00d3 morte, onde est\u00e1 a tua vit\u00f3ria? Onde est\u00e1 o espantalho com o qual amedrontavas os homens? A morte foi tragada pela vit\u00f3ria de Cristo <em>(1Cor 15m55<\/em>). Define-o como sendo \u201cum corpo espiritual\u201d (1 Cor 15,44), vale dizer, \u00e9 concreto e reconhec\u00edvel como o corpo humano, mas de forma diferente, com as qualidades do esp\u00edrito. O esp\u00edrito possui uma dimens\u00e3o c\u00f3smica. Est\u00e1 no corpo, mas tamb\u00e9m nas estrelas mais distantes e no cora\u00e7\u00e3o de Deus. O espiritual \u00e9 entendido tamb\u00e9m como a maneira de ser pr\u00f3pria do Esp\u00edrito Santo. Ele est\u00e1 em tudo, move todas as coisas e enche o universo.<\/p>\n<p>Um texto antigo, dos anos 50, do evangelho de S\u00e3o Tom\u00e9, diz belamente: \u201cLevante a pedra e eu estou debaixo dela, rache a lenha e eu estou dentro dela, pois estarei convosco todos os dias at\u00e9 a plenitude dos tempos\u201d. Levantar uma pedra exige for\u00e7a, cortar lenha demanda esfor\u00e7o. Mesmo a\u00ed est\u00e1 o Ressuscitado, nas coisas mais comezinhas de nosso cotidiano.<\/p>\n<p>Em suas ep\u00edstolas, especialmente aos Ef\u00e9sios e aos Colossenses, S\u00e3o Paulo desenvolve uma verdadeira cristologia c\u00f3smica. Ele \u201c\u00e9 tudo em todas as coisas\u201d (<em>Col 3,12<\/em>); \u201ca cabe\u00e7a de todas as coisas\u201d (<em>Ef 1,10)<\/em>. O mesmo\u00a0 dir\u00e1,no s\u00e9culo XX, na linguagem da moderna cosmologia, o palent\u00f3logo e pensador Pierre Teilhard de Chardin.<\/p>\n<p>Devemos compreender corretamente a ressurrei\u00e7\u00e3o. N\u00e3o se trata da reanima\u00e7\u00e3o de um cad\u00e1ver, como aquele de L\u00e1zaro que voltou ao que era antes e acabou morrendo. Ressurrei\u00e7\u00e3o \u00e9 a realiza\u00e7\u00e3o plena de todas as potencialidades absc\u00f4nditas dentro da realidade humana. A morte n\u00e3o possui nenhum dom\u00ednio mais sobre ele. Efetivamente \u00e9 o nascimento terminal do ser humano, como se ele tivesse chegado na culmin\u00e2ncia do processo evolutivo ou o tivesse antecipado. Na forte express\u00e3o de Teilhard de Chardin, o Ressuscitado explodiu e implodiu para dentro de Deus.<\/p>\n<p>A p\u00e1scoa \u00e9 a inaugura\u00e7\u00e3o do homem novo, plenamente realizado. Vale para todos os humanos. Portanto, tal evento bem-aventurado n\u00e3o \u00e9 exclusivo de Jesus. S\u00e3o Paulo nos assegura que n\u00f3s participamos desta ressurrei\u00e7\u00e3o: \u201cEle \u00e9 as prim\u00edcias (a antecipa\u00e7\u00e3o) dos que morrem\u201d (1Cor 5,20), \u201co primeiro entre muitos irm\u00e3os e irm\u00e3s\u201d (Rom 8,29).<\/p>\n<p>\u00c0 luz desta festa pascal podemos dizer que a alternativa crist\u00e3 \u00e9 esta: ou a vida ou a ressurrei\u00e7\u00e3o. Alegremente afirmamos e reafirmamos: n\u00e3o vivemos para morrer; morremos para ressuscitar.<\/p>\n<hr \/>\n<p><strong>Leonardo Boff<\/strong> <em>\u00e9 te\u00f3logo e escreveu A ressurrei\u00e7\u00e3o de Cristo e a nossa ressurrei\u00e7\u00e3o na morte, Vozes, muitas edi\u00e7\u00f5es 2012.<\/em><\/p>\n","protected":false},"excerpt":{"rendered":"<p>Artigo de Leonardo Boff<\/p>\n","protected":false},"author":3,"featured_media":186990,"comment_status":"open","ping_status":"open","sticky":false,"template":"","format":"standard","meta":{"footnotes":""},"categories":[26],"tags":[59],"yoast_head":"<!-- This site is optimized with the Yoast SEO plugin v19.4 - https:\/\/yoast.com\/wordpress\/plugins\/seo\/ -->\n<title>A P\u00e1scoa numa sexta-feira santa prolongada - Vida Crist\u00e3 - Franciscanos<\/title>\n<meta name=\"robots\" content=\"index, follow, max-snippet:-1, max-image-preview:large, max-video-preview:-1\" \/>\n<link rel=\"canonical\" href=\"https:\/\/franciscanos.org.br\/vidacrista\/a-pascoa-numa-sexta-feira-santa-prolongada\/\" \/>\n<meta property=\"og:locale\" content=\"pt_BR\" \/>\n<meta property=\"og:type\" content=\"article\" \/>\n<meta property=\"og:title\" content=\"A P\u00e1scoa numa sexta-feira santa prolongada - Vida Crist\u00e3 - Franciscanos\" \/>\n<meta property=\"og:description\" content=\"Artigo de Leonardo Boff\" \/>\n<meta property=\"og:url\" content=\"https:\/\/franciscanos.org.br\/vidacrista\/a-pascoa-numa-sexta-feira-santa-prolongada\/\" \/>\n<meta property=\"og:site_name\" content=\"Vida Crist\u00e3 - Franciscanos\" \/>\n<meta property=\"article:published_time\" content=\"2020-04-13T10:07:37+00:00\" \/>\n<meta property=\"article:modified_time\" content=\"2020-07-27T14:05:07+00:00\" \/>\n<meta property=\"og:image\" content=\"https:\/\/franciscanos.org.br\/vidacrista\/wp-content\/uploads\/2020\/04\/artigo_2707_3d.png\" \/>\n\t<meta property=\"og:image:width\" content=\"800\" \/>\n\t<meta property=\"og:image:height\" content=\"600\" \/>\n\t<meta property=\"og:image:type\" content=\"image\/png\" \/>\n<meta name=\"author\" content=\"moacir\" \/>\n<meta name=\"twitter:card\" content=\"summary_large_image\" \/>\n<meta name=\"twitter:label1\" content=\"Escrito por\" \/>\n\t<meta name=\"twitter:data1\" content=\"moacir\" \/>\n\t<meta name=\"twitter:label2\" content=\"Est. tempo de leitura\" \/>\n\t<meta name=\"twitter:data2\" content=\"5 minutos\" \/>\n<script type=\"application\/ld+json\" class=\"yoast-schema-graph\">{\"@context\":\"https:\/\/schema.org\",\"@graph\":[{\"@type\":\"WebSite\",\"@id\":\"https:\/\/franciscanos.org.br\/vidacrista\/#website\",\"url\":\"https:\/\/franciscanos.org.br\/vidacrista\/\",\"name\":\"Vida Crist\u00e3 - Franciscanos\",\"description\":\"Prov\u00edncia Franciscana da Imaculada Concei\u00e7\u00e3o do Brasil - Ordem dos Frades Menores\",\"potentialAction\":[{\"@type\":\"SearchAction\",\"target\":{\"@type\":\"EntryPoint\",\"urlTemplate\":\"https:\/\/franciscanos.org.br\/vidacrista\/?s={search_term_string}\"},\"query-input\":\"required name=search_term_string\"}],\"inLanguage\":\"pt-BR\"},{\"@type\":\"WebPage\",\"@id\":\"https:\/\/franciscanos.org.br\/vidacrista\/a-pascoa-numa-sexta-feira-santa-prolongada\/\",\"url\":\"https:\/\/franciscanos.org.br\/vidacrista\/a-pascoa-numa-sexta-feira-santa-prolongada\/\",\"name\":\"A P\u00e1scoa numa sexta-feira santa prolongada - Vida Crist\u00e3 - Franciscanos\",\"isPartOf\":{\"@id\":\"https:\/\/franciscanos.org.br\/vidacrista\/#website\"},\"datePublished\":\"2020-04-13T10:07:37+00:00\",\"dateModified\":\"2020-07-27T14:05:07+00:00\",\"author\":{\"@id\":\"https:\/\/franciscanos.org.br\/vidacrista\/#\/schema\/person\/1880bdd2c350b735648725ef7614736a\"},\"breadcrumb\":{\"@id\":\"https:\/\/franciscanos.org.br\/vidacrista\/a-pascoa-numa-sexta-feira-santa-prolongada\/#breadcrumb\"},\"inLanguage\":\"pt-BR\",\"potentialAction\":[{\"@type\":\"ReadAction\",\"target\":[\"https:\/\/franciscanos.org.br\/vidacrista\/a-pascoa-numa-sexta-feira-santa-prolongada\/\"]}]},{\"@type\":\"BreadcrumbList\",\"@id\":\"https:\/\/franciscanos.org.br\/vidacrista\/a-pascoa-numa-sexta-feira-santa-prolongada\/#breadcrumb\",\"itemListElement\":[{\"@type\":\"ListItem\",\"position\":1,\"name\":\"Home\",\"item\":\"https:\/\/franciscanos.org.br\/vidacrista\/\"},{\"@type\":\"ListItem\",\"position\":2,\"name\":\"A P\u00e1scoa numa sexta-feira santa prolongada\"}]},{\"@type\":\"Person\",\"@id\":\"https:\/\/franciscanos.org.br\/vidacrista\/#\/schema\/person\/1880bdd2c350b735648725ef7614736a\",\"name\":\"moacir\",\"image\":{\"@type\":\"ImageObject\",\"inLanguage\":\"pt-BR\",\"@id\":\"https:\/\/franciscanos.org.br\/vidacrista\/#\/schema\/person\/image\/\",\"url\":\"https:\/\/secure.gravatar.com\/avatar\/d08aa2ce4c8dd416d4479aa8536fcf64?s=96&d=mm&r=g\",\"contentUrl\":\"https:\/\/secure.gravatar.com\/avatar\/d08aa2ce4c8dd416d4479aa8536fcf64?s=96&d=mm&r=g\",\"caption\":\"moacir\"},\"url\":\"https:\/\/franciscanos.org.br\/vidacrista\/author\/moacir\/\"}]}<\/script>\n<!-- \/ Yoast SEO plugin. -->","yoast_head_json":{"title":"A P\u00e1scoa numa sexta-feira santa prolongada - Vida Crist\u00e3 - Franciscanos","robots":{"index":"index","follow":"follow","max-snippet":"max-snippet:-1","max-image-preview":"max-image-preview:large","max-video-preview":"max-video-preview:-1"},"canonical":"https:\/\/franciscanos.org.br\/vidacrista\/a-pascoa-numa-sexta-feira-santa-prolongada\/","og_locale":"pt_BR","og_type":"article","og_title":"A P\u00e1scoa numa sexta-feira santa prolongada - Vida Crist\u00e3 - Franciscanos","og_description":"Artigo de Leonardo Boff","og_url":"https:\/\/franciscanos.org.br\/vidacrista\/a-pascoa-numa-sexta-feira-santa-prolongada\/","og_site_name":"Vida Crist\u00e3 - Franciscanos","article_published_time":"2020-04-13T10:07:37+00:00","article_modified_time":"2020-07-27T14:05:07+00:00","og_image":[{"width":800,"height":600,"url":"https:\/\/franciscanos.org.br\/vidacrista\/wp-content\/uploads\/2020\/04\/artigo_2707_3d.png","type":"image\/png"}],"author":"moacir","twitter_card":"summary_large_image","twitter_misc":{"Escrito por":"moacir","Est. tempo de leitura":"5 minutos"},"schema":{"@context":"https:\/\/schema.org","@graph":[{"@type":"WebSite","@id":"https:\/\/franciscanos.org.br\/vidacrista\/#website","url":"https:\/\/franciscanos.org.br\/vidacrista\/","name":"Vida Crist\u00e3 - Franciscanos","description":"Prov\u00edncia Franciscana da Imaculada Concei\u00e7\u00e3o do Brasil - Ordem dos Frades Menores","potentialAction":[{"@type":"SearchAction","target":{"@type":"EntryPoint","urlTemplate":"https:\/\/franciscanos.org.br\/vidacrista\/?s={search_term_string}"},"query-input":"required name=search_term_string"}],"inLanguage":"pt-BR"},{"@type":"WebPage","@id":"https:\/\/franciscanos.org.br\/vidacrista\/a-pascoa-numa-sexta-feira-santa-prolongada\/","url":"https:\/\/franciscanos.org.br\/vidacrista\/a-pascoa-numa-sexta-feira-santa-prolongada\/","name":"A P\u00e1scoa numa sexta-feira santa prolongada - Vida Crist\u00e3 - Franciscanos","isPartOf":{"@id":"https:\/\/franciscanos.org.br\/vidacrista\/#website"},"datePublished":"2020-04-13T10:07:37+00:00","dateModified":"2020-07-27T14:05:07+00:00","author":{"@id":"https:\/\/franciscanos.org.br\/vidacrista\/#\/schema\/person\/1880bdd2c350b735648725ef7614736a"},"breadcrumb":{"@id":"https:\/\/franciscanos.org.br\/vidacrista\/a-pascoa-numa-sexta-feira-santa-prolongada\/#breadcrumb"},"inLanguage":"pt-BR","potentialAction":[{"@type":"ReadAction","target":["https:\/\/franciscanos.org.br\/vidacrista\/a-pascoa-numa-sexta-feira-santa-prolongada\/"]}]},{"@type":"BreadcrumbList","@id":"https:\/\/franciscanos.org.br\/vidacrista\/a-pascoa-numa-sexta-feira-santa-prolongada\/#breadcrumb","itemListElement":[{"@type":"ListItem","position":1,"name":"Home","item":"https:\/\/franciscanos.org.br\/vidacrista\/"},{"@type":"ListItem","position":2,"name":"A P\u00e1scoa numa sexta-feira santa prolongada"}]},{"@type":"Person","@id":"https:\/\/franciscanos.org.br\/vidacrista\/#\/schema\/person\/1880bdd2c350b735648725ef7614736a","name":"moacir","image":{"@type":"ImageObject","inLanguage":"pt-BR","@id":"https:\/\/franciscanos.org.br\/vidacrista\/#\/schema\/person\/image\/","url":"https:\/\/secure.gravatar.com\/avatar\/d08aa2ce4c8dd416d4479aa8536fcf64?s=96&d=mm&r=g","contentUrl":"https:\/\/secure.gravatar.com\/avatar\/d08aa2ce4c8dd416d4479aa8536fcf64?s=96&d=mm&r=g","caption":"moacir"},"url":"https:\/\/franciscanos.org.br\/vidacrista\/author\/moacir\/"}]}},"_links":{"self":[{"href":"https:\/\/franciscanos.org.br\/vidacrista\/wp-json\/wp\/v2\/posts\/184030"}],"collection":[{"href":"https:\/\/franciscanos.org.br\/vidacrista\/wp-json\/wp\/v2\/posts"}],"about":[{"href":"https:\/\/franciscanos.org.br\/vidacrista\/wp-json\/wp\/v2\/types\/post"}],"author":[{"embeddable":true,"href":"https:\/\/franciscanos.org.br\/vidacrista\/wp-json\/wp\/v2\/users\/3"}],"replies":[{"embeddable":true,"href":"https:\/\/franciscanos.org.br\/vidacrista\/wp-json\/wp\/v2\/comments?post=184030"}],"version-history":[{"count":3,"href":"https:\/\/franciscanos.org.br\/vidacrista\/wp-json\/wp\/v2\/posts\/184030\/revisions"}],"predecessor-version":[{"id":186992,"href":"https:\/\/franciscanos.org.br\/vidacrista\/wp-json\/wp\/v2\/posts\/184030\/revisions\/186992"}],"wp:featuredmedia":[{"embeddable":true,"href":"https:\/\/franciscanos.org.br\/vidacrista\/wp-json\/wp\/v2\/media\/186990"}],"wp:attachment":[{"href":"https:\/\/franciscanos.org.br\/vidacrista\/wp-json\/wp\/v2\/media?parent=184030"}],"wp:term":[{"taxonomy":"category","embeddable":true,"href":"https:\/\/franciscanos.org.br\/vidacrista\/wp-json\/wp\/v2\/categories?post=184030"},{"taxonomy":"post_tag","embeddable":true,"href":"https:\/\/franciscanos.org.br\/vidacrista\/wp-json\/wp\/v2\/tags?post=184030"}],"curies":[{"name":"wp","href":"https:\/\/api.w.org\/{rel}","templated":true}]}}