{"id":184007,"date":"2020-04-10T05:51:22","date_gmt":"2020-04-10T08:51:22","guid":{"rendered":"https:\/\/franciscanos.org.br\/vidacrista\/?p=184007"},"modified":"2020-07-29T13:10:24","modified_gmt":"2020-07-29T16:10:24","slug":"sexta-feira-santa-jesus-continua-crucificado-nos-sofredores-e-sofredoras-de-hoje","status":"publish","type":"post","link":"https:\/\/franciscanos.org.br\/vidacrista\/sexta-feira-santa-jesus-continua-crucificado-nos-sofredores-e-sofredoras-de-hoje\/","title":{"rendered":"Sexta-feira Santa: Jesus continua crucificado nos sofredores e sofredoras de hoje"},"content":{"rendered":"<p>&nbsp;<\/p>\n<div id=\"attachment_187126\" style=\"width: 850px\" class=\"wp-caption alignnone\"><img aria-describedby=\"caption-attachment-187126\" decoding=\"async\" loading=\"lazy\" class=\"wp-image-187126 size-full\" src=\"https:\/\/franciscanos.org.br\/vidacrista\/wp-content\/uploads\/2020\/04\/artigo_2907_2.png\" alt=\"\" width=\"840\" height=\"451\" srcset=\"https:\/\/franciscanos.org.br\/vidacrista\/wp-content\/uploads\/2020\/04\/artigo_2907_2.png 840w, https:\/\/franciscanos.org.br\/vidacrista\/wp-content\/uploads\/2020\/04\/artigo_2907_2-450x242.png 450w, https:\/\/franciscanos.org.br\/vidacrista\/wp-content\/uploads\/2020\/04\/artigo_2907_2-768x412.png 768w, https:\/\/franciscanos.org.br\/vidacrista\/wp-content\/uploads\/2020\/04\/artigo_2907_2-150x81.png 150w\" sizes=\"(max-width: 840px) 100vw, 840px\" \/><p id=\"caption-attachment-187126\" class=\"wp-caption-text\">\u00a0 \u00a0 \u00a0 \u00a0 \u00a0 \u00a0 \u00a0 \u00a0 \u00a0 \u00a0 \u00a0 \u00a0 \u00a0 \u00a0 \u00a0 \u00a0 \u00a0 \u00a0 \u00a0 \u00a0 \u00a0 \u00a0 \u00a0 \u00a0 \u00a0 \u00a0 \u00a0 \u00a0 \u00a0 \u00a0 \u00a0 \u00a0 \u00a0 \u00a0 \u00a0 \u00a0 \u00a0 \u00a0 \u00a0 \u00a0 \u00a0 \u00a0 \u00a0 \u00a0 \u00a0 \u00a0 \u00a0 \u00a0 \u00a0 \u00a0 \u00a0 \u00a0 \u00a0 \u00a0 \u00a0 \u00a0 \u00a0 \u00a0 \u00a0 \u00a0 \u00a0 \u00a0 \u00a0 \u00a0 \u00a0 \u00a0 \u00a0 \u00a0 \u00a0 \u00a0<em> Imagem ilustrativa (fonte: Canva)<\/em><\/p><\/div>\n<p><strong>Leonardo Boff<\/strong><\/p>\n<p>Neste tempo de coronav\u00edrus que est\u00e1 produzindo medo e trazendo a morte a muita gente no mundo inteiro, a celebra\u00e7\u00e3o da Sexta-feira Santa ganha um significado especial. H\u00e1 Algu\u00e9m que tamb\u00e9m sofreu e, em meio a dores terr\u00edveis, foi crucificado, Jesus de Nazar\u00e9. Sabemos que entre todos os sofredores se estabelece um misterioso la\u00e7o de solidariedade. O Crucificado, embora pela ressurrei\u00e7\u00e3o tenha sido feito o homem novo e o Cristo c\u00f3smico, continua, por isso mesmo, padecendo e sendo crucificado em solidariedade com todos os crucificados da hist\u00f3ria. E assim ser\u00e1 hoje at\u00e9 o final dos tempos.<\/p>\n<p>Jesus n\u00e3o morreu porque todos morrem. Ele foi assassinado em consequ\u00eancia de um duplo processo judicial, um pela autoridade pol\u00edtica romana e outro pela autoridade religiosa judaica. Seu assassinato judicial se deveu \u00e0 sua mensagem do Reino de Deus que implicava uma revolu\u00e7\u00e3o absoluta de todas as rela\u00e7\u00f5es, \u00e0 imagem nova de Deus como \u201cPaizinho\u201d (Abba) cheio de miseric\u00f3rdia, \u00e0 liberdade que pregou e viveu face \u00e0s doutrinas e tradi\u00e7\u00f5es que pesavam sobre as costas do povo, ao seu amor incondicional, especialmente aos pobres e doentes aos quais se compadecia e sanava e, finalmente, por se apresentar como o Filho de Deus. Essas atitudes rompiam com o status quo pol\u00edtico-religioso da \u00e9poca. Decidiram elimin\u00e1-lo.<\/p>\n<p>Ele morreu n\u00e3o simplesmente porque Deus assim quis, o que seria contradit\u00f3rio \u00e0 sua imagem amorosa que anunciou. O que Deus quis, isto sim, foi sua fidelidade \u00e0 mensagem do Reino e a Ele, mesmo que implicasse a morte. A morte resultou desta fidelidade de Jesus diante de seu Pai e de sua causa, o Reino, fidelidade que \u00e9 um dos maiores valores de uma pessoa.<\/p>\n<p>Aqueles que o crucificaram n\u00e3o podiam definir o sentido desta condena\u00e7\u00e3o. O Crucificado mesmo definiu o seu sentido: uma express\u00e3o de extremo amor e de entrega sem resto para alcan\u00e7ar a reconcilia\u00e7\u00e3o e o perd\u00e3o de todos aqueles que o crucificaram e como solidariedade para com todos os crucificados da hist\u00f3ria, em especial pelos que s\u00e3o inocentemente crucificados. \u00c9 o caminho da liberta\u00e7\u00e3o e da salva\u00e7\u00e3o humana e divina.<\/p>\n<p>Para que essa morte fosse realmente morte, como \u00faltima solid\u00e3o humana, ele passou pela tenta\u00e7\u00e3o mais terr\u00edvel que algu\u00e9m pode passar: a tenta\u00e7\u00e3o do desespero. Isso se deriva de seu grito na cruz. O embate agora n\u00e3o \u00e9 com as autoridades que o condenaram. \u00c9 com seu Pai.<\/p>\n<p>O Pai que ele experimentou com profunda intimidade filial, o Pai que ele havia anunciado como misericordioso e cheio da bondade de uma M\u00e3e, o Pai, cujo projeto, o Reino, que ele proclamara e antecipara em sua pr\u00e1xis libertadora, este Pai agora, no momento supremo da cruz, parece t\u00ea-lo abandonado. Jesus passa pelo inferno da aus\u00eancia de Deus.<\/p>\n<p>\u00c9 por volta das tr\u00eas horas da tarde, momentos antes do desenlace final. Jesus grita com voz forte: \u201cElo\u00ed, Elo\u00ed, lem\u00e1 sabachtani: Meu Deus, Meu Deus, por que me abandonaste\u201d? Jesus est\u00e1 \u00e0s raias da desesperan\u00e7a. Do vazio mais abissal de seu esp\u00edrito, irrompem interroga\u00e7\u00f5es assustadoras que configuram a mais terr\u00edvel tenta\u00e7\u00e3o, pior do que aquelas tr\u00eas feitas por Satan\u00e1s no deserto.<\/p>\n<p>Foi absurda a minha fidelidade ao Pai? Sem sentido a luta sustentada pelo Reino, a grande causa de Deus? Foram v\u00e3os os riscos que corri, as persegui\u00e7\u00f5es que suportei, o aviltante processo capital que sofri e a crucifica\u00e7\u00e3o que estou padecendo?<\/p>\n<p>Jesus encontra-se nu, impotente, totalmente vazio diante do Pai que se cala. Esse sil\u00eancio revela todo o seu Mist\u00e9rio. Jesus n\u00e3o tem nada a que se agarrar.<\/p>\n<p>Pelos crit\u00e9rios humanos, ele fracassou completamente. A pr\u00f3pria certeza interior se lhe esvaiu. Apesar de o ch\u00e3o desaparecer debaixo de seus p\u00e9s, ele continua a confiar no Pai. Por isso grita com voz forte: \u201cMeu Deus, meu Deus!\u201d No auge do desespero, Jesus se entrega ao Mist\u00e9rio verdadeiramente sem nome. Ele lhe ser\u00e1 a \u00fanica esperan\u00e7a e seguran\u00e7a. N\u00e3o possui mais nenhum apoio em si mesmo, somente em Deus. A absoluta esperan\u00e7a de Jesus s\u00f3 \u00e9 compreens\u00edvel no pressuposto de sua absoluta desesperan\u00e7a.<\/p>\n<p>A grandeza de Jesus consistiu em suportar e vencer esta terr\u00edvel tenta\u00e7\u00e3o. Mas esta tenta\u00e7\u00e3o lhe propiciou um despojamento total de si mesmo, um estar nu e um absoluto vazio. S\u00f3 assim a morte \u00e9 real completa, no dizer do Credo um \u201cdescer aos infernos\u201d da exist\u00eancia, sem que ningu\u00e9m que possa acompanhar. A partir de agora ningu\u00e9m mais estar\u00e1 s\u00f3 na morte. Ele estar\u00e1 conosco porque experimentou a solid\u00e3o deste \u201cinferno\u201d do Credo.<\/p>\n<p>As \u00faltimas palavras de Jesus mostram a sua entrega, n\u00e3o resignada mas livre: \u201cPai, em tuas m\u00e3os entrego o meu esp\u00edrito\u201d (Lc 23,46). \u201cTudo est\u00e1 consumado\u201d (Jo 19,30)! \u201cE dando um forte brado, Jesus expirou (Mc 15,37).<\/p>\n<p>Este total vazio \u00e9 pr\u00e9-condi\u00e7\u00e3o para uma total plenitude. Ela veio por sua ressurrei\u00e7\u00e3o. Esta n\u00e3o \u00e9 a reanima\u00e7\u00e3o de um cad\u00e1ver,como a de L\u00e1zaro, mas a irrup\u00e7\u00e3o do homem novo (<em>novissimus Adam: <\/em>2Cor 15,45), cujas virtualidades latentes implodiram e explodiram em plena realiza\u00e7\u00e3o e flora\u00e7\u00e3o.<\/p>\n<p>Agora o Crucificado \u00e9 o Ressuscitado, presente em todas as coisas, o Cristo c\u00f3smico das ep\u00edstolas de S\u00e3o Paulo e de Teilhard de Chardin. Mas sua ressurrei\u00e7\u00e3o ainda n\u00e3o se completou. Enquanto seus irm\u00e3os e irm\u00e3s continuam crucificados, a plenitude da ressurrei\u00e7\u00e3o est\u00e1 em processo e ainda tem futuro. Como ensina S\u00e3o Paulo, \u201cele \u00e9 o primeiro entre muitos irm\u00e3os e irm\u00e3s\u201d (Rm 8,29; 2Cor15,20).Por isso mesmo, com sua presen\u00e7a de Ressuscitado, ele acompanha a via-sacra de dores de seus irm\u00e3os e irm\u00e3os, humilhados e ofendidos.<\/p>\n<p>Ele est\u00e1 sendo crucificado nos milh\u00f5es que passam fome a cada dia nas favelas, naqueles submetidos a condi\u00e7\u00f5es inumanas de vida e de trabalho. Crucificado naqueles que nas UTIs est\u00e3o lutando, sem ar, contra o coronav\u00edrus. Crucificado nos marginalizados dos campos e das cidades, nos discriminados por serem negros, ind\u00edgenas, quilombolas, pobres e por serem de outra op\u00e7\u00e3o sexual.<\/p>\n<p>Continua crucificado nos perseguidos por causa da sede de justi\u00e7a nos fundos de nosso pa\u00eds, nos que jogam suas vidas na defesa da dignidade humana, especialmente dos feitos invis\u00edveis. Crucificado em todos os que lutam, sem sucesso imediato, contra sistemas que arrancam o sangue dos trabalhadores, delapidam a natureza e produzem profundas chagas no corpo da M\u00e3e Terra. N\u00e3o h\u00e1 esta\u00e7\u00f5es suficientes nesta via dolorosa que possam retratar todas as formas pelas quais o Crucificado\/Ressuscitado continua sendo perseguido, aprisionado, torturado e condenado.<\/p>\n<p>Mas nenhum destes est\u00e1 s\u00f3. Ele caminha, sofre e ressuscita em todos estes seus companheiros de tribula\u00e7\u00e3o e de esperan\u00e7a. Cada vit\u00f3ria da justi\u00e7a, da solidariedade e do amor s\u00e3o bens do Reino que j\u00e1 est\u00e1 se realizando na hist\u00f3ria, Reino, do qual eles ser\u00e3o os primeiros herdeiros.<\/p>\n<hr \/>\n<p><strong>Leonardo Boff<\/strong> <em>\u00e9 te\u00f3logo e escreveu: Paix\u00e3o de Cristo- paix\u00e3o do mundo, Vozes 2007.<\/em><\/p>\n","protected":false},"excerpt":{"rendered":"<p>Artigo de Leonardo Boff<\/p>\n","protected":false},"author":3,"featured_media":187127,"comment_status":"open","ping_status":"open","sticky":false,"template":"","format":"standard","meta":{"footnotes":""},"categories":[26],"tags":[59],"yoast_head":"<!-- This site is optimized with the Yoast SEO plugin v19.4 - https:\/\/yoast.com\/wordpress\/plugins\/seo\/ -->\n<title>Sexta-feira Santa: Jesus continua crucificado nos sofredores e sofredoras de hoje - Vida Crist\u00e3 - Franciscanos<\/title>\n<meta name=\"robots\" content=\"index, follow, max-snippet:-1, max-image-preview:large, max-video-preview:-1\" \/>\n<link rel=\"canonical\" href=\"https:\/\/franciscanos.org.br\/vidacrista\/sexta-feira-santa-jesus-continua-crucificado-nos-sofredores-e-sofredoras-de-hoje\/\" \/>\n<meta property=\"og:locale\" content=\"pt_BR\" \/>\n<meta property=\"og:type\" content=\"article\" \/>\n<meta property=\"og:title\" content=\"Sexta-feira Santa: Jesus continua crucificado nos sofredores e sofredoras de hoje - Vida Crist\u00e3 - Franciscanos\" \/>\n<meta property=\"og:description\" content=\"Artigo de Leonardo Boff\" \/>\n<meta property=\"og:url\" content=\"https:\/\/franciscanos.org.br\/vidacrista\/sexta-feira-santa-jesus-continua-crucificado-nos-sofredores-e-sofredoras-de-hoje\/\" \/>\n<meta property=\"og:site_name\" content=\"Vida Crist\u00e3 - Franciscanos\" \/>\n<meta property=\"article:published_time\" content=\"2020-04-10T08:51:22+00:00\" \/>\n<meta property=\"article:modified_time\" content=\"2020-07-29T16:10:24+00:00\" \/>\n<meta property=\"og:image\" content=\"https:\/\/franciscanos.org.br\/vidacrista\/wp-content\/uploads\/2020\/04\/artigo_2907_2d.png\" \/>\n\t<meta property=\"og:image:width\" content=\"800\" \/>\n\t<meta property=\"og:image:height\" content=\"600\" \/>\n\t<meta property=\"og:image:type\" content=\"image\/png\" \/>\n<meta name=\"author\" content=\"moacir\" \/>\n<meta name=\"twitter:card\" content=\"summary_large_image\" \/>\n<meta name=\"twitter:label1\" content=\"Escrito por\" \/>\n\t<meta name=\"twitter:data1\" content=\"moacir\" \/>\n\t<meta name=\"twitter:label2\" content=\"Est. tempo de leitura\" \/>\n\t<meta name=\"twitter:data2\" content=\"6 minutos\" \/>\n<script type=\"application\/ld+json\" class=\"yoast-schema-graph\">{\"@context\":\"https:\/\/schema.org\",\"@graph\":[{\"@type\":\"WebSite\",\"@id\":\"https:\/\/franciscanos.org.br\/vidacrista\/#website\",\"url\":\"https:\/\/franciscanos.org.br\/vidacrista\/\",\"name\":\"Vida Crist\u00e3 - Franciscanos\",\"description\":\"Prov\u00edncia Franciscana da Imaculada Concei\u00e7\u00e3o do Brasil - Ordem dos Frades Menores\",\"potentialAction\":[{\"@type\":\"SearchAction\",\"target\":{\"@type\":\"EntryPoint\",\"urlTemplate\":\"https:\/\/franciscanos.org.br\/vidacrista\/?s={search_term_string}\"},\"query-input\":\"required name=search_term_string\"}],\"inLanguage\":\"pt-BR\"},{\"@type\":\"WebPage\",\"@id\":\"https:\/\/franciscanos.org.br\/vidacrista\/sexta-feira-santa-jesus-continua-crucificado-nos-sofredores-e-sofredoras-de-hoje\/\",\"url\":\"https:\/\/franciscanos.org.br\/vidacrista\/sexta-feira-santa-jesus-continua-crucificado-nos-sofredores-e-sofredoras-de-hoje\/\",\"name\":\"Sexta-feira Santa: Jesus continua crucificado nos sofredores e sofredoras de hoje - Vida Crist\u00e3 - Franciscanos\",\"isPartOf\":{\"@id\":\"https:\/\/franciscanos.org.br\/vidacrista\/#website\"},\"datePublished\":\"2020-04-10T08:51:22+00:00\",\"dateModified\":\"2020-07-29T16:10:24+00:00\",\"author\":{\"@id\":\"https:\/\/franciscanos.org.br\/vidacrista\/#\/schema\/person\/1880bdd2c350b735648725ef7614736a\"},\"breadcrumb\":{\"@id\":\"https:\/\/franciscanos.org.br\/vidacrista\/sexta-feira-santa-jesus-continua-crucificado-nos-sofredores-e-sofredoras-de-hoje\/#breadcrumb\"},\"inLanguage\":\"pt-BR\",\"potentialAction\":[{\"@type\":\"ReadAction\",\"target\":[\"https:\/\/franciscanos.org.br\/vidacrista\/sexta-feira-santa-jesus-continua-crucificado-nos-sofredores-e-sofredoras-de-hoje\/\"]}]},{\"@type\":\"BreadcrumbList\",\"@id\":\"https:\/\/franciscanos.org.br\/vidacrista\/sexta-feira-santa-jesus-continua-crucificado-nos-sofredores-e-sofredoras-de-hoje\/#breadcrumb\",\"itemListElement\":[{\"@type\":\"ListItem\",\"position\":1,\"name\":\"Home\",\"item\":\"https:\/\/franciscanos.org.br\/vidacrista\/\"},{\"@type\":\"ListItem\",\"position\":2,\"name\":\"Sexta-feira Santa: Jesus continua crucificado nos sofredores e sofredoras de hoje\"}]},{\"@type\":\"Person\",\"@id\":\"https:\/\/franciscanos.org.br\/vidacrista\/#\/schema\/person\/1880bdd2c350b735648725ef7614736a\",\"name\":\"moacir\",\"image\":{\"@type\":\"ImageObject\",\"inLanguage\":\"pt-BR\",\"@id\":\"https:\/\/franciscanos.org.br\/vidacrista\/#\/schema\/person\/image\/\",\"url\":\"https:\/\/secure.gravatar.com\/avatar\/d08aa2ce4c8dd416d4479aa8536fcf64?s=96&d=mm&r=g\",\"contentUrl\":\"https:\/\/secure.gravatar.com\/avatar\/d08aa2ce4c8dd416d4479aa8536fcf64?s=96&d=mm&r=g\",\"caption\":\"moacir\"},\"url\":\"https:\/\/franciscanos.org.br\/vidacrista\/author\/moacir\/\"}]}<\/script>\n<!-- \/ Yoast SEO plugin. -->","yoast_head_json":{"title":"Sexta-feira Santa: Jesus continua crucificado nos sofredores e sofredoras de hoje - Vida Crist\u00e3 - Franciscanos","robots":{"index":"index","follow":"follow","max-snippet":"max-snippet:-1","max-image-preview":"max-image-preview:large","max-video-preview":"max-video-preview:-1"},"canonical":"https:\/\/franciscanos.org.br\/vidacrista\/sexta-feira-santa-jesus-continua-crucificado-nos-sofredores-e-sofredoras-de-hoje\/","og_locale":"pt_BR","og_type":"article","og_title":"Sexta-feira Santa: Jesus continua crucificado nos sofredores e sofredoras de hoje - Vida Crist\u00e3 - Franciscanos","og_description":"Artigo de Leonardo Boff","og_url":"https:\/\/franciscanos.org.br\/vidacrista\/sexta-feira-santa-jesus-continua-crucificado-nos-sofredores-e-sofredoras-de-hoje\/","og_site_name":"Vida Crist\u00e3 - Franciscanos","article_published_time":"2020-04-10T08:51:22+00:00","article_modified_time":"2020-07-29T16:10:24+00:00","og_image":[{"width":800,"height":600,"url":"https:\/\/franciscanos.org.br\/vidacrista\/wp-content\/uploads\/2020\/04\/artigo_2907_2d.png","type":"image\/png"}],"author":"moacir","twitter_card":"summary_large_image","twitter_misc":{"Escrito por":"moacir","Est. tempo de leitura":"6 minutos"},"schema":{"@context":"https:\/\/schema.org","@graph":[{"@type":"WebSite","@id":"https:\/\/franciscanos.org.br\/vidacrista\/#website","url":"https:\/\/franciscanos.org.br\/vidacrista\/","name":"Vida Crist\u00e3 - Franciscanos","description":"Prov\u00edncia Franciscana da Imaculada Concei\u00e7\u00e3o do Brasil - Ordem dos Frades Menores","potentialAction":[{"@type":"SearchAction","target":{"@type":"EntryPoint","urlTemplate":"https:\/\/franciscanos.org.br\/vidacrista\/?s={search_term_string}"},"query-input":"required name=search_term_string"}],"inLanguage":"pt-BR"},{"@type":"WebPage","@id":"https:\/\/franciscanos.org.br\/vidacrista\/sexta-feira-santa-jesus-continua-crucificado-nos-sofredores-e-sofredoras-de-hoje\/","url":"https:\/\/franciscanos.org.br\/vidacrista\/sexta-feira-santa-jesus-continua-crucificado-nos-sofredores-e-sofredoras-de-hoje\/","name":"Sexta-feira Santa: Jesus continua crucificado nos sofredores e sofredoras de hoje - Vida Crist\u00e3 - Franciscanos","isPartOf":{"@id":"https:\/\/franciscanos.org.br\/vidacrista\/#website"},"datePublished":"2020-04-10T08:51:22+00:00","dateModified":"2020-07-29T16:10:24+00:00","author":{"@id":"https:\/\/franciscanos.org.br\/vidacrista\/#\/schema\/person\/1880bdd2c350b735648725ef7614736a"},"breadcrumb":{"@id":"https:\/\/franciscanos.org.br\/vidacrista\/sexta-feira-santa-jesus-continua-crucificado-nos-sofredores-e-sofredoras-de-hoje\/#breadcrumb"},"inLanguage":"pt-BR","potentialAction":[{"@type":"ReadAction","target":["https:\/\/franciscanos.org.br\/vidacrista\/sexta-feira-santa-jesus-continua-crucificado-nos-sofredores-e-sofredoras-de-hoje\/"]}]},{"@type":"BreadcrumbList","@id":"https:\/\/franciscanos.org.br\/vidacrista\/sexta-feira-santa-jesus-continua-crucificado-nos-sofredores-e-sofredoras-de-hoje\/#breadcrumb","itemListElement":[{"@type":"ListItem","position":1,"name":"Home","item":"https:\/\/franciscanos.org.br\/vidacrista\/"},{"@type":"ListItem","position":2,"name":"Sexta-feira Santa: Jesus continua crucificado nos sofredores e sofredoras de hoje"}]},{"@type":"Person","@id":"https:\/\/franciscanos.org.br\/vidacrista\/#\/schema\/person\/1880bdd2c350b735648725ef7614736a","name":"moacir","image":{"@type":"ImageObject","inLanguage":"pt-BR","@id":"https:\/\/franciscanos.org.br\/vidacrista\/#\/schema\/person\/image\/","url":"https:\/\/secure.gravatar.com\/avatar\/d08aa2ce4c8dd416d4479aa8536fcf64?s=96&d=mm&r=g","contentUrl":"https:\/\/secure.gravatar.com\/avatar\/d08aa2ce4c8dd416d4479aa8536fcf64?s=96&d=mm&r=g","caption":"moacir"},"url":"https:\/\/franciscanos.org.br\/vidacrista\/author\/moacir\/"}]}},"_links":{"self":[{"href":"https:\/\/franciscanos.org.br\/vidacrista\/wp-json\/wp\/v2\/posts\/184007"}],"collection":[{"href":"https:\/\/franciscanos.org.br\/vidacrista\/wp-json\/wp\/v2\/posts"}],"about":[{"href":"https:\/\/franciscanos.org.br\/vidacrista\/wp-json\/wp\/v2\/types\/post"}],"author":[{"embeddable":true,"href":"https:\/\/franciscanos.org.br\/vidacrista\/wp-json\/wp\/v2\/users\/3"}],"replies":[{"embeddable":true,"href":"https:\/\/franciscanos.org.br\/vidacrista\/wp-json\/wp\/v2\/comments?post=184007"}],"version-history":[{"count":3,"href":"https:\/\/franciscanos.org.br\/vidacrista\/wp-json\/wp\/v2\/posts\/184007\/revisions"}],"predecessor-version":[{"id":187129,"href":"https:\/\/franciscanos.org.br\/vidacrista\/wp-json\/wp\/v2\/posts\/184007\/revisions\/187129"}],"wp:featuredmedia":[{"embeddable":true,"href":"https:\/\/franciscanos.org.br\/vidacrista\/wp-json\/wp\/v2\/media\/187127"}],"wp:attachment":[{"href":"https:\/\/franciscanos.org.br\/vidacrista\/wp-json\/wp\/v2\/media?parent=184007"}],"wp:term":[{"taxonomy":"category","embeddable":true,"href":"https:\/\/franciscanos.org.br\/vidacrista\/wp-json\/wp\/v2\/categories?post=184007"},{"taxonomy":"post_tag","embeddable":true,"href":"https:\/\/franciscanos.org.br\/vidacrista\/wp-json\/wp\/v2\/tags?post=184007"}],"curies":[{"name":"wp","href":"https:\/\/api.w.org\/{rel}","templated":true}]}}