{"id":183972,"date":"2020-04-02T08:15:34","date_gmt":"2020-04-02T11:15:34","guid":{"rendered":"https:\/\/franciscanos.org.br\/vidacrista\/?p=183972"},"modified":"2020-07-27T11:21:50","modified_gmt":"2020-07-27T14:21:50","slug":"o-coronavirus-desperta-o-humano-em-nos","status":"publish","type":"post","link":"https:\/\/franciscanos.org.br\/vidacrista\/o-coronavirus-desperta-o-humano-em-nos\/","title":{"rendered":"O coronav\u00edrus desperta o humano em n\u00f3s"},"content":{"rendered":"<div style=\"width: 850px\" class=\"wp-caption alignnone\"><img decoding=\"async\" loading=\"lazy\" src=\"https:\/\/franciscanos.org.br\/vidacrista\/wp-content\/uploads\/2020\/04\/03_desperta-840.jpg\" alt=\"\" width=\"840\" height=\"630\" \/><p class=\"wp-caption-text\">\u00a0 \u00a0 \u00a0 \u00a0 \u00a0 \u00a0 \u00a0 \u00a0 \u00a0 \u00a0 \u00a0 \u00a0 \u00a0 \u00a0 \u00a0 \u00a0 \u00a0 \u00a0 \u00a0 \u00a0 \u00a0 \u00a0 \u00a0 \u00a0 \u00a0 \u00a0 \u00a0 \u00a0 \u00a0 \u00a0 \u00a0 \u00a0 \u00a0 \u00a0 \u00a0 \u00a0 \u00a0 \u00a0 \u00a0 \u00a0 \u00a0 \u00a0 \u00a0 \u00a0 \u00a0 \u00a0 \u00a0 \u00a0 \u00a0 \u00a0 \u00a0 \u00a0 \u00a0 \u00a0<em> \u00a0 \u00a0 Imagem ilustrativa (fonte: Acervo da Prov\u00edncia da Imaculada)<\/em><\/p><\/div>\n<p><strong>Leonardo Boff<\/strong><\/p>\n<p>A pandemia do coronav\u00edrus nos obriga a todos a pensar: o que conta, verdadeiramente, a vida ou os bens materiais? O individualismo de cada um para si, de costas para os outros, ou a solidariedade de uns para com os outros? Podemos continuar explorando, sem qualquer considera\u00e7\u00e3o, os bens e servi\u00e7os naturais para vivermos cada vez melhor ou cuidar da natureza, da vitalidade da M\u00e3e Terra e do bem-viver que \u00e9 a harmonia entre todos e com os seres da natureza? Adiantou alguma coisa as pot\u00eancias amantes da guerra, acumularem cada vez mais armas de destrui\u00e7\u00e3o em massa que agora t\u00eam que se p\u00f4r de joelhos diante de um v\u00edrus invis\u00edvel evidenciando como \u00e9 ineficaz todo esse aparato de morte? Podemos continuar com nosso estilo de vida consumista, depredador da natureza, produzindo ilimitada riqueza em poucas m\u00e3os \u00e0 custa de milh\u00f5es de pobres e miser\u00e1veis? Faz ainda sentido cada pa\u00eds afirmar a sua soberania, opondo-se a dos outros, quando dever\u00edamos ter uma governan\u00e7a global para resolver um problema global? Por que n\u00e3o descobrimos ainda a \u00fanica Casa Comum, a M\u00e3e Terra e o nosso dever de cuidar dela para que todos possam caber nela, a natureza inclu\u00edda?<\/p>\n<p>S\u00e3o perguntas que n\u00e3o podem ser obviadas. Ningu\u00e9m tem a resposta. Uma coisa, entretanto, \u00e9 certa, atribu\u00edda Einstein: \u201cA vis\u00e3o de mundo que criou a crise n\u00e3o pode ser a mesma que nos vai tirar da crise\u201d. Temos que, for\u00e7osamente, mudar. O pior seria se tudo voltasse como antes, com a mesma l\u00f3gica consumista e especulativa, talvez, com mais f\u00faria ainda. A\u00ed sim, por n\u00e3o termos aprendido a li\u00e7\u00e3o, a Terra nos poderia enviar um outro v\u00edrus, talvez aquele que pode p\u00f4r um fim ao desastrado projeto humano.<\/p>\n<p>Mas podemos olhar a guerra que o coronav\u00edrus est\u00e1 movendo em todo o planeta, sob um outro \u00e2ngulo e este positivo. O v\u00edrus nos faz descobrir qual \u00e9 a nossa mais profunda e aut\u00eantica natureza humana. Ela \u00e9 amb\u00edgua, boa e m\u00e1. Aqui veremos a dimens\u00e3o boa.<\/p>\n<p>Em primeiro lugar, somos seres de rela\u00e7\u00e3o. Somos, como tenho repetido in\u00fameras vezes, um n\u00f3 de rela\u00e7\u00f5es totais voltadas em todas as dire\u00e7\u00f5es. Portanto, ningu\u00e9m \u00e9 uma ilha. Lan\u00e7amos pontes para todos os lados.<\/p>\n<p>Em segundo lugar, como consequ\u00eancia, todos dependemos uns dos outros. A compreens\u00e3o africana \u201cUbuntu\u201d bem o expressa: &#8220;Eu s\u00f3 sou eu atrav\u00e9s de voc\u00ea\u201d. Portanto, todo individualismo, alma da cultura do capital, \u00e9 falso e anti-humano. O coronav\u00edrus o comprova. A sa\u00fade de um depende da sa\u00fade do outro. Esta m\u00fatua depend\u00eancia assumida conscientemente se chama solidariedade. Foi a solidariedade que outrora nos fez deixar o mundo dos antropoides e nos permitiu sermos humanos, convivendo cooperativamente. Assistimos nestas semanas gestos comoventes de verdadeira solidariedade uns ajudando a outros, n\u00e3o apenas dando o que lhes sobra mas compartilhando o que t\u00eam.<\/p>\n<p>Em terceiro lugar, somos seres essencialmente de <em>cuidado<\/em>. Sem o cuidado, desde de a nossa concep\u00e7\u00e3o e durante toda a vida, ningu\u00e9m subsistiria. Precisamos cuidar de tudo: de n\u00f3s mesmos, caso contr\u00e1rio podemos adoecer e morrer, dos outros que nos podem salvar ou eu que os podemos salvar, da natureza sen\u00e3o ela se volta contra n\u00f3s com v\u00edrus delet\u00e9rios, com estiagens desastrosas, com enchentes devastadoras, com eventos clim\u00e1ticos extremos, cuidado para com a M\u00e3e Terra para que continue a nos dar tudo aquilo que precisamos para viver e que ainda nos queira sobre seu solo, j\u00e1 que, durante s\u00e9culos, a agredimos de forma impiedosa. Especialmente agora sob o ataque do coronav\u00edrus todos devemos nos cuidar, cuidar dos outros mais vulner\u00e1veis, nos recolher em casa, manter o distanciamento social e cuidar da infra-estrutura sanit\u00e1ria sem a qual assistiremos a uma cat\u00e1strofe humanit\u00e1ria de propor\u00e7\u00f5es b\u00edblicas.<\/p>\n<p>Em quinto lugar, descobrimos que devemos ser todos<em> correspons\u00e1veis<\/em>, vale dizer, ser conscientes das consequ\u00eancias ben\u00e9ficas ou mal\u00e9ficas de nossos atos. A vida e a morte est\u00e3o em nossas m\u00e3os. N\u00e3o basta a responsabilidade do Estado ou de alguns, mas deve ser de todos, pois todos s\u00e3o afetados e todos podem afetar. Todos devem aceitar o confinamento.<\/p>\n<p>Por fim, descobrimos a for\u00e7a do <em>mundo espiritual<\/em> que constitui o nosso Profundo, l\u00e1 onde se elaboram os grandes sonhos, se colocam as quest\u00f5es derradeiras sobre o sentido de nossa vida e onde sentimos que deve existir uma Energia amorosa e poderosa que tudo perpassa, sustenta o c\u00e9u estrelado e nossa pr\u00f3pria vida sobre qual n\u00e3o temos todo o controle. Podemos nos abrir a ela, acolh\u00ea-la e, como numa aposta, confiar que Ela nos segura na palma de sua m\u00e3o e que, apesar de todas as contradi\u00e7\u00f5es, garante um fim bom para todo o universo, para nossa hist\u00f3ria sapiente e demente e para cada um de n\u00f3s. Se cultivarmos esse mundo espiritual nos sentiremos mais fortes, mais cuidadores, mais amorosos, enfim, mais humanos.<\/p>\n<p>Estes valores nos permitem sonhar e construir outro tipo de mundo, biocentrado, no qual a economia, com outra racionalidade, sustenta uma sociedade globalmente integrada, fortalecida mais por alian\u00e7as afetivas do que por pactos pol\u00edticos. Ser\u00e1 a sociedade do cuidado, da gentileza e da alegria de viver.<\/p>\n<hr \/>\n<p><strong>Leonardo Boff<\/strong> <em>\u00e9 te\u00f3logo, fil\u00f3sofo e escreveu: &#8220;A Terra na palma de nossa m\u00e3o uma nova vis\u00e3o do planeta e da humanidade&#8221;, Vozes 2016<\/em><\/p>\n","protected":false},"excerpt":{"rendered":"<p>Artigo de Leonardo Boff<\/p>\n","protected":false},"author":3,"featured_media":186358,"comment_status":"open","ping_status":"open","sticky":false,"template":"","format":"standard","meta":{"footnotes":""},"categories":[26],"tags":[59],"yoast_head":"<!-- This site is optimized with the Yoast SEO plugin v19.4 - https:\/\/yoast.com\/wordpress\/plugins\/seo\/ -->\n<title>O coronav\u00edrus desperta o humano em n\u00f3s - Vida Crist\u00e3 - Franciscanos<\/title>\n<meta name=\"robots\" content=\"index, follow, max-snippet:-1, max-image-preview:large, max-video-preview:-1\" \/>\n<link rel=\"canonical\" href=\"https:\/\/franciscanos.org.br\/vidacrista\/o-coronavirus-desperta-o-humano-em-nos\/\" \/>\n<meta property=\"og:locale\" content=\"pt_BR\" \/>\n<meta property=\"og:type\" content=\"article\" \/>\n<meta property=\"og:title\" content=\"O coronav\u00edrus desperta o humano em n\u00f3s - Vida Crist\u00e3 - Franciscanos\" \/>\n<meta property=\"og:description\" content=\"Artigo de Leonardo Boff\" \/>\n<meta property=\"og:url\" content=\"https:\/\/franciscanos.org.br\/vidacrista\/o-coronavirus-desperta-o-humano-em-nos\/\" \/>\n<meta property=\"og:site_name\" content=\"Vida Crist\u00e3 - Franciscanos\" \/>\n<meta property=\"article:published_time\" content=\"2020-04-02T11:15:34+00:00\" \/>\n<meta property=\"article:modified_time\" content=\"2020-07-27T14:21:50+00:00\" \/>\n<meta property=\"og:image\" content=\"https:\/\/franciscanos.org.br\/vidacrista\/wp-content\/uploads\/2020\/04\/03_desperta-800.jpg\" \/>\n\t<meta property=\"og:image:width\" content=\"800\" \/>\n\t<meta property=\"og:image:height\" content=\"600\" \/>\n\t<meta property=\"og:image:type\" content=\"image\/jpeg\" \/>\n<meta name=\"author\" content=\"moacir\" \/>\n<meta name=\"twitter:card\" content=\"summary_large_image\" \/>\n<meta name=\"twitter:label1\" content=\"Escrito por\" \/>\n\t<meta name=\"twitter:data1\" content=\"moacir\" \/>\n\t<meta name=\"twitter:label2\" content=\"Est. tempo de leitura\" \/>\n\t<meta name=\"twitter:data2\" content=\"5 minutos\" \/>\n<script type=\"application\/ld+json\" class=\"yoast-schema-graph\">{\"@context\":\"https:\/\/schema.org\",\"@graph\":[{\"@type\":\"WebSite\",\"@id\":\"https:\/\/franciscanos.org.br\/vidacrista\/#website\",\"url\":\"https:\/\/franciscanos.org.br\/vidacrista\/\",\"name\":\"Vida Crist\u00e3 - Franciscanos\",\"description\":\"Prov\u00edncia Franciscana da Imaculada Concei\u00e7\u00e3o do Brasil - Ordem dos Frades Menores\",\"potentialAction\":[{\"@type\":\"SearchAction\",\"target\":{\"@type\":\"EntryPoint\",\"urlTemplate\":\"https:\/\/franciscanos.org.br\/vidacrista\/?s={search_term_string}\"},\"query-input\":\"required name=search_term_string\"}],\"inLanguage\":\"pt-BR\"},{\"@type\":\"WebPage\",\"@id\":\"https:\/\/franciscanos.org.br\/vidacrista\/o-coronavirus-desperta-o-humano-em-nos\/\",\"url\":\"https:\/\/franciscanos.org.br\/vidacrista\/o-coronavirus-desperta-o-humano-em-nos\/\",\"name\":\"O coronav\u00edrus desperta o humano em n\u00f3s - Vida Crist\u00e3 - Franciscanos\",\"isPartOf\":{\"@id\":\"https:\/\/franciscanos.org.br\/vidacrista\/#website\"},\"datePublished\":\"2020-04-02T11:15:34+00:00\",\"dateModified\":\"2020-07-27T14:21:50+00:00\",\"author\":{\"@id\":\"https:\/\/franciscanos.org.br\/vidacrista\/#\/schema\/person\/1880bdd2c350b735648725ef7614736a\"},\"breadcrumb\":{\"@id\":\"https:\/\/franciscanos.org.br\/vidacrista\/o-coronavirus-desperta-o-humano-em-nos\/#breadcrumb\"},\"inLanguage\":\"pt-BR\",\"potentialAction\":[{\"@type\":\"ReadAction\",\"target\":[\"https:\/\/franciscanos.org.br\/vidacrista\/o-coronavirus-desperta-o-humano-em-nos\/\"]}]},{\"@type\":\"BreadcrumbList\",\"@id\":\"https:\/\/franciscanos.org.br\/vidacrista\/o-coronavirus-desperta-o-humano-em-nos\/#breadcrumb\",\"itemListElement\":[{\"@type\":\"ListItem\",\"position\":1,\"name\":\"Home\",\"item\":\"https:\/\/franciscanos.org.br\/vidacrista\/\"},{\"@type\":\"ListItem\",\"position\":2,\"name\":\"O coronav\u00edrus desperta o humano em n\u00f3s\"}]},{\"@type\":\"Person\",\"@id\":\"https:\/\/franciscanos.org.br\/vidacrista\/#\/schema\/person\/1880bdd2c350b735648725ef7614736a\",\"name\":\"moacir\",\"image\":{\"@type\":\"ImageObject\",\"inLanguage\":\"pt-BR\",\"@id\":\"https:\/\/franciscanos.org.br\/vidacrista\/#\/schema\/person\/image\/\",\"url\":\"https:\/\/secure.gravatar.com\/avatar\/d08aa2ce4c8dd416d4479aa8536fcf64?s=96&d=mm&r=g\",\"contentUrl\":\"https:\/\/secure.gravatar.com\/avatar\/d08aa2ce4c8dd416d4479aa8536fcf64?s=96&d=mm&r=g\",\"caption\":\"moacir\"},\"url\":\"https:\/\/franciscanos.org.br\/vidacrista\/author\/moacir\/\"}]}<\/script>\n<!-- \/ Yoast SEO plugin. -->","yoast_head_json":{"title":"O coronav\u00edrus desperta o humano em n\u00f3s - Vida Crist\u00e3 - Franciscanos","robots":{"index":"index","follow":"follow","max-snippet":"max-snippet:-1","max-image-preview":"max-image-preview:large","max-video-preview":"max-video-preview:-1"},"canonical":"https:\/\/franciscanos.org.br\/vidacrista\/o-coronavirus-desperta-o-humano-em-nos\/","og_locale":"pt_BR","og_type":"article","og_title":"O coronav\u00edrus desperta o humano em n\u00f3s - Vida Crist\u00e3 - Franciscanos","og_description":"Artigo de Leonardo Boff","og_url":"https:\/\/franciscanos.org.br\/vidacrista\/o-coronavirus-desperta-o-humano-em-nos\/","og_site_name":"Vida Crist\u00e3 - Franciscanos","article_published_time":"2020-04-02T11:15:34+00:00","article_modified_time":"2020-07-27T14:21:50+00:00","og_image":[{"width":800,"height":600,"url":"https:\/\/franciscanos.org.br\/vidacrista\/wp-content\/uploads\/2020\/04\/03_desperta-800.jpg","type":"image\/jpeg"}],"author":"moacir","twitter_card":"summary_large_image","twitter_misc":{"Escrito por":"moacir","Est. tempo de leitura":"5 minutos"},"schema":{"@context":"https:\/\/schema.org","@graph":[{"@type":"WebSite","@id":"https:\/\/franciscanos.org.br\/vidacrista\/#website","url":"https:\/\/franciscanos.org.br\/vidacrista\/","name":"Vida Crist\u00e3 - Franciscanos","description":"Prov\u00edncia Franciscana da Imaculada Concei\u00e7\u00e3o do Brasil - Ordem dos Frades Menores","potentialAction":[{"@type":"SearchAction","target":{"@type":"EntryPoint","urlTemplate":"https:\/\/franciscanos.org.br\/vidacrista\/?s={search_term_string}"},"query-input":"required name=search_term_string"}],"inLanguage":"pt-BR"},{"@type":"WebPage","@id":"https:\/\/franciscanos.org.br\/vidacrista\/o-coronavirus-desperta-o-humano-em-nos\/","url":"https:\/\/franciscanos.org.br\/vidacrista\/o-coronavirus-desperta-o-humano-em-nos\/","name":"O coronav\u00edrus desperta o humano em n\u00f3s - Vida Crist\u00e3 - Franciscanos","isPartOf":{"@id":"https:\/\/franciscanos.org.br\/vidacrista\/#website"},"datePublished":"2020-04-02T11:15:34+00:00","dateModified":"2020-07-27T14:21:50+00:00","author":{"@id":"https:\/\/franciscanos.org.br\/vidacrista\/#\/schema\/person\/1880bdd2c350b735648725ef7614736a"},"breadcrumb":{"@id":"https:\/\/franciscanos.org.br\/vidacrista\/o-coronavirus-desperta-o-humano-em-nos\/#breadcrumb"},"inLanguage":"pt-BR","potentialAction":[{"@type":"ReadAction","target":["https:\/\/franciscanos.org.br\/vidacrista\/o-coronavirus-desperta-o-humano-em-nos\/"]}]},{"@type":"BreadcrumbList","@id":"https:\/\/franciscanos.org.br\/vidacrista\/o-coronavirus-desperta-o-humano-em-nos\/#breadcrumb","itemListElement":[{"@type":"ListItem","position":1,"name":"Home","item":"https:\/\/franciscanos.org.br\/vidacrista\/"},{"@type":"ListItem","position":2,"name":"O coronav\u00edrus desperta o humano em n\u00f3s"}]},{"@type":"Person","@id":"https:\/\/franciscanos.org.br\/vidacrista\/#\/schema\/person\/1880bdd2c350b735648725ef7614736a","name":"moacir","image":{"@type":"ImageObject","inLanguage":"pt-BR","@id":"https:\/\/franciscanos.org.br\/vidacrista\/#\/schema\/person\/image\/","url":"https:\/\/secure.gravatar.com\/avatar\/d08aa2ce4c8dd416d4479aa8536fcf64?s=96&d=mm&r=g","contentUrl":"https:\/\/secure.gravatar.com\/avatar\/d08aa2ce4c8dd416d4479aa8536fcf64?s=96&d=mm&r=g","caption":"moacir"},"url":"https:\/\/franciscanos.org.br\/vidacrista\/author\/moacir\/"}]}},"_links":{"self":[{"href":"https:\/\/franciscanos.org.br\/vidacrista\/wp-json\/wp\/v2\/posts\/183972"}],"collection":[{"href":"https:\/\/franciscanos.org.br\/vidacrista\/wp-json\/wp\/v2\/posts"}],"about":[{"href":"https:\/\/franciscanos.org.br\/vidacrista\/wp-json\/wp\/v2\/types\/post"}],"author":[{"embeddable":true,"href":"https:\/\/franciscanos.org.br\/vidacrista\/wp-json\/wp\/v2\/users\/3"}],"replies":[{"embeddable":true,"href":"https:\/\/franciscanos.org.br\/vidacrista\/wp-json\/wp\/v2\/comments?post=183972"}],"version-history":[{"count":3,"href":"https:\/\/franciscanos.org.br\/vidacrista\/wp-json\/wp\/v2\/posts\/183972\/revisions"}],"predecessor-version":[{"id":186994,"href":"https:\/\/franciscanos.org.br\/vidacrista\/wp-json\/wp\/v2\/posts\/183972\/revisions\/186994"}],"wp:featuredmedia":[{"embeddable":true,"href":"https:\/\/franciscanos.org.br\/vidacrista\/wp-json\/wp\/v2\/media\/186358"}],"wp:attachment":[{"href":"https:\/\/franciscanos.org.br\/vidacrista\/wp-json\/wp\/v2\/media?parent=183972"}],"wp:term":[{"taxonomy":"category","embeddable":true,"href":"https:\/\/franciscanos.org.br\/vidacrista\/wp-json\/wp\/v2\/categories?post=183972"},{"taxonomy":"post_tag","embeddable":true,"href":"https:\/\/franciscanos.org.br\/vidacrista\/wp-json\/wp\/v2\/tags?post=183972"}],"curies":[{"name":"wp","href":"https:\/\/api.w.org\/{rel}","templated":true}]}}