{"id":183934,"date":"2020-03-31T11:05:32","date_gmt":"2020-03-31T14:05:32","guid":{"rendered":"https:\/\/franciscanos.org.br\/vidacrista\/?p=183934"},"modified":"2020-07-27T11:27:23","modified_gmt":"2020-07-27T14:27:23","slug":"voz-do-pobre-coro-de-lucidez","status":"publish","type":"post","link":"https:\/\/franciscanos.org.br\/vidacrista\/voz-do-pobre-coro-de-lucidez\/","title":{"rendered":"Voz do pobre, coro de lucidez"},"content":{"rendered":"<div id=\"attachment_186995\" style=\"width: 850px\" class=\"wp-caption alignnone\"><img aria-describedby=\"caption-attachment-186995\" decoding=\"async\" loading=\"lazy\" class=\"wp-image-186995 size-full\" src=\"https:\/\/franciscanos.org.br\/vidacrista\/wp-content\/uploads\/2020\/03\/artigo_2707_4.png\" alt=\"\" width=\"840\" height=\"450\" srcset=\"https:\/\/franciscanos.org.br\/vidacrista\/wp-content\/uploads\/2020\/03\/artigo_2707_4.png 840w, https:\/\/franciscanos.org.br\/vidacrista\/wp-content\/uploads\/2020\/03\/artigo_2707_4-450x241.png 450w, https:\/\/franciscanos.org.br\/vidacrista\/wp-content\/uploads\/2020\/03\/artigo_2707_4-768x411.png 768w, https:\/\/franciscanos.org.br\/vidacrista\/wp-content\/uploads\/2020\/03\/artigo_2707_4-150x80.png 150w\" sizes=\"(max-width: 840px) 100vw, 840px\" \/><p id=\"caption-attachment-186995\" class=\"wp-caption-text\">\u00a0 \u00a0 \u00a0 \u00a0 \u00a0 \u00a0 \u00a0 \u00a0 \u00a0 \u00a0 \u00a0 \u00a0 \u00a0 \u00a0 \u00a0 \u00a0 \u00a0 \u00a0 \u00a0 \u00a0 \u00a0 \u00a0 \u00a0 \u00a0 \u00a0 \u00a0 \u00a0 \u00a0 \u00a0 \u00a0 \u00a0 \u00a0 \u00a0 \u00a0 \u00a0 \u00a0 \u00a0 \u00a0 \u00a0 \u00a0 \u00a0 \u00a0 \u00a0 \u00a0 \u00a0 \u00a0 \u00a0 \u00a0 \u00a0 \u00a0 \u00a0 \u00a0 \u00a0 \u00a0 \u00a0 \u00a0 \u00a0 \u00a0 \u00a0 \u00a0 \u00a0 \u00a0 \u00a0 \u00a0 \u00a0 \u00a0 \u00a0 \u00a0 \u00a0 \u00a0 \u00a0 \u00a0 \u00a0 \u00a0 \u00a0 \u00a0 \u00a0 \u00a0 \u00a0 \u00a0<em>Imagem ilustrativa (fonte: Canva)<\/em><\/p><\/div>\n<p><img decoding=\"async\" loading=\"lazy\" class=\"alignnone size-full wp-image-186835\" src=\"https:\/\/franciscanos.org.br\/vidacrista\/wp-content\/uploads\/2020\/03\/artigo_08.jpg\" alt=\"\" width=\"840\" height=\"451\" \/><strong>Dom Walmor Oliveira de Azevedo<\/strong><\/p>\n<p>O Brasil e o mundo est\u00e3o sob o embargo de um exigente sil\u00eancio obsequioso. A exig\u00eancia de n\u00e3o sair de casa, um dos incontest\u00e1veis rem\u00e9dios capazes de interromper a dissemina\u00e7\u00e3o do Covid-19, enquanto se trata e recupera os contaminados, faz prevalecer no ambiente dom\u00e9stico e nos lugares p\u00fablicos um grande sil\u00eancio, incontrol\u00e1vel, a exemplo do v\u00edrus que contamina, fortemente, a sociedade contempor\u00e2nea. Essa sociedade que \u00e9 t\u00e3o habituada a um ritmo fren\u00e9tico, fonte de adoecimento para a humanidade e a natureza, de distor\u00e7\u00f5es em sistemas sociais, pol\u00edticos, econ\u00f4micos e culturais, que levam \u00e0 perda de rumos e \u00e0 desconsidera\u00e7\u00e3o do sentido da vida \u2013 dom e compromisso. O inc\u00f4modo deste sil\u00eancio, fecundado por medos e inseguran\u00e7as, por vezes emoldurado por indiferen\u00e7as e considera\u00e7\u00f5es inconsequentes, irrespons\u00e1veis, pode guardar for\u00e7a terap\u00eautica de grande valia. Este obsequioso sil\u00eancio confronta-se com a avalanche de palavr\u00f3rios, propalados na \u00e2nsia de querer falar muito sobre aquilo que pouco entende, na ousadia de considerar saber mais do que, de fato, conhece.<\/p>\n<p>Esse sil\u00eancio pode oferecer \u00e0 humanidade a oportunidade de escutar mais, reconhecer aquelas dire\u00e7\u00f5es que foram negligenciadas, os entendimentos desprezados, as vozes que n\u00e3o s\u00e3o ouvidas e, consequentemente, os sentidos que passam despercebidos. Este tempo, com o seu sil\u00eancio, indica a necessidade de superar a idolatria do dinheiro, o absurdo das gan\u00e2ncias dos que se apegam \u00e0 falsa seguran\u00e7a do acumulo de posses, que enfraquecem os seres humanos a ponto de a humanidade se desestabilizar. \u00c9 preciso reconhecer: a vida \u00e9 dom. Neste dom, inscreve-se o compromisso de estar a servi\u00e7o do semelhante, que \u00e9 irm\u00e3o.<\/p>\n<p>Por isso, causa perplexidade ver que ainda h\u00e1 gente indiferente, convivendo pacificamente com outras pandemias \u2013 a da exclus\u00e3o social, dos desmandos pol\u00edticos respons\u00e1veis por migra\u00e7\u00f5es for\u00e7adas, dos exterm\u00ednios de mulheres, ind\u00edgenas e de pobres moradores nas ruas, dentre tantas outras. Agora chega uma pandemia que bate \u00e0 porta de todos, igualmente, desmontando sociedades e suas economias, comprovando que o meio ambiente precisa ser balizado pelos princ\u00edpios e li\u00e7\u00f5es s\u00e1bias no horizonte da ecologia integral. O mundo tem gritado pelas vozes dos mais pobres, dos que nada t\u00eam. J\u00e1 os que muito possuem e t\u00eam de sobra, precisam, a partir do atual sil\u00eancio, escutar essas vozes, reconhecendo-as como um coro de lucidez. A partir dessa sensibilidade, debelar as pandemias das irresponsabilidades e de palavras inconsequentes, exigir provid\u00eancias urgentes para superar incompet\u00eancias human\u00edsticas, governamentais e de indiv\u00edduos delet\u00e9rios.<\/p>\n<p>O ciclo novo almejado, a ser constru\u00eddo pela sociedade brasileira, n\u00e3o permite ufanismos. Requer intui\u00e7\u00f5es que fortale\u00e7am as institui\u00e7\u00f5es governamentais, livres de fisiologismos ideol\u00f3gicos e dos atendimentos de interesses olig\u00e1rquicos, para que cumpram adequadamente suas responsabilidades no contexto democr\u00e1tico. Para fazer surgir nova realidade, \u00e9 preciso se renovar, exig\u00eancia comum a empreendimentos e empreendedores, a institui\u00e7\u00f5es pol\u00edticas e governamentais, n\u00e3o poupando o mundo religioso e cultural. Qualquer indiferen\u00e7a ou relativiza\u00e7\u00e3o ante a exig\u00eancia de renova\u00e7\u00e3o, perpetuar\u00e1 h\u00e1bitos que merecem ser revistos e far\u00e1 com que outras pandemias enfraque\u00e7am ainda mais a humanidade.<\/p>\n<p>Urge, na batalha contra o Covid-19, com investimento em pr\u00e1ticas solid\u00e1rias, reconhecer a tarefa priorit\u00e1ria de se escutar a voz dos pobres, deixar-se interpelar pelo coro de lucidez para, humildemente, contribuir na constitui\u00e7\u00e3o de novo ciclo humanit\u00e1rio. Pela via da solidariedade, que exige ren\u00fancias, partilhas e o reconhecimento da igualdade humana no direito \u00e0 vida digna, todos se sintam envergonhados pelas exclus\u00f5es, para fazer surgir l\u00f3gica diferente, capaz de orientar programas dedicados ao amparo dos mais pobres, dos vulner\u00e1veis, no horizonte incontest\u00e1vel da ecologia integral. Cada pessoa reconhe\u00e7a que tudo est\u00e1 interligado, o tempo e o espa\u00e7o n\u00e3o s\u00e3o independentes entre si, como assevera o papa Francisco, na sua carta enc\u00edclica sobre a casa comum. O papa sublinha ainda que os v\u00e1rios componentes do planeta \u2013 f\u00edsicos, qu\u00edmicos e biol\u00f3gicos \u2013 se relacionam, assim como as esp\u00e9cies vivas formam uma trama que nunca acabaremos de individuar e entender. Que a humanidade comece a pensar a sua nova etapa civilizat\u00f3ria, sens\u00edvel \u00e0 voz do pobre, coro de lucidez.<\/p>\n<hr \/>\n<p><strong>Dom Walmor Oliveira de Azevedo<\/strong>,<em> Arcebispo metropolitano de Belo Horizonte, MG, \u00e9 presidente da Confer\u00eancia Nacional dos Bispos do Brasil (CNBB).<\/em><\/p>\n","protected":false},"excerpt":{"rendered":"<p>Artigo de Dom Walmor Oliveira de Azevedo<\/p>\n","protected":false},"author":3,"featured_media":186996,"comment_status":"open","ping_status":"open","sticky":false,"template":"","format":"standard","meta":{"footnotes":""},"categories":[26],"tags":[271],"yoast_head":"<!-- This site is optimized with the Yoast SEO plugin v19.4 - https:\/\/yoast.com\/wordpress\/plugins\/seo\/ -->\n<title>Voz do pobre, coro de lucidez - Vida Crist\u00e3 - Franciscanos<\/title>\n<meta name=\"robots\" content=\"index, follow, max-snippet:-1, max-image-preview:large, max-video-preview:-1\" \/>\n<link rel=\"canonical\" href=\"https:\/\/franciscanos.org.br\/vidacrista\/voz-do-pobre-coro-de-lucidez\/\" \/>\n<meta property=\"og:locale\" content=\"pt_BR\" \/>\n<meta property=\"og:type\" content=\"article\" \/>\n<meta property=\"og:title\" content=\"Voz do pobre, coro de lucidez - Vida Crist\u00e3 - Franciscanos\" \/>\n<meta property=\"og:description\" content=\"Artigo de Dom Walmor Oliveira de Azevedo\" \/>\n<meta property=\"og:url\" content=\"https:\/\/franciscanos.org.br\/vidacrista\/voz-do-pobre-coro-de-lucidez\/\" \/>\n<meta property=\"og:site_name\" content=\"Vida Crist\u00e3 - Franciscanos\" \/>\n<meta property=\"article:published_time\" content=\"2020-03-31T14:05:32+00:00\" \/>\n<meta property=\"article:modified_time\" content=\"2020-07-27T14:27:23+00:00\" \/>\n<meta property=\"og:image\" content=\"https:\/\/franciscanos.org.br\/vidacrista\/wp-content\/uploads\/2020\/03\/artigo_2707_4d.png\" \/>\n\t<meta property=\"og:image:width\" content=\"800\" \/>\n\t<meta property=\"og:image:height\" content=\"600\" \/>\n\t<meta property=\"og:image:type\" content=\"image\/png\" \/>\n<meta name=\"author\" content=\"moacir\" \/>\n<meta name=\"twitter:card\" content=\"summary_large_image\" \/>\n<meta name=\"twitter:label1\" content=\"Escrito por\" \/>\n\t<meta name=\"twitter:data1\" content=\"moacir\" \/>\n\t<meta name=\"twitter:label2\" content=\"Est. tempo de leitura\" \/>\n\t<meta name=\"twitter:data2\" content=\"4 minutos\" \/>\n<script type=\"application\/ld+json\" class=\"yoast-schema-graph\">{\"@context\":\"https:\/\/schema.org\",\"@graph\":[{\"@type\":\"WebSite\",\"@id\":\"https:\/\/franciscanos.org.br\/vidacrista\/#website\",\"url\":\"https:\/\/franciscanos.org.br\/vidacrista\/\",\"name\":\"Vida Crist\u00e3 - Franciscanos\",\"description\":\"Prov\u00edncia Franciscana da Imaculada Concei\u00e7\u00e3o do Brasil - Ordem dos Frades Menores\",\"potentialAction\":[{\"@type\":\"SearchAction\",\"target\":{\"@type\":\"EntryPoint\",\"urlTemplate\":\"https:\/\/franciscanos.org.br\/vidacrista\/?s={search_term_string}\"},\"query-input\":\"required name=search_term_string\"}],\"inLanguage\":\"pt-BR\"},{\"@type\":\"WebPage\",\"@id\":\"https:\/\/franciscanos.org.br\/vidacrista\/voz-do-pobre-coro-de-lucidez\/\",\"url\":\"https:\/\/franciscanos.org.br\/vidacrista\/voz-do-pobre-coro-de-lucidez\/\",\"name\":\"Voz do pobre, coro de lucidez - Vida Crist\u00e3 - Franciscanos\",\"isPartOf\":{\"@id\":\"https:\/\/franciscanos.org.br\/vidacrista\/#website\"},\"datePublished\":\"2020-03-31T14:05:32+00:00\",\"dateModified\":\"2020-07-27T14:27:23+00:00\",\"author\":{\"@id\":\"https:\/\/franciscanos.org.br\/vidacrista\/#\/schema\/person\/1880bdd2c350b735648725ef7614736a\"},\"breadcrumb\":{\"@id\":\"https:\/\/franciscanos.org.br\/vidacrista\/voz-do-pobre-coro-de-lucidez\/#breadcrumb\"},\"inLanguage\":\"pt-BR\",\"potentialAction\":[{\"@type\":\"ReadAction\",\"target\":[\"https:\/\/franciscanos.org.br\/vidacrista\/voz-do-pobre-coro-de-lucidez\/\"]}]},{\"@type\":\"BreadcrumbList\",\"@id\":\"https:\/\/franciscanos.org.br\/vidacrista\/voz-do-pobre-coro-de-lucidez\/#breadcrumb\",\"itemListElement\":[{\"@type\":\"ListItem\",\"position\":1,\"name\":\"Home\",\"item\":\"https:\/\/franciscanos.org.br\/vidacrista\/\"},{\"@type\":\"ListItem\",\"position\":2,\"name\":\"Voz do pobre, coro de lucidez\"}]},{\"@type\":\"Person\",\"@id\":\"https:\/\/franciscanos.org.br\/vidacrista\/#\/schema\/person\/1880bdd2c350b735648725ef7614736a\",\"name\":\"moacir\",\"image\":{\"@type\":\"ImageObject\",\"inLanguage\":\"pt-BR\",\"@id\":\"https:\/\/franciscanos.org.br\/vidacrista\/#\/schema\/person\/image\/\",\"url\":\"https:\/\/secure.gravatar.com\/avatar\/d08aa2ce4c8dd416d4479aa8536fcf64?s=96&d=mm&r=g\",\"contentUrl\":\"https:\/\/secure.gravatar.com\/avatar\/d08aa2ce4c8dd416d4479aa8536fcf64?s=96&d=mm&r=g\",\"caption\":\"moacir\"},\"url\":\"https:\/\/franciscanos.org.br\/vidacrista\/author\/moacir\/\"}]}<\/script>\n<!-- \/ Yoast SEO plugin. -->","yoast_head_json":{"title":"Voz do pobre, coro de lucidez - Vida Crist\u00e3 - Franciscanos","robots":{"index":"index","follow":"follow","max-snippet":"max-snippet:-1","max-image-preview":"max-image-preview:large","max-video-preview":"max-video-preview:-1"},"canonical":"https:\/\/franciscanos.org.br\/vidacrista\/voz-do-pobre-coro-de-lucidez\/","og_locale":"pt_BR","og_type":"article","og_title":"Voz do pobre, coro de lucidez - Vida Crist\u00e3 - Franciscanos","og_description":"Artigo de Dom Walmor Oliveira de Azevedo","og_url":"https:\/\/franciscanos.org.br\/vidacrista\/voz-do-pobre-coro-de-lucidez\/","og_site_name":"Vida Crist\u00e3 - Franciscanos","article_published_time":"2020-03-31T14:05:32+00:00","article_modified_time":"2020-07-27T14:27:23+00:00","og_image":[{"width":800,"height":600,"url":"https:\/\/franciscanos.org.br\/vidacrista\/wp-content\/uploads\/2020\/03\/artigo_2707_4d.png","type":"image\/png"}],"author":"moacir","twitter_card":"summary_large_image","twitter_misc":{"Escrito por":"moacir","Est. tempo de leitura":"4 minutos"},"schema":{"@context":"https:\/\/schema.org","@graph":[{"@type":"WebSite","@id":"https:\/\/franciscanos.org.br\/vidacrista\/#website","url":"https:\/\/franciscanos.org.br\/vidacrista\/","name":"Vida Crist\u00e3 - Franciscanos","description":"Prov\u00edncia Franciscana da Imaculada Concei\u00e7\u00e3o do Brasil - Ordem dos Frades Menores","potentialAction":[{"@type":"SearchAction","target":{"@type":"EntryPoint","urlTemplate":"https:\/\/franciscanos.org.br\/vidacrista\/?s={search_term_string}"},"query-input":"required name=search_term_string"}],"inLanguage":"pt-BR"},{"@type":"WebPage","@id":"https:\/\/franciscanos.org.br\/vidacrista\/voz-do-pobre-coro-de-lucidez\/","url":"https:\/\/franciscanos.org.br\/vidacrista\/voz-do-pobre-coro-de-lucidez\/","name":"Voz do pobre, coro de lucidez - Vida Crist\u00e3 - Franciscanos","isPartOf":{"@id":"https:\/\/franciscanos.org.br\/vidacrista\/#website"},"datePublished":"2020-03-31T14:05:32+00:00","dateModified":"2020-07-27T14:27:23+00:00","author":{"@id":"https:\/\/franciscanos.org.br\/vidacrista\/#\/schema\/person\/1880bdd2c350b735648725ef7614736a"},"breadcrumb":{"@id":"https:\/\/franciscanos.org.br\/vidacrista\/voz-do-pobre-coro-de-lucidez\/#breadcrumb"},"inLanguage":"pt-BR","potentialAction":[{"@type":"ReadAction","target":["https:\/\/franciscanos.org.br\/vidacrista\/voz-do-pobre-coro-de-lucidez\/"]}]},{"@type":"BreadcrumbList","@id":"https:\/\/franciscanos.org.br\/vidacrista\/voz-do-pobre-coro-de-lucidez\/#breadcrumb","itemListElement":[{"@type":"ListItem","position":1,"name":"Home","item":"https:\/\/franciscanos.org.br\/vidacrista\/"},{"@type":"ListItem","position":2,"name":"Voz do pobre, coro de lucidez"}]},{"@type":"Person","@id":"https:\/\/franciscanos.org.br\/vidacrista\/#\/schema\/person\/1880bdd2c350b735648725ef7614736a","name":"moacir","image":{"@type":"ImageObject","inLanguage":"pt-BR","@id":"https:\/\/franciscanos.org.br\/vidacrista\/#\/schema\/person\/image\/","url":"https:\/\/secure.gravatar.com\/avatar\/d08aa2ce4c8dd416d4479aa8536fcf64?s=96&d=mm&r=g","contentUrl":"https:\/\/secure.gravatar.com\/avatar\/d08aa2ce4c8dd416d4479aa8536fcf64?s=96&d=mm&r=g","caption":"moacir"},"url":"https:\/\/franciscanos.org.br\/vidacrista\/author\/moacir\/"}]}},"_links":{"self":[{"href":"https:\/\/franciscanos.org.br\/vidacrista\/wp-json\/wp\/v2\/posts\/183934"}],"collection":[{"href":"https:\/\/franciscanos.org.br\/vidacrista\/wp-json\/wp\/v2\/posts"}],"about":[{"href":"https:\/\/franciscanos.org.br\/vidacrista\/wp-json\/wp\/v2\/types\/post"}],"author":[{"embeddable":true,"href":"https:\/\/franciscanos.org.br\/vidacrista\/wp-json\/wp\/v2\/users\/3"}],"replies":[{"embeddable":true,"href":"https:\/\/franciscanos.org.br\/vidacrista\/wp-json\/wp\/v2\/comments?post=183934"}],"version-history":[{"count":8,"href":"https:\/\/franciscanos.org.br\/vidacrista\/wp-json\/wp\/v2\/posts\/183934\/revisions"}],"predecessor-version":[{"id":186997,"href":"https:\/\/franciscanos.org.br\/vidacrista\/wp-json\/wp\/v2\/posts\/183934\/revisions\/186997"}],"wp:featuredmedia":[{"embeddable":true,"href":"https:\/\/franciscanos.org.br\/vidacrista\/wp-json\/wp\/v2\/media\/186996"}],"wp:attachment":[{"href":"https:\/\/franciscanos.org.br\/vidacrista\/wp-json\/wp\/v2\/media?parent=183934"}],"wp:term":[{"taxonomy":"category","embeddable":true,"href":"https:\/\/franciscanos.org.br\/vidacrista\/wp-json\/wp\/v2\/categories?post=183934"},{"taxonomy":"post_tag","embeddable":true,"href":"https:\/\/franciscanos.org.br\/vidacrista\/wp-json\/wp\/v2\/tags?post=183934"}],"curies":[{"name":"wp","href":"https:\/\/api.w.org\/{rel}","templated":true}]}}