{"id":183789,"date":"2020-03-12T06:57:51","date_gmt":"2020-03-12T09:57:51","guid":{"rendered":"https:\/\/franciscanos.org.br\/vidacrista\/?p=183789"},"modified":"2020-07-27T12:32:48","modified_gmt":"2020-07-27T15:32:48","slug":"coronavirus-uma-reacao-e-represalia-de-gaia","status":"publish","type":"post","link":"https:\/\/franciscanos.org.br\/vidacrista\/coronavirus-uma-reacao-e-represalia-de-gaia\/","title":{"rendered":"\u00a0Coronav\u00edrus: uma rea\u00e7\u00e3o e repres\u00e1lia de Gaia?"},"content":{"rendered":"<div id=\"attachment_183790\" style=\"width: 850px\" class=\"wp-caption alignnone\"><img aria-describedby=\"caption-attachment-183790\" decoding=\"async\" loading=\"lazy\" class=\"wp-image-183790 size-full\" src=\"https:\/\/franciscanos.org.br\/vidacrista\/wp-content\/uploads\/2020\/03\/artigo_12.jpg\" alt=\"\" width=\"840\" height=\"450\" srcset=\"https:\/\/franciscanos.org.br\/vidacrista\/wp-content\/uploads\/2020\/03\/artigo_12.jpg 840w, https:\/\/franciscanos.org.br\/vidacrista\/wp-content\/uploads\/2020\/03\/artigo_12-450x241.jpg 450w, https:\/\/franciscanos.org.br\/vidacrista\/wp-content\/uploads\/2020\/03\/artigo_12-768x411.jpg 768w, https:\/\/franciscanos.org.br\/vidacrista\/wp-content\/uploads\/2020\/03\/artigo_12-150x80.jpg 150w\" sizes=\"(max-width: 840px) 100vw, 840px\" \/><p id=\"caption-attachment-183790\" class=\"wp-caption-text\">\u00a0 \u00a0 \u00a0 \u00a0 \u00a0 \u00a0 \u00a0 \u00a0 \u00a0 \u00a0 \u00a0 \u00a0 \u00a0 \u00a0 \u00a0 \u00a0 \u00a0 \u00a0 \u00a0 \u00a0 \u00a0 \u00a0 \u00a0 \u00a0 \u00a0 \u00a0 \u00a0 \u00a0 \u00a0 \u00a0 \u00a0 \u00a0 \u00a0 \u00a0 \u00a0 \u00a0 \u00a0 \u00a0 \u00a0 \u00a0 \u00a0 \u00a0 \u00a0 \u00a0 \u00a0 \u00a0 \u00a0 \u00a0 \u00a0 \u00a0 \u00a0 \u00a0 \u00a0 \u00a0 \u00a0 \u00a0 \u00a0 \u00a0 \u00a0 \u00a0 \u00a0 \u00a0 \u00a0 \u00a0 \u00a0 \u00a0 \u00a0 \u00a0 \u00a0 \u00a0 \u00a0 \u00a0 \u00a0 \u00a0 \u00a0 \u00a0 \u00a0 \u00a0 \u00a0<em> Imagem ilustrativa (fonte: Divulga\u00e7\u00e3o)<\/em><\/p><\/div>\n<p><strong>Leonardo Boff<\/strong><u><\/u><u><\/u><\/p>\n<p>Hoje \u00e9 um dado da consci\u00eancia coletiva dos que cultivam uma ecologia integral, como tantos cientistas como Brian Swimme e o Papa Francisco em sua enc\u00edclica \u201cSobre o cuidado da Casa Comum\u201d que tudo est\u00e1 relacionado com tudo. Todos os seres do universo e da Terra, tamb\u00e9m n\u00f3s, seres humanos, somos envolvidos por redes intrincadas de rela\u00e7\u00f5es em todas as dire\u00e7\u00f5es de sorte que nada existe fora da rela\u00e7\u00e3o. Esta \u00e9 tamb\u00e9m a tese b\u00e1sica da f\u00edsica qu\u00e2ntica de Werner Heisenberg e de Niels Bohr.<u><\/u><u><\/u><\/p>\n<p>Isso o sabiam os povos origin\u00e1rios como vem expresso nas palavras s\u00e1bias do cacique Seattle de 1856: &#8220;De uma coisa sabemos: a Terra n\u00e3o pertence ao homem. \u00c9 o homem que pertence \u00e0 Terra. <em>Todas as coisas est\u00e3o interligada<\/em>s como o sangue que une uma fam\u00edlia;\u00a0<em>tudo est\u00e1 relacionado entre si<\/em>. O que fere a Terra fere tamb\u00e9m os filhos e filhas da Terra. N\u00e3o foi o homem que teceu a trama da vida: ele \u00e9 meramente um fio da mesma.Tudo o que fizer \u00e0 trama, a si mesmo far\u00e1\u201d. Vale dizer, h\u00e1 uma \u00edntima conex\u00e3o entre a Terra e ser humano. Se agredimos a Terra, nos agredimos tamb\u00e9m a n\u00f3s mesmos e vice-versa.<u><\/u><u><\/u><\/p>\n<p>A mesma percep\u00e7\u00e3o tiveram os astronautas de suas naves espaciais e da Lua: Terra e humanidade constituem uma mesma e \u00fanica entidade. Bem o testemunhou Isaac Asimov em 1982, a pedido do<em> New York Times<\/em>, fazendo um balan\u00e7o dos 25 anos da era espacial: &#8220;O legado \u00e9 a percep\u00e7\u00e3o de que, na perspectiva das naves espaciais, a Terra e a Humanidade formam <strong>uma \u00fanica entidade\u00a0<\/strong>(<em>New York Times,<\/em> 9 de outubro de 1982). N\u00f3s somos Terra. Homem vem de <strong>h\u00famus,<\/strong>\u00a0terra f\u00e9rtil, ou o\u00a0<strong>Adam<\/strong>\u00a0b\u00edblico significa o filho e a filha da Terra fecunda. Depois desta constata\u00e7\u00e3o, nunca mais sair\u00e1 de nossa consci\u00eancia de que o destino da Terra e da humanidade \u00e9 indissociavelmente comum.<u><\/u><u><\/u><\/p>\n<p>Infelizmente ocorre aquilo que o Papa em sua enc\u00edclica ecol\u00f3gica lamenta: &#8220;Nunca maltratamos e ferimos nossa Casa Comum como nos \u00faltimos dois s\u00e9culos\u201d (n.53). A voracidade do modo de acumula\u00e7\u00e3o de riqueza \u00e9 t\u00e3o devastadora que inauguramos, dizem alguns cientistas, uma nova era geol\u00f3gica: a do <strong>antropoceno<\/strong>. Quer dizer, quem amea\u00e7a a vida e acelera a sexta extin\u00e7\u00e3o em massa, dentro da qual j\u00e1 estamos, \u00e9 o pr\u00f3prio ser humano. A agress\u00e3o \u00e9 t\u00e3o violenta que por ano mais de mil esp\u00e9cies de seres vivos desaparecem, inaugurando algo pior que o antropoceno, o\u00a0<strong>necroceno<\/strong>: a era da produ\u00e7\u00e3o em massa da morte. Como Terra e Humanidde est\u00e3o interligadas, a produ\u00e7\u00e3o de morte em massa se produz n\u00e3o s\u00f3 na natureza mas no interior da pr\u00f3pria humanidade. Milh\u00f5es morrem de fome, de sede, v\u00edtimas da viol\u00eancia b\u00e9lica ou social em todas as partes do mundo. E insens\u00edveis, nada fazemos.<\/p>\n<p>N\u00e3o sem raz\u00e3o, James Lovelock, o formulador da teoria da Terra como um superorganismo vivo que se autorregula, Gaia, escreveu um livro \u201cA vingan\u00e7a de Gaia\u201d (<em>Intr\u00ednseca,<\/em> 2006). Estimo que as atuais doen\u00e7as, como a dengue, a chikungunya, a zica v\u00edrus, sars, ebola, sarampo, o atual coronav\u00edrus e a generalizada degrada\u00e7\u00e3o nas rela\u00e7\u00f5es humanas, marcadas pela profunda desigualdade\/injusti\u00e7a social e pela falta de solidariedade m\u00ednima, sejam uma repres\u00e1lia de Gaia pelas ofensas que ininterruptamente lhe infligimos. N\u00e3o sem raz\u00e3o que o v\u00edrus irrompeu l\u00e1 onde a h\u00e1 mais polui\u00e7\u00e3o. N\u00e3o diria como J.Lovelock ser \u201ca vingan\u00e7a de Gaia\u201d, pois ela, como Grande M\u00e3e n\u00e3o se vinga, mas nos d\u00e1 severos sinais de que est\u00e1 doente (tuf\u00f5es, derretimento das calotas polares, secas e inunda\u00e7\u00f5es etc) e, no limite, pelo fato de n\u00e3o aprendermos a li\u00e7\u00e3o, nos faz uma repres\u00e1lia como as doen\u00e7as referidas.Trata-se de uma rea\u00e7\u00e3o \u00e0 uma a\u00e7\u00e3o humana violenta.<u><\/u><\/p>\n<p>Lembro o livro-testamento de Th\u00e9odore Monod, talvez o \u00fanico grande naturalista contempor\u00e2neo, em seu livro \u201c<em>E se aventura humana vier a falhar<\/em>\u201d (Paris, Grasset 2000): &#8220;Somos capazes de uma conduta insensata e demente; pode-se a partir de agora temer tudo, tudo mesmo, inclusive a aniquila\u00e7\u00e3o da ra\u00e7a humana; seria o justo pre\u00e7o de nossas loucuras e de nossas crueldades\u201d (p.246).<u><\/u><u><\/u><\/p>\n<p>Isso n\u00e3o significa que os governos do mundo inteiro, resignados, deixem de combater o coronav\u00edrus, proteger as popula\u00e7\u00f5es e buscar urgentemente uma vacina para enfrent\u00e1-lo, n\u00e3o obstante suas constantes muta\u00e7\u00f5es. Al\u00e9m de um desastre econ\u00f4mico-financeiro pode significar uma trag\u00e9dia humana, com um incalcul\u00e1vel n\u00famero de v\u00edtimas.<u><\/u><u><\/u><\/p>\n<p>Mas a Terra n\u00e3o se contentar\u00e1 com estes pequenos presentes. Ela suplica uma atitude diferente face a ela: de respeito a seus ritmos e limites, de cuidado por sua sustentabilidade e de sentirmo-nos mais que filhos e filhas da M\u00e3e Terra, mas a pr\u00f3pria Terra que sente, pensa, ama, venera e cuida. Assim como nos cuidamos, devemos cuidar dela. Ela n\u00e3o precisa de n\u00f3s. N\u00f3s precisamos dela. Ela pode n\u00e3o nos querer mais sobre sua face. E continuar\u00e1 a girar pela espa\u00e7o sideral mas sem n\u00f3s porque fomos ecocidas e geocidas.<u><\/u><u><\/u><\/p>\n<p>Como somos seres de intelig\u00eancia e amantes da vida, podemos mudar o rumo de nosso destino. Que o Esp\u00edrito Criador nos fortale\u00e7a nesse prop\u00f3sito.<u><\/u><u><\/u><\/p>\n<hr \/>\n<p><strong>Leonardo Boff<\/strong> <em>escreveu &#8220;Cuidar da Terra- proteger a vida: como evitar o fim do mundo&#8221;,\u00a0Record, Rio de Janeiro 2010.<\/em><\/p>\n","protected":false},"excerpt":{"rendered":"<p>Artigo de Leonardo Boff<\/p>\n","protected":false},"author":3,"featured_media":184484,"comment_status":"open","ping_status":"open","sticky":false,"template":"","format":"standard","meta":{"footnotes":""},"categories":[26],"tags":[59],"yoast_head":"<!-- This site is optimized with the Yoast SEO plugin v19.4 - https:\/\/yoast.com\/wordpress\/plugins\/seo\/ -->\n<title>\u00a0Coronav\u00edrus: uma rea\u00e7\u00e3o e repres\u00e1lia de Gaia? - Vida Crist\u00e3 - Franciscanos<\/title>\n<meta name=\"robots\" content=\"index, follow, max-snippet:-1, max-image-preview:large, max-video-preview:-1\" \/>\n<link rel=\"canonical\" href=\"https:\/\/franciscanos.org.br\/vidacrista\/coronavirus-uma-reacao-e-represalia-de-gaia\/\" \/>\n<meta property=\"og:locale\" content=\"pt_BR\" \/>\n<meta property=\"og:type\" content=\"article\" \/>\n<meta property=\"og:title\" content=\"\u00a0Coronav\u00edrus: uma rea\u00e7\u00e3o e repres\u00e1lia de Gaia? - Vida Crist\u00e3 - Franciscanos\" \/>\n<meta property=\"og:description\" content=\"Artigo de Leonardo Boff\" \/>\n<meta property=\"og:url\" content=\"https:\/\/franciscanos.org.br\/vidacrista\/coronavirus-uma-reacao-e-represalia-de-gaia\/\" \/>\n<meta property=\"og:site_name\" content=\"Vida Crist\u00e3 - Franciscanos\" \/>\n<meta property=\"article:published_time\" content=\"2020-03-12T09:57:51+00:00\" \/>\n<meta property=\"article:modified_time\" content=\"2020-07-27T15:32:48+00:00\" \/>\n<meta property=\"og:image\" content=\"https:\/\/franciscanos.org.br\/vidacrista\/wp-content\/uploads\/2020\/03\/artigo_12-1.jpg\" \/>\n\t<meta property=\"og:image:width\" content=\"800\" \/>\n\t<meta property=\"og:image:height\" content=\"600\" \/>\n\t<meta property=\"og:image:type\" content=\"image\/jpeg\" \/>\n<meta name=\"author\" content=\"moacir\" \/>\n<meta name=\"twitter:card\" content=\"summary_large_image\" \/>\n<meta name=\"twitter:label1\" content=\"Escrito por\" \/>\n\t<meta name=\"twitter:data1\" content=\"moacir\" \/>\n\t<meta name=\"twitter:label2\" content=\"Est. tempo de leitura\" \/>\n\t<meta name=\"twitter:data2\" content=\"5 minutos\" \/>\n<script type=\"application\/ld+json\" class=\"yoast-schema-graph\">{\"@context\":\"https:\/\/schema.org\",\"@graph\":[{\"@type\":\"WebSite\",\"@id\":\"https:\/\/franciscanos.org.br\/vidacrista\/#website\",\"url\":\"https:\/\/franciscanos.org.br\/vidacrista\/\",\"name\":\"Vida Crist\u00e3 - Franciscanos\",\"description\":\"Prov\u00edncia Franciscana da Imaculada Concei\u00e7\u00e3o do Brasil - Ordem dos Frades Menores\",\"potentialAction\":[{\"@type\":\"SearchAction\",\"target\":{\"@type\":\"EntryPoint\",\"urlTemplate\":\"https:\/\/franciscanos.org.br\/vidacrista\/?s={search_term_string}\"},\"query-input\":\"required name=search_term_string\"}],\"inLanguage\":\"pt-BR\"},{\"@type\":\"WebPage\",\"@id\":\"https:\/\/franciscanos.org.br\/vidacrista\/coronavirus-uma-reacao-e-represalia-de-gaia\/\",\"url\":\"https:\/\/franciscanos.org.br\/vidacrista\/coronavirus-uma-reacao-e-represalia-de-gaia\/\",\"name\":\"\u00a0Coronav\u00edrus: uma rea\u00e7\u00e3o e repres\u00e1lia de Gaia? - Vida Crist\u00e3 - Franciscanos\",\"isPartOf\":{\"@id\":\"https:\/\/franciscanos.org.br\/vidacrista\/#website\"},\"datePublished\":\"2020-03-12T09:57:51+00:00\",\"dateModified\":\"2020-07-27T15:32:48+00:00\",\"author\":{\"@id\":\"https:\/\/franciscanos.org.br\/vidacrista\/#\/schema\/person\/1880bdd2c350b735648725ef7614736a\"},\"breadcrumb\":{\"@id\":\"https:\/\/franciscanos.org.br\/vidacrista\/coronavirus-uma-reacao-e-represalia-de-gaia\/#breadcrumb\"},\"inLanguage\":\"pt-BR\",\"potentialAction\":[{\"@type\":\"ReadAction\",\"target\":[\"https:\/\/franciscanos.org.br\/vidacrista\/coronavirus-uma-reacao-e-represalia-de-gaia\/\"]}]},{\"@type\":\"BreadcrumbList\",\"@id\":\"https:\/\/franciscanos.org.br\/vidacrista\/coronavirus-uma-reacao-e-represalia-de-gaia\/#breadcrumb\",\"itemListElement\":[{\"@type\":\"ListItem\",\"position\":1,\"name\":\"Home\",\"item\":\"https:\/\/franciscanos.org.br\/vidacrista\/\"},{\"@type\":\"ListItem\",\"position\":2,\"name\":\"\u00a0Coronav\u00edrus: uma rea\u00e7\u00e3o e repres\u00e1lia de Gaia?\"}]},{\"@type\":\"Person\",\"@id\":\"https:\/\/franciscanos.org.br\/vidacrista\/#\/schema\/person\/1880bdd2c350b735648725ef7614736a\",\"name\":\"moacir\",\"image\":{\"@type\":\"ImageObject\",\"inLanguage\":\"pt-BR\",\"@id\":\"https:\/\/franciscanos.org.br\/vidacrista\/#\/schema\/person\/image\/\",\"url\":\"https:\/\/secure.gravatar.com\/avatar\/d08aa2ce4c8dd416d4479aa8536fcf64?s=96&d=mm&r=g\",\"contentUrl\":\"https:\/\/secure.gravatar.com\/avatar\/d08aa2ce4c8dd416d4479aa8536fcf64?s=96&d=mm&r=g\",\"caption\":\"moacir\"},\"url\":\"https:\/\/franciscanos.org.br\/vidacrista\/author\/moacir\/\"}]}<\/script>\n<!-- \/ Yoast SEO plugin. -->","yoast_head_json":{"title":"\u00a0Coronav\u00edrus: uma rea\u00e7\u00e3o e repres\u00e1lia de Gaia? - Vida Crist\u00e3 - Franciscanos","robots":{"index":"index","follow":"follow","max-snippet":"max-snippet:-1","max-image-preview":"max-image-preview:large","max-video-preview":"max-video-preview:-1"},"canonical":"https:\/\/franciscanos.org.br\/vidacrista\/coronavirus-uma-reacao-e-represalia-de-gaia\/","og_locale":"pt_BR","og_type":"article","og_title":"\u00a0Coronav\u00edrus: uma rea\u00e7\u00e3o e repres\u00e1lia de Gaia? - Vida Crist\u00e3 - Franciscanos","og_description":"Artigo de Leonardo Boff","og_url":"https:\/\/franciscanos.org.br\/vidacrista\/coronavirus-uma-reacao-e-represalia-de-gaia\/","og_site_name":"Vida Crist\u00e3 - Franciscanos","article_published_time":"2020-03-12T09:57:51+00:00","article_modified_time":"2020-07-27T15:32:48+00:00","og_image":[{"width":800,"height":600,"url":"https:\/\/franciscanos.org.br\/vidacrista\/wp-content\/uploads\/2020\/03\/artigo_12-1.jpg","type":"image\/jpeg"}],"author":"moacir","twitter_card":"summary_large_image","twitter_misc":{"Escrito por":"moacir","Est. tempo de leitura":"5 minutos"},"schema":{"@context":"https:\/\/schema.org","@graph":[{"@type":"WebSite","@id":"https:\/\/franciscanos.org.br\/vidacrista\/#website","url":"https:\/\/franciscanos.org.br\/vidacrista\/","name":"Vida Crist\u00e3 - Franciscanos","description":"Prov\u00edncia Franciscana da Imaculada Concei\u00e7\u00e3o do Brasil - Ordem dos Frades Menores","potentialAction":[{"@type":"SearchAction","target":{"@type":"EntryPoint","urlTemplate":"https:\/\/franciscanos.org.br\/vidacrista\/?s={search_term_string}"},"query-input":"required name=search_term_string"}],"inLanguage":"pt-BR"},{"@type":"WebPage","@id":"https:\/\/franciscanos.org.br\/vidacrista\/coronavirus-uma-reacao-e-represalia-de-gaia\/","url":"https:\/\/franciscanos.org.br\/vidacrista\/coronavirus-uma-reacao-e-represalia-de-gaia\/","name":"\u00a0Coronav\u00edrus: uma rea\u00e7\u00e3o e repres\u00e1lia de Gaia? - Vida Crist\u00e3 - Franciscanos","isPartOf":{"@id":"https:\/\/franciscanos.org.br\/vidacrista\/#website"},"datePublished":"2020-03-12T09:57:51+00:00","dateModified":"2020-07-27T15:32:48+00:00","author":{"@id":"https:\/\/franciscanos.org.br\/vidacrista\/#\/schema\/person\/1880bdd2c350b735648725ef7614736a"},"breadcrumb":{"@id":"https:\/\/franciscanos.org.br\/vidacrista\/coronavirus-uma-reacao-e-represalia-de-gaia\/#breadcrumb"},"inLanguage":"pt-BR","potentialAction":[{"@type":"ReadAction","target":["https:\/\/franciscanos.org.br\/vidacrista\/coronavirus-uma-reacao-e-represalia-de-gaia\/"]}]},{"@type":"BreadcrumbList","@id":"https:\/\/franciscanos.org.br\/vidacrista\/coronavirus-uma-reacao-e-represalia-de-gaia\/#breadcrumb","itemListElement":[{"@type":"ListItem","position":1,"name":"Home","item":"https:\/\/franciscanos.org.br\/vidacrista\/"},{"@type":"ListItem","position":2,"name":"\u00a0Coronav\u00edrus: uma rea\u00e7\u00e3o e repres\u00e1lia de Gaia?"}]},{"@type":"Person","@id":"https:\/\/franciscanos.org.br\/vidacrista\/#\/schema\/person\/1880bdd2c350b735648725ef7614736a","name":"moacir","image":{"@type":"ImageObject","inLanguage":"pt-BR","@id":"https:\/\/franciscanos.org.br\/vidacrista\/#\/schema\/person\/image\/","url":"https:\/\/secure.gravatar.com\/avatar\/d08aa2ce4c8dd416d4479aa8536fcf64?s=96&d=mm&r=g","contentUrl":"https:\/\/secure.gravatar.com\/avatar\/d08aa2ce4c8dd416d4479aa8536fcf64?s=96&d=mm&r=g","caption":"moacir"},"url":"https:\/\/franciscanos.org.br\/vidacrista\/author\/moacir\/"}]}},"_links":{"self":[{"href":"https:\/\/franciscanos.org.br\/vidacrista\/wp-json\/wp\/v2\/posts\/183789"}],"collection":[{"href":"https:\/\/franciscanos.org.br\/vidacrista\/wp-json\/wp\/v2\/posts"}],"about":[{"href":"https:\/\/franciscanos.org.br\/vidacrista\/wp-json\/wp\/v2\/types\/post"}],"author":[{"embeddable":true,"href":"https:\/\/franciscanos.org.br\/vidacrista\/wp-json\/wp\/v2\/users\/3"}],"replies":[{"embeddable":true,"href":"https:\/\/franciscanos.org.br\/vidacrista\/wp-json\/wp\/v2\/comments?post=183789"}],"version-history":[{"count":3,"href":"https:\/\/franciscanos.org.br\/vidacrista\/wp-json\/wp\/v2\/posts\/183789\/revisions"}],"predecessor-version":[{"id":187002,"href":"https:\/\/franciscanos.org.br\/vidacrista\/wp-json\/wp\/v2\/posts\/183789\/revisions\/187002"}],"wp:featuredmedia":[{"embeddable":true,"href":"https:\/\/franciscanos.org.br\/vidacrista\/wp-json\/wp\/v2\/media\/184484"}],"wp:attachment":[{"href":"https:\/\/franciscanos.org.br\/vidacrista\/wp-json\/wp\/v2\/media?parent=183789"}],"wp:term":[{"taxonomy":"category","embeddable":true,"href":"https:\/\/franciscanos.org.br\/vidacrista\/wp-json\/wp\/v2\/categories?post=183789"},{"taxonomy":"post_tag","embeddable":true,"href":"https:\/\/franciscanos.org.br\/vidacrista\/wp-json\/wp\/v2\/tags?post=183789"}],"curies":[{"name":"wp","href":"https:\/\/api.w.org\/{rel}","templated":true}]}}