{"id":183739,"date":"2020-03-09T10:01:11","date_gmt":"2020-03-09T13:01:11","guid":{"rendered":"https:\/\/franciscanos.org.br\/vidacrista\/?p=183739"},"modified":"2020-07-27T12:52:21","modified_gmt":"2020-07-27T15:52:21","slug":"o-dia-internacional-da-mulher-nos-desafia-a-pensar","status":"publish","type":"post","link":"https:\/\/franciscanos.org.br\/vidacrista\/o-dia-internacional-da-mulher-nos-desafia-a-pensar\/","title":{"rendered":"O Dia Internacional da Mulher nos desafia a pensar"},"content":{"rendered":"<div id=\"attachment_187004\" style=\"width: 850px\" class=\"wp-caption alignnone\"><img aria-describedby=\"caption-attachment-187004\" decoding=\"async\" loading=\"lazy\" class=\"wp-image-187004 size-full\" src=\"https:\/\/franciscanos.org.br\/vidacrista\/wp-content\/uploads\/2020\/03\/diamulher_2707.jpg\" alt=\"\" width=\"840\" height=\"450\" srcset=\"https:\/\/franciscanos.org.br\/vidacrista\/wp-content\/uploads\/2020\/03\/diamulher_2707.jpg 840w, https:\/\/franciscanos.org.br\/vidacrista\/wp-content\/uploads\/2020\/03\/diamulher_2707-450x241.jpg 450w, https:\/\/franciscanos.org.br\/vidacrista\/wp-content\/uploads\/2020\/03\/diamulher_2707-768x411.jpg 768w, https:\/\/franciscanos.org.br\/vidacrista\/wp-content\/uploads\/2020\/03\/diamulher_2707-150x80.jpg 150w\" sizes=\"(max-width: 840px) 100vw, 840px\" \/><p id=\"caption-attachment-187004\" class=\"wp-caption-text\">\u00a0 \u00a0 \u00a0 \u00a0 \u00a0 \u00a0 \u00a0 \u00a0 \u00a0 \u00a0 \u00a0 \u00a0 \u00a0 \u00a0 \u00a0 \u00a0 \u00a0 \u00a0 \u00a0 \u00a0 \u00a0 \u00a0 \u00a0 \u00a0 \u00a0 \u00a0 \u00a0 \u00a0 \u00a0 \u00a0 \u00a0 \u00a0 \u00a0 \u00a0 \u00a0 \u00a0 \u00a0 \u00a0 \u00a0 \u00a0 \u00a0 \u00a0 \u00a0 \u00a0 \u00a0 \u00a0 \u00a0 \u00a0 \u00a0 \u00a0 \u00a0 \u00a0 \u00a0 \u00a0 \u00a0 \u00a0 \u00a0 \u00a0 \u00a0<em> Imagem ilustrativa (fonte: Acervo Prov\u00edncia da Imaculada)<\/em><\/p><\/div>\n<p>&nbsp;<\/p>\n<p style=\"text-align: left;\"><strong>Leonardo Boff<\/strong><\/p>\n<p>O Dia Internacional da Mulher que, no fundo, cada dia \u00e9 o dia da mulher, nos oferece a ocasi\u00e3o de pensar o desafio que o movimento feminista mundial nos lan\u00e7a.<\/p>\n<p>Esse movimento, mais que outros, fez duas revolu\u00e7\u00f5es: colocou em quest\u00e3o o machismo e o patriarcalismo. O machismo como a domina\u00e7\u00e3o do homem sobre a vida da mulher que j\u00e1 tem s\u00e9culos. A luta das mulheres nos despertaram para a quest\u00e3o de g\u00eanero que envolve rela\u00e7\u00f5es de poder. Esse n\u00e3o pode ser s\u00f3 do homem. Deve ser partilhado entre o homem e\u00a0 a mulher. Evitar a divis\u00e3o sexual de trabalho e priorizar l\u00f3gica de partilha e da coparticipa\u00e7\u00e3o em todo o projeto de vida a dois. Da\u00ed surge uma rela\u00e7\u00e3o mais justa e harmoniosa.<\/p>\n<p>Em segundo lugar, o movimento feminista fez talvez a mais consistente cr\u00edtica \u00e0 cultura patriarcal que organizou toda a sociedade e as v\u00e1rias inst\u00e2ncias da vida e tamb\u00e9m da religi\u00e3o. O homem assumiu o poder atrav\u00e9s do qual submete os demais, chefia o Estado, cria a burocracia, organiza o ex\u00e9rcito e faz guerras. Quase todos os her\u00f3is e a maioria das divindades s\u00e3o masculinas. Ele ocupa a vida p\u00fablica e relega \u00e0 mulher \u00e0 vida privada e familiar. O patriarcado, pela cr\u00edtica feminista, foi teoricamente desmantelado, embora na pr\u00e1tica, tente sempre de novo a dominar a mulher. Um ref\u00fagio especial do patriarcado \u00e9 a m\u00eddia e o marketing que usam a mulher, n\u00e3o s\u00f3 no seu todo mas as partes dela, os seios, as pernas, as partes \u00edntimas. \u00c9 uma forma de transformar a mulher em objeto e uso.<\/p>\n<p>A grande contribui\u00e7\u00e3o do feminismo foi ter mostrado que todas ou quase todos as culturas hoje existentes s\u00e3o patriarcais. Tem como consequ\u00eancia a manuten\u00e7\u00e3o da desigualdade na rela\u00e7\u00e3o homem-mulher em todos os \u00e2mbitos. Seja nos USA, na Alemanha e seja no Brasil uma mulher pode fazer o mesmo trabalho, mesmo o mais competente, pelo fato de ser mulher, ganha pelos menos 20-30% a menos que o homem que executa a mesma fun\u00e7\u00e3o. N\u00e3o basta a consci\u00eancia da supera\u00e7\u00e3o te\u00f3rica do patriarcado, mas a demoli\u00e7\u00e3o de seus h\u00e1bitos mantidos nas institui\u00e7\u00f5es e comportamentos sociais.<\/p>\n<p>Mas nem sempre foi assim. O ser humano existe j\u00e1 h\u00e1 7-8 milh\u00f5es de anos. Na primeira fase que durou milh\u00f5es de anos as rela\u00e7\u00f5es homem-mulher eram de harmonia e de equil\u00edbrio com a natureza. Contrariamente do que cr\u00ea o pensamento patriarcal, a verdadeira conviv\u00eancia humana n\u00e3o foi regida pela viol\u00eancia de uns sobre outros mas pela solidariedade e pela coopera\u00e7\u00e3o. A viol\u00eancia \u00e9 recente no processo da antropog\u00eanese. Ela come\u00e7ou com o\u00a0<em>homo faber<\/em> h\u00e1 dois milh\u00f5es de anos que, na busca dos alimentos, especialmente da ca\u00e7a, come\u00e7ou a usar o instrumento e a for\u00e7a. Ai o masculino passa a ser o g\u00eanero predominante. Ela ganhou hegemonia ao surgirem h\u00e1 8 mil anos a agricultura, as vilas, as cidades e os imp\u00e9rios. As rela\u00e7\u00f5es homem-mulher passam a ser de desigualdade: ele ocupa toda a vida p\u00fablica, governa sozinho e relega a mulher \u00e0 fun\u00e7\u00e3o de procriadora e cuidadora do lar.<\/p>\n<p>As mudan\u00e7as que sempre se buscaram, culminaram no s\u00e9culo XX com a segunda Revolu\u00e7\u00e3o Industrial quando a mulher entra no dom\u00ednio p\u00fablico porque o sistema competitivo faz mais m\u00e1quinas que machos. J\u00e1 no final do s\u00e9culo XX e hoje as mulheres s\u00e3o maioria na humanidade e praticamente 50% da for\u00e7a de trabalho mundial. Com isso se encerra, de certa forma, o ciclo patriarcal e se inicia um novo paradigma de valoriza\u00e7\u00e3o das diferen\u00e7as e a busca da igualdade ainda a ser alcan\u00e7ada.<\/p>\n<p>As mulheres trazem para o sistema produtivo e para o Estado algo radicalmente novo. N\u00e3o ser\u00e1 s\u00f3 competitivo e autorit\u00e1rio. A mulher traz o que viveu no dom\u00ednio privado: os valores da solidariedade, da partilha e do cuidado. Milenarmente foi educada para o altru\u00edsmo. Se um beb\u00ea n\u00e3o tiver \u00e0 sua disposi\u00e7\u00e3o algu\u00e9m altru\u00edsta que o cuidasse, n\u00e3o duraria uns dias sequer. Desta forma, a entrada da mulher no dom\u00ednio p\u00fablico masculino \u00e9 condi\u00e7\u00e3o essencial de humaniza\u00e7\u00e3o e mais coopera\u00e7\u00e3o no mundo do trabalho e, o que \u00e9 fundamental, reverter o processo de destrui\u00e7\u00e3o da natureza e da esp\u00e9cie humana.<\/p>\n<p>Isso ficou claro na consci\u00eancia coletiva no Relat\u00f3rio da ONU para o Fundo para a Popula\u00e7\u00e3o (FNUAP) que sustenta: \u201c<em>a ra\u00e7a humana vem saqueando a Terra de forma insustent\u00e1vel e dar \u00e0s mulheres maior\u00a0<strong>poder de decis\u00e3o<\/strong>\u00a0sobre o seu futuro pode salvar o planeta de sua destrui\u00e7\u00e3o<\/em>\u201d. Veja que aqui n\u00e3o se fala de \u201cpoder de participa\u00e7\u00e3o\u201dque elas sempre tiveram, mas de \u201c<strong>poder de decis\u00e3o\u201d.<\/strong><\/p>\n<p>S\u00e3o elas que entendem de vida, pois a geram. Ser\u00e3o elas as principais protagonistas\u00a0<strong>na decis\u00e3o<\/strong> de uma biociviliza\u00e7\u00e3o acentuada no cuidado, na solidariedade e na l\u00f3gica do cora\u00e7\u00e3o, sem as quais a vida n\u00e3o viceja. Elas junto com os homens que desentranharam a sua dimens\u00e3o de \u201canima\u201d(cuidado, gentileza e amorosidade) que se articula com a dimens\u00e3o de \u201canimus\u201d (raz\u00e3o, organiza\u00e7\u00e3o,dire\u00e7\u00e3o) presentes, em propor\u00e7\u00f5es pr\u00f3prias em cada pessoa, poder\u00e3o dar um rumo novo \u00e0 nossa exist\u00eancia neste planeta e nos afastar do caminho sem retorno, caminho de perdi\u00e7\u00e3o.<\/p>\n<hr \/>\n<p><strong>Leonardo Boff<\/strong> escreveu com Rose Marie Muraro o livro\u00a0<em>Feminino &amp; Masculino: uma nova consci\u00eancia para o encontro das diferen\u00e7as<\/em>, Record, Rio 2010.<\/p>\n<p><em>Na foto do alto da p\u00e1gina, a grande manifesta\u00e7\u00e3o das mulheres mexicanas neste domingo.\u00a0<\/em><\/p>\n","protected":false},"excerpt":{"rendered":"<p>Artigo de Leonardo Boff<\/p>\n","protected":false},"author":3,"featured_media":187005,"comment_status":"open","ping_status":"open","sticky":false,"template":"","format":"standard","meta":{"footnotes":""},"categories":[26],"tags":[59],"yoast_head":"<!-- This site is optimized with the Yoast SEO plugin v19.4 - https:\/\/yoast.com\/wordpress\/plugins\/seo\/ -->\n<title>O Dia Internacional da Mulher nos desafia a pensar - Vida Crist\u00e3 - Franciscanos<\/title>\n<meta name=\"robots\" content=\"index, follow, max-snippet:-1, max-image-preview:large, max-video-preview:-1\" \/>\n<link rel=\"canonical\" href=\"https:\/\/franciscanos.org.br\/vidacrista\/o-dia-internacional-da-mulher-nos-desafia-a-pensar\/\" \/>\n<meta property=\"og:locale\" content=\"pt_BR\" \/>\n<meta property=\"og:type\" content=\"article\" \/>\n<meta property=\"og:title\" content=\"O Dia Internacional da Mulher nos desafia a pensar - Vida Crist\u00e3 - Franciscanos\" \/>\n<meta property=\"og:description\" content=\"Artigo de Leonardo Boff\" \/>\n<meta property=\"og:url\" content=\"https:\/\/franciscanos.org.br\/vidacrista\/o-dia-internacional-da-mulher-nos-desafia-a-pensar\/\" \/>\n<meta property=\"og:site_name\" content=\"Vida Crist\u00e3 - Franciscanos\" \/>\n<meta property=\"article:published_time\" content=\"2020-03-09T13:01:11+00:00\" \/>\n<meta property=\"article:modified_time\" content=\"2020-07-27T15:52:21+00:00\" \/>\n<meta property=\"og:image\" content=\"https:\/\/franciscanos.org.br\/vidacrista\/wp-content\/uploads\/2020\/03\/diamulher_2707d.jpg\" \/>\n\t<meta property=\"og:image:width\" content=\"800\" \/>\n\t<meta property=\"og:image:height\" content=\"600\" \/>\n\t<meta property=\"og:image:type\" content=\"image\/jpeg\" \/>\n<meta name=\"author\" content=\"moacir\" \/>\n<meta name=\"twitter:card\" content=\"summary_large_image\" \/>\n<meta name=\"twitter:label1\" content=\"Escrito por\" \/>\n\t<meta name=\"twitter:data1\" content=\"moacir\" \/>\n\t<meta name=\"twitter:label2\" content=\"Est. tempo de leitura\" \/>\n\t<meta name=\"twitter:data2\" content=\"5 minutos\" \/>\n<script type=\"application\/ld+json\" class=\"yoast-schema-graph\">{\"@context\":\"https:\/\/schema.org\",\"@graph\":[{\"@type\":\"WebSite\",\"@id\":\"https:\/\/franciscanos.org.br\/vidacrista\/#website\",\"url\":\"https:\/\/franciscanos.org.br\/vidacrista\/\",\"name\":\"Vida Crist\u00e3 - Franciscanos\",\"description\":\"Prov\u00edncia Franciscana da Imaculada Concei\u00e7\u00e3o do Brasil - Ordem dos Frades Menores\",\"potentialAction\":[{\"@type\":\"SearchAction\",\"target\":{\"@type\":\"EntryPoint\",\"urlTemplate\":\"https:\/\/franciscanos.org.br\/vidacrista\/?s={search_term_string}\"},\"query-input\":\"required name=search_term_string\"}],\"inLanguage\":\"pt-BR\"},{\"@type\":\"WebPage\",\"@id\":\"https:\/\/franciscanos.org.br\/vidacrista\/o-dia-internacional-da-mulher-nos-desafia-a-pensar\/\",\"url\":\"https:\/\/franciscanos.org.br\/vidacrista\/o-dia-internacional-da-mulher-nos-desafia-a-pensar\/\",\"name\":\"O Dia Internacional da Mulher nos desafia a pensar - Vida Crist\u00e3 - Franciscanos\",\"isPartOf\":{\"@id\":\"https:\/\/franciscanos.org.br\/vidacrista\/#website\"},\"datePublished\":\"2020-03-09T13:01:11+00:00\",\"dateModified\":\"2020-07-27T15:52:21+00:00\",\"author\":{\"@id\":\"https:\/\/franciscanos.org.br\/vidacrista\/#\/schema\/person\/1880bdd2c350b735648725ef7614736a\"},\"breadcrumb\":{\"@id\":\"https:\/\/franciscanos.org.br\/vidacrista\/o-dia-internacional-da-mulher-nos-desafia-a-pensar\/#breadcrumb\"},\"inLanguage\":\"pt-BR\",\"potentialAction\":[{\"@type\":\"ReadAction\",\"target\":[\"https:\/\/franciscanos.org.br\/vidacrista\/o-dia-internacional-da-mulher-nos-desafia-a-pensar\/\"]}]},{\"@type\":\"BreadcrumbList\",\"@id\":\"https:\/\/franciscanos.org.br\/vidacrista\/o-dia-internacional-da-mulher-nos-desafia-a-pensar\/#breadcrumb\",\"itemListElement\":[{\"@type\":\"ListItem\",\"position\":1,\"name\":\"Home\",\"item\":\"https:\/\/franciscanos.org.br\/vidacrista\/\"},{\"@type\":\"ListItem\",\"position\":2,\"name\":\"O Dia Internacional da Mulher nos desafia a pensar\"}]},{\"@type\":\"Person\",\"@id\":\"https:\/\/franciscanos.org.br\/vidacrista\/#\/schema\/person\/1880bdd2c350b735648725ef7614736a\",\"name\":\"moacir\",\"image\":{\"@type\":\"ImageObject\",\"inLanguage\":\"pt-BR\",\"@id\":\"https:\/\/franciscanos.org.br\/vidacrista\/#\/schema\/person\/image\/\",\"url\":\"https:\/\/secure.gravatar.com\/avatar\/d08aa2ce4c8dd416d4479aa8536fcf64?s=96&d=mm&r=g\",\"contentUrl\":\"https:\/\/secure.gravatar.com\/avatar\/d08aa2ce4c8dd416d4479aa8536fcf64?s=96&d=mm&r=g\",\"caption\":\"moacir\"},\"url\":\"https:\/\/franciscanos.org.br\/vidacrista\/author\/moacir\/\"}]}<\/script>\n<!-- \/ Yoast SEO plugin. -->","yoast_head_json":{"title":"O Dia Internacional da Mulher nos desafia a pensar - Vida Crist\u00e3 - Franciscanos","robots":{"index":"index","follow":"follow","max-snippet":"max-snippet:-1","max-image-preview":"max-image-preview:large","max-video-preview":"max-video-preview:-1"},"canonical":"https:\/\/franciscanos.org.br\/vidacrista\/o-dia-internacional-da-mulher-nos-desafia-a-pensar\/","og_locale":"pt_BR","og_type":"article","og_title":"O Dia Internacional da Mulher nos desafia a pensar - Vida Crist\u00e3 - Franciscanos","og_description":"Artigo de Leonardo Boff","og_url":"https:\/\/franciscanos.org.br\/vidacrista\/o-dia-internacional-da-mulher-nos-desafia-a-pensar\/","og_site_name":"Vida Crist\u00e3 - Franciscanos","article_published_time":"2020-03-09T13:01:11+00:00","article_modified_time":"2020-07-27T15:52:21+00:00","og_image":[{"width":800,"height":600,"url":"https:\/\/franciscanos.org.br\/vidacrista\/wp-content\/uploads\/2020\/03\/diamulher_2707d.jpg","type":"image\/jpeg"}],"author":"moacir","twitter_card":"summary_large_image","twitter_misc":{"Escrito por":"moacir","Est. tempo de leitura":"5 minutos"},"schema":{"@context":"https:\/\/schema.org","@graph":[{"@type":"WebSite","@id":"https:\/\/franciscanos.org.br\/vidacrista\/#website","url":"https:\/\/franciscanos.org.br\/vidacrista\/","name":"Vida Crist\u00e3 - Franciscanos","description":"Prov\u00edncia Franciscana da Imaculada Concei\u00e7\u00e3o do Brasil - Ordem dos Frades Menores","potentialAction":[{"@type":"SearchAction","target":{"@type":"EntryPoint","urlTemplate":"https:\/\/franciscanos.org.br\/vidacrista\/?s={search_term_string}"},"query-input":"required name=search_term_string"}],"inLanguage":"pt-BR"},{"@type":"WebPage","@id":"https:\/\/franciscanos.org.br\/vidacrista\/o-dia-internacional-da-mulher-nos-desafia-a-pensar\/","url":"https:\/\/franciscanos.org.br\/vidacrista\/o-dia-internacional-da-mulher-nos-desafia-a-pensar\/","name":"O Dia Internacional da Mulher nos desafia a pensar - Vida Crist\u00e3 - Franciscanos","isPartOf":{"@id":"https:\/\/franciscanos.org.br\/vidacrista\/#website"},"datePublished":"2020-03-09T13:01:11+00:00","dateModified":"2020-07-27T15:52:21+00:00","author":{"@id":"https:\/\/franciscanos.org.br\/vidacrista\/#\/schema\/person\/1880bdd2c350b735648725ef7614736a"},"breadcrumb":{"@id":"https:\/\/franciscanos.org.br\/vidacrista\/o-dia-internacional-da-mulher-nos-desafia-a-pensar\/#breadcrumb"},"inLanguage":"pt-BR","potentialAction":[{"@type":"ReadAction","target":["https:\/\/franciscanos.org.br\/vidacrista\/o-dia-internacional-da-mulher-nos-desafia-a-pensar\/"]}]},{"@type":"BreadcrumbList","@id":"https:\/\/franciscanos.org.br\/vidacrista\/o-dia-internacional-da-mulher-nos-desafia-a-pensar\/#breadcrumb","itemListElement":[{"@type":"ListItem","position":1,"name":"Home","item":"https:\/\/franciscanos.org.br\/vidacrista\/"},{"@type":"ListItem","position":2,"name":"O Dia Internacional da Mulher nos desafia a pensar"}]},{"@type":"Person","@id":"https:\/\/franciscanos.org.br\/vidacrista\/#\/schema\/person\/1880bdd2c350b735648725ef7614736a","name":"moacir","image":{"@type":"ImageObject","inLanguage":"pt-BR","@id":"https:\/\/franciscanos.org.br\/vidacrista\/#\/schema\/person\/image\/","url":"https:\/\/secure.gravatar.com\/avatar\/d08aa2ce4c8dd416d4479aa8536fcf64?s=96&d=mm&r=g","contentUrl":"https:\/\/secure.gravatar.com\/avatar\/d08aa2ce4c8dd416d4479aa8536fcf64?s=96&d=mm&r=g","caption":"moacir"},"url":"https:\/\/franciscanos.org.br\/vidacrista\/author\/moacir\/"}]}},"_links":{"self":[{"href":"https:\/\/franciscanos.org.br\/vidacrista\/wp-json\/wp\/v2\/posts\/183739"}],"collection":[{"href":"https:\/\/franciscanos.org.br\/vidacrista\/wp-json\/wp\/v2\/posts"}],"about":[{"href":"https:\/\/franciscanos.org.br\/vidacrista\/wp-json\/wp\/v2\/types\/post"}],"author":[{"embeddable":true,"href":"https:\/\/franciscanos.org.br\/vidacrista\/wp-json\/wp\/v2\/users\/3"}],"replies":[{"embeddable":true,"href":"https:\/\/franciscanos.org.br\/vidacrista\/wp-json\/wp\/v2\/comments?post=183739"}],"version-history":[{"count":6,"href":"https:\/\/franciscanos.org.br\/vidacrista\/wp-json\/wp\/v2\/posts\/183739\/revisions"}],"predecessor-version":[{"id":187007,"href":"https:\/\/franciscanos.org.br\/vidacrista\/wp-json\/wp\/v2\/posts\/183739\/revisions\/187007"}],"wp:featuredmedia":[{"embeddable":true,"href":"https:\/\/franciscanos.org.br\/vidacrista\/wp-json\/wp\/v2\/media\/187005"}],"wp:attachment":[{"href":"https:\/\/franciscanos.org.br\/vidacrista\/wp-json\/wp\/v2\/media?parent=183739"}],"wp:term":[{"taxonomy":"category","embeddable":true,"href":"https:\/\/franciscanos.org.br\/vidacrista\/wp-json\/wp\/v2\/categories?post=183739"},{"taxonomy":"post_tag","embeddable":true,"href":"https:\/\/franciscanos.org.br\/vidacrista\/wp-json\/wp\/v2\/tags?post=183739"}],"curies":[{"name":"wp","href":"https:\/\/api.w.org\/{rel}","templated":true}]}}