{"id":183726,"date":"2020-03-04T11:09:44","date_gmt":"2020-03-04T14:09:44","guid":{"rendered":"https:\/\/franciscanos.org.br\/vidacrista\/?p=183726"},"modified":"2020-05-22T12:51:45","modified_gmt":"2020-05-22T15:51:45","slug":"o-filho-amado-do-pai","status":"publish","type":"post","link":"https:\/\/franciscanos.org.br\/vidacrista\/o-filho-amado-do-pai\/","title":{"rendered":"O Filho Amado do Pai"},"content":{"rendered":"<p><img decoding=\"async\" loading=\"lazy\" class=\"alignnone size-full wp-image-183727\" src=\"https:\/\/franciscanos.org.br\/vidacrista\/wp-content\/uploads\/2020\/03\/sagrado_06.jpg\" alt=\"\" width=\"840\" height=\"536\" srcset=\"https:\/\/franciscanos.org.br\/vidacrista\/wp-content\/uploads\/2020\/03\/sagrado_06.jpg 840w, https:\/\/franciscanos.org.br\/vidacrista\/wp-content\/uploads\/2020\/03\/sagrado_06-450x287.jpg 450w, https:\/\/franciscanos.org.br\/vidacrista\/wp-content\/uploads\/2020\/03\/sagrado_06-768x490.jpg 768w, https:\/\/franciscanos.org.br\/vidacrista\/wp-content\/uploads\/2020\/03\/sagrado_06-150x96.jpg 150w\" sizes=\"(max-width: 840px) 100vw, 840px\" \/><\/p>\n<p><strong>Frei Almir Guimar\u00e3es<\/strong><\/p>\n<p>Amor, amar, amado&#8230; palavras que foram se desgastando com seu uso sem a for\u00e7a que delas devem emanar. Sempre de novo somos convidados a reacender nosso amor ao Senhor Jesus que se tornou dom para conosco desde que foi imaginado como homem no seio do Pai. Amor que quer dizer: \u201cDar a vida pelo outro, por todos outros, numa entrega irrestrita e incondicional\u201d. No momento do Batismo de Jesus no Jord\u00e3o, o Pai declarou: \u201cEste \u00e9 meu Filho amado, no qual eu pus o meu agrado\u201d. Jesus \u00e9 puro dom, amor incondicional, entrega de Deus \u201caos homens por ele amados\u201d.<\/p>\n<p>O Serm\u00e3o sobre a Teofania, atribu\u00eddo a Santo Hip\u00f3lito (sec.III) assim descreve o Filho amado do Pai: <em>\u201cEste \u00e9 meu Filho amado.<\/em> Tem fome e alimenta multid\u00f5es inumer\u00e1veis; afadiga-se e alivia os fatigados; n\u00e3o tem onde reclinar a cabe\u00e7a e tudo sustenta com suas m\u00e3os; sofre e d\u00e1 rem\u00e9dio a todos os sofrimentos; \u00e9 esbofeteado e d\u00e1 liberdade ao mundo; transpassam seu lado e ele cura o lado de Ad\u00e3o\u201d.<\/p>\n<p>O amor de Jesus, amor de verdade, dom da vida chega ao auge de acolher a morte dolorida no alto do madeiro. Os que procuram acolher esse gesto de entrega sabem que est\u00e3o a beber vida. Ainda o Serm\u00e3o da Santa Teofania: \u201cPrestai-me aten\u00e7\u00e3o: quero acorrer ao manancial da vida e contemplar a fonte de jorram a fonte dos rem\u00e9dios da salva\u00e7\u00e3o\u201d.<\/p>\n<p>Um estudioso da espiritualidade franciscana, Frei David Azevedo, frade menor portugu\u00eas, num texto de grande profundidade, &#8220;Francisco F\u00e9 e Vida&#8221;, afirma que o Pobrezinho de Assis, para al\u00e9m de qualidades que nele os s\u00e9culos souberam reconhecer, \u00e9 antes de tudo <strong>um enamorado de Cristo<\/strong>. \u201cDiante da pessoa de Jesus, a atitude de Francisco \u00e9 toda de amor. Poderia ser de curiosidade, de interesse, de temor. Mas n\u00e3o. \u00c9 toda gratid\u00e3o, assombro, encanto. Quando depois da proeza e beijar o leproso, Cristo lhe aparece na capelinha de S\u00e3o Dami\u00e3o, crucificado, mendigo, pedindo ajuda, a alma de Francisco fica verdadeiramente e para sempre \u201ccolada\u201d \u00e0 pessoa de Jesus. Toda a sua vida foi um processo de enamoramento. Progressivo em intensidade, mas a qualidade da rela\u00e7\u00e3o, essa ficou definida desde aquele momento:<strong> era amor, s\u00f3 amor.<\/strong> N\u00e3o queremos dizer que n\u00e3o entrassem nele outros sentimentos; o queremos acentuar \u00e9 que nunca houve uma involu\u00e7\u00e3o ego\u00edsta sobre si mesmo, nem uma divers\u00e3o distrativa para \u00e1reas laterais que desfocasse o seu olhar. A pessoa de Jesus, como ponto de mira, e o enamoramento, como rela\u00e7\u00e3o, definem a sua atitude. Esta refer\u00eancia enamorada \u00e0 pessoa de Jesus pertence ao cerne da espiritualidade franciscana\u201d.<\/p>\n<p>O Filho Amado do Pai se torna nosso amor e n\u00e3o temos outra coisa a fazer, at\u00e9 o fim de nossos dias, que o Amor precisa ser amado.<\/p>\n","protected":false},"excerpt":{"rendered":"<p>Primeira Sexta-feira do M\u00eas<\/p>\n","protected":false},"author":3,"featured_media":184645,"comment_status":"open","ping_status":"open","sticky":false,"template":"","format":"standard","meta":{"footnotes":""},"categories":[105],"tags":[106],"yoast_head":"<!-- This site is optimized with the Yoast SEO plugin v19.4 - https:\/\/yoast.com\/wordpress\/plugins\/seo\/ -->\n<title>O Filho Amado do Pai - Vida Crist\u00e3 - Franciscanos<\/title>\n<meta name=\"robots\" content=\"index, follow, max-snippet:-1, max-image-preview:large, max-video-preview:-1\" \/>\n<link rel=\"canonical\" href=\"https:\/\/franciscanos.org.br\/vidacrista\/o-filho-amado-do-pai\/\" \/>\n<meta property=\"og:locale\" content=\"pt_BR\" \/>\n<meta property=\"og:type\" content=\"article\" \/>\n<meta property=\"og:title\" content=\"O Filho Amado do Pai - Vida Crist\u00e3 - Franciscanos\" \/>\n<meta property=\"og:description\" content=\"Primeira Sexta-feira do M\u00eas\" \/>\n<meta property=\"og:url\" content=\"https:\/\/franciscanos.org.br\/vidacrista\/o-filho-amado-do-pai\/\" \/>\n<meta property=\"og:site_name\" content=\"Vida Crist\u00e3 - Franciscanos\" \/>\n<meta property=\"article:published_time\" content=\"2020-03-04T14:09:44+00:00\" \/>\n<meta property=\"article:modified_time\" content=\"2020-05-22T15:51:45+00:00\" \/>\n<meta property=\"og:image\" content=\"https:\/\/franciscanos.org.br\/vidacrista\/wp-content\/uploads\/2020\/03\/sagrado_06-1.jpg\" \/>\n\t<meta property=\"og:image:width\" content=\"800\" \/>\n\t<meta property=\"og:image:height\" content=\"601\" \/>\n\t<meta property=\"og:image:type\" content=\"image\/jpeg\" \/>\n<meta name=\"author\" content=\"moacir\" \/>\n<meta name=\"twitter:card\" content=\"summary_large_image\" \/>\n<meta name=\"twitter:label1\" content=\"Escrito por\" \/>\n\t<meta name=\"twitter:data1\" content=\"moacir\" \/>\n\t<meta name=\"twitter:label2\" content=\"Est. tempo de leitura\" \/>\n\t<meta name=\"twitter:data2\" content=\"2 minutos\" \/>\n<script type=\"application\/ld+json\" class=\"yoast-schema-graph\">{\"@context\":\"https:\/\/schema.org\",\"@graph\":[{\"@type\":\"WebSite\",\"@id\":\"https:\/\/franciscanos.org.br\/vidacrista\/#website\",\"url\":\"https:\/\/franciscanos.org.br\/vidacrista\/\",\"name\":\"Vida Crist\u00e3 - Franciscanos\",\"description\":\"Prov\u00edncia Franciscana da Imaculada Concei\u00e7\u00e3o do Brasil - Ordem dos Frades Menores\",\"potentialAction\":[{\"@type\":\"SearchAction\",\"target\":{\"@type\":\"EntryPoint\",\"urlTemplate\":\"https:\/\/franciscanos.org.br\/vidacrista\/?s={search_term_string}\"},\"query-input\":\"required name=search_term_string\"}],\"inLanguage\":\"pt-BR\"},{\"@type\":\"WebPage\",\"@id\":\"https:\/\/franciscanos.org.br\/vidacrista\/o-filho-amado-do-pai\/\",\"url\":\"https:\/\/franciscanos.org.br\/vidacrista\/o-filho-amado-do-pai\/\",\"name\":\"O Filho Amado do Pai - Vida Crist\u00e3 - Franciscanos\",\"isPartOf\":{\"@id\":\"https:\/\/franciscanos.org.br\/vidacrista\/#website\"},\"datePublished\":\"2020-03-04T14:09:44+00:00\",\"dateModified\":\"2020-05-22T15:51:45+00:00\",\"author\":{\"@id\":\"https:\/\/franciscanos.org.br\/vidacrista\/#\/schema\/person\/1880bdd2c350b735648725ef7614736a\"},\"breadcrumb\":{\"@id\":\"https:\/\/franciscanos.org.br\/vidacrista\/o-filho-amado-do-pai\/#breadcrumb\"},\"inLanguage\":\"pt-BR\",\"potentialAction\":[{\"@type\":\"ReadAction\",\"target\":[\"https:\/\/franciscanos.org.br\/vidacrista\/o-filho-amado-do-pai\/\"]}]},{\"@type\":\"BreadcrumbList\",\"@id\":\"https:\/\/franciscanos.org.br\/vidacrista\/o-filho-amado-do-pai\/#breadcrumb\",\"itemListElement\":[{\"@type\":\"ListItem\",\"position\":1,\"name\":\"Home\",\"item\":\"https:\/\/franciscanos.org.br\/vidacrista\/\"},{\"@type\":\"ListItem\",\"position\":2,\"name\":\"O Filho Amado do Pai\"}]},{\"@type\":\"Person\",\"@id\":\"https:\/\/franciscanos.org.br\/vidacrista\/#\/schema\/person\/1880bdd2c350b735648725ef7614736a\",\"name\":\"moacir\",\"image\":{\"@type\":\"ImageObject\",\"inLanguage\":\"pt-BR\",\"@id\":\"https:\/\/franciscanos.org.br\/vidacrista\/#\/schema\/person\/image\/\",\"url\":\"https:\/\/secure.gravatar.com\/avatar\/d08aa2ce4c8dd416d4479aa8536fcf64?s=96&d=mm&r=g\",\"contentUrl\":\"https:\/\/secure.gravatar.com\/avatar\/d08aa2ce4c8dd416d4479aa8536fcf64?s=96&d=mm&r=g\",\"caption\":\"moacir\"},\"url\":\"https:\/\/franciscanos.org.br\/vidacrista\/author\/moacir\/\"}]}<\/script>\n<!-- \/ Yoast SEO plugin. -->","yoast_head_json":{"title":"O Filho Amado do Pai - Vida Crist\u00e3 - Franciscanos","robots":{"index":"index","follow":"follow","max-snippet":"max-snippet:-1","max-image-preview":"max-image-preview:large","max-video-preview":"max-video-preview:-1"},"canonical":"https:\/\/franciscanos.org.br\/vidacrista\/o-filho-amado-do-pai\/","og_locale":"pt_BR","og_type":"article","og_title":"O Filho Amado do Pai - Vida Crist\u00e3 - Franciscanos","og_description":"Primeira Sexta-feira do M\u00eas","og_url":"https:\/\/franciscanos.org.br\/vidacrista\/o-filho-amado-do-pai\/","og_site_name":"Vida Crist\u00e3 - Franciscanos","article_published_time":"2020-03-04T14:09:44+00:00","article_modified_time":"2020-05-22T15:51:45+00:00","og_image":[{"width":800,"height":601,"url":"https:\/\/franciscanos.org.br\/vidacrista\/wp-content\/uploads\/2020\/03\/sagrado_06-1.jpg","type":"image\/jpeg"}],"author":"moacir","twitter_card":"summary_large_image","twitter_misc":{"Escrito por":"moacir","Est. tempo de leitura":"2 minutos"},"schema":{"@context":"https:\/\/schema.org","@graph":[{"@type":"WebSite","@id":"https:\/\/franciscanos.org.br\/vidacrista\/#website","url":"https:\/\/franciscanos.org.br\/vidacrista\/","name":"Vida Crist\u00e3 - Franciscanos","description":"Prov\u00edncia Franciscana da Imaculada Concei\u00e7\u00e3o do Brasil - Ordem dos Frades Menores","potentialAction":[{"@type":"SearchAction","target":{"@type":"EntryPoint","urlTemplate":"https:\/\/franciscanos.org.br\/vidacrista\/?s={search_term_string}"},"query-input":"required name=search_term_string"}],"inLanguage":"pt-BR"},{"@type":"WebPage","@id":"https:\/\/franciscanos.org.br\/vidacrista\/o-filho-amado-do-pai\/","url":"https:\/\/franciscanos.org.br\/vidacrista\/o-filho-amado-do-pai\/","name":"O Filho Amado do Pai - Vida Crist\u00e3 - Franciscanos","isPartOf":{"@id":"https:\/\/franciscanos.org.br\/vidacrista\/#website"},"datePublished":"2020-03-04T14:09:44+00:00","dateModified":"2020-05-22T15:51:45+00:00","author":{"@id":"https:\/\/franciscanos.org.br\/vidacrista\/#\/schema\/person\/1880bdd2c350b735648725ef7614736a"},"breadcrumb":{"@id":"https:\/\/franciscanos.org.br\/vidacrista\/o-filho-amado-do-pai\/#breadcrumb"},"inLanguage":"pt-BR","potentialAction":[{"@type":"ReadAction","target":["https:\/\/franciscanos.org.br\/vidacrista\/o-filho-amado-do-pai\/"]}]},{"@type":"BreadcrumbList","@id":"https:\/\/franciscanos.org.br\/vidacrista\/o-filho-amado-do-pai\/#breadcrumb","itemListElement":[{"@type":"ListItem","position":1,"name":"Home","item":"https:\/\/franciscanos.org.br\/vidacrista\/"},{"@type":"ListItem","position":2,"name":"O Filho Amado do Pai"}]},{"@type":"Person","@id":"https:\/\/franciscanos.org.br\/vidacrista\/#\/schema\/person\/1880bdd2c350b735648725ef7614736a","name":"moacir","image":{"@type":"ImageObject","inLanguage":"pt-BR","@id":"https:\/\/franciscanos.org.br\/vidacrista\/#\/schema\/person\/image\/","url":"https:\/\/secure.gravatar.com\/avatar\/d08aa2ce4c8dd416d4479aa8536fcf64?s=96&d=mm&r=g","contentUrl":"https:\/\/secure.gravatar.com\/avatar\/d08aa2ce4c8dd416d4479aa8536fcf64?s=96&d=mm&r=g","caption":"moacir"},"url":"https:\/\/franciscanos.org.br\/vidacrista\/author\/moacir\/"}]}},"_links":{"self":[{"href":"https:\/\/franciscanos.org.br\/vidacrista\/wp-json\/wp\/v2\/posts\/183726"}],"collection":[{"href":"https:\/\/franciscanos.org.br\/vidacrista\/wp-json\/wp\/v2\/posts"}],"about":[{"href":"https:\/\/franciscanos.org.br\/vidacrista\/wp-json\/wp\/v2\/types\/post"}],"author":[{"embeddable":true,"href":"https:\/\/franciscanos.org.br\/vidacrista\/wp-json\/wp\/v2\/users\/3"}],"replies":[{"embeddable":true,"href":"https:\/\/franciscanos.org.br\/vidacrista\/wp-json\/wp\/v2\/comments?post=183726"}],"version-history":[{"count":1,"href":"https:\/\/franciscanos.org.br\/vidacrista\/wp-json\/wp\/v2\/posts\/183726\/revisions"}],"predecessor-version":[{"id":183729,"href":"https:\/\/franciscanos.org.br\/vidacrista\/wp-json\/wp\/v2\/posts\/183726\/revisions\/183729"}],"wp:featuredmedia":[{"embeddable":true,"href":"https:\/\/franciscanos.org.br\/vidacrista\/wp-json\/wp\/v2\/media\/184645"}],"wp:attachment":[{"href":"https:\/\/franciscanos.org.br\/vidacrista\/wp-json\/wp\/v2\/media?parent=183726"}],"wp:term":[{"taxonomy":"category","embeddable":true,"href":"https:\/\/franciscanos.org.br\/vidacrista\/wp-json\/wp\/v2\/categories?post=183726"},{"taxonomy":"post_tag","embeddable":true,"href":"https:\/\/franciscanos.org.br\/vidacrista\/wp-json\/wp\/v2\/tags?post=183726"}],"curies":[{"name":"wp","href":"https:\/\/api.w.org\/{rel}","templated":true}]}}