{"id":183713,"date":"2020-03-04T06:57:54","date_gmt":"2020-03-04T09:57:54","guid":{"rendered":"https:\/\/franciscanos.org.br\/vidacrista\/?p=183713"},"modified":"2020-07-30T08:15:37","modified_gmt":"2020-07-30T11:15:37","slug":"querida-amazonia-uma-inculturacao-truncada","status":"publish","type":"post","link":"https:\/\/franciscanos.org.br\/vidacrista\/querida-amazonia-uma-inculturacao-truncada\/","title":{"rendered":"\u201cQuerida Amaz\u00f4nia\u201d: uma incultura\u00e7\u00e3o truncada"},"content":{"rendered":"<div id=\"attachment_186858\" style=\"width: 850px\" class=\"wp-caption alignnone\"><img aria-describedby=\"caption-attachment-186858\" decoding=\"async\" loading=\"lazy\" class=\"wp-image-186858 size-full\" src=\"https:\/\/franciscanos.org.br\/vidacrista\/wp-content\/uploads\/2020\/03\/amazonia_01.jpg\" alt=\"\" width=\"840\" height=\"450\" srcset=\"https:\/\/franciscanos.org.br\/vidacrista\/wp-content\/uploads\/2020\/03\/amazonia_01.jpg 840w, https:\/\/franciscanos.org.br\/vidacrista\/wp-content\/uploads\/2020\/03\/amazonia_01-450x241.jpg 450w, https:\/\/franciscanos.org.br\/vidacrista\/wp-content\/uploads\/2020\/03\/amazonia_01-768x411.jpg 768w, https:\/\/franciscanos.org.br\/vidacrista\/wp-content\/uploads\/2020\/03\/amazonia_01-150x80.jpg 150w\" sizes=\"(max-width: 840px) 100vw, 840px\" \/><p id=\"caption-attachment-186858\" class=\"wp-caption-text\">\u00a0 \u00a0 \u00a0 \u00a0 \u00a0 \u00a0 \u00a0 \u00a0 \u00a0 \u00a0 \u00a0 \u00a0 \u00a0 \u00a0 \u00a0 \u00a0 \u00a0 \u00a0 \u00a0 \u00a0 \u00a0 \u00a0 \u00a0 \u00a0 \u00a0 \u00a0 \u00a0 \u00a0 \u00a0 \u00a0 \u00a0 \u00a0 \u00a0 \u00a0 \u00a0 \u00a0 \u00a0 \u00a0 \u00a0 \u00a0 \u00a0 \u00a0 \u00a0 \u00a0 \u00a0 \u00a0 \u00a0 \u00a0 \u00a0 \u00a0 \u00a0 \u00a0 \u00a0 \u00a0 \u00a0 \u00a0 \u00a0 <em>\u00a0Imagem ilustrativa (reprodu\u00e7\u00e3o Vatican News)<\/em><\/p><\/div>\n<p><strong>Leonardo Boff<\/strong><\/p>\n<p>A Exorta\u00e7\u00e3o Apost\u00f3lica \u201cQuerida Amaz\u00f4nia\u201d do Papa Francisco \u00e9 um hino \u00e0 magnitude e \u00e0 beleza desse imenso bioma que recobre nove pa\u00edses da Am\u00e9rica Latina. Como poucos se deu conta da import\u00e2ncia da Amaz\u00f4nia para o futuro do equil\u00edbrio ecol\u00f3gico do planeta e da sobreviv\u00eancia do sistema-vida.<\/p>\n<p>Dividiu sua exposi\u00e7\u00e3o na qual cita nossos autores e poetas em quatro sonhos: o social, o cultural, o ecol\u00f3gico e o eclesial. Comparto totalmente com quatro sonhos e meio. A segunda metade do quarto sonho parece, para n\u00e3o poucos, antes um pesadelo. E explico por qu\u00ea.<\/p>\n<p>O estilo antes prof\u00e9tico, \u00e9tico, ecol\u00f3gico e po\u00e9tico se extingue-se. Parece que outra m\u00e3o escreveu o texto e, seguramente sob press\u00e3o, conseguiu agreg\u00e1-lo ao quarto sonho, transformando-o num pesadelo. Aqui n\u00e3o fala o pastor mas o doutor, n\u00e3o o profeta que denuncia o sistema mundial antivida mas a autoridade doutrin\u00e1ria que fixa uma li\u00e7\u00e3o teol\u00f3gica.<\/p>\n<p>Qual \u00e9 o prop\u00f3sito de toda a Exorta\u00e7\u00e3o Apost\u00f3lica? A incultura\u00e7\u00e3o da f\u00e9 crist\u00e3 na universo dos ind\u00edgenas de tal forma que surja uma Igreja de rosto amaz\u00f4nico. Tal dilig\u00eancia implica prestigiar a sabedoria ancestral, os valores, os costumes e o modo de ser ind\u00edgena. De uma Igreja-espelho da europeia, implantada pela coloniza\u00e7\u00e3o, deveria emergir uma Igreja-fonte, com ra\u00edzes na nossa realidade, especialmente inculturada nos povos origin\u00e1rios da Amaz\u00f4nia.<\/p>\n<p>O Papa Francisco foi quem mais estimulou os participantes do S\u00ednodo Panamaz\u00f4nico para que tivessem coragem de enfrentar este desafio. Essa incultura\u00e7\u00e3o para ser real comportava obviamente sacerdotes casados, os \u00a0<em>\u201cviri probati<\/em>\u201d. Os ind\u00edgenas nem se imaginam um ind\u00edgena c\u00e9libe. O padre deveria ser algu\u00e9m casado. Essa era uma peti\u00e7\u00e3o das comunidades amaz\u00f4nicas, apoiadas pela maioria de seus bispos e aprovada majoritariamente pelo S\u00ednodo Panamaz\u00f4nico. Grande foi a decep\u00e7\u00e3o quando se viu que este tipo de sacerdotes casados foi rejeitado pelo quarto sonho. A incultura\u00e7\u00e3o n\u00e3o deveria ser completa?<\/p>\n<p>A argumenta\u00e7\u00e3o para negar o sacerd\u00f3cio casado se funda numa eclesiologia tradicionalista e\u00a0 superada pelo Conc\u00edlio Vaticano II. Este dava centralidade, primeiro, ao Povo de Deus e depois a hierarquia a seu servi\u00e7o. A miss\u00e3o do ministro ordenado n\u00e3o \u00e9 o de concentrar o poder sagrado, mas o de coordenar todos os servi\u00e7os, dar coes\u00e3o e presidir a comunidade. Pelo fato de presidir a comunidade, preside tamb\u00e9m a celebra\u00e7\u00e3o eucar\u00edstica.<\/p>\n<p>Agora se determina a li\u00e7\u00e3o doutrin\u00e1ria da Exorta\u00e7\u00e3o:\u201d<em>O car\u00e1ter\u00a0<strong>exclusiv<\/strong>o recebido pelo sacramento da Ordem, deixa\u00a0<strong>s\u00f3\u00a0<\/strong>o sacerdote habilitado a presidir a Eucaristia; esta \u00e9 sua fun\u00e7\u00e3o\u00a0<strong>espec\u00edfica, principal e n\u00e3o deleg\u00e1vel<\/strong><\/em>\u201d(n.87). Cabe lembrar que aqui se pensa unicamente no sacerdote\u00a0<strong>celibat\u00e1rio.\u00a0<\/strong>Esta \u00e9 a doutrina tradicionalista que faz do sacerdote uma esp\u00e9cie de mago solit\u00e1rio.<\/p>\n<p>Eis que surgem dois problemas: os fi\u00e9is, segundo o mandato de Jesus (Jn 6,35; Lc 22,19;1Cor 11,25) t\u00eam o direito divino de participar de seu corpo e sangue eucar\u00edsticos. N\u00e3o se pode negar a Eucaristia aos ind\u00edgenas por n\u00e3o lhes permitir um sacerdote casado. Um direito humano n\u00e3o pode se sobrepor a um direito divino.<\/p>\n<p>O segundo problema: um sacerdote pode celebrar sozinho a Eucaristia mas a comunidade n\u00e3o pode celebrar sozinha a mesma Eucaristia. Sem o sacerdote celibat\u00e1rio n\u00e3o h\u00e1 Eucaristia.<\/p>\n<p>Aqui importa resgatar a ideia antiga e moderna: n\u00e3o se pode imaginar uma ordena\u00e7\u00e3o\u00a0<strong>em absoluto<\/strong>, sem uma conex\u00e3o com a comunidade. O canon 6 do mais importante\u00a0 dos Conc\u00edlios, o\u00a0 de Calced\u00f4nia (451), considerou inv\u00e1lida toda ordena\u00e7\u00e3o absoluta.<\/p>\n<p>Durante os primeiros mil anos de cristianismo valia a seguinte norma:\u00a0<strong>quem preside a comunidade, preside tamb\u00e9m a Eucaristia.\u00a0<\/strong>Podia ser um bispo, um presb\u00edtero,um profeta e at\u00e9 um leigo.<\/p>\n<p>Somente no mil\u00eanio seguinte, por raz\u00f5es pol\u00edticas de disputa entre os Papas e os Imperadores, se firmou a doutrina chamada de \u201ccefaliza\u00e7\u00e3o\u201d segundo a qual todo o poder est\u00e1 na \u201ccabe\u00e7a\u201d, no Papa e a quem ele o delegar.\u00a0<strong>S\u00f3 o padre ordenado pode presidir a Eucaristia<\/strong>. O poder sagrado ficou desligado da comunidade. Surgiu um sacerd\u00f3cio absoluto e celibat\u00e1rio contra o que prescrevia\u00a0 o <em>canon 6<\/em> do Conc\u00edlio de Calced\u00f4nia.<\/p>\n<p>Ora, tal doutrina, foi tida pelo maior estudioso da Igreja, J. Y. Cngar, como danosa at\u00e9 os dias de hoje. Ela separa os padres celibat\u00e1rios da comunidade. Mas foi, na verdade, superada atualmente, gra\u00e7as \u00e0 concep\u00e7\u00e3o do Vaticano II que religa a Igreja ao Povo de Deus e o sacerdote \u00e0 comunidade.<\/p>\n<p>Mas o que propriamente est\u00e1 em quest\u00e3o para ser ordenado \u00e9 a lei do celibato, imposta historicamente\u00a0 s\u00f3 na Igreja Cat\u00f3lica Romana. Ela n\u00e3o existe nas demais\u00a0<strong>24 Igrejas tamb\u00e9m cat\u00f3licas<\/strong>\u00a0(ortodoxa, armena etc), sem serem por isso menos cat\u00f3licas.<\/p>\n<p>Resumo da \u00f3pera: a assim chamada total incultura\u00e7\u00e3o da igreja nas culturas ind\u00edgenas ficou truncada, por causa de uma lei humana, ocidental e sexista (celibato). Assim se frustrou o sonho de uma Igreja realmente de rosto ind\u00edgena e amaz\u00f4nico pela imposi\u00e7\u00e3o de uma norma ocidental, romana e excludente.<\/p>\n<p>A ordena\u00e7\u00e3o de ind\u00edgenas casados vir\u00e1, pois quando uma ideia se firmou nas consci\u00eancias, ela vai se realizar.<\/p>\n<hr \/>\n<p><strong>Leonardo Boff<\/strong> <em>\u00e9 eclesi\u00f3logo e escreveu entre outras obras\u00a0Eclesiog\u00eanese: a reinven\u00e7\u00e3o da Igreja,\u00a0Record 2008. Segue um estudo mais detalhado sobre o tema, no meu \u00a0blo<\/em>g.<\/p>\n","protected":false},"excerpt":{"rendered":"<p>Artigo de Leonardo Boff<\/p>\n","protected":false},"author":3,"featured_media":186859,"comment_status":"open","ping_status":"open","sticky":false,"template":"","format":"standard","meta":{"footnotes":""},"categories":[26],"tags":[59],"yoast_head":"<!-- This site is optimized with the Yoast SEO plugin v19.4 - https:\/\/yoast.com\/wordpress\/plugins\/seo\/ -->\n<title>\u201cQuerida Amaz\u00f4nia\u201d: uma incultura\u00e7\u00e3o truncada - Vida Crist\u00e3 - Franciscanos<\/title>\n<meta name=\"robots\" content=\"index, follow, max-snippet:-1, max-image-preview:large, max-video-preview:-1\" \/>\n<link rel=\"canonical\" href=\"https:\/\/franciscanos.org.br\/vidacrista\/querida-amazonia-uma-inculturacao-truncada\/\" \/>\n<meta property=\"og:locale\" content=\"pt_BR\" \/>\n<meta property=\"og:type\" content=\"article\" \/>\n<meta property=\"og:title\" content=\"\u201cQuerida Amaz\u00f4nia\u201d: uma incultura\u00e7\u00e3o truncada - Vida Crist\u00e3 - Franciscanos\" \/>\n<meta property=\"og:description\" content=\"Artigo de Leonardo Boff\" \/>\n<meta property=\"og:url\" content=\"https:\/\/franciscanos.org.br\/vidacrista\/querida-amazonia-uma-inculturacao-truncada\/\" \/>\n<meta property=\"og:site_name\" content=\"Vida Crist\u00e3 - Franciscanos\" \/>\n<meta property=\"article:published_time\" content=\"2020-03-04T09:57:54+00:00\" \/>\n<meta property=\"article:modified_time\" content=\"2020-07-30T11:15:37+00:00\" \/>\n<meta property=\"og:image\" content=\"https:\/\/franciscanos.org.br\/vidacrista\/wp-content\/uploads\/2020\/03\/amazonia_01d.jpg\" \/>\n\t<meta property=\"og:image:width\" content=\"800\" \/>\n\t<meta property=\"og:image:height\" content=\"600\" \/>\n\t<meta property=\"og:image:type\" content=\"image\/jpeg\" \/>\n<meta name=\"author\" content=\"moacir\" \/>\n<meta name=\"twitter:card\" content=\"summary_large_image\" \/>\n<meta name=\"twitter:label1\" content=\"Escrito por\" \/>\n\t<meta name=\"twitter:data1\" content=\"moacir\" \/>\n\t<meta name=\"twitter:label2\" content=\"Est. tempo de leitura\" \/>\n\t<meta name=\"twitter:data2\" content=\"5 minutos\" \/>\n<script type=\"application\/ld+json\" class=\"yoast-schema-graph\">{\"@context\":\"https:\/\/schema.org\",\"@graph\":[{\"@type\":\"WebSite\",\"@id\":\"https:\/\/franciscanos.org.br\/vidacrista\/#website\",\"url\":\"https:\/\/franciscanos.org.br\/vidacrista\/\",\"name\":\"Vida Crist\u00e3 - Franciscanos\",\"description\":\"Prov\u00edncia Franciscana da Imaculada Concei\u00e7\u00e3o do Brasil - Ordem dos Frades Menores\",\"potentialAction\":[{\"@type\":\"SearchAction\",\"target\":{\"@type\":\"EntryPoint\",\"urlTemplate\":\"https:\/\/franciscanos.org.br\/vidacrista\/?s={search_term_string}\"},\"query-input\":\"required name=search_term_string\"}],\"inLanguage\":\"pt-BR\"},{\"@type\":\"WebPage\",\"@id\":\"https:\/\/franciscanos.org.br\/vidacrista\/querida-amazonia-uma-inculturacao-truncada\/\",\"url\":\"https:\/\/franciscanos.org.br\/vidacrista\/querida-amazonia-uma-inculturacao-truncada\/\",\"name\":\"\u201cQuerida Amaz\u00f4nia\u201d: uma incultura\u00e7\u00e3o truncada - Vida Crist\u00e3 - Franciscanos\",\"isPartOf\":{\"@id\":\"https:\/\/franciscanos.org.br\/vidacrista\/#website\"},\"datePublished\":\"2020-03-04T09:57:54+00:00\",\"dateModified\":\"2020-07-30T11:15:37+00:00\",\"author\":{\"@id\":\"https:\/\/franciscanos.org.br\/vidacrista\/#\/schema\/person\/1880bdd2c350b735648725ef7614736a\"},\"breadcrumb\":{\"@id\":\"https:\/\/franciscanos.org.br\/vidacrista\/querida-amazonia-uma-inculturacao-truncada\/#breadcrumb\"},\"inLanguage\":\"pt-BR\",\"potentialAction\":[{\"@type\":\"ReadAction\",\"target\":[\"https:\/\/franciscanos.org.br\/vidacrista\/querida-amazonia-uma-inculturacao-truncada\/\"]}]},{\"@type\":\"BreadcrumbList\",\"@id\":\"https:\/\/franciscanos.org.br\/vidacrista\/querida-amazonia-uma-inculturacao-truncada\/#breadcrumb\",\"itemListElement\":[{\"@type\":\"ListItem\",\"position\":1,\"name\":\"Home\",\"item\":\"https:\/\/franciscanos.org.br\/vidacrista\/\"},{\"@type\":\"ListItem\",\"position\":2,\"name\":\"\u201cQuerida Amaz\u00f4nia\u201d: uma incultura\u00e7\u00e3o truncada\"}]},{\"@type\":\"Person\",\"@id\":\"https:\/\/franciscanos.org.br\/vidacrista\/#\/schema\/person\/1880bdd2c350b735648725ef7614736a\",\"name\":\"moacir\",\"image\":{\"@type\":\"ImageObject\",\"inLanguage\":\"pt-BR\",\"@id\":\"https:\/\/franciscanos.org.br\/vidacrista\/#\/schema\/person\/image\/\",\"url\":\"https:\/\/secure.gravatar.com\/avatar\/d08aa2ce4c8dd416d4479aa8536fcf64?s=96&d=mm&r=g\",\"contentUrl\":\"https:\/\/secure.gravatar.com\/avatar\/d08aa2ce4c8dd416d4479aa8536fcf64?s=96&d=mm&r=g\",\"caption\":\"moacir\"},\"url\":\"https:\/\/franciscanos.org.br\/vidacrista\/author\/moacir\/\"}]}<\/script>\n<!-- \/ Yoast SEO plugin. -->","yoast_head_json":{"title":"\u201cQuerida Amaz\u00f4nia\u201d: uma incultura\u00e7\u00e3o truncada - Vida Crist\u00e3 - Franciscanos","robots":{"index":"index","follow":"follow","max-snippet":"max-snippet:-1","max-image-preview":"max-image-preview:large","max-video-preview":"max-video-preview:-1"},"canonical":"https:\/\/franciscanos.org.br\/vidacrista\/querida-amazonia-uma-inculturacao-truncada\/","og_locale":"pt_BR","og_type":"article","og_title":"\u201cQuerida Amaz\u00f4nia\u201d: uma incultura\u00e7\u00e3o truncada - Vida Crist\u00e3 - Franciscanos","og_description":"Artigo de Leonardo Boff","og_url":"https:\/\/franciscanos.org.br\/vidacrista\/querida-amazonia-uma-inculturacao-truncada\/","og_site_name":"Vida Crist\u00e3 - Franciscanos","article_published_time":"2020-03-04T09:57:54+00:00","article_modified_time":"2020-07-30T11:15:37+00:00","og_image":[{"width":800,"height":600,"url":"https:\/\/franciscanos.org.br\/vidacrista\/wp-content\/uploads\/2020\/03\/amazonia_01d.jpg","type":"image\/jpeg"}],"author":"moacir","twitter_card":"summary_large_image","twitter_misc":{"Escrito por":"moacir","Est. tempo de leitura":"5 minutos"},"schema":{"@context":"https:\/\/schema.org","@graph":[{"@type":"WebSite","@id":"https:\/\/franciscanos.org.br\/vidacrista\/#website","url":"https:\/\/franciscanos.org.br\/vidacrista\/","name":"Vida Crist\u00e3 - Franciscanos","description":"Prov\u00edncia Franciscana da Imaculada Concei\u00e7\u00e3o do Brasil - Ordem dos Frades Menores","potentialAction":[{"@type":"SearchAction","target":{"@type":"EntryPoint","urlTemplate":"https:\/\/franciscanos.org.br\/vidacrista\/?s={search_term_string}"},"query-input":"required name=search_term_string"}],"inLanguage":"pt-BR"},{"@type":"WebPage","@id":"https:\/\/franciscanos.org.br\/vidacrista\/querida-amazonia-uma-inculturacao-truncada\/","url":"https:\/\/franciscanos.org.br\/vidacrista\/querida-amazonia-uma-inculturacao-truncada\/","name":"\u201cQuerida Amaz\u00f4nia\u201d: uma incultura\u00e7\u00e3o truncada - Vida Crist\u00e3 - Franciscanos","isPartOf":{"@id":"https:\/\/franciscanos.org.br\/vidacrista\/#website"},"datePublished":"2020-03-04T09:57:54+00:00","dateModified":"2020-07-30T11:15:37+00:00","author":{"@id":"https:\/\/franciscanos.org.br\/vidacrista\/#\/schema\/person\/1880bdd2c350b735648725ef7614736a"},"breadcrumb":{"@id":"https:\/\/franciscanos.org.br\/vidacrista\/querida-amazonia-uma-inculturacao-truncada\/#breadcrumb"},"inLanguage":"pt-BR","potentialAction":[{"@type":"ReadAction","target":["https:\/\/franciscanos.org.br\/vidacrista\/querida-amazonia-uma-inculturacao-truncada\/"]}]},{"@type":"BreadcrumbList","@id":"https:\/\/franciscanos.org.br\/vidacrista\/querida-amazonia-uma-inculturacao-truncada\/#breadcrumb","itemListElement":[{"@type":"ListItem","position":1,"name":"Home","item":"https:\/\/franciscanos.org.br\/vidacrista\/"},{"@type":"ListItem","position":2,"name":"\u201cQuerida Amaz\u00f4nia\u201d: uma incultura\u00e7\u00e3o truncada"}]},{"@type":"Person","@id":"https:\/\/franciscanos.org.br\/vidacrista\/#\/schema\/person\/1880bdd2c350b735648725ef7614736a","name":"moacir","image":{"@type":"ImageObject","inLanguage":"pt-BR","@id":"https:\/\/franciscanos.org.br\/vidacrista\/#\/schema\/person\/image\/","url":"https:\/\/secure.gravatar.com\/avatar\/d08aa2ce4c8dd416d4479aa8536fcf64?s=96&d=mm&r=g","contentUrl":"https:\/\/secure.gravatar.com\/avatar\/d08aa2ce4c8dd416d4479aa8536fcf64?s=96&d=mm&r=g","caption":"moacir"},"url":"https:\/\/franciscanos.org.br\/vidacrista\/author\/moacir\/"}]}},"_links":{"self":[{"href":"https:\/\/franciscanos.org.br\/vidacrista\/wp-json\/wp\/v2\/posts\/183713"}],"collection":[{"href":"https:\/\/franciscanos.org.br\/vidacrista\/wp-json\/wp\/v2\/posts"}],"about":[{"href":"https:\/\/franciscanos.org.br\/vidacrista\/wp-json\/wp\/v2\/types\/post"}],"author":[{"embeddable":true,"href":"https:\/\/franciscanos.org.br\/vidacrista\/wp-json\/wp\/v2\/users\/3"}],"replies":[{"embeddable":true,"href":"https:\/\/franciscanos.org.br\/vidacrista\/wp-json\/wp\/v2\/comments?post=183713"}],"version-history":[{"count":4,"href":"https:\/\/franciscanos.org.br\/vidacrista\/wp-json\/wp\/v2\/posts\/183713\/revisions"}],"predecessor-version":[{"id":187163,"href":"https:\/\/franciscanos.org.br\/vidacrista\/wp-json\/wp\/v2\/posts\/183713\/revisions\/187163"}],"wp:featuredmedia":[{"embeddable":true,"href":"https:\/\/franciscanos.org.br\/vidacrista\/wp-json\/wp\/v2\/media\/186859"}],"wp:attachment":[{"href":"https:\/\/franciscanos.org.br\/vidacrista\/wp-json\/wp\/v2\/media?parent=183713"}],"wp:term":[{"taxonomy":"category","embeddable":true,"href":"https:\/\/franciscanos.org.br\/vidacrista\/wp-json\/wp\/v2\/categories?post=183713"},{"taxonomy":"post_tag","embeddable":true,"href":"https:\/\/franciscanos.org.br\/vidacrista\/wp-json\/wp\/v2\/tags?post=183713"}],"curies":[{"name":"wp","href":"https:\/\/api.w.org\/{rel}","templated":true}]}}