{"id":183635,"date":"2020-03-02T13:16:08","date_gmt":"2020-03-02T16:16:08","guid":{"rendered":"https:\/\/franciscanos.org.br\/vidacrista\/?p=183635"},"modified":"2020-07-27T13:23:32","modified_gmt":"2020-07-27T16:23:32","slug":"como-matar-a-saudade-de-deus","status":"publish","type":"post","link":"https:\/\/franciscanos.org.br\/vidacrista\/como-matar-a-saudade-de-deus\/","title":{"rendered":"Como matar a saudade de Deus"},"content":{"rendered":"<div id=\"attachment_186531\" style=\"width: 850px\" class=\"wp-caption alignnone\"><img aria-describedby=\"caption-attachment-186531\" decoding=\"async\" loading=\"lazy\" class=\"wp-image-186531 size-full\" src=\"https:\/\/franciscanos.org.br\/vidacrista\/wp-content\/uploads\/2020\/03\/artigo_1007_3.jpg\" alt=\"\" width=\"840\" height=\"450\" srcset=\"https:\/\/franciscanos.org.br\/vidacrista\/wp-content\/uploads\/2020\/03\/artigo_1007_3.jpg 840w, https:\/\/franciscanos.org.br\/vidacrista\/wp-content\/uploads\/2020\/03\/artigo_1007_3-450x241.jpg 450w, https:\/\/franciscanos.org.br\/vidacrista\/wp-content\/uploads\/2020\/03\/artigo_1007_3-768x411.jpg 768w, https:\/\/franciscanos.org.br\/vidacrista\/wp-content\/uploads\/2020\/03\/artigo_1007_3-150x80.jpg 150w\" sizes=\"(max-width: 840px) 100vw, 840px\" \/><p id=\"caption-attachment-186531\" class=\"wp-caption-text\">\u00a0 \u00a0 \u00a0 \u00a0 \u00a0 \u00a0 \u00a0 \u00a0 \u00a0 \u00a0 \u00a0 \u00a0 \u00a0 \u00a0 \u00a0 \u00a0 \u00a0 \u00a0 \u00a0 \u00a0 \u00a0 \u00a0 \u00a0 \u00a0 \u00a0 \u00a0 \u00a0 \u00a0 \u00a0 \u00a0 \u00a0 \u00a0 \u00a0 \u00a0 \u00a0 \u00a0 \u00a0 \u00a0 \u00a0 \u00a0 \u00a0 \u00a0 \u00a0 \u00a0 \u00a0 \u00a0 \u00a0 \u00a0 \u00a0 \u00a0 \u00a0 \u00a0 \u00a0 \u00a0 \u00a0<em> Imagem ilustrativa (fonte: Acervo Prov\u00edncia da Imaculada)<\/em><\/p><\/div>\n<p><strong>Leonardo Boff<\/strong><\/p>\n<p>\u201cSaudade\u201d \u00e9 intraduz\u00edvel em outros idiomas. Por isso, n\u00e3o \u00e9 coisa que se define mas que se vive e se sofre. Descrevendo-a: \u00e9 uma melancolia terna num misto de uma dor suave por um bem que foi vivido e que n\u00e3o volta mais, mas que, docemente, retorna \u00e0 mem\u00f3ria: \u00e9 o primeiro beijo da pessoa amada, \u00e9 um olhar profundo de uma mulher que, numa plataforma de trem, encontrou no outro homem tamb\u00e9m um olhar penetrante revelando um amor imediato; o trem partiu e ela nunca mais foi encontrada; mas aquele olhar m\u00fatuo que foi ao fundo da alma, nunca mais p\u00f4de ser esquecido. Saudade \u00e9 a experi\u00eancia de, numa m\u00e1xima concentra\u00e7\u00e3o, ser tomado totalmente pelo Ser de Deus e n\u00e3o sentir o pr\u00f3prio corpo. Essa saudade \u00e9 dolorosa quando n\u00e3o se consegue mais renov\u00e1-la. S\u00f3 deixou uma saudade infinita de suprema bem-aventuran\u00e7a. A saudade n\u00e3o deixa o passado ficar passado. Embora ausente, o torna presente, apenas fica invis\u00edvel.<\/p>\n<p>Em nosso peregrinar pela vida, tudo o que de belo, realizador, impactante e profundo nos tocou, deixa um rastro de saudade. Uma crian\u00e7a cancer\u00edgena bem disse: <strong>saudade \u00e9 o amor que fica quando tudo j\u00e1 passou.<\/strong><\/p>\n<p>A sociedade moderna tardia e letrada saturou a muitos, nem a todos, de bens materiais, os encheu de promessas v\u00e3s de felicidade e at\u00e9 lhes forjou um falso evangelho da prosperidade para o qual d\u00e3o tempo, entusiasmo e os suados dinheiros como nas igrejas neopentecostais fundamentalistas, explorados por pastores que s\u00e3o verdadeiros lobos em pele de ovelha. O mercado conscientemente os mant\u00e9m ocupados por mil ofertas de consumo, de viagens, de experi\u00eancias novas que os dificultam encontrar-se consigo mesmo. Vive-se <strong>ut si Deus non daretur<\/strong>, \u201ccomo se Deus n\u00e3o existisse\u201d ou tivesse sido borrado do horizonte da exist\u00eancia.<\/p>\n<p>Mas nem tudo \u00e9 manipul\u00e1vel no ser humano; h\u00e1 nele mist\u00e9rios, cantos impenetr\u00e1veis que guardam mem\u00f3rias e arqu\u00e9tipos ancestrais. Da\u00ed pode surgir uma saudade toda particular, <strong>a saudade de Deus<\/strong>, do <strong>Self<\/strong> que se aninha no Profundo. Ele conferia coes\u00e3o \u00e0 sociedade e oferecia um ch\u00e3o \u00e0 exist\u00eancia humana.<\/p>\n<p>Por raz\u00f5es muito complexas que n\u00e3o cabe aqui analisar, irrompeu o homem novo da modernidade. Ele dispensou Deus. Apresentou-se como um <em>deus minor in terra<\/em>, como \u201cum deus menor na terra\u201d. Sua experi\u00eancia fundadora se definiu pela vontade pot\u00eancia, pelo poder exercido como domina\u00e7\u00e3o sobre os outros, sobre a mulher, sobre os povos, sobre a natureza, sobre a vida at\u00e9 sobre o espa\u00e7o exterior. Assumiu tantas tarefas na nova conforma\u00e7\u00e3o do mundo que, de repente, se deu conta de n\u00e3o poder mais realiz\u00e1-las. O pequeno deus criou \u201co complexo Deus\u201d. J\u00e1 n\u00e3o tem mais for\u00e7as, sente-se fr\u00e1gil, impotente, temeroso de si mesmo, pois criou uma m\u00e1quina de morte que pode dar cabo a si mesmo por m\u00faltiplas formas diferentes. Fez guerras que, s\u00f3 no s\u00e9culo vinte, mataram 200 milh\u00f5es de pessoas. Devastou a natureza que agora se volta contra ele com tuf\u00f5es, aquecimento global, aumento dos oceanos, escassez de bens e servi\u00e7os sem os quais a vida n\u00e3o se sustenta.<\/p>\n<p>Ai surge o que estava escondido naquele canto rec\u00f4ndito de sua interioridade: a \u201csaudade de Deus\u201d. O nome \u201cDeus\u201d n\u00e3o importa, mas o que Ele representa: aquela Energia poderosa e amorosa que tudo sustenta e que, por isso, deve ser viva e inteligente, aquele Valor Inquestion\u00e1vel, vivo e irradiante, que orienta os comportamentos humanos e controla as for\u00e7as do Negativo. O mantra da cultura ilustrada \u00e9 enganoso: \u201cAnunciamos a morte de Deus porque n\u00f3s o matamos\u201d. E o matamos para ocupar o seu lugar e sermos n\u00f3s o Super-homem que se fez \u201co pequeno deus\u201d que vive para al\u00e9m do bem e do mal. Ele tudo decide.<\/p>\n<p>Por mais de dois s\u00e9culos tentou realizar esse prop\u00f3sito e fracassou. Sucumbiu ao pr\u00f3prio peso das tarefas que se imp\u00f4s. Agora anda errante, solit\u00e1rio, buscando em que se agarrar. Vive a ilus\u00e3o, j\u00e1 referida por um m\u00edstico: O inimigo do Sol subiu num terra\u00e7o, fechou os olhos e gritou para todos: j\u00e1 n\u00e3o h\u00e1 mais sol; o Sol morreu porque eu o matei\u201d. Ignorante, n\u00e3o v\u00ea mais o sol n\u00e3o por culpa do sol mas de seus olhos fechados. O Sol estar\u00e1 sempre l\u00e1 a iluminar, pois essa \u00e9 sua natureza. Talvez entrou num eclipse. E isso exacerba ainda mais a saudade de Deus de que Ele finalmente irrompa a nuvem da arrog\u00e2ncia humana e venha humildemente ser acolhido por n\u00f3s.<\/p>\n<p>Essa saudade de Deus inexiste na imensa maioria de todos os povos que s\u00e3o religiosos e que n\u00e3o passaram pela circuncis\u00e3o da modernidade. Jamais lhes passou pela cabe\u00e7a a absurda arrog\u00e2ncia de matar Deus. Muito menos pretenderam ser \u201co pequeno deus\u201d dominador de tudo e de todos. \u201cMatam a saudade de Deus\u201d sentindo-o nos seus trabalhos cotidianos, no conv\u00edvio amoroso com a fam\u00edlia, na luta pesada para garantir dia ap\u00f3s dia os meios de subsist\u00eancia. Eles nem precisam crer em Deus, pois o sentem e o vivem na pele no corpo, no esp\u00edrito, no sofrimento e na discreta alegria de viver.<\/p>\n<p>Estes s\u00e3o os guardi\u00e3es da sagrada mem\u00f3ria do Deus de mil nomes (Tao, Shiva, Olorum, Jav\u00e9, Al\u00e1, Deus). Eles s\u00e3o os profetas e mestres para os filhos da modernidade tardia, capazes de lhes molhar as ra\u00edzes para que reverde\u00e7am e superem a triste solid\u00e3o que os devora. Basta que os encontrem e os escutem. Ent\u00e3o tamb\u00e9m eles \u201cmatar\u00e3o a saudade de Deus\u201d. Como temos saudades desse Deus, humano,vivo e verdadeiro.<\/p>\n<p><em>Imagem: Pinterest<\/em><\/p>\n<hr \/>\n<p><strong>Leonardo Boff<\/strong> <em>\u00e9 escritor e escreveu: &#8220;Saudade de Deus- a for\u00e7a dos pequenos&#8221;, Vozes 2019.<\/em><\/p>\n","protected":false},"excerpt":{"rendered":"<p>Artigo de Leonardo Boff<\/p>\n","protected":false},"author":3,"featured_media":186532,"comment_status":"open","ping_status":"open","sticky":false,"template":"","format":"standard","meta":{"footnotes":""},"categories":[26],"tags":[59],"yoast_head":"<!-- This site is optimized with the Yoast SEO plugin v19.4 - https:\/\/yoast.com\/wordpress\/plugins\/seo\/ -->\n<title>Como matar a saudade de Deus - Vida Crist\u00e3 - Franciscanos<\/title>\n<meta name=\"robots\" content=\"index, follow, max-snippet:-1, max-image-preview:large, max-video-preview:-1\" \/>\n<link rel=\"canonical\" href=\"https:\/\/franciscanos.org.br\/vidacrista\/como-matar-a-saudade-de-deus\/\" \/>\n<meta property=\"og:locale\" content=\"pt_BR\" \/>\n<meta property=\"og:type\" content=\"article\" \/>\n<meta property=\"og:title\" content=\"Como matar a saudade de Deus - Vida Crist\u00e3 - Franciscanos\" \/>\n<meta property=\"og:description\" content=\"Artigo de Leonardo Boff\" \/>\n<meta property=\"og:url\" content=\"https:\/\/franciscanos.org.br\/vidacrista\/como-matar-a-saudade-de-deus\/\" \/>\n<meta property=\"og:site_name\" content=\"Vida Crist\u00e3 - Franciscanos\" \/>\n<meta property=\"article:published_time\" content=\"2020-03-02T16:16:08+00:00\" \/>\n<meta property=\"article:modified_time\" content=\"2020-07-27T16:23:32+00:00\" \/>\n<meta property=\"og:image\" content=\"https:\/\/franciscanos.org.br\/vidacrista\/wp-content\/uploads\/2020\/03\/artigo_1007_3d.jpg\" \/>\n\t<meta property=\"og:image:width\" content=\"800\" \/>\n\t<meta property=\"og:image:height\" content=\"600\" \/>\n\t<meta property=\"og:image:type\" content=\"image\/jpeg\" \/>\n<meta name=\"author\" content=\"moacir\" \/>\n<meta name=\"twitter:card\" content=\"summary_large_image\" \/>\n<meta name=\"twitter:label1\" content=\"Escrito por\" \/>\n\t<meta name=\"twitter:data1\" content=\"moacir\" \/>\n\t<meta name=\"twitter:label2\" content=\"Est. tempo de leitura\" \/>\n\t<meta name=\"twitter:data2\" content=\"5 minutos\" \/>\n<script type=\"application\/ld+json\" class=\"yoast-schema-graph\">{\"@context\":\"https:\/\/schema.org\",\"@graph\":[{\"@type\":\"WebSite\",\"@id\":\"https:\/\/franciscanos.org.br\/vidacrista\/#website\",\"url\":\"https:\/\/franciscanos.org.br\/vidacrista\/\",\"name\":\"Vida Crist\u00e3 - Franciscanos\",\"description\":\"Prov\u00edncia Franciscana da Imaculada Concei\u00e7\u00e3o do Brasil - Ordem dos Frades Menores\",\"potentialAction\":[{\"@type\":\"SearchAction\",\"target\":{\"@type\":\"EntryPoint\",\"urlTemplate\":\"https:\/\/franciscanos.org.br\/vidacrista\/?s={search_term_string}\"},\"query-input\":\"required name=search_term_string\"}],\"inLanguage\":\"pt-BR\"},{\"@type\":\"WebPage\",\"@id\":\"https:\/\/franciscanos.org.br\/vidacrista\/como-matar-a-saudade-de-deus\/\",\"url\":\"https:\/\/franciscanos.org.br\/vidacrista\/como-matar-a-saudade-de-deus\/\",\"name\":\"Como matar a saudade de Deus - Vida Crist\u00e3 - Franciscanos\",\"isPartOf\":{\"@id\":\"https:\/\/franciscanos.org.br\/vidacrista\/#website\"},\"datePublished\":\"2020-03-02T16:16:08+00:00\",\"dateModified\":\"2020-07-27T16:23:32+00:00\",\"author\":{\"@id\":\"https:\/\/franciscanos.org.br\/vidacrista\/#\/schema\/person\/1880bdd2c350b735648725ef7614736a\"},\"breadcrumb\":{\"@id\":\"https:\/\/franciscanos.org.br\/vidacrista\/como-matar-a-saudade-de-deus\/#breadcrumb\"},\"inLanguage\":\"pt-BR\",\"potentialAction\":[{\"@type\":\"ReadAction\",\"target\":[\"https:\/\/franciscanos.org.br\/vidacrista\/como-matar-a-saudade-de-deus\/\"]}]},{\"@type\":\"BreadcrumbList\",\"@id\":\"https:\/\/franciscanos.org.br\/vidacrista\/como-matar-a-saudade-de-deus\/#breadcrumb\",\"itemListElement\":[{\"@type\":\"ListItem\",\"position\":1,\"name\":\"Home\",\"item\":\"https:\/\/franciscanos.org.br\/vidacrista\/\"},{\"@type\":\"ListItem\",\"position\":2,\"name\":\"Como matar a saudade de Deus\"}]},{\"@type\":\"Person\",\"@id\":\"https:\/\/franciscanos.org.br\/vidacrista\/#\/schema\/person\/1880bdd2c350b735648725ef7614736a\",\"name\":\"moacir\",\"image\":{\"@type\":\"ImageObject\",\"inLanguage\":\"pt-BR\",\"@id\":\"https:\/\/franciscanos.org.br\/vidacrista\/#\/schema\/person\/image\/\",\"url\":\"https:\/\/secure.gravatar.com\/avatar\/d08aa2ce4c8dd416d4479aa8536fcf64?s=96&d=mm&r=g\",\"contentUrl\":\"https:\/\/secure.gravatar.com\/avatar\/d08aa2ce4c8dd416d4479aa8536fcf64?s=96&d=mm&r=g\",\"caption\":\"moacir\"},\"url\":\"https:\/\/franciscanos.org.br\/vidacrista\/author\/moacir\/\"}]}<\/script>\n<!-- \/ Yoast SEO plugin. -->","yoast_head_json":{"title":"Como matar a saudade de Deus - Vida Crist\u00e3 - Franciscanos","robots":{"index":"index","follow":"follow","max-snippet":"max-snippet:-1","max-image-preview":"max-image-preview:large","max-video-preview":"max-video-preview:-1"},"canonical":"https:\/\/franciscanos.org.br\/vidacrista\/como-matar-a-saudade-de-deus\/","og_locale":"pt_BR","og_type":"article","og_title":"Como matar a saudade de Deus - Vida Crist\u00e3 - Franciscanos","og_description":"Artigo de Leonardo Boff","og_url":"https:\/\/franciscanos.org.br\/vidacrista\/como-matar-a-saudade-de-deus\/","og_site_name":"Vida Crist\u00e3 - Franciscanos","article_published_time":"2020-03-02T16:16:08+00:00","article_modified_time":"2020-07-27T16:23:32+00:00","og_image":[{"width":800,"height":600,"url":"https:\/\/franciscanos.org.br\/vidacrista\/wp-content\/uploads\/2020\/03\/artigo_1007_3d.jpg","type":"image\/jpeg"}],"author":"moacir","twitter_card":"summary_large_image","twitter_misc":{"Escrito por":"moacir","Est. tempo de leitura":"5 minutos"},"schema":{"@context":"https:\/\/schema.org","@graph":[{"@type":"WebSite","@id":"https:\/\/franciscanos.org.br\/vidacrista\/#website","url":"https:\/\/franciscanos.org.br\/vidacrista\/","name":"Vida Crist\u00e3 - Franciscanos","description":"Prov\u00edncia Franciscana da Imaculada Concei\u00e7\u00e3o do Brasil - Ordem dos Frades Menores","potentialAction":[{"@type":"SearchAction","target":{"@type":"EntryPoint","urlTemplate":"https:\/\/franciscanos.org.br\/vidacrista\/?s={search_term_string}"},"query-input":"required name=search_term_string"}],"inLanguage":"pt-BR"},{"@type":"WebPage","@id":"https:\/\/franciscanos.org.br\/vidacrista\/como-matar-a-saudade-de-deus\/","url":"https:\/\/franciscanos.org.br\/vidacrista\/como-matar-a-saudade-de-deus\/","name":"Como matar a saudade de Deus - Vida Crist\u00e3 - Franciscanos","isPartOf":{"@id":"https:\/\/franciscanos.org.br\/vidacrista\/#website"},"datePublished":"2020-03-02T16:16:08+00:00","dateModified":"2020-07-27T16:23:32+00:00","author":{"@id":"https:\/\/franciscanos.org.br\/vidacrista\/#\/schema\/person\/1880bdd2c350b735648725ef7614736a"},"breadcrumb":{"@id":"https:\/\/franciscanos.org.br\/vidacrista\/como-matar-a-saudade-de-deus\/#breadcrumb"},"inLanguage":"pt-BR","potentialAction":[{"@type":"ReadAction","target":["https:\/\/franciscanos.org.br\/vidacrista\/como-matar-a-saudade-de-deus\/"]}]},{"@type":"BreadcrumbList","@id":"https:\/\/franciscanos.org.br\/vidacrista\/como-matar-a-saudade-de-deus\/#breadcrumb","itemListElement":[{"@type":"ListItem","position":1,"name":"Home","item":"https:\/\/franciscanos.org.br\/vidacrista\/"},{"@type":"ListItem","position":2,"name":"Como matar a saudade de Deus"}]},{"@type":"Person","@id":"https:\/\/franciscanos.org.br\/vidacrista\/#\/schema\/person\/1880bdd2c350b735648725ef7614736a","name":"moacir","image":{"@type":"ImageObject","inLanguage":"pt-BR","@id":"https:\/\/franciscanos.org.br\/vidacrista\/#\/schema\/person\/image\/","url":"https:\/\/secure.gravatar.com\/avatar\/d08aa2ce4c8dd416d4479aa8536fcf64?s=96&d=mm&r=g","contentUrl":"https:\/\/secure.gravatar.com\/avatar\/d08aa2ce4c8dd416d4479aa8536fcf64?s=96&d=mm&r=g","caption":"moacir"},"url":"https:\/\/franciscanos.org.br\/vidacrista\/author\/moacir\/"}]}},"_links":{"self":[{"href":"https:\/\/franciscanos.org.br\/vidacrista\/wp-json\/wp\/v2\/posts\/183635"}],"collection":[{"href":"https:\/\/franciscanos.org.br\/vidacrista\/wp-json\/wp\/v2\/posts"}],"about":[{"href":"https:\/\/franciscanos.org.br\/vidacrista\/wp-json\/wp\/v2\/types\/post"}],"author":[{"embeddable":true,"href":"https:\/\/franciscanos.org.br\/vidacrista\/wp-json\/wp\/v2\/users\/3"}],"replies":[{"embeddable":true,"href":"https:\/\/franciscanos.org.br\/vidacrista\/wp-json\/wp\/v2\/comments?post=183635"}],"version-history":[{"count":5,"href":"https:\/\/franciscanos.org.br\/vidacrista\/wp-json\/wp\/v2\/posts\/183635\/revisions"}],"predecessor-version":[{"id":187017,"href":"https:\/\/franciscanos.org.br\/vidacrista\/wp-json\/wp\/v2\/posts\/183635\/revisions\/187017"}],"wp:featuredmedia":[{"embeddable":true,"href":"https:\/\/franciscanos.org.br\/vidacrista\/wp-json\/wp\/v2\/media\/186532"}],"wp:attachment":[{"href":"https:\/\/franciscanos.org.br\/vidacrista\/wp-json\/wp\/v2\/media?parent=183635"}],"wp:term":[{"taxonomy":"category","embeddable":true,"href":"https:\/\/franciscanos.org.br\/vidacrista\/wp-json\/wp\/v2\/categories?post=183635"},{"taxonomy":"post_tag","embeddable":true,"href":"https:\/\/franciscanos.org.br\/vidacrista\/wp-json\/wp\/v2\/tags?post=183635"}],"curies":[{"name":"wp","href":"https:\/\/api.w.org\/{rel}","templated":true}]}}