{"id":183402,"date":"2020-02-04T17:26:56","date_gmt":"2020-02-04T20:26:56","guid":{"rendered":"https:\/\/franciscanos.org.br\/vidacrista\/?p=183402"},"modified":"2020-05-29T12:37:14","modified_gmt":"2020-05-29T15:37:14","slug":"o-que-importa-e-o-amor","status":"publish","type":"post","link":"https:\/\/franciscanos.org.br\/vidacrista\/o-que-importa-e-o-amor\/","title":{"rendered":"O que importa \u00e9 o amor"},"content":{"rendered":"<p><img decoding=\"async\" loading=\"lazy\" class=\"alignnone wp-image-183403 size-full\" src=\"https:\/\/franciscanos.org.br\/vidacrista\/wp-content\/uploads\/2020\/02\/cor_05.jpg\" alt=\"\" width=\"840\" height=\"500\" srcset=\"https:\/\/franciscanos.org.br\/vidacrista\/wp-content\/uploads\/2020\/02\/cor_05.jpg 840w, https:\/\/franciscanos.org.br\/vidacrista\/wp-content\/uploads\/2020\/02\/cor_05-450x268.jpg 450w, https:\/\/franciscanos.org.br\/vidacrista\/wp-content\/uploads\/2020\/02\/cor_05-768x457.jpg 768w, https:\/\/franciscanos.org.br\/vidacrista\/wp-content\/uploads\/2020\/02\/cor_05-150x89.jpg 150w\" sizes=\"(max-width: 840px) 100vw, 840px\" \/><\/p>\n<p><strong>Frei Almir Ribeiro Guimar\u00e3es<\/strong><\/p>\n<p>Gostamos de fazer uma pausa nas coisas que se repetem, muitas vezes com cinzenta monotonia, e contemplar, nas primeiras sextas-feiras de cada m\u00eas, o Cora\u00e7\u00e3o imenso do Redentor, o Cora\u00e7\u00e3o de Jesus, com renovado vigor. Damo-nos conta de que ent\u00e3o o amor parece arder mais intensamente dentro de n\u00f3s. Quantos e tantos amaram o Senhor Jesus de todo o cora\u00e7\u00e3o!<\/p>\n<p style=\"padding-left: 40px;\">Santo Anselmo assim escreveu:<\/p>\n<p style=\"padding-left: 40px;\">\u201c\u00d3 bom Senhor Jesus Cristo, quando eu estava na escurid\u00e3o, sem nada pedir ou esperar, tu me iluminaste como um sol, e me mostraste como eu era. Retiraste o chumbo que puxava para baixo e o fardo que por cima me esmagava. Afastaste os que me atacavam e, por minha causa, te opuseste a eles. Tu me chamaste por um nome novo, formado de teu pr\u00f3prio nome, e a mim que prostrado estava, ergueste-me perante tua face, tem confian\u00e7a, dizendo: \u201cTem confian\u00e7a, eu te resgatei (Is 43,1); eu te dei minha vida por ti. Se te unires a mim, escapar\u00e1s ao mal no abismo onde te precipitavas Eu te levarei para o meu Reino e farei de ti herdeiro de Deus e meu co-herdeiro\u201d (<em>Lecion\u00e1rio Mon\u00e1stico III, p. 711<\/em>).<\/p>\n<p>\u2666 Pode acontecer que as pessoas, mesmo as que nasceram numa fam\u00edlia crist\u00e3, que tenham sido batizadas na inf\u00e2ncia, pratiquem um religi\u00e3o mais ou menos rotineira, de f\u00f3rmulas e leis e n\u00e3o de amor pelo Amado. Pessoas em si boas. At\u00e9 certo ponto boas. Pessoas que poderiam ter um vi\u00e7o mais forte pelo fato de se dizerem crist\u00e3s. Outras nunca tiveram gosto por Cristo Jesus. Este n\u00e3o lhes foi apresentado. Ou foi mal apresentado. Foram vivendo sua vida aos trancos e barrancos. E mergulharam no n\u00e3o sentido de viver.<\/p>\n<p>\u2666 Pode ocorrer uma inesperada mudan\u00e7a no cora\u00e7\u00e3o das pessoas. Atrav\u00e9s de uma leitura, do encontro com pessoas que trazem no semblante os tra\u00e7os de Cristo, devido a um denso sofrimento, \u00e0 morte de um ente querido, \u00e0 chegada de um filho, tais pessoas come\u00e7am a sentir, dentro de si, uma for\u00e7a nova. Nesses momentos Cristo vivo pode irromper nessas vidas. Anselmo diz que estava na escurid\u00e3o e Cristo apareceu como uma luz. A claridade de Deus mostra o que pessoa \u00e9. Seus projetos de vida pequenos. Sua indiferen\u00e7a para aquilo que enobrece e engrandece o ser humano. Essa for\u00e7a de Cristo \u00e9 convite a que se tenha confian\u00e7a&#8230; uma porta se abre&#8230; uma vida nova pode borbulhar.<\/p>\n<p>\u2666 Estes momentos se constituem como um novo nascimento, uma ressurrei\u00e7\u00e3o. E aquele que \u00e9 tocado pelo Senhor se torna seu amigo, mensageiro de seu amor. A pessoa se sente soerguida. Nada mais lhe resta sen\u00e3o entregar-se ao Senhor. Sente desejo de amorosamente se unir a ele e agir \u00e0 sua maneira.<\/p>\n<p>\u2666 Ora, quando contemplamos a cruz do Senhor e o peito aberto do Amado tudo pode recome\u00e7ar: deixar de lado os caminhos da mediocridade, deixar de girar em torno do seu pequeno universo, desejo de dizer ao mundo inteiro que o amor precisa ser amado.<\/p>\n<p>\u2666 \u201cPe\u00e7o-te, meu Deus, faze com que eu te conhe\u00e7a e te ame, para encontrar em ti minha alegria. E se n\u00e3o o posso plenamente nesta vida, que ao menos me v\u00e1 aproximando, dia ap\u00f3s dia, dessa plenitude. Cres\u00e7a agora em mim o conhecimento de ti, para que chegue um dia ao conhecimento perfeito; cres\u00e7a agora em mim o amor por ti a fim de que chegue um dia \u00e0 plenitude do amor; seja agora minha alegria grande em esperan\u00e7a, para que um dia seja plena mediante a posse da realidade\u201d <em>(Sto. Anselmo, Lecion\u00e1rio Mon\u00e1stico III, p.707<\/em>).<\/p>\n","protected":false},"excerpt":{"rendered":"<p>Primeira Sexta-feira do M\u00eas<\/p>\n","protected":false},"author":3,"featured_media":185094,"comment_status":"open","ping_status":"open","sticky":false,"template":"","format":"standard","meta":{"footnotes":""},"categories":[105],"tags":[106],"yoast_head":"<!-- This site is optimized with the Yoast SEO plugin v19.4 - https:\/\/yoast.com\/wordpress\/plugins\/seo\/ -->\n<title>O que importa \u00e9 o amor - Vida Crist\u00e3 - Franciscanos<\/title>\n<meta name=\"robots\" content=\"index, follow, max-snippet:-1, max-image-preview:large, max-video-preview:-1\" \/>\n<link rel=\"canonical\" href=\"https:\/\/franciscanos.org.br\/vidacrista\/o-que-importa-e-o-amor\/\" \/>\n<meta property=\"og:locale\" content=\"pt_BR\" \/>\n<meta property=\"og:type\" content=\"article\" \/>\n<meta property=\"og:title\" content=\"O que importa \u00e9 o amor - Vida Crist\u00e3 - Franciscanos\" \/>\n<meta property=\"og:description\" content=\"Primeira Sexta-feira do M\u00eas\" \/>\n<meta property=\"og:url\" content=\"https:\/\/franciscanos.org.br\/vidacrista\/o-que-importa-e-o-amor\/\" \/>\n<meta property=\"og:site_name\" content=\"Vida Crist\u00e3 - Franciscanos\" \/>\n<meta property=\"article:published_time\" content=\"2020-02-04T20:26:56+00:00\" \/>\n<meta property=\"article:modified_time\" content=\"2020-05-29T15:37:14+00:00\" \/>\n<meta property=\"og:image\" content=\"https:\/\/franciscanos.org.br\/vidacrista\/wp-content\/uploads\/2020\/02\/cor_05-1.jpg\" \/>\n\t<meta property=\"og:image:width\" content=\"800\" \/>\n\t<meta property=\"og:image:height\" content=\"600\" \/>\n\t<meta property=\"og:image:type\" content=\"image\/jpeg\" \/>\n<meta name=\"author\" content=\"moacir\" \/>\n<meta name=\"twitter:card\" content=\"summary_large_image\" \/>\n<meta name=\"twitter:label1\" content=\"Escrito por\" \/>\n\t<meta name=\"twitter:data1\" content=\"moacir\" \/>\n\t<meta name=\"twitter:label2\" content=\"Est. tempo de leitura\" \/>\n\t<meta name=\"twitter:data2\" content=\"3 minutos\" \/>\n<script type=\"application\/ld+json\" class=\"yoast-schema-graph\">{\"@context\":\"https:\/\/schema.org\",\"@graph\":[{\"@type\":\"WebSite\",\"@id\":\"https:\/\/franciscanos.org.br\/vidacrista\/#website\",\"url\":\"https:\/\/franciscanos.org.br\/vidacrista\/\",\"name\":\"Vida Crist\u00e3 - Franciscanos\",\"description\":\"Prov\u00edncia Franciscana da Imaculada Concei\u00e7\u00e3o do Brasil - Ordem dos Frades Menores\",\"potentialAction\":[{\"@type\":\"SearchAction\",\"target\":{\"@type\":\"EntryPoint\",\"urlTemplate\":\"https:\/\/franciscanos.org.br\/vidacrista\/?s={search_term_string}\"},\"query-input\":\"required name=search_term_string\"}],\"inLanguage\":\"pt-BR\"},{\"@type\":\"WebPage\",\"@id\":\"https:\/\/franciscanos.org.br\/vidacrista\/o-que-importa-e-o-amor\/\",\"url\":\"https:\/\/franciscanos.org.br\/vidacrista\/o-que-importa-e-o-amor\/\",\"name\":\"O que importa \u00e9 o amor - Vida Crist\u00e3 - Franciscanos\",\"isPartOf\":{\"@id\":\"https:\/\/franciscanos.org.br\/vidacrista\/#website\"},\"datePublished\":\"2020-02-04T20:26:56+00:00\",\"dateModified\":\"2020-05-29T15:37:14+00:00\",\"author\":{\"@id\":\"https:\/\/franciscanos.org.br\/vidacrista\/#\/schema\/person\/1880bdd2c350b735648725ef7614736a\"},\"breadcrumb\":{\"@id\":\"https:\/\/franciscanos.org.br\/vidacrista\/o-que-importa-e-o-amor\/#breadcrumb\"},\"inLanguage\":\"pt-BR\",\"potentialAction\":[{\"@type\":\"ReadAction\",\"target\":[\"https:\/\/franciscanos.org.br\/vidacrista\/o-que-importa-e-o-amor\/\"]}]},{\"@type\":\"BreadcrumbList\",\"@id\":\"https:\/\/franciscanos.org.br\/vidacrista\/o-que-importa-e-o-amor\/#breadcrumb\",\"itemListElement\":[{\"@type\":\"ListItem\",\"position\":1,\"name\":\"Home\",\"item\":\"https:\/\/franciscanos.org.br\/vidacrista\/\"},{\"@type\":\"ListItem\",\"position\":2,\"name\":\"O que importa \u00e9 o amor\"}]},{\"@type\":\"Person\",\"@id\":\"https:\/\/franciscanos.org.br\/vidacrista\/#\/schema\/person\/1880bdd2c350b735648725ef7614736a\",\"name\":\"moacir\",\"image\":{\"@type\":\"ImageObject\",\"inLanguage\":\"pt-BR\",\"@id\":\"https:\/\/franciscanos.org.br\/vidacrista\/#\/schema\/person\/image\/\",\"url\":\"https:\/\/secure.gravatar.com\/avatar\/d08aa2ce4c8dd416d4479aa8536fcf64?s=96&d=mm&r=g\",\"contentUrl\":\"https:\/\/secure.gravatar.com\/avatar\/d08aa2ce4c8dd416d4479aa8536fcf64?s=96&d=mm&r=g\",\"caption\":\"moacir\"},\"url\":\"https:\/\/franciscanos.org.br\/vidacrista\/author\/moacir\/\"}]}<\/script>\n<!-- \/ Yoast SEO plugin. -->","yoast_head_json":{"title":"O que importa \u00e9 o amor - Vida Crist\u00e3 - Franciscanos","robots":{"index":"index","follow":"follow","max-snippet":"max-snippet:-1","max-image-preview":"max-image-preview:large","max-video-preview":"max-video-preview:-1"},"canonical":"https:\/\/franciscanos.org.br\/vidacrista\/o-que-importa-e-o-amor\/","og_locale":"pt_BR","og_type":"article","og_title":"O que importa \u00e9 o amor - Vida Crist\u00e3 - Franciscanos","og_description":"Primeira Sexta-feira do M\u00eas","og_url":"https:\/\/franciscanos.org.br\/vidacrista\/o-que-importa-e-o-amor\/","og_site_name":"Vida Crist\u00e3 - Franciscanos","article_published_time":"2020-02-04T20:26:56+00:00","article_modified_time":"2020-05-29T15:37:14+00:00","og_image":[{"width":800,"height":600,"url":"https:\/\/franciscanos.org.br\/vidacrista\/wp-content\/uploads\/2020\/02\/cor_05-1.jpg","type":"image\/jpeg"}],"author":"moacir","twitter_card":"summary_large_image","twitter_misc":{"Escrito por":"moacir","Est. tempo de leitura":"3 minutos"},"schema":{"@context":"https:\/\/schema.org","@graph":[{"@type":"WebSite","@id":"https:\/\/franciscanos.org.br\/vidacrista\/#website","url":"https:\/\/franciscanos.org.br\/vidacrista\/","name":"Vida Crist\u00e3 - Franciscanos","description":"Prov\u00edncia Franciscana da Imaculada Concei\u00e7\u00e3o do Brasil - Ordem dos Frades Menores","potentialAction":[{"@type":"SearchAction","target":{"@type":"EntryPoint","urlTemplate":"https:\/\/franciscanos.org.br\/vidacrista\/?s={search_term_string}"},"query-input":"required name=search_term_string"}],"inLanguage":"pt-BR"},{"@type":"WebPage","@id":"https:\/\/franciscanos.org.br\/vidacrista\/o-que-importa-e-o-amor\/","url":"https:\/\/franciscanos.org.br\/vidacrista\/o-que-importa-e-o-amor\/","name":"O que importa \u00e9 o amor - Vida Crist\u00e3 - Franciscanos","isPartOf":{"@id":"https:\/\/franciscanos.org.br\/vidacrista\/#website"},"datePublished":"2020-02-04T20:26:56+00:00","dateModified":"2020-05-29T15:37:14+00:00","author":{"@id":"https:\/\/franciscanos.org.br\/vidacrista\/#\/schema\/person\/1880bdd2c350b735648725ef7614736a"},"breadcrumb":{"@id":"https:\/\/franciscanos.org.br\/vidacrista\/o-que-importa-e-o-amor\/#breadcrumb"},"inLanguage":"pt-BR","potentialAction":[{"@type":"ReadAction","target":["https:\/\/franciscanos.org.br\/vidacrista\/o-que-importa-e-o-amor\/"]}]},{"@type":"BreadcrumbList","@id":"https:\/\/franciscanos.org.br\/vidacrista\/o-que-importa-e-o-amor\/#breadcrumb","itemListElement":[{"@type":"ListItem","position":1,"name":"Home","item":"https:\/\/franciscanos.org.br\/vidacrista\/"},{"@type":"ListItem","position":2,"name":"O que importa \u00e9 o amor"}]},{"@type":"Person","@id":"https:\/\/franciscanos.org.br\/vidacrista\/#\/schema\/person\/1880bdd2c350b735648725ef7614736a","name":"moacir","image":{"@type":"ImageObject","inLanguage":"pt-BR","@id":"https:\/\/franciscanos.org.br\/vidacrista\/#\/schema\/person\/image\/","url":"https:\/\/secure.gravatar.com\/avatar\/d08aa2ce4c8dd416d4479aa8536fcf64?s=96&d=mm&r=g","contentUrl":"https:\/\/secure.gravatar.com\/avatar\/d08aa2ce4c8dd416d4479aa8536fcf64?s=96&d=mm&r=g","caption":"moacir"},"url":"https:\/\/franciscanos.org.br\/vidacrista\/author\/moacir\/"}]}},"_links":{"self":[{"href":"https:\/\/franciscanos.org.br\/vidacrista\/wp-json\/wp\/v2\/posts\/183402"}],"collection":[{"href":"https:\/\/franciscanos.org.br\/vidacrista\/wp-json\/wp\/v2\/posts"}],"about":[{"href":"https:\/\/franciscanos.org.br\/vidacrista\/wp-json\/wp\/v2\/types\/post"}],"author":[{"embeddable":true,"href":"https:\/\/franciscanos.org.br\/vidacrista\/wp-json\/wp\/v2\/users\/3"}],"replies":[{"embeddable":true,"href":"https:\/\/franciscanos.org.br\/vidacrista\/wp-json\/wp\/v2\/comments?post=183402"}],"version-history":[{"count":1,"href":"https:\/\/franciscanos.org.br\/vidacrista\/wp-json\/wp\/v2\/posts\/183402\/revisions"}],"predecessor-version":[{"id":183405,"href":"https:\/\/franciscanos.org.br\/vidacrista\/wp-json\/wp\/v2\/posts\/183402\/revisions\/183405"}],"wp:featuredmedia":[{"embeddable":true,"href":"https:\/\/franciscanos.org.br\/vidacrista\/wp-json\/wp\/v2\/media\/185094"}],"wp:attachment":[{"href":"https:\/\/franciscanos.org.br\/vidacrista\/wp-json\/wp\/v2\/media?parent=183402"}],"wp:term":[{"taxonomy":"category","embeddable":true,"href":"https:\/\/franciscanos.org.br\/vidacrista\/wp-json\/wp\/v2\/categories?post=183402"},{"taxonomy":"post_tag","embeddable":true,"href":"https:\/\/franciscanos.org.br\/vidacrista\/wp-json\/wp\/v2\/tags?post=183402"}],"curies":[{"name":"wp","href":"https:\/\/api.w.org\/{rel}","templated":true}]}}