{"id":183336,"date":"2020-01-31T15:04:44","date_gmt":"2020-01-31T18:04:44","guid":{"rendered":"https:\/\/franciscanos.org.br\/vidacrista\/?p=183336"},"modified":"2020-07-27T13:53:22","modified_gmt":"2020-07-27T16:53:22","slug":"brumadinhodoi-demais-o-jeito-que-voces-foram-embora","status":"publish","type":"post","link":"https:\/\/franciscanos.org.br\/vidacrista\/brumadinhodoi-demais-o-jeito-que-voces-foram-embora\/","title":{"rendered":"Brumadinho: &#8220;D\u00f3i demais o jeito que voc\u00eas foram embora\u201d"},"content":{"rendered":"<div id=\"header\" class=\"clear\">\n<div id=\"description\"><\/div>\n<\/div>\n<div id=\"content\" class=\"pad\">\n<div id=\"post-7141\" class=\"post-7141 post type-post status-publish format-standard hentry category-etica category-ciencia category-ecologia category-economia category-espiritualidade category-historia category-politica category-religiao category-teologia\">\n<div class=\"post-header\">\n<div>\n<div id=\"attachment_183337\" style=\"width: 850px\" class=\"wp-caption alignnone\"><img aria-describedby=\"caption-attachment-183337\" decoding=\"async\" loading=\"lazy\" class=\"wp-image-183337 size-full\" src=\"https:\/\/franciscanos.org.br\/vidacrista\/wp-content\/uploads\/2020\/01\/boff.jpg\" alt=\"\" width=\"840\" height=\"560\" srcset=\"https:\/\/franciscanos.org.br\/vidacrista\/wp-content\/uploads\/2020\/01\/boff.jpg 840w, https:\/\/franciscanos.org.br\/vidacrista\/wp-content\/uploads\/2020\/01\/boff-450x300.jpg 450w, https:\/\/franciscanos.org.br\/vidacrista\/wp-content\/uploads\/2020\/01\/boff-768x512.jpg 768w, https:\/\/franciscanos.org.br\/vidacrista\/wp-content\/uploads\/2020\/01\/boff-150x100.jpg 150w\" sizes=\"(max-width: 840px) 100vw, 840px\" \/><p id=\"caption-attachment-183337\" class=\"wp-caption-text\">\u00a0 \u00a0 \u00a0 \u00a0 \u00a0 \u00a0 \u00a0 \u00a0 \u00a0 \u00a0 \u00a0 \u00a0 \u00a0 \u00a0 \u00a0 \u00a0 \u00a0 \u00a0 \u00a0 \u00a0 \u00a0 \u00a0 \u00a0 \u00a0 \u00a0 \u00a0 \u00a0 \u00a0 \u00a0 \u00a0 \u00a0 \u00a0 \u00a0 \u00a0 \u00a0 \u00a0 \u00a0 \u00a0 \u00a0 \u00a0 \u00a0 \u00a0 \u00a0 \u00a0 \u00a0 \u00a0 \u00a0 \u00a0 \u00a0 \u00a0 \u00a0 \u00a0 \u00a0 \u00a0 \u00a0 \u00a0 \u00a0 \u00a0<em>Imagem ilustrativa (fonte: Acervo Prov\u00edncia da Imaculada)<\/em><\/p><\/div>\n<\/div>\n<div><\/div>\n<div class=\"date\"><strong>Leonardo Boff<\/strong><\/div>\n<\/div>\n<div class=\"meta clear\">\n<div class=\"tags\"><\/div>\n<div class=\"author\">No dia 25 de janeiro de 2020 se celebrou em Brumadinho-MG um ato de recorda\u00e7\u00e3o do tr\u00e1gico desastre criminoso do rompimento da barreira da Vale S.A. Ferem-nos os olhos e rompem os nossos cora\u00e7\u00f5es aquelas imagens mostradas pela TV: a libera\u00e7\u00e3o de 12 milh\u00f5es de metros c\u00fabicos de rejeitos, o sepultamento sob ondas de lama e morte de 274 pessoas, os danos \u00e0 economia de milhares de fam\u00edlias camponeses, ind\u00edgenas e quilombolas, os impactos qu\u00edmicos dos metais que v\u00e3o se sedimentar no fundo dos rios, a contamina\u00e7\u00e3o dos ecossistemas, da flora, da fauna e das matas ciliares dos rios. A velocidade da onda assassina era de 80 km por hora. \u00c9 o maior desastre de mineradoras do mundo, com mais v\u00edtimas do que aquele de Stava na It\u00e1lia, em 1985, que dizimou 267 pessoas. Aqui foram 274.<\/div>\n<\/div>\n<div class=\"entry clear\">\n<p>A celebra\u00e7\u00e3o foi minuciosamente preparada, com uma grande romaria, acorrendo pessoas de todas as partes do Brasil e de diversas igrejas. O lema era: &#8220;<em>Porque a vida Vale mais<\/em>\u201d. Ou: &#8220;<em>A vida Vale mais do que o lucro<\/em>\u201d. O momento talvez mais comovedor ocorreu na \u201cm\u00edstica\u201d feita pelos parentes das v\u00edtimas, com testemunhos, poesias e c\u00e2nticos e a soltura de 274 bal\u00f5es (n\u00famero das v\u00edtimas) com a inscri\u00e7\u00e3o: &#8220;<em>D\u00f3i demais o jeito que voc\u00eas foram embora\u201d<\/em>. Eles subiram para o alto, rumo ao c\u00e9u, onde as v\u00edtimas, chamadas de \u201cnossas j\u00f3ias\u201d, estar\u00e3o no seio de Deus Pai e M\u00e3e de infinita bondade.<\/p>\n<p>Para todas as inst\u00e2ncias at\u00e9 oficiais houve descaso culposo da Vale, mesmo ciente na inseguran\u00e7a da barragem e dos riscos para as popula\u00e7\u00f5es circunvizinhas. Por isso n\u00e3o ocorreu um acidente mas um trag\u00e9dia criminosa cujos respons\u00e1veis est\u00e3o sendo indiciados por v\u00e1rios tipos de crime.<\/p>\n<p>Estabeleceu-se, desde ent\u00e3o, um embate entre duas leituras: a da mineradora Vale que insiste no fato do acidente e de sua relut\u00e2ncia em reparar adequadamente os danos e de fazer as compensa\u00e7\u00f5es necess\u00e1rias aos parentes dos vitimados. Orgulhosamente se auto-apresenta \u201ccomo uma mineradora global que transforma recursos naturais em prosperidade e desenvolvimento sustent\u00e1vel. Com sede no Brasil e atua\u00e7\u00e3o em cerca de 30 pa\u00edses, a empresa emprega aproximadamente cerca de 125 mil empregados, entre pr\u00f3prios e terceiros permanentes\u201d. Esquece que em 2012 foi eleita pelo\u00a0<em>Public Eye People\u2019s\u201d<\/em> a pior empresa do mundo, o \u201cOscar da Vergonha\u201d. Dentro da l\u00f3gica do capital, visa apenas o lucro mesmo \u00e0 custa de vidas humanas. Para novembro de 2019 estavam previstos (mas ainda sub j\u00fadice) 7.25 bilh\u00f5es de reais como dividendos para os acionistas. Mas nas negocia\u00e7\u00f5es com os parentes das v\u00edtimas e face aos danos a toda uma regi\u00e3o, se mostra dura e chantageia a popula\u00e7\u00e3o, caso n\u00e3o aderir a suas propostas: n\u00e3o haver\u00e1 empregos e prosperidade para a regi\u00e3o. \u00c9 um engodo, pois, pela nefasta Lei Kandir a Vale n\u00e3o paga nenhum imposto sobre a exporta\u00e7\u00e3o e apenas 2% como Compensa\u00e7\u00e3o Financeira pela Explora\u00e7\u00e3o de Recursos Minerais. Portanto,o lucro principal n\u00e3o vai para o Brasil e para a popula\u00e7\u00e3o.<\/p>\n<p>A outra leitura \u00e9 levada avante pela Arquidiocese, especialmente pelo bispo local Dom Vicente Ferreira e por suas duas ex\u00edmias auxiliares, Marina Oliveira e Camila Rodrigues que largaram seus afazeres e estudos para liderarem as li\u00e7\u00f5es a serem tiradas do fato criminoso. Trata-se de mostrar para a popula\u00e7\u00e3o que este modo de organizar a minera\u00e7\u00e3o e buscar o lucro \u00e9 pr\u00f3pria do sistema do capital. Ele produz uma dupla injusti\u00e7a: uma,\u00a0<em>social,<\/em>\u00a0explorando a m\u00e3o de obra e outra,\u00a0<em>ecol\u00f3gica<\/em>, devastando a natureza circundante. Ele se mostra inimigo da vida da natureza e da vida humana, como bem o mostra o Papa Francisco em sua enc\u00edclica de ecologia integral\u201d <em>sobre o cuidado da Casa Comum<\/em>\u201d. As mudan\u00e7as devem come\u00e7ar com cada um, como cuidar da casa, da \u00e1gua, do lixo,de cada \u00e1rvore e dos animais. Importa n\u00e3o ficar ref\u00e9m de uma empresa que apenas promete emprego mas a pre\u00e7o de contaminar a atmosfera e afetar a vida especialmente das crian\u00e7as. Devemos ser inventivos e buscar formas alternativas de garantir a vida de todos, mais s\u00e3 e melhor compartilhada.<\/p>\n<p>O bispo Dom Vicente usa suas habilidades pessoais para suscitar este novo n\u00edvel de consci\u00eancia na popula\u00e7\u00e3o, pois \u00e9 poeta, cantador e tocador de viol\u00e3o. Encontra dura oposi\u00e7\u00e3o de cat\u00f3licos carism\u00e1ticos e outros apoiados pela Vale, que n\u00e3o veem nisso o cumprimento do mandato divino de \u201ccuidar e proteger\u201d o jardim do \u00c9den, mas como mera pol\u00edtica. Assim se mostram sem empatia para com os parentes das v\u00edtimas. Conservadores querem reduzir \u00e0 f\u00e9 apenas ao espa\u00e7o do religioso, sem ter aprendido a li\u00e7\u00e3o do Conc\u00edlio Vaticano II que fazer pol\u00edtica \u201ce o mais alto ato de amor\u201d, n\u00e3o pol\u00edtica partid\u00e1ria, mas pol\u00edtica como bem comum, como solidariedade com aqueles que mais sofrem e pol\u00edtica como defesa dos direitos de cada pessoa humana e da natureza. Sua f\u00e9 \u00e9 est\u00e9ril, pois n\u00e3o leva \u00e0 salva\u00e7\u00e3o. O que salva n\u00e3o s\u00e3o pr\u00e9dicas mas pr\u00e1ticas, de amor, de compaix\u00e3o e de solidariedade como vem sendo feitas pelo \u201cComit\u00e9 de Apoio e Solidariedade aos Atingidos pelos Crimes da Vale\u201d e pela pastoral de Dom Vicente Ferreira e de seus auxiliares.<\/p>\n<p>N\u00f3s que l\u00e1 estivemos nas celebra\u00e7\u00f5es, damos este testemunho. E o nosso testemunho \u00e9 verdadeiro.<\/p>\n<hr \/>\n<p><strong>Leonardo Boff<\/strong> <em>\u00e9 te\u00f3logo e fil\u00f3sofo e escreveu \u201cComo\u00a0cuidar da Casa Comum\u201d, Vozes 2018.<\/em><\/p>\n<\/div>\n<\/div>\n<\/div>\n","protected":false},"excerpt":{"rendered":"<p>Artigo de Leonardo Boff<\/p>\n","protected":false},"author":3,"featured_media":184420,"comment_status":"open","ping_status":"open","sticky":false,"template":"","format":"standard","meta":{"footnotes":""},"categories":[26],"tags":[59],"yoast_head":"<!-- This site is optimized with the Yoast SEO plugin v19.4 - https:\/\/yoast.com\/wordpress\/plugins\/seo\/ -->\n<title>Brumadinho: &quot;D\u00f3i demais o jeito que voc\u00eas foram embora\u201d - Vida Crist\u00e3 - Franciscanos<\/title>\n<meta name=\"robots\" content=\"index, follow, max-snippet:-1, max-image-preview:large, max-video-preview:-1\" \/>\n<link rel=\"canonical\" href=\"https:\/\/franciscanos.org.br\/vidacrista\/brumadinhodoi-demais-o-jeito-que-voces-foram-embora\/\" \/>\n<meta property=\"og:locale\" content=\"pt_BR\" \/>\n<meta property=\"og:type\" content=\"article\" \/>\n<meta property=\"og:title\" content=\"Brumadinho: &quot;D\u00f3i demais o jeito que voc\u00eas foram embora\u201d - Vida Crist\u00e3 - Franciscanos\" \/>\n<meta property=\"og:description\" content=\"Artigo de Leonardo Boff\" \/>\n<meta property=\"og:url\" content=\"https:\/\/franciscanos.org.br\/vidacrista\/brumadinhodoi-demais-o-jeito-que-voces-foram-embora\/\" \/>\n<meta property=\"og:site_name\" content=\"Vida Crist\u00e3 - Franciscanos\" \/>\n<meta property=\"article:published_time\" content=\"2020-01-31T18:04:44+00:00\" \/>\n<meta property=\"article:modified_time\" content=\"2020-07-27T16:53:22+00:00\" \/>\n<meta property=\"og:image\" content=\"https:\/\/franciscanos.org.br\/vidacrista\/wp-content\/uploads\/2020\/01\/boff-1.jpg\" \/>\n\t<meta property=\"og:image:width\" content=\"800\" \/>\n\t<meta property=\"og:image:height\" content=\"600\" \/>\n\t<meta property=\"og:image:type\" content=\"image\/jpeg\" \/>\n<meta name=\"author\" content=\"moacir\" \/>\n<meta name=\"twitter:card\" content=\"summary_large_image\" \/>\n<meta name=\"twitter:label1\" content=\"Escrito por\" \/>\n\t<meta name=\"twitter:data1\" content=\"moacir\" \/>\n\t<meta name=\"twitter:label2\" content=\"Est. tempo de leitura\" \/>\n\t<meta name=\"twitter:data2\" content=\"5 minutos\" \/>\n<script type=\"application\/ld+json\" class=\"yoast-schema-graph\">{\"@context\":\"https:\/\/schema.org\",\"@graph\":[{\"@type\":\"WebSite\",\"@id\":\"https:\/\/franciscanos.org.br\/vidacrista\/#website\",\"url\":\"https:\/\/franciscanos.org.br\/vidacrista\/\",\"name\":\"Vida Crist\u00e3 - Franciscanos\",\"description\":\"Prov\u00edncia Franciscana da Imaculada Concei\u00e7\u00e3o do Brasil - Ordem dos Frades Menores\",\"potentialAction\":[{\"@type\":\"SearchAction\",\"target\":{\"@type\":\"EntryPoint\",\"urlTemplate\":\"https:\/\/franciscanos.org.br\/vidacrista\/?s={search_term_string}\"},\"query-input\":\"required name=search_term_string\"}],\"inLanguage\":\"pt-BR\"},{\"@type\":\"WebPage\",\"@id\":\"https:\/\/franciscanos.org.br\/vidacrista\/brumadinhodoi-demais-o-jeito-que-voces-foram-embora\/\",\"url\":\"https:\/\/franciscanos.org.br\/vidacrista\/brumadinhodoi-demais-o-jeito-que-voces-foram-embora\/\",\"name\":\"Brumadinho: \\\"D\u00f3i demais o jeito que voc\u00eas foram embora\u201d - Vida Crist\u00e3 - Franciscanos\",\"isPartOf\":{\"@id\":\"https:\/\/franciscanos.org.br\/vidacrista\/#website\"},\"datePublished\":\"2020-01-31T18:04:44+00:00\",\"dateModified\":\"2020-07-27T16:53:22+00:00\",\"author\":{\"@id\":\"https:\/\/franciscanos.org.br\/vidacrista\/#\/schema\/person\/1880bdd2c350b735648725ef7614736a\"},\"breadcrumb\":{\"@id\":\"https:\/\/franciscanos.org.br\/vidacrista\/brumadinhodoi-demais-o-jeito-que-voces-foram-embora\/#breadcrumb\"},\"inLanguage\":\"pt-BR\",\"potentialAction\":[{\"@type\":\"ReadAction\",\"target\":[\"https:\/\/franciscanos.org.br\/vidacrista\/brumadinhodoi-demais-o-jeito-que-voces-foram-embora\/\"]}]},{\"@type\":\"BreadcrumbList\",\"@id\":\"https:\/\/franciscanos.org.br\/vidacrista\/brumadinhodoi-demais-o-jeito-que-voces-foram-embora\/#breadcrumb\",\"itemListElement\":[{\"@type\":\"ListItem\",\"position\":1,\"name\":\"Home\",\"item\":\"https:\/\/franciscanos.org.br\/vidacrista\/\"},{\"@type\":\"ListItem\",\"position\":2,\"name\":\"Brumadinho: &#8220;D\u00f3i demais o jeito que voc\u00eas foram embora\u201d\"}]},{\"@type\":\"Person\",\"@id\":\"https:\/\/franciscanos.org.br\/vidacrista\/#\/schema\/person\/1880bdd2c350b735648725ef7614736a\",\"name\":\"moacir\",\"image\":{\"@type\":\"ImageObject\",\"inLanguage\":\"pt-BR\",\"@id\":\"https:\/\/franciscanos.org.br\/vidacrista\/#\/schema\/person\/image\/\",\"url\":\"https:\/\/secure.gravatar.com\/avatar\/d08aa2ce4c8dd416d4479aa8536fcf64?s=96&d=mm&r=g\",\"contentUrl\":\"https:\/\/secure.gravatar.com\/avatar\/d08aa2ce4c8dd416d4479aa8536fcf64?s=96&d=mm&r=g\",\"caption\":\"moacir\"},\"url\":\"https:\/\/franciscanos.org.br\/vidacrista\/author\/moacir\/\"}]}<\/script>\n<!-- \/ Yoast SEO plugin. -->","yoast_head_json":{"title":"Brumadinho: \"D\u00f3i demais o jeito que voc\u00eas foram embora\u201d - Vida Crist\u00e3 - Franciscanos","robots":{"index":"index","follow":"follow","max-snippet":"max-snippet:-1","max-image-preview":"max-image-preview:large","max-video-preview":"max-video-preview:-1"},"canonical":"https:\/\/franciscanos.org.br\/vidacrista\/brumadinhodoi-demais-o-jeito-que-voces-foram-embora\/","og_locale":"pt_BR","og_type":"article","og_title":"Brumadinho: \"D\u00f3i demais o jeito que voc\u00eas foram embora\u201d - Vida Crist\u00e3 - Franciscanos","og_description":"Artigo de Leonardo Boff","og_url":"https:\/\/franciscanos.org.br\/vidacrista\/brumadinhodoi-demais-o-jeito-que-voces-foram-embora\/","og_site_name":"Vida Crist\u00e3 - Franciscanos","article_published_time":"2020-01-31T18:04:44+00:00","article_modified_time":"2020-07-27T16:53:22+00:00","og_image":[{"width":800,"height":600,"url":"https:\/\/franciscanos.org.br\/vidacrista\/wp-content\/uploads\/2020\/01\/boff-1.jpg","type":"image\/jpeg"}],"author":"moacir","twitter_card":"summary_large_image","twitter_misc":{"Escrito por":"moacir","Est. tempo de leitura":"5 minutos"},"schema":{"@context":"https:\/\/schema.org","@graph":[{"@type":"WebSite","@id":"https:\/\/franciscanos.org.br\/vidacrista\/#website","url":"https:\/\/franciscanos.org.br\/vidacrista\/","name":"Vida Crist\u00e3 - Franciscanos","description":"Prov\u00edncia Franciscana da Imaculada Concei\u00e7\u00e3o do Brasil - Ordem dos Frades Menores","potentialAction":[{"@type":"SearchAction","target":{"@type":"EntryPoint","urlTemplate":"https:\/\/franciscanos.org.br\/vidacrista\/?s={search_term_string}"},"query-input":"required name=search_term_string"}],"inLanguage":"pt-BR"},{"@type":"WebPage","@id":"https:\/\/franciscanos.org.br\/vidacrista\/brumadinhodoi-demais-o-jeito-que-voces-foram-embora\/","url":"https:\/\/franciscanos.org.br\/vidacrista\/brumadinhodoi-demais-o-jeito-que-voces-foram-embora\/","name":"Brumadinho: \"D\u00f3i demais o jeito que voc\u00eas foram embora\u201d - Vida Crist\u00e3 - Franciscanos","isPartOf":{"@id":"https:\/\/franciscanos.org.br\/vidacrista\/#website"},"datePublished":"2020-01-31T18:04:44+00:00","dateModified":"2020-07-27T16:53:22+00:00","author":{"@id":"https:\/\/franciscanos.org.br\/vidacrista\/#\/schema\/person\/1880bdd2c350b735648725ef7614736a"},"breadcrumb":{"@id":"https:\/\/franciscanos.org.br\/vidacrista\/brumadinhodoi-demais-o-jeito-que-voces-foram-embora\/#breadcrumb"},"inLanguage":"pt-BR","potentialAction":[{"@type":"ReadAction","target":["https:\/\/franciscanos.org.br\/vidacrista\/brumadinhodoi-demais-o-jeito-que-voces-foram-embora\/"]}]},{"@type":"BreadcrumbList","@id":"https:\/\/franciscanos.org.br\/vidacrista\/brumadinhodoi-demais-o-jeito-que-voces-foram-embora\/#breadcrumb","itemListElement":[{"@type":"ListItem","position":1,"name":"Home","item":"https:\/\/franciscanos.org.br\/vidacrista\/"},{"@type":"ListItem","position":2,"name":"Brumadinho: &#8220;D\u00f3i demais o jeito que voc\u00eas foram embora\u201d"}]},{"@type":"Person","@id":"https:\/\/franciscanos.org.br\/vidacrista\/#\/schema\/person\/1880bdd2c350b735648725ef7614736a","name":"moacir","image":{"@type":"ImageObject","inLanguage":"pt-BR","@id":"https:\/\/franciscanos.org.br\/vidacrista\/#\/schema\/person\/image\/","url":"https:\/\/secure.gravatar.com\/avatar\/d08aa2ce4c8dd416d4479aa8536fcf64?s=96&d=mm&r=g","contentUrl":"https:\/\/secure.gravatar.com\/avatar\/d08aa2ce4c8dd416d4479aa8536fcf64?s=96&d=mm&r=g","caption":"moacir"},"url":"https:\/\/franciscanos.org.br\/vidacrista\/author\/moacir\/"}]}},"_links":{"self":[{"href":"https:\/\/franciscanos.org.br\/vidacrista\/wp-json\/wp\/v2\/posts\/183336"}],"collection":[{"href":"https:\/\/franciscanos.org.br\/vidacrista\/wp-json\/wp\/v2\/posts"}],"about":[{"href":"https:\/\/franciscanos.org.br\/vidacrista\/wp-json\/wp\/v2\/types\/post"}],"author":[{"embeddable":true,"href":"https:\/\/franciscanos.org.br\/vidacrista\/wp-json\/wp\/v2\/users\/3"}],"replies":[{"embeddable":true,"href":"https:\/\/franciscanos.org.br\/vidacrista\/wp-json\/wp\/v2\/comments?post=183336"}],"version-history":[{"count":5,"href":"https:\/\/franciscanos.org.br\/vidacrista\/wp-json\/wp\/v2\/posts\/183336\/revisions"}],"predecessor-version":[{"id":187030,"href":"https:\/\/franciscanos.org.br\/vidacrista\/wp-json\/wp\/v2\/posts\/183336\/revisions\/187030"}],"wp:featuredmedia":[{"embeddable":true,"href":"https:\/\/franciscanos.org.br\/vidacrista\/wp-json\/wp\/v2\/media\/184420"}],"wp:attachment":[{"href":"https:\/\/franciscanos.org.br\/vidacrista\/wp-json\/wp\/v2\/media?parent=183336"}],"wp:term":[{"taxonomy":"category","embeddable":true,"href":"https:\/\/franciscanos.org.br\/vidacrista\/wp-json\/wp\/v2\/categories?post=183336"},{"taxonomy":"post_tag","embeddable":true,"href":"https:\/\/franciscanos.org.br\/vidacrista\/wp-json\/wp\/v2\/tags?post=183336"}],"curies":[{"name":"wp","href":"https:\/\/api.w.org\/{rel}","templated":true}]}}