{"id":183255,"date":"2020-01-23T08:08:07","date_gmt":"2020-01-23T11:08:07","guid":{"rendered":"https:\/\/franciscanos.org.br\/vidacrista\/?p=183255"},"modified":"2020-07-27T13:54:09","modified_gmt":"2020-07-27T16:54:09","slug":"por-que-humanos-escravizam-outros-humanos-ontem-e-hoje","status":"publish","type":"post","link":"https:\/\/franciscanos.org.br\/vidacrista\/por-que-humanos-escravizam-outros-humanos-ontem-e-hoje\/","title":{"rendered":"Por que humanos escravizam outros humanos ontem e hoje?"},"content":{"rendered":"<p>&nbsp;<\/p>\n<div id=\"attachment_186861\" style=\"width: 850px\" class=\"wp-caption alignnone\"><img aria-describedby=\"caption-attachment-186861\" decoding=\"async\" loading=\"lazy\" class=\"wp-image-186861 size-full\" src=\"https:\/\/franciscanos.org.br\/vidacrista\/wp-content\/uploads\/2020\/01\/artigo_2307_4.jpg\" alt=\"\" width=\"840\" height=\"450\" srcset=\"https:\/\/franciscanos.org.br\/vidacrista\/wp-content\/uploads\/2020\/01\/artigo_2307_4.jpg 840w, https:\/\/franciscanos.org.br\/vidacrista\/wp-content\/uploads\/2020\/01\/artigo_2307_4-450x241.jpg 450w, https:\/\/franciscanos.org.br\/vidacrista\/wp-content\/uploads\/2020\/01\/artigo_2307_4-768x411.jpg 768w, https:\/\/franciscanos.org.br\/vidacrista\/wp-content\/uploads\/2020\/01\/artigo_2307_4-150x80.jpg 150w\" sizes=\"(max-width: 840px) 100vw, 840px\" \/><p id=\"caption-attachment-186861\" class=\"wp-caption-text\"><em>\u00a0 \u00a0 \u00a0 \u00a0 \u00a0 \u00a0 \u00a0 \u00a0 \u00a0 \u00a0 \u00a0 \u00a0 \u00a0 \u00a0 \u00a0 \u00a0 \u00a0 \u00a0 \u00a0 \u00a0 \u00a0 \u00a0 \u00a0 \u00a0 \u00a0 \u00a0 \u00a0 \u00a0 \u00a0 \u00a0 \u00a0 \u00a0 \u00a0 \u00a0 \u00a0 \u00a0 \u00a0 \u00a0 \u00a0 \u00a0 \u00a0 \u00a0 \u00a0 \u00a0 \u00a0 \u00a0 \u00a0 \u00a0 \u00a0 \u00a0 \u00a0 \u00a0 \u00a0 \u00a0 \u00a0 \u00a0 \u00a0 \u00a0 \u00a0 \u00a0 \u00a0 \u00a0 \u00a0 \u00a0 \u00a0 \u00a0 \u00a0 \u00a0 \u00a0 \u00a0 \u00a0Imagem ilustrativa (fonte: Pexels)<\/em><\/p><\/div>\n<p><strong>Leonardo Boff<\/strong><\/p>\n<p>A exist\u00eancia e a persist\u00eancia da escravid\u00e3o ou de condi\u00e7\u00f5es an\u00e1logas \u00e0 escravid\u00e3o constitui um desafio human\u00edstico, filos\u00f3fico, \u00e9tico e teol\u00f3gico at\u00e9 os dias de hoje. Por que humanos escravizam outros humanos, seus co-iguais?<\/p>\n<p>A mais antiga codifica\u00e7\u00e3o de leis, o C\u00f3digo de Hamur\u00e1bi, escrito por volta de 1772 a.C. no Ir\u00e3\u00a0 j\u00e1 se refere \u00e0 classe dos escravos. E assim ao longo de toda a hist\u00f3ria at\u00e9 os dias atuais. A <em>Walk free Foundation<\/em> que se ocupa com a escravid\u00e3o, em n\u00edvel mundial, calcula que haja hoje cerca de 40,3 milh\u00f5es de pessoas em regime de escravid\u00e3o por tr\u00e1fico de pessoas, por d\u00edvida, por trabalhos ou casamentos for\u00e7ados etc. A \u00cdndia lidera o ranking com 7,99 milh\u00f5es de escravizados. Os dados do Brasil de 2018 apontavam 369 mil em condi\u00e7\u00f5es an\u00e1logas \u00e0 escravid\u00e3o ou escravizados.<\/p>\n<p>As cabe\u00e7as mais brilhantes do Ocidente viram-na como natural ou at\u00e9 possu\u00edam escravos. Assim Arist\u00f3teles, David Hume, Immanuel Kant, Friedrich Hegel. O pr\u00f3prio formulador da Declara\u00e7\u00e3o de Independ\u00eancia dos Estados Unidos, Thomas Jefferson, na qual se afirmava que todos os seres humanos nascem livres e com direitos iguais possu\u00eda escravos, bem como o nosso Tiradentes, que possu\u00eda pelos menos 6 deles. O famoso Padre Ant\u00f4nio Vieira num engenho pregava aos escravos: &#8220;<em>Sois imitadores do Cristo crucificado porque padeceis em um modo muito semelhante ao que o mesmo Senhor padeceu na sua cruz e em toda a sua paix\u00e3o\u201d, <\/em>chegando a cham\u00e1-los por isso de<em>\u00a0\u201cbem-aventurados<\/em>\u201d. Uma piedosa e ao mesmo tempo cruel justificativa.<\/p>\n<p>Resumindo: Afirma o grande especialista em escravid\u00e3o, o jamaicano Orlando Petterson, professor em Harvard: &#8220;A escravid\u00e3o existiu desde o in\u00edcio da hist\u00f3ria da humanidade, at\u00e9 o s\u00e9culo XX (XXI), nas sociedades mais primitivas e tamb\u00e9m nas mais avan\u00e7adas\u201d (cf. L.Gomes, <em>Escravid\u00e3o<\/em>,p.65). Que raz\u00f5es que levaram \u00e0 escravid\u00e3o?<\/p>\n<p>Nenhuma explica\u00e7\u00e3o at\u00e9 hoje se revelou convincente. Mas podemos tatear raz\u00f5es embora todas prec\u00e1rias.<\/p>\n<p>A\u00a0<em>primeira<\/em>\u00a0teria sido o patriarcado. O homem-macho, h\u00e1 10-12 mil anos, se imp\u00f4s a todos, \u00e0 mulher, aos filhos, \u00e0 natureza. Sobrep\u00f4-se ao outro, fazendo-o seu servo e escravo. A escravid\u00e3o seria filha do patriarcado ainda vigente nos dias atuais.<\/p>\n<p>A\u00a0<em>segunda<\/em>\u00a0raz\u00e3o, de natureza filos\u00f3fica, sustenta que o ser humano \u00e9 um ser decadente. N\u00e3o num sentido \u00e9tico mas ontol\u00f3gico. Quer dizer, sua natureza \u00e9 assim que nunca consegue ser o que deveria ou desejaria ser. Nele h\u00e1 uma amarra interna que lhe impede de dar o salto necess\u00e1rio: controlar e integrar seus impulsos que n\u00e3o s\u00e3o em si maus, mas naturais: a c\u00f3lera, o uso da for\u00e7a, o poder como capacidade de domina\u00e7\u00e3o. Ele decai no sentido de dar vaz\u00e3o a estes impulsos e destarte tornar-se inumano. Donde lhe vem essa incapacidade? A contradi\u00e7\u00e3o entre o desejo infinito e a realidade finita? Bem que poderia conviver jovialmente com o infinito, acolhendo seu ser finito. Mas n\u00e3o o fez e n\u00e3o o faz. A chaga continua a sangrar e a fazer sangrar.<\/p>\n<p>Tenho para mim que a sabedoria judaico-crist\u00e3, de alta ancestralidade, traz alguma luz. Fala de\u00a0<em>pecado original<\/em>. O termo n\u00e3o \u00e9 b\u00edblico, pois a\u00ed se usa \u201cpecado do mundo\u201d ou \u201co ser humano \u00e9 inclinado ao mal desde a sua juventude\u201d. Pecado original \u00e9 um termo criado por Santo Agostinho (354-430) em sua intensa troca de cartas com S\u00e3o Jer\u00f4nimo e em pol\u00eamica com o te\u00f3logo Pel\u00e1gio.<\/p>\n<p>Pecado\u00a0<em>original<\/em>, segundo ele, n\u00e3o possui uma conota\u00e7\u00e3o temporal, \u201cdesde as origens\u201d. Mas original concerne ao n\u00facleo origin\u00e1rio, primeiro e essencial do ser humano. No seu interior mais profundo vigora uma ruptura: com a natureza, n\u00e3o respeitando seus ritmos, com o outro, odiando-o e com o Definitivamente Importante. Ele se considera o mais\u00a0 importante pelo fato de ser dotado de raz\u00e3o. Por ela imagina que pode dar conta de si mesmo, como se ele mesmo se tivesse dado a exist\u00eancia e n\u00e3o Algu\u00e9m que o fez vir este mundo. Pecado original \u00e9 essa <em>hybris<\/em>\u00a0e arrog\u00e2ncia. Significa magnificar seu\u00a0<em>eu<\/em>\u00a0a ponto de excluir os outros e o Grande Outro que o criou.<\/p>\n<p>A consequ\u00eancia primeira \u00e9 a instaura\u00e7\u00e3o da\u00a0<em>ditadura da raz\u00e3o<\/em>. Ela pretende explicar tudo e por ela dominar tudo. V\u00e3o prop\u00f3sito. O ser humano n\u00e3o \u00e9 s\u00f3 raz\u00e3o. \u00c9 principalmente cora\u00e7\u00e3o, sensibilidade e amor. Bem antes da raz\u00e3o, o l<em>ogo<\/em>s, em termos da antropog\u00eanese, veio o sentimento, o\u00a0<em>pathos.<\/em> Esta dimens\u00e3o foi recalcada e at\u00e9 negada. Com isso deixou de sentir o outro, de colocar-se no lugar dele, alegrar-se e sofrer com ele. Objetivou-o, vale dizer, o fez um objeto de uso e abuso. Surgiu a domina\u00e7\u00e3o do outro. Come\u00e7ou a escraviza\u00e7\u00e3o de um humano sobre outro humano.<\/p>\n<p>N\u00e3o sentir os outros como nossos semelhantes e n\u00e3o ter empatia para com eles \u00e9 o \u201cnosso pecado original\u201d, origem da escravid\u00e3o de ontem e de hoje. Sem abra\u00e7ar o outro como co-igual e n\u00e3o ouvir o grito da Terra, n\u00e3o haver\u00e1 futuro para o nosso tipo de mundo e de civiliza\u00e7\u00e3o. Outro dever\u00e1 vir com seres todos livres e humanos.<\/p>\n<hr \/>\n<p><strong>Leonardo Boff<\/strong><em> \u00e9 fil\u00f3sofo e te\u00f3logo e escreveu\u00a0Princ\u00edpio de compaix\u00e3o e cuidado,\u00a0Vozes\u00a0 2000<\/em><\/p>\n","protected":false},"excerpt":{"rendered":"<p>Artigo de Leonardo Boff<\/p>\n","protected":false},"author":3,"featured_media":186862,"comment_status":"open","ping_status":"open","sticky":false,"template":"","format":"standard","meta":{"footnotes":""},"categories":[26],"tags":[59],"yoast_head":"<!-- This site is optimized with the Yoast SEO plugin v19.4 - https:\/\/yoast.com\/wordpress\/plugins\/seo\/ -->\n<title>Por que humanos escravizam outros humanos ontem e hoje? - Vida Crist\u00e3 - Franciscanos<\/title>\n<meta name=\"robots\" content=\"index, follow, max-snippet:-1, max-image-preview:large, max-video-preview:-1\" \/>\n<link rel=\"canonical\" href=\"https:\/\/franciscanos.org.br\/vidacrista\/por-que-humanos-escravizam-outros-humanos-ontem-e-hoje\/\" \/>\n<meta property=\"og:locale\" content=\"pt_BR\" \/>\n<meta property=\"og:type\" content=\"article\" \/>\n<meta property=\"og:title\" content=\"Por que humanos escravizam outros humanos ontem e hoje? - Vida Crist\u00e3 - Franciscanos\" \/>\n<meta property=\"og:description\" content=\"Artigo de Leonardo Boff\" \/>\n<meta property=\"og:url\" content=\"https:\/\/franciscanos.org.br\/vidacrista\/por-que-humanos-escravizam-outros-humanos-ontem-e-hoje\/\" \/>\n<meta property=\"og:site_name\" content=\"Vida Crist\u00e3 - Franciscanos\" \/>\n<meta property=\"article:published_time\" content=\"2020-01-23T11:08:07+00:00\" \/>\n<meta property=\"article:modified_time\" content=\"2020-07-27T16:54:09+00:00\" \/>\n<meta property=\"og:image\" content=\"https:\/\/franciscanos.org.br\/vidacrista\/wp-content\/uploads\/2020\/01\/artigo_2307_4d.jpg\" \/>\n\t<meta property=\"og:image:width\" content=\"800\" \/>\n\t<meta property=\"og:image:height\" content=\"600\" \/>\n\t<meta property=\"og:image:type\" content=\"image\/jpeg\" \/>\n<meta name=\"author\" content=\"moacir\" \/>\n<meta name=\"twitter:card\" content=\"summary_large_image\" \/>\n<meta name=\"twitter:label1\" content=\"Escrito por\" \/>\n\t<meta name=\"twitter:data1\" content=\"moacir\" \/>\n\t<meta name=\"twitter:label2\" content=\"Est. tempo de leitura\" \/>\n\t<meta name=\"twitter:data2\" content=\"5 minutos\" \/>\n<script type=\"application\/ld+json\" class=\"yoast-schema-graph\">{\"@context\":\"https:\/\/schema.org\",\"@graph\":[{\"@type\":\"WebSite\",\"@id\":\"https:\/\/franciscanos.org.br\/vidacrista\/#website\",\"url\":\"https:\/\/franciscanos.org.br\/vidacrista\/\",\"name\":\"Vida Crist\u00e3 - Franciscanos\",\"description\":\"Prov\u00edncia Franciscana da Imaculada Concei\u00e7\u00e3o do Brasil - Ordem dos Frades Menores\",\"potentialAction\":[{\"@type\":\"SearchAction\",\"target\":{\"@type\":\"EntryPoint\",\"urlTemplate\":\"https:\/\/franciscanos.org.br\/vidacrista\/?s={search_term_string}\"},\"query-input\":\"required name=search_term_string\"}],\"inLanguage\":\"pt-BR\"},{\"@type\":\"WebPage\",\"@id\":\"https:\/\/franciscanos.org.br\/vidacrista\/por-que-humanos-escravizam-outros-humanos-ontem-e-hoje\/\",\"url\":\"https:\/\/franciscanos.org.br\/vidacrista\/por-que-humanos-escravizam-outros-humanos-ontem-e-hoje\/\",\"name\":\"Por que humanos escravizam outros humanos ontem e hoje? - Vida Crist\u00e3 - Franciscanos\",\"isPartOf\":{\"@id\":\"https:\/\/franciscanos.org.br\/vidacrista\/#website\"},\"datePublished\":\"2020-01-23T11:08:07+00:00\",\"dateModified\":\"2020-07-27T16:54:09+00:00\",\"author\":{\"@id\":\"https:\/\/franciscanos.org.br\/vidacrista\/#\/schema\/person\/1880bdd2c350b735648725ef7614736a\"},\"breadcrumb\":{\"@id\":\"https:\/\/franciscanos.org.br\/vidacrista\/por-que-humanos-escravizam-outros-humanos-ontem-e-hoje\/#breadcrumb\"},\"inLanguage\":\"pt-BR\",\"potentialAction\":[{\"@type\":\"ReadAction\",\"target\":[\"https:\/\/franciscanos.org.br\/vidacrista\/por-que-humanos-escravizam-outros-humanos-ontem-e-hoje\/\"]}]},{\"@type\":\"BreadcrumbList\",\"@id\":\"https:\/\/franciscanos.org.br\/vidacrista\/por-que-humanos-escravizam-outros-humanos-ontem-e-hoje\/#breadcrumb\",\"itemListElement\":[{\"@type\":\"ListItem\",\"position\":1,\"name\":\"Home\",\"item\":\"https:\/\/franciscanos.org.br\/vidacrista\/\"},{\"@type\":\"ListItem\",\"position\":2,\"name\":\"Por que humanos escravizam outros humanos ontem e hoje?\"}]},{\"@type\":\"Person\",\"@id\":\"https:\/\/franciscanos.org.br\/vidacrista\/#\/schema\/person\/1880bdd2c350b735648725ef7614736a\",\"name\":\"moacir\",\"image\":{\"@type\":\"ImageObject\",\"inLanguage\":\"pt-BR\",\"@id\":\"https:\/\/franciscanos.org.br\/vidacrista\/#\/schema\/person\/image\/\",\"url\":\"https:\/\/secure.gravatar.com\/avatar\/d08aa2ce4c8dd416d4479aa8536fcf64?s=96&d=mm&r=g\",\"contentUrl\":\"https:\/\/secure.gravatar.com\/avatar\/d08aa2ce4c8dd416d4479aa8536fcf64?s=96&d=mm&r=g\",\"caption\":\"moacir\"},\"url\":\"https:\/\/franciscanos.org.br\/vidacrista\/author\/moacir\/\"}]}<\/script>\n<!-- \/ Yoast SEO plugin. -->","yoast_head_json":{"title":"Por que humanos escravizam outros humanos ontem e hoje? - Vida Crist\u00e3 - Franciscanos","robots":{"index":"index","follow":"follow","max-snippet":"max-snippet:-1","max-image-preview":"max-image-preview:large","max-video-preview":"max-video-preview:-1"},"canonical":"https:\/\/franciscanos.org.br\/vidacrista\/por-que-humanos-escravizam-outros-humanos-ontem-e-hoje\/","og_locale":"pt_BR","og_type":"article","og_title":"Por que humanos escravizam outros humanos ontem e hoje? - Vida Crist\u00e3 - Franciscanos","og_description":"Artigo de Leonardo Boff","og_url":"https:\/\/franciscanos.org.br\/vidacrista\/por-que-humanos-escravizam-outros-humanos-ontem-e-hoje\/","og_site_name":"Vida Crist\u00e3 - Franciscanos","article_published_time":"2020-01-23T11:08:07+00:00","article_modified_time":"2020-07-27T16:54:09+00:00","og_image":[{"width":800,"height":600,"url":"https:\/\/franciscanos.org.br\/vidacrista\/wp-content\/uploads\/2020\/01\/artigo_2307_4d.jpg","type":"image\/jpeg"}],"author":"moacir","twitter_card":"summary_large_image","twitter_misc":{"Escrito por":"moacir","Est. tempo de leitura":"5 minutos"},"schema":{"@context":"https:\/\/schema.org","@graph":[{"@type":"WebSite","@id":"https:\/\/franciscanos.org.br\/vidacrista\/#website","url":"https:\/\/franciscanos.org.br\/vidacrista\/","name":"Vida Crist\u00e3 - Franciscanos","description":"Prov\u00edncia Franciscana da Imaculada Concei\u00e7\u00e3o do Brasil - Ordem dos Frades Menores","potentialAction":[{"@type":"SearchAction","target":{"@type":"EntryPoint","urlTemplate":"https:\/\/franciscanos.org.br\/vidacrista\/?s={search_term_string}"},"query-input":"required name=search_term_string"}],"inLanguage":"pt-BR"},{"@type":"WebPage","@id":"https:\/\/franciscanos.org.br\/vidacrista\/por-que-humanos-escravizam-outros-humanos-ontem-e-hoje\/","url":"https:\/\/franciscanos.org.br\/vidacrista\/por-que-humanos-escravizam-outros-humanos-ontem-e-hoje\/","name":"Por que humanos escravizam outros humanos ontem e hoje? - Vida Crist\u00e3 - Franciscanos","isPartOf":{"@id":"https:\/\/franciscanos.org.br\/vidacrista\/#website"},"datePublished":"2020-01-23T11:08:07+00:00","dateModified":"2020-07-27T16:54:09+00:00","author":{"@id":"https:\/\/franciscanos.org.br\/vidacrista\/#\/schema\/person\/1880bdd2c350b735648725ef7614736a"},"breadcrumb":{"@id":"https:\/\/franciscanos.org.br\/vidacrista\/por-que-humanos-escravizam-outros-humanos-ontem-e-hoje\/#breadcrumb"},"inLanguage":"pt-BR","potentialAction":[{"@type":"ReadAction","target":["https:\/\/franciscanos.org.br\/vidacrista\/por-que-humanos-escravizam-outros-humanos-ontem-e-hoje\/"]}]},{"@type":"BreadcrumbList","@id":"https:\/\/franciscanos.org.br\/vidacrista\/por-que-humanos-escravizam-outros-humanos-ontem-e-hoje\/#breadcrumb","itemListElement":[{"@type":"ListItem","position":1,"name":"Home","item":"https:\/\/franciscanos.org.br\/vidacrista\/"},{"@type":"ListItem","position":2,"name":"Por que humanos escravizam outros humanos ontem e hoje?"}]},{"@type":"Person","@id":"https:\/\/franciscanos.org.br\/vidacrista\/#\/schema\/person\/1880bdd2c350b735648725ef7614736a","name":"moacir","image":{"@type":"ImageObject","inLanguage":"pt-BR","@id":"https:\/\/franciscanos.org.br\/vidacrista\/#\/schema\/person\/image\/","url":"https:\/\/secure.gravatar.com\/avatar\/d08aa2ce4c8dd416d4479aa8536fcf64?s=96&d=mm&r=g","contentUrl":"https:\/\/secure.gravatar.com\/avatar\/d08aa2ce4c8dd416d4479aa8536fcf64?s=96&d=mm&r=g","caption":"moacir"},"url":"https:\/\/franciscanos.org.br\/vidacrista\/author\/moacir\/"}]}},"_links":{"self":[{"href":"https:\/\/franciscanos.org.br\/vidacrista\/wp-json\/wp\/v2\/posts\/183255"}],"collection":[{"href":"https:\/\/franciscanos.org.br\/vidacrista\/wp-json\/wp\/v2\/posts"}],"about":[{"href":"https:\/\/franciscanos.org.br\/vidacrista\/wp-json\/wp\/v2\/types\/post"}],"author":[{"embeddable":true,"href":"https:\/\/franciscanos.org.br\/vidacrista\/wp-json\/wp\/v2\/users\/3"}],"replies":[{"embeddable":true,"href":"https:\/\/franciscanos.org.br\/vidacrista\/wp-json\/wp\/v2\/comments?post=183255"}],"version-history":[{"count":5,"href":"https:\/\/franciscanos.org.br\/vidacrista\/wp-json\/wp\/v2\/posts\/183255\/revisions"}],"predecessor-version":[{"id":187031,"href":"https:\/\/franciscanos.org.br\/vidacrista\/wp-json\/wp\/v2\/posts\/183255\/revisions\/187031"}],"wp:featuredmedia":[{"embeddable":true,"href":"https:\/\/franciscanos.org.br\/vidacrista\/wp-json\/wp\/v2\/media\/186862"}],"wp:attachment":[{"href":"https:\/\/franciscanos.org.br\/vidacrista\/wp-json\/wp\/v2\/media?parent=183255"}],"wp:term":[{"taxonomy":"category","embeddable":true,"href":"https:\/\/franciscanos.org.br\/vidacrista\/wp-json\/wp\/v2\/categories?post=183255"},{"taxonomy":"post_tag","embeddable":true,"href":"https:\/\/franciscanos.org.br\/vidacrista\/wp-json\/wp\/v2\/tags?post=183255"}],"curies":[{"name":"wp","href":"https:\/\/api.w.org\/{rel}","templated":true}]}}