{"id":183195,"date":"2020-01-16T08:14:41","date_gmt":"2020-01-16T11:14:41","guid":{"rendered":"https:\/\/franciscanos.org.br\/vidacrista\/?p=183195"},"modified":"2020-07-27T14:01:11","modified_gmt":"2020-07-27T17:01:11","slug":"a-historia-foi-escrita-pela-mao-branca-com-a-tinta-do-sangue-de-pessoas-escravizadas","status":"publish","type":"post","link":"https:\/\/franciscanos.org.br\/vidacrista\/a-historia-foi-escrita-pela-mao-branca-com-a-tinta-do-sangue-de-pessoas-escravizadas\/","title":{"rendered":"A hist\u00f3ria foi escrita pela m\u00e3o branca, com a tinta do sangue de pessoas escravizadas"},"content":{"rendered":"<div id=\"attachment_186264\" style=\"width: 850px\" class=\"wp-caption alignnone\"><img aria-describedby=\"caption-attachment-186264\" decoding=\"async\" loading=\"lazy\" class=\"wp-image-186264 size-full\" src=\"https:\/\/franciscanos.org.br\/vidacrista\/wp-content\/uploads\/2020\/01\/escravo_03.jpg\" alt=\"\" width=\"840\" height=\"449\" srcset=\"https:\/\/franciscanos.org.br\/vidacrista\/wp-content\/uploads\/2020\/01\/escravo_03.jpg 840w, https:\/\/franciscanos.org.br\/vidacrista\/wp-content\/uploads\/2020\/01\/escravo_03-450x241.jpg 450w, https:\/\/franciscanos.org.br\/vidacrista\/wp-content\/uploads\/2020\/01\/escravo_03-768x411.jpg 768w, https:\/\/franciscanos.org.br\/vidacrista\/wp-content\/uploads\/2020\/01\/escravo_03-150x80.jpg 150w\" sizes=\"(max-width: 840px) 100vw, 840px\" \/><p id=\"caption-attachment-186264\" class=\"wp-caption-text\">\u00a0 \u00a0 \u00a0 \u00a0 \u00a0 \u00a0 \u00a0 \u00a0 \u00a0 \u00a0 \u00a0 \u00a0 \u00a0 \u00a0 \u00a0 \u00a0 \u00a0 \u00a0 \u00a0 \u00a0 \u00a0 \u00a0 \u00a0 \u00a0 \u00a0 \u00a0 \u00a0 \u00a0 \u00a0 \u00a0 \u00a0 \u00a0 \u00a0 \u00a0 \u00a0 \u00a0 \u00a0 \u00a0 \u00a0 \u00a0 \u00a0 \u00a0 \u00a0 \u00a0 \u00a0 \u00a0 \u00a0 \u00a0 \u00a0<em>Imagem de J. Baptiste Debret, &#8220;Regresso de um propriet\u00e1rio&#8221;, 1834-1839<\/em><\/p><\/div>\n<p><strong>Leonardo Boff<\/strong><\/p>\n<p>Uma das realidades mais perversas da hist\u00f3ria humana foi o milenar estatuto da escravid\u00e3o. A\u00ed se mostra o que tamb\u00e9m podemos ser: n\u00e3o s\u00f3\u00a0<em>sapien<\/em>s, portadores de amor, empatia, respeito e devo\u00e7\u00e3o, mas tamb\u00e9m\u00a0<em>demens<\/em>, odientos, agressivos, cru\u00e9is e sem piedade. Este nosso lado sombrio parece dominar a cena social de nosso tempo e tamb\u00e9m de nosso pa\u00eds.<\/p>\n<p>A hist\u00f3ria da escravid\u00e3o se perde na obscuridade dos tempos milenares. H\u00e1 uma inteira literatura sobre a escravid\u00e3o, no Brasil, popularizada pelo jornalista-historiador Laurentino Gomes em tr\u00eas volumes (s\u00f3 o primeiro j\u00e1 veio a lume, 2019). Fontes de pessoas escravizadas s\u00e3o quase inexistentes, pois elas eram mantidas analfabetas. No Brasil, um dos pa\u00edses mais escravocratas da hist\u00f3ria, as fontes foram queimadas a mando do ing\u00eanuo \u201cg\u00eanio\u201d Ruy Barbosa, no af\u00e3 de borrar as fontes de nossa vergonhosa hist\u00f3ria nacional. Da\u00ed, que nossa hist\u00f3ria foi escrita pela m\u00e3o branca, com a tinta do sangue de pessoas escravizadas.<\/p>\n<p>A palavra escravo deriva de\u00a0<em>slavus\u00a0<\/em>em latim, nome gen\u00e9rico para designar os habitantes da Esl\u00e1via, regi\u00e3o dos B\u00e1lc\u00e3s, sul da R\u00fassia e \u00e0s margens do Mar Negro, grande fornecedora de pessoas feitas escravas para todo o Mediterr\u00e2neo. Eram brancos, louros com olhos azuis. S\u00f3 os otomanos de Istambul importaram entre 1450-1700 cerca de 2,5 milh\u00f5es dessas pessoas brancas escravizadas.<\/p>\n<p>No nosso tempo, as Am\u00e9ricas foram as grandes importadores de pessoas de \u00c1frica que foram escravizadas. Entre 1500-1867, o n\u00famero \u00e9 espantoso: 12.521,337 fizeram a travessia transatl\u00e2ntica, das quais, 1.818,680 morreram a caminho e foram jogados ao mar. O Brasil foi campe\u00e3o do escravagismo. S\u00f3 ele importou, a partir de 1538, cerca de 4,9 milh\u00f5es de africanos que foram escravizados. Das 36 mil viagens transatl\u00e2nticas, 14.910 destinavam-se aos portos brasileiros.<\/p>\n<p>Estas pessoas escravizadas eram tratadas como mercadorias, chamadas \u201cpe\u00e7as\u201d. A primeira coisa que o comprador fazia para \u201ctraz\u00ea-las bem domesticadas e disciplinadas\u201d era castig\u00e1-las, \u201chaja a\u00e7oites, haja correntes e grilh\u00f5es\u201d. Os historiadores da classe dominante criaram a legenda que aqui a escravid\u00e3o foi branda, quando foi crudel\u00edssima.<\/p>\n<p>Basta um exemplo: o holand\u00eas, Dierick Ruiters, que em 1618 passou pelo Rio relata: \u201cUm negro faminto furtou dois p\u00e3es de a\u00e7\u00facar. O senhor, sabendo disso, mandou amarr\u00e1-lo de bru\u00e7os a uma t\u00e1bua e ordenou que um negro o surrasse com chicote de couro; seu corpo ficou da cabe\u00e7a aos p\u00e9s, uma chaga aberta e os lugares poupados pelo chicote foram lacerados \u00e0 faca; terminado o castigo, um outro negro derramou sobre suas feridas um pote contendo vinagre e sal\u2026 tive que presenciar \u2013relata o holand\u00eas \u2013 a transforma\u00e7\u00e3o de um homem em carne de boi salgada; e como se isso n\u00e3o bastasse, derramaram sobre suas feridas piche derretido; deixaram-no toda uma noite, de joelhos, preso pelo pesco\u00e7o a um bloco, como um m\u00edsero animal\u201d (Gomes, <em>Escravid\u00e3o<\/em>,p.304). Sob tais castigos,\u00a0 a expectativa de vida de uma pessoa escravizada em 1872 era de 18,3 anos.<\/p>\n<p>O jesu\u00edta Andr\u00e9 Jo\u00e3o Antonil dizia: &#8220;Para o escravo s\u00e3o necess\u00e1rios tr\u00eas Ps, a saber: pau, p\u00e3o e pano\u201d. <em>Pau<\/em>\u00a0para bater,\u00a0<em>P\u00e3o<\/em>\u00a0para n\u00e3o deix\u00e1-lo morrer de fome e\u00a0<em>Pano\u00a0<\/em>para esconder-lhe as vergonhas.<\/p>\n<p>Seria longo enumerar as esta\u00e7\u00f5es desta via-sacra de horrores pela qual passaram estas pessoas escravizadas; elas s\u00e3o mais numerosas do que aquelas do Filho do homem quando foi torturado e levado ao madeiro da cruz, mesmo passando entre n\u00f3s \u201cfazendo o bem e curando os oprimidos\u201d (Atos dos Ap\u00f3stolos,10,39).<\/p>\n<p>\u00c9 sempre atual o grito lancinante de Castro Alves em \u201cVozes d\u2019Africa\u201d: \u201c\u00d3 Deus, onde est\u00e1s que n\u00e3o respondes? Em que mundo, em qu\u2019estrela tu t\u2019escondes\/ Embu\u00e7ando nos c\u00e9us? H\u00e1 dois mil anos te mandei meu grito\/ Que embalde, desde ent\u00e3o, corre o infinito\u2026 \/Onde est\u00e1s, Senhor Deus?\u201d<\/p>\n<p>Misteriosamente, Deus se calou como se calou no campo de exterm\u00ednio nazista de Auschwitz-Birkenau que fez o Papa Bento XVI se perguntar: &#8220;<em>Onde estava Deus naqueles dias? Por que Ele silenciou?\u00a0Como p\u00f4de permitir tanto mal?\u201d<\/em><\/p>\n<p>E a pensar que foram crist\u00e3os os principais escravocratas. A f\u00e9 n\u00e3o os ajudou a ver nessas pessoas \u201cimagens e semelhan\u00e7as de Deus\u201d, mais ainda, \u201cfilhos e filhas de Deus\u201d, nossos irm\u00e3os e irm\u00e3s. Como foi poss\u00edvel a crueldade nos por\u00f5es de tortura dos v\u00e1rios ditadores militares da Argentina, do Chile, do Uruguai, de El Salvador e do Brasil que se diziam crist\u00e3os e cat\u00f3licos?<\/p>\n<p>Quando a contradi\u00e7\u00e3o \u00e9 grande demais que vai al\u00e9m de qualquer racionalidade, simplesmente calamos. \u00c9 o\u00a0<em>mysterium iniquitatis<\/em>, o mist\u00e9rio da iniquidade, que at\u00e9 hoje nenhum fil\u00f3sofo, te\u00f3logo ou pensador encontrou-lhe uma resposta. Cristo na cruz tamb\u00e9m gritou e sentiu a \u201ca morte\u201d de Deus. Mesmo assim vale a aposta de que todas as trevas juntas n\u00e3o conseguem apagar uma luzinha que brilha na noite. \u00c9 a nossa esperan\u00e7a contra toda a esperan\u00e7a.<\/p>\n<p><em>Imagem: Jean-Baptiste Debret\/Reprodu\u00e7\u00e3o<\/em><\/p>\n<hr \/>\n<p><strong>Leonardo Boff<\/strong> <em>\u00e9 fil\u00f3sofo, te\u00f3logo e escreveu: &#8220;Paix\u00e3o de Cristo-paix\u00e3o do mundo\u201d, Vozes 2009.<\/em><\/p>\n","protected":false},"excerpt":{"rendered":"<p>Artigo de Leonardo Boff<\/p>\n","protected":false},"author":3,"featured_media":186265,"comment_status":"open","ping_status":"open","sticky":false,"template":"","format":"standard","meta":{"footnotes":""},"categories":[26],"tags":[59],"yoast_head":"<!-- This site is optimized with the Yoast SEO plugin v19.4 - https:\/\/yoast.com\/wordpress\/plugins\/seo\/ -->\n<title>A hist\u00f3ria foi escrita pela m\u00e3o branca, com a tinta do sangue de pessoas escravizadas - Vida Crist\u00e3 - Franciscanos<\/title>\n<meta name=\"robots\" content=\"index, follow, max-snippet:-1, max-image-preview:large, max-video-preview:-1\" \/>\n<link rel=\"canonical\" href=\"https:\/\/franciscanos.org.br\/vidacrista\/a-historia-foi-escrita-pela-mao-branca-com-a-tinta-do-sangue-de-pessoas-escravizadas\/\" \/>\n<meta property=\"og:locale\" content=\"pt_BR\" \/>\n<meta property=\"og:type\" content=\"article\" \/>\n<meta property=\"og:title\" content=\"A hist\u00f3ria foi escrita pela m\u00e3o branca, com a tinta do sangue de pessoas escravizadas - Vida Crist\u00e3 - Franciscanos\" \/>\n<meta property=\"og:description\" content=\"Artigo de Leonardo Boff\" \/>\n<meta property=\"og:url\" content=\"https:\/\/franciscanos.org.br\/vidacrista\/a-historia-foi-escrita-pela-mao-branca-com-a-tinta-do-sangue-de-pessoas-escravizadas\/\" \/>\n<meta property=\"og:site_name\" content=\"Vida Crist\u00e3 - Franciscanos\" \/>\n<meta property=\"article:published_time\" content=\"2020-01-16T11:14:41+00:00\" \/>\n<meta property=\"article:modified_time\" content=\"2020-07-27T17:01:11+00:00\" \/>\n<meta property=\"og:image\" content=\"https:\/\/franciscanos.org.br\/vidacrista\/wp-content\/uploads\/2020\/01\/escravo_03d.jpg\" \/>\n\t<meta property=\"og:image:width\" content=\"800\" \/>\n\t<meta property=\"og:image:height\" content=\"601\" \/>\n\t<meta property=\"og:image:type\" content=\"image\/jpeg\" \/>\n<meta name=\"author\" content=\"moacir\" \/>\n<meta name=\"twitter:card\" content=\"summary_large_image\" \/>\n<meta name=\"twitter:label1\" content=\"Escrito por\" \/>\n\t<meta name=\"twitter:data1\" content=\"moacir\" \/>\n\t<meta name=\"twitter:label2\" content=\"Est. tempo de leitura\" \/>\n\t<meta name=\"twitter:data2\" content=\"5 minutos\" \/>\n<script type=\"application\/ld+json\" class=\"yoast-schema-graph\">{\"@context\":\"https:\/\/schema.org\",\"@graph\":[{\"@type\":\"WebSite\",\"@id\":\"https:\/\/franciscanos.org.br\/vidacrista\/#website\",\"url\":\"https:\/\/franciscanos.org.br\/vidacrista\/\",\"name\":\"Vida Crist\u00e3 - Franciscanos\",\"description\":\"Prov\u00edncia Franciscana da Imaculada Concei\u00e7\u00e3o do Brasil - Ordem dos Frades Menores\",\"potentialAction\":[{\"@type\":\"SearchAction\",\"target\":{\"@type\":\"EntryPoint\",\"urlTemplate\":\"https:\/\/franciscanos.org.br\/vidacrista\/?s={search_term_string}\"},\"query-input\":\"required name=search_term_string\"}],\"inLanguage\":\"pt-BR\"},{\"@type\":\"WebPage\",\"@id\":\"https:\/\/franciscanos.org.br\/vidacrista\/a-historia-foi-escrita-pela-mao-branca-com-a-tinta-do-sangue-de-pessoas-escravizadas\/\",\"url\":\"https:\/\/franciscanos.org.br\/vidacrista\/a-historia-foi-escrita-pela-mao-branca-com-a-tinta-do-sangue-de-pessoas-escravizadas\/\",\"name\":\"A hist\u00f3ria foi escrita pela m\u00e3o branca, com a tinta do sangue de pessoas escravizadas - Vida Crist\u00e3 - Franciscanos\",\"isPartOf\":{\"@id\":\"https:\/\/franciscanos.org.br\/vidacrista\/#website\"},\"datePublished\":\"2020-01-16T11:14:41+00:00\",\"dateModified\":\"2020-07-27T17:01:11+00:00\",\"author\":{\"@id\":\"https:\/\/franciscanos.org.br\/vidacrista\/#\/schema\/person\/1880bdd2c350b735648725ef7614736a\"},\"breadcrumb\":{\"@id\":\"https:\/\/franciscanos.org.br\/vidacrista\/a-historia-foi-escrita-pela-mao-branca-com-a-tinta-do-sangue-de-pessoas-escravizadas\/#breadcrumb\"},\"inLanguage\":\"pt-BR\",\"potentialAction\":[{\"@type\":\"ReadAction\",\"target\":[\"https:\/\/franciscanos.org.br\/vidacrista\/a-historia-foi-escrita-pela-mao-branca-com-a-tinta-do-sangue-de-pessoas-escravizadas\/\"]}]},{\"@type\":\"BreadcrumbList\",\"@id\":\"https:\/\/franciscanos.org.br\/vidacrista\/a-historia-foi-escrita-pela-mao-branca-com-a-tinta-do-sangue-de-pessoas-escravizadas\/#breadcrumb\",\"itemListElement\":[{\"@type\":\"ListItem\",\"position\":1,\"name\":\"Home\",\"item\":\"https:\/\/franciscanos.org.br\/vidacrista\/\"},{\"@type\":\"ListItem\",\"position\":2,\"name\":\"A hist\u00f3ria foi escrita pela m\u00e3o branca, com a tinta do sangue de pessoas escravizadas\"}]},{\"@type\":\"Person\",\"@id\":\"https:\/\/franciscanos.org.br\/vidacrista\/#\/schema\/person\/1880bdd2c350b735648725ef7614736a\",\"name\":\"moacir\",\"image\":{\"@type\":\"ImageObject\",\"inLanguage\":\"pt-BR\",\"@id\":\"https:\/\/franciscanos.org.br\/vidacrista\/#\/schema\/person\/image\/\",\"url\":\"https:\/\/secure.gravatar.com\/avatar\/d08aa2ce4c8dd416d4479aa8536fcf64?s=96&d=mm&r=g\",\"contentUrl\":\"https:\/\/secure.gravatar.com\/avatar\/d08aa2ce4c8dd416d4479aa8536fcf64?s=96&d=mm&r=g\",\"caption\":\"moacir\"},\"url\":\"https:\/\/franciscanos.org.br\/vidacrista\/author\/moacir\/\"}]}<\/script>\n<!-- \/ Yoast SEO plugin. -->","yoast_head_json":{"title":"A hist\u00f3ria foi escrita pela m\u00e3o branca, com a tinta do sangue de pessoas escravizadas - Vida Crist\u00e3 - Franciscanos","robots":{"index":"index","follow":"follow","max-snippet":"max-snippet:-1","max-image-preview":"max-image-preview:large","max-video-preview":"max-video-preview:-1"},"canonical":"https:\/\/franciscanos.org.br\/vidacrista\/a-historia-foi-escrita-pela-mao-branca-com-a-tinta-do-sangue-de-pessoas-escravizadas\/","og_locale":"pt_BR","og_type":"article","og_title":"A hist\u00f3ria foi escrita pela m\u00e3o branca, com a tinta do sangue de pessoas escravizadas - Vida Crist\u00e3 - Franciscanos","og_description":"Artigo de Leonardo Boff","og_url":"https:\/\/franciscanos.org.br\/vidacrista\/a-historia-foi-escrita-pela-mao-branca-com-a-tinta-do-sangue-de-pessoas-escravizadas\/","og_site_name":"Vida Crist\u00e3 - Franciscanos","article_published_time":"2020-01-16T11:14:41+00:00","article_modified_time":"2020-07-27T17:01:11+00:00","og_image":[{"width":800,"height":601,"url":"https:\/\/franciscanos.org.br\/vidacrista\/wp-content\/uploads\/2020\/01\/escravo_03d.jpg","type":"image\/jpeg"}],"author":"moacir","twitter_card":"summary_large_image","twitter_misc":{"Escrito por":"moacir","Est. tempo de leitura":"5 minutos"},"schema":{"@context":"https:\/\/schema.org","@graph":[{"@type":"WebSite","@id":"https:\/\/franciscanos.org.br\/vidacrista\/#website","url":"https:\/\/franciscanos.org.br\/vidacrista\/","name":"Vida Crist\u00e3 - Franciscanos","description":"Prov\u00edncia Franciscana da Imaculada Concei\u00e7\u00e3o do Brasil - Ordem dos Frades Menores","potentialAction":[{"@type":"SearchAction","target":{"@type":"EntryPoint","urlTemplate":"https:\/\/franciscanos.org.br\/vidacrista\/?s={search_term_string}"},"query-input":"required name=search_term_string"}],"inLanguage":"pt-BR"},{"@type":"WebPage","@id":"https:\/\/franciscanos.org.br\/vidacrista\/a-historia-foi-escrita-pela-mao-branca-com-a-tinta-do-sangue-de-pessoas-escravizadas\/","url":"https:\/\/franciscanos.org.br\/vidacrista\/a-historia-foi-escrita-pela-mao-branca-com-a-tinta-do-sangue-de-pessoas-escravizadas\/","name":"A hist\u00f3ria foi escrita pela m\u00e3o branca, com a tinta do sangue de pessoas escravizadas - Vida Crist\u00e3 - Franciscanos","isPartOf":{"@id":"https:\/\/franciscanos.org.br\/vidacrista\/#website"},"datePublished":"2020-01-16T11:14:41+00:00","dateModified":"2020-07-27T17:01:11+00:00","author":{"@id":"https:\/\/franciscanos.org.br\/vidacrista\/#\/schema\/person\/1880bdd2c350b735648725ef7614736a"},"breadcrumb":{"@id":"https:\/\/franciscanos.org.br\/vidacrista\/a-historia-foi-escrita-pela-mao-branca-com-a-tinta-do-sangue-de-pessoas-escravizadas\/#breadcrumb"},"inLanguage":"pt-BR","potentialAction":[{"@type":"ReadAction","target":["https:\/\/franciscanos.org.br\/vidacrista\/a-historia-foi-escrita-pela-mao-branca-com-a-tinta-do-sangue-de-pessoas-escravizadas\/"]}]},{"@type":"BreadcrumbList","@id":"https:\/\/franciscanos.org.br\/vidacrista\/a-historia-foi-escrita-pela-mao-branca-com-a-tinta-do-sangue-de-pessoas-escravizadas\/#breadcrumb","itemListElement":[{"@type":"ListItem","position":1,"name":"Home","item":"https:\/\/franciscanos.org.br\/vidacrista\/"},{"@type":"ListItem","position":2,"name":"A hist\u00f3ria foi escrita pela m\u00e3o branca, com a tinta do sangue de pessoas escravizadas"}]},{"@type":"Person","@id":"https:\/\/franciscanos.org.br\/vidacrista\/#\/schema\/person\/1880bdd2c350b735648725ef7614736a","name":"moacir","image":{"@type":"ImageObject","inLanguage":"pt-BR","@id":"https:\/\/franciscanos.org.br\/vidacrista\/#\/schema\/person\/image\/","url":"https:\/\/secure.gravatar.com\/avatar\/d08aa2ce4c8dd416d4479aa8536fcf64?s=96&d=mm&r=g","contentUrl":"https:\/\/secure.gravatar.com\/avatar\/d08aa2ce4c8dd416d4479aa8536fcf64?s=96&d=mm&r=g","caption":"moacir"},"url":"https:\/\/franciscanos.org.br\/vidacrista\/author\/moacir\/"}]}},"_links":{"self":[{"href":"https:\/\/franciscanos.org.br\/vidacrista\/wp-json\/wp\/v2\/posts\/183195"}],"collection":[{"href":"https:\/\/franciscanos.org.br\/vidacrista\/wp-json\/wp\/v2\/posts"}],"about":[{"href":"https:\/\/franciscanos.org.br\/vidacrista\/wp-json\/wp\/v2\/types\/post"}],"author":[{"embeddable":true,"href":"https:\/\/franciscanos.org.br\/vidacrista\/wp-json\/wp\/v2\/users\/3"}],"replies":[{"embeddable":true,"href":"https:\/\/franciscanos.org.br\/vidacrista\/wp-json\/wp\/v2\/comments?post=183195"}],"version-history":[{"count":5,"href":"https:\/\/franciscanos.org.br\/vidacrista\/wp-json\/wp\/v2\/posts\/183195\/revisions"}],"predecessor-version":[{"id":187034,"href":"https:\/\/franciscanos.org.br\/vidacrista\/wp-json\/wp\/v2\/posts\/183195\/revisions\/187034"}],"wp:featuredmedia":[{"embeddable":true,"href":"https:\/\/franciscanos.org.br\/vidacrista\/wp-json\/wp\/v2\/media\/186265"}],"wp:attachment":[{"href":"https:\/\/franciscanos.org.br\/vidacrista\/wp-json\/wp\/v2\/media?parent=183195"}],"wp:term":[{"taxonomy":"category","embeddable":true,"href":"https:\/\/franciscanos.org.br\/vidacrista\/wp-json\/wp\/v2\/categories?post=183195"},{"taxonomy":"post_tag","embeddable":true,"href":"https:\/\/franciscanos.org.br\/vidacrista\/wp-json\/wp\/v2\/tags?post=183195"}],"curies":[{"name":"wp","href":"https:\/\/api.w.org\/{rel}","templated":true}]}}