{"id":183056,"date":"2020-01-02T07:41:55","date_gmt":"2020-01-02T10:41:55","guid":{"rendered":"https:\/\/franciscanos.org.br\/vidacrista\/?p=183056"},"modified":"2020-01-03T08:24:47","modified_gmt":"2020-01-03T11:24:47","slug":"ter-sede-e-fome-de-deus","status":"publish","type":"post","link":"https:\/\/franciscanos.org.br\/vidacrista\/ter-sede-e-fome-de-deus\/","title":{"rendered":"\u201cTer sede e fome de Deus\u201d"},"content":{"rendered":"<p><img decoding=\"async\" loading=\"lazy\" class=\"alignnone wp-image-183057 size-full\" src=\"https:\/\/franciscanos.org.br\/vidacrista\/wp-content\/uploads\/2020\/01\/sagrado_0210.jpg\" alt=\"\" width=\"890\" height=\"992\" srcset=\"https:\/\/franciscanos.org.br\/vidacrista\/wp-content\/uploads\/2020\/01\/sagrado_0210.jpg 890w, https:\/\/franciscanos.org.br\/vidacrista\/wp-content\/uploads\/2020\/01\/sagrado_0210-404x450.jpg 404w, https:\/\/franciscanos.org.br\/vidacrista\/wp-content\/uploads\/2020\/01\/sagrado_0210-768x856.jpg 768w, https:\/\/franciscanos.org.br\/vidacrista\/wp-content\/uploads\/2020\/01\/sagrado_0210-150x167.jpg 150w\" sizes=\"(max-width: 890px) 100vw, 890px\" \/><\/p>\n<p style=\"padding-left: 40px;\"><em>Aquele que tem sede aproxime-se; e o que deseja beba gratuitamente da \u00e1gua da vida<\/em><\/p>\n<p style=\"padding-left: 40px;\">(Apocalipse 22,17).<\/p>\n<p>Ano novo, vida nova, novo entusiasmo, vontade de recuperar o que se foi perdendo ao longo da peregrina\u00e7\u00e3o devido \u00e0s nossas indol\u00eancias.\u00a0 O tempo que nos \u00e9 dado percorrer no tempo da vida \u00e9 limitado. Dias h\u00e3o de vir em que n\u00e3o veremos mais o explodir dos fogos nem poderemos brindar a chegada do ano novo com uma garrafa de espumante na Praia de Copacabana, na\u00a0 Avenue des Champs Elys\u00e9es e no Central Park de Nova York. Ano novo e vida nova.\u00a0 Alento, coragem.\u00a0 E coragem vem de cora\u00e7\u00e3o.\u00a0 Vem tamb\u00e9m do peito rasgado do Senhor Jesus.<\/p>\n<p>Como anda nosso viver? At\u00e9 que ponto o Cristo Jesus vai acompanhando as etapas de nosso existir e as esta\u00e7\u00f5es de nossa caminhada?\u00a0 Temos sede Cristo ou j\u00e1 nos acomodamos a tudo, achando que tudo est\u00e1 bem assim e pronto, sem mais, sem questionamentos, sem o perfume da novidade de Deus?<\/p>\n<p>Quando nos auscultamos de verdade notamos que temos sede de plenitude. N\u00e3o queremos e n\u00e3o podemos nos contentar com um relacionamento correto, mas sem alma, com\u00a0 o Mist\u00e9rio da\u00a0 Beleza que anda sempre a nos seduzir\u00a0 e cativar.\u00a0 Ele quer nos levar para o deserto, para a verdade de n\u00f3s mesmos, para satisfazer uma sede de plenitude, do\u00a0 amanh\u00e3, de \u00a0uma vida esplendidamente humana e parecida com a de Jesus.<\/p>\n<p>Os satisfeitos com tudo e com a vida n\u00e3o atingem a plenitude\u00a0 humana e crist\u00e3.\u00a0 Costumamos,\u00a0 muitas vezes, \u00a0nos dar\u00a0 por satisfeitos com\u00a0 as coisinhas da vida de todos os dias. N\u00e3o podemos, no entanto, domesticar o Evangelho.\u00a0\u00a0 Nada de catolicismo de manuten\u00e7\u00e3o.\u00a0 Jesus amou at\u00e9 o fim e, l\u00e1 no alto da cruz,\u00a0 \u201cinventou\u201d\u00a0 uma fonte de vi\u00e7o e de vida de seu cora\u00e7\u00e3o, de seu lado aberto pelo\u00a0 soldado.\u00a0 Um fonte que vem saciar essa bendita sede de plenitude.<\/p>\n<p>\u201cPrecisamos redescobrir a bem-aventuran\u00e7a da sede. A pior coisa para um crente \u00e9 estar saciado de Deus.\u00a0 A vida espiritual na rotina\u00a0 das suas express\u00f5es, torna-se uma dose suficiente e tornarmo-nos conformistas, n\u00e3o queremos mais. Dizemos para conosco: j\u00e1 fomos ao templo,\u00a0 j\u00e1 subimos a Jerusal\u00e9m, j\u00e1 rezamos,\u00a0 j\u00e1 oferecemos o sacrif\u00edcio, e isso nos desobriga dos encontros fundamentais\u00a0 com a fant\u00e1stica e\u00a0 desconcertante\u00a0 surpresa de Deus. \u00a0Talvez tenhamos criado imagens equ\u00edvocas da vida crist\u00e3:\u00a0 um crente n\u00e3o aquele que est\u00e1 saciado de Deus; o crente \u00e9 aquele que tem sede e fome\u00a0 de Deus.\u00a0 A experi\u00eancia da f\u00e9 n\u00e3o \u00e9 para resolver a sede, mas para ampli\u00e1-la, para dilatar nosso desejo de Deus, para intensificar nossa busca. Talvez\u00a0 precisemos\u00a0 nos reconciliar\u00a0 com nossa sede, dizendo mais vezes: \u201ca minha sede \u00e9 minha bem-aventuran\u00e7a\u201d <em>(Jos\u00e9 Tolentino Mendon\u00e7a,\u00a0 Elogio da Sede,\u00a0 Paulinas,\u00a0 p.\u00a0 146<\/em>).<\/p>\n<p>H\u00e1 uma fonte jorrando do alto da cruz, da brecha aberta em seu peito pela lan\u00e7a do soldado!<\/p>\n<p><strong>Frei Almir Guimar\u00e3es<\/strong><\/p>\n","protected":false},"excerpt":{"rendered":"<p>Reflex\u00e3o de Frei Almir Guimar\u00e3es<\/p>\n","protected":false},"author":3,"featured_media":183058,"comment_status":"open","ping_status":"open","sticky":false,"template":"","format":"standard","meta":{"footnotes":""},"categories":[105],"tags":[106],"yoast_head":"<!-- This site is optimized with the Yoast SEO plugin v19.4 - https:\/\/yoast.com\/wordpress\/plugins\/seo\/ -->\n<title>\u201cTer sede e fome de Deus\u201d - Vida Crist\u00e3 - Franciscanos<\/title>\n<meta name=\"robots\" content=\"index, follow, max-snippet:-1, max-image-preview:large, max-video-preview:-1\" \/>\n<link rel=\"canonical\" href=\"https:\/\/franciscanos.org.br\/vidacrista\/ter-sede-e-fome-de-deus\/\" \/>\n<meta property=\"og:locale\" content=\"pt_BR\" \/>\n<meta property=\"og:type\" content=\"article\" \/>\n<meta property=\"og:title\" content=\"\u201cTer sede e fome de Deus\u201d - Vida Crist\u00e3 - Franciscanos\" \/>\n<meta property=\"og:description\" content=\"Reflex\u00e3o de Frei Almir Guimar\u00e3es\" \/>\n<meta property=\"og:url\" content=\"https:\/\/franciscanos.org.br\/vidacrista\/ter-sede-e-fome-de-deus\/\" \/>\n<meta property=\"og:site_name\" content=\"Vida Crist\u00e3 - Franciscanos\" \/>\n<meta property=\"article:published_time\" content=\"2020-01-02T10:41:55+00:00\" \/>\n<meta property=\"article:modified_time\" content=\"2020-01-03T11:24:47+00:00\" \/>\n<meta property=\"og:image\" content=\"https:\/\/franciscanos.org.br\/vidacrista\/wp-content\/uploads\/2020\/01\/sagrado_0210d.jpg\" \/>\n\t<meta property=\"og:image:width\" content=\"273\" \/>\n\t<meta property=\"og:image:height\" content=\"181\" \/>\n\t<meta property=\"og:image:type\" content=\"image\/jpeg\" \/>\n<meta name=\"author\" content=\"moacir\" \/>\n<meta name=\"twitter:card\" content=\"summary_large_image\" \/>\n<meta name=\"twitter:label1\" content=\"Escrito por\" \/>\n\t<meta name=\"twitter:data1\" content=\"moacir\" \/>\n\t<meta name=\"twitter:label2\" content=\"Est. tempo de leitura\" \/>\n\t<meta name=\"twitter:data2\" content=\"3 minutos\" \/>\n<script type=\"application\/ld+json\" class=\"yoast-schema-graph\">{\"@context\":\"https:\/\/schema.org\",\"@graph\":[{\"@type\":\"WebSite\",\"@id\":\"https:\/\/franciscanos.org.br\/vidacrista\/#website\",\"url\":\"https:\/\/franciscanos.org.br\/vidacrista\/\",\"name\":\"Vida Crist\u00e3 - Franciscanos\",\"description\":\"Prov\u00edncia Franciscana da Imaculada Concei\u00e7\u00e3o do Brasil - Ordem dos Frades Menores\",\"potentialAction\":[{\"@type\":\"SearchAction\",\"target\":{\"@type\":\"EntryPoint\",\"urlTemplate\":\"https:\/\/franciscanos.org.br\/vidacrista\/?s={search_term_string}\"},\"query-input\":\"required name=search_term_string\"}],\"inLanguage\":\"pt-BR\"},{\"@type\":\"WebPage\",\"@id\":\"https:\/\/franciscanos.org.br\/vidacrista\/ter-sede-e-fome-de-deus\/\",\"url\":\"https:\/\/franciscanos.org.br\/vidacrista\/ter-sede-e-fome-de-deus\/\",\"name\":\"\u201cTer sede e fome de Deus\u201d - Vida Crist\u00e3 - Franciscanos\",\"isPartOf\":{\"@id\":\"https:\/\/franciscanos.org.br\/vidacrista\/#website\"},\"datePublished\":\"2020-01-02T10:41:55+00:00\",\"dateModified\":\"2020-01-03T11:24:47+00:00\",\"author\":{\"@id\":\"https:\/\/franciscanos.org.br\/vidacrista\/#\/schema\/person\/1880bdd2c350b735648725ef7614736a\"},\"breadcrumb\":{\"@id\":\"https:\/\/franciscanos.org.br\/vidacrista\/ter-sede-e-fome-de-deus\/#breadcrumb\"},\"inLanguage\":\"pt-BR\",\"potentialAction\":[{\"@type\":\"ReadAction\",\"target\":[\"https:\/\/franciscanos.org.br\/vidacrista\/ter-sede-e-fome-de-deus\/\"]}]},{\"@type\":\"BreadcrumbList\",\"@id\":\"https:\/\/franciscanos.org.br\/vidacrista\/ter-sede-e-fome-de-deus\/#breadcrumb\",\"itemListElement\":[{\"@type\":\"ListItem\",\"position\":1,\"name\":\"Home\",\"item\":\"https:\/\/franciscanos.org.br\/vidacrista\/\"},{\"@type\":\"ListItem\",\"position\":2,\"name\":\"\u201cTer sede e fome de Deus\u201d\"}]},{\"@type\":\"Person\",\"@id\":\"https:\/\/franciscanos.org.br\/vidacrista\/#\/schema\/person\/1880bdd2c350b735648725ef7614736a\",\"name\":\"moacir\",\"image\":{\"@type\":\"ImageObject\",\"inLanguage\":\"pt-BR\",\"@id\":\"https:\/\/franciscanos.org.br\/vidacrista\/#\/schema\/person\/image\/\",\"url\":\"https:\/\/secure.gravatar.com\/avatar\/d08aa2ce4c8dd416d4479aa8536fcf64?s=96&d=mm&r=g\",\"contentUrl\":\"https:\/\/secure.gravatar.com\/avatar\/d08aa2ce4c8dd416d4479aa8536fcf64?s=96&d=mm&r=g\",\"caption\":\"moacir\"},\"url\":\"https:\/\/franciscanos.org.br\/vidacrista\/author\/moacir\/\"}]}<\/script>\n<!-- \/ Yoast SEO plugin. -->","yoast_head_json":{"title":"\u201cTer sede e fome de Deus\u201d - Vida Crist\u00e3 - Franciscanos","robots":{"index":"index","follow":"follow","max-snippet":"max-snippet:-1","max-image-preview":"max-image-preview:large","max-video-preview":"max-video-preview:-1"},"canonical":"https:\/\/franciscanos.org.br\/vidacrista\/ter-sede-e-fome-de-deus\/","og_locale":"pt_BR","og_type":"article","og_title":"\u201cTer sede e fome de Deus\u201d - Vida Crist\u00e3 - Franciscanos","og_description":"Reflex\u00e3o de Frei Almir Guimar\u00e3es","og_url":"https:\/\/franciscanos.org.br\/vidacrista\/ter-sede-e-fome-de-deus\/","og_site_name":"Vida Crist\u00e3 - Franciscanos","article_published_time":"2020-01-02T10:41:55+00:00","article_modified_time":"2020-01-03T11:24:47+00:00","og_image":[{"width":273,"height":181,"url":"https:\/\/franciscanos.org.br\/vidacrista\/wp-content\/uploads\/2020\/01\/sagrado_0210d.jpg","type":"image\/jpeg"}],"author":"moacir","twitter_card":"summary_large_image","twitter_misc":{"Escrito por":"moacir","Est. tempo de leitura":"3 minutos"},"schema":{"@context":"https:\/\/schema.org","@graph":[{"@type":"WebSite","@id":"https:\/\/franciscanos.org.br\/vidacrista\/#website","url":"https:\/\/franciscanos.org.br\/vidacrista\/","name":"Vida Crist\u00e3 - Franciscanos","description":"Prov\u00edncia Franciscana da Imaculada Concei\u00e7\u00e3o do Brasil - Ordem dos Frades Menores","potentialAction":[{"@type":"SearchAction","target":{"@type":"EntryPoint","urlTemplate":"https:\/\/franciscanos.org.br\/vidacrista\/?s={search_term_string}"},"query-input":"required name=search_term_string"}],"inLanguage":"pt-BR"},{"@type":"WebPage","@id":"https:\/\/franciscanos.org.br\/vidacrista\/ter-sede-e-fome-de-deus\/","url":"https:\/\/franciscanos.org.br\/vidacrista\/ter-sede-e-fome-de-deus\/","name":"\u201cTer sede e fome de Deus\u201d - Vida Crist\u00e3 - Franciscanos","isPartOf":{"@id":"https:\/\/franciscanos.org.br\/vidacrista\/#website"},"datePublished":"2020-01-02T10:41:55+00:00","dateModified":"2020-01-03T11:24:47+00:00","author":{"@id":"https:\/\/franciscanos.org.br\/vidacrista\/#\/schema\/person\/1880bdd2c350b735648725ef7614736a"},"breadcrumb":{"@id":"https:\/\/franciscanos.org.br\/vidacrista\/ter-sede-e-fome-de-deus\/#breadcrumb"},"inLanguage":"pt-BR","potentialAction":[{"@type":"ReadAction","target":["https:\/\/franciscanos.org.br\/vidacrista\/ter-sede-e-fome-de-deus\/"]}]},{"@type":"BreadcrumbList","@id":"https:\/\/franciscanos.org.br\/vidacrista\/ter-sede-e-fome-de-deus\/#breadcrumb","itemListElement":[{"@type":"ListItem","position":1,"name":"Home","item":"https:\/\/franciscanos.org.br\/vidacrista\/"},{"@type":"ListItem","position":2,"name":"\u201cTer sede e fome de Deus\u201d"}]},{"@type":"Person","@id":"https:\/\/franciscanos.org.br\/vidacrista\/#\/schema\/person\/1880bdd2c350b735648725ef7614736a","name":"moacir","image":{"@type":"ImageObject","inLanguage":"pt-BR","@id":"https:\/\/franciscanos.org.br\/vidacrista\/#\/schema\/person\/image\/","url":"https:\/\/secure.gravatar.com\/avatar\/d08aa2ce4c8dd416d4479aa8536fcf64?s=96&d=mm&r=g","contentUrl":"https:\/\/secure.gravatar.com\/avatar\/d08aa2ce4c8dd416d4479aa8536fcf64?s=96&d=mm&r=g","caption":"moacir"},"url":"https:\/\/franciscanos.org.br\/vidacrista\/author\/moacir\/"}]}},"_links":{"self":[{"href":"https:\/\/franciscanos.org.br\/vidacrista\/wp-json\/wp\/v2\/posts\/183056"}],"collection":[{"href":"https:\/\/franciscanos.org.br\/vidacrista\/wp-json\/wp\/v2\/posts"}],"about":[{"href":"https:\/\/franciscanos.org.br\/vidacrista\/wp-json\/wp\/v2\/types\/post"}],"author":[{"embeddable":true,"href":"https:\/\/franciscanos.org.br\/vidacrista\/wp-json\/wp\/v2\/users\/3"}],"replies":[{"embeddable":true,"href":"https:\/\/franciscanos.org.br\/vidacrista\/wp-json\/wp\/v2\/comments?post=183056"}],"version-history":[{"count":2,"href":"https:\/\/franciscanos.org.br\/vidacrista\/wp-json\/wp\/v2\/posts\/183056\/revisions"}],"predecessor-version":[{"id":183098,"href":"https:\/\/franciscanos.org.br\/vidacrista\/wp-json\/wp\/v2\/posts\/183056\/revisions\/183098"}],"wp:featuredmedia":[{"embeddable":true,"href":"https:\/\/franciscanos.org.br\/vidacrista\/wp-json\/wp\/v2\/media\/183058"}],"wp:attachment":[{"href":"https:\/\/franciscanos.org.br\/vidacrista\/wp-json\/wp\/v2\/media?parent=183056"}],"wp:term":[{"taxonomy":"category","embeddable":true,"href":"https:\/\/franciscanos.org.br\/vidacrista\/wp-json\/wp\/v2\/categories?post=183056"},{"taxonomy":"post_tag","embeddable":true,"href":"https:\/\/franciscanos.org.br\/vidacrista\/wp-json\/wp\/v2\/tags?post=183056"}],"curies":[{"name":"wp","href":"https:\/\/api.w.org\/{rel}","templated":true}]}}