{"id":182964,"date":"2019-12-19T11:23:55","date_gmt":"2019-12-19T14:23:55","guid":{"rendered":"https:\/\/franciscanos.org.br\/vidacrista\/?p=182964"},"modified":"2020-07-29T13:45:16","modified_gmt":"2020-07-29T16:45:16","slug":"o-natal-dos-herodes-de-hoje","status":"publish","type":"post","link":"https:\/\/franciscanos.org.br\/vidacrista\/o-natal-dos-herodes-de-hoje\/","title":{"rendered":"O Natal dos Herodes de hoje"},"content":{"rendered":"<p>&nbsp;<\/p>\n<div id=\"attachment_187132\" style=\"width: 850px\" class=\"wp-caption alignnone\"><img aria-describedby=\"caption-attachment-187132\" decoding=\"async\" loading=\"lazy\" class=\"wp-image-187132 size-full\" src=\"https:\/\/franciscanos.org.br\/vidacrista\/wp-content\/uploads\/2019\/12\/artigo_2907_4.jpg\" alt=\"\" width=\"840\" height=\"450\" srcset=\"https:\/\/franciscanos.org.br\/vidacrista\/wp-content\/uploads\/2019\/12\/artigo_2907_4.jpg 840w, https:\/\/franciscanos.org.br\/vidacrista\/wp-content\/uploads\/2019\/12\/artigo_2907_4-450x241.jpg 450w, https:\/\/franciscanos.org.br\/vidacrista\/wp-content\/uploads\/2019\/12\/artigo_2907_4-768x411.jpg 768w, https:\/\/franciscanos.org.br\/vidacrista\/wp-content\/uploads\/2019\/12\/artigo_2907_4-150x80.jpg 150w\" sizes=\"(max-width: 840px) 100vw, 840px\" \/><p id=\"caption-attachment-187132\" class=\"wp-caption-text\">\u00a0 \u00a0 \u00a0 \u00a0 \u00a0 \u00a0 \u00a0 \u00a0 \u00a0 \u00a0 \u00a0 \u00a0 \u00a0 \u00a0 \u00a0 \u00a0 \u00a0 \u00a0 \u00a0 \u00a0 \u00a0 \u00a0 \u00a0 \u00a0 \u00a0 \u00a0 \u00a0 \u00a0 \u00a0 \u00a0 \u00a0 \u00a0 \u00a0 \u00a0 \u00a0 \u00a0 \u00a0 \u00a0 \u00a0 \u00a0 \u00a0 \u00a0 \u00a0 \u00a0 \u00a0 \u00a0 \u00a0 \u00a0 \u00a0 \u00a0 \u00a0 \u00a0 \u00a0 \u00a0 \u00a0 \u00a0 \u00a0 \u00a0 \u00a0 \u00a0 \u00a0 \u00a0 \u00a0 \u00a0 \u00a0 \u00a0 \u00a0 \u00a0 \u00a0 \u00a0 \u00a0 \u00a0 \u00a0 \u00a0 \u00a0 \u00a0 \u00a0 \u00a0 \u00a0<em> \u00a0 \u00a0Imagem: \u00c1ghata (reprodu\u00e7\u00e3o)<\/em><\/p><\/div>\n<p><strong>Leonardo Boff<\/strong><\/p>\n<p>O Natal sempre possui o seu id\u00edlio. N\u00e3o pode haver tristeza quando nasce a vida, especialmente quando vem ao mundo o puer aeternus, o Divino Infante, Jesus. H\u00e1 anjos que cantam, a estrela de Bel\u00e9m que brilha, os pastores que velam \u00e0 noite o seu rebanho. Mas l\u00e1 est\u00e3o principalmente Maria, o bom Jos\u00e9 e o Menino deitado numa manjedoura, \u201cporque n\u00e3o havia lugar para eles na hospedaria\u201d. E eis que apareceram tamb\u00e9m vindo do Oriente, uns s\u00e1bios, chamados magos, que abriram seus cofres e ofereceram ouro, incenso e mirra, s\u00edmbolos misteriosos.<\/p>\n<p>Mas havia tamb\u00e9m um rei mau, Herodes, crudel\u00edssimo a ponto de dizimar toda sua fam\u00edlia. Ouviu que nascera na cidade de Davi, Bel\u00e9m, um menino que seria o Salvador. Temendo perder o trono, mandou matar em Bel\u00e9m e arredores, todos os meninos de dois anos para baixo.<\/p>\n<p>Os textos sagrados conservam um lamento dos mais pungentes de todo o Novo Testamento: &#8220;Em Ram\u00e1 se ouviu uma voz, muito choro e muito gemido. \u00c9 Raquel que chora os filhos e n\u00e3o quer ser consolada porque os perdeu\u201d (Evangelista Mateus 2,18).<\/p>\n<p>O Natal deste ano nos traz \u00e0 mente os atuais Herodes que est\u00e3o dizimando nossas crian\u00e7as e jovens. Entre 2007-2019, 57 crian\u00e7as e jovens at\u00e9 14 anos foram mortos no Brasil por balas perdidas, em a\u00e7\u00f5es policiais. S\u00f3 neste ano de 2019 no Rio de Janeiro, 6 crian\u00e7as e 19 adolescentes perderam a vida em a\u00e7\u00f5es policiais, informa a Plataforma Fogo Cruzado. Houve na regi\u00e3o metropolitana do Rio 6.058 tiroteios com arma de fogo, com 2.301 pessoas baleadas das quais 1.213 foram mortas e 1.088 gravemente feridas. O caso mais clamoroso foi da crian\u00e7a de 8 anos Aghata F\u00e9lix morta por disparo de fuzil pelas costas dentro de uma kombi quando ia para casa com sua m\u00e3e.<\/p>\n<p>Seus nomes merecem ser referidos. Embora com poucos anos a mais, tiveram o mesmo destino dos mortos por Herodes: Jenifer Gomes, 11 anos; Kauan Peixoto, 12 anos; Kau\u00e3 Roz\u00e1rio, 11 anos; Kau\u00ea dos Santos, 12 anos; Agatha F\u00e9lix, 8 anos; Ketellen Gomes, 5 anos.<\/p>\n<p>O governador do Rio de Janeiro com sua pol\u00edcia feroz vem sendo acusado de crime contra a humanidade pois manda atacar as comunidades com helic\u00f3pteros e drones, aterrorizando a popula\u00e7\u00e3o. O prefeito Marcelo Crivella confessou que nas 436 escolas instaladas nas comunidades, devido \u00e0s a\u00e7\u00f5es policiais, as crian\u00e7as perderam 7000 horas de aula.<\/p>\n<p>Junto com a m\u00e3e de Aghtata F\u00e9lix, Vanessa Francisco Sales que carregava no enterro a boneca da M\u00f4nica que sua filhinha tanto gostava, fazem-se ouvir as mesmas vozes que a Raquel b\u00edblica: As m\u00e3es do Morro do Alem\u00e3o, do Jacarezinho, da Chatuba de Mesquita, da Vila Moretti de Bangu, do Complexo do Chapad\u00e3o, de Duque de Caxias, da Vila Cruzeiro no Complexo da Penha, de Maric\u00e1. Escutemos seus lamentos:<\/p>\n<p>\u201cOuvem-se muitas vozes, muito choro e muitos gemidos. As m\u00e3es choram seus queridos, mortos por balas perdidas; n\u00e3o querem consolar-se porque perderam suas crian\u00e7as para sempre. Pedem uma resposta que n\u00e3o lhes vem de nenhuma inst\u00e2ncia. Entre l\u00e1grimas e muitas lamenta\u00e7\u00f5es suplicam: parem de matar nossas crian\u00e7as. Parem, pelo amor de Deus. Queremos elas vivas. Queremos justi\u00e7a\u201d.<\/p>\n<p>Este \u00e9 o contexto do Natal de 2019, agravado por uma pol\u00edtica oficial que usa os meios perversos da mentira, do <em>fake news<\/em>, de muita raiva e de \u00f3dio visceral. Jesus nasceu pobre e pobre viveu a vida inteira. E surge um presidente que tem frequentemente Jesus em seus l\u00e1bios e n\u00e3o em seu cora\u00e7\u00e3o porque difunde ofensas a homoafetivos, a negros, a ind\u00edgenas e a quilombolas e a mulheres.<\/p>\n<p>Diz abertamente que n\u00e3o gosta de pobres, quer dizer, n\u00e3o gosta daqueles que Jesus disse: \u201cbem-aventurados os pobres\u201d e e que os chamou \u201cmeus irm\u00e3os e irm\u00e3s menores\u201d e que no ocaso da vida ser\u00e3o nossos ju\u00edzes (Mt 25,40). N\u00e3o gostar dos pobres significa que n\u00e3o quer governar para as maiorias dos brasileiros que s\u00e3o pobres e at\u00e9 miser\u00e1veis, para os quais deveria primeiramente governar e cuid\u00e1-los.<\/p>\n<p>Apesar disso tudo, h\u00e1 que se celebrar o Natal. Faz escuro mas festejamos a humanidade e a jovialidade de nosso Deus. Ele se fez crian\u00e7a indefesa. Que felicidade em saber que seremos julgados por uma crian\u00e7a que apenas quer brincar, receber e dar carinho e amor.<\/p>\n<p>Que o Natal nos conceda um pouco daquela luz que vem da Estrela que encheu de alegria os pastores dos campos de Bel\u00e9m e que orientou o s\u00e1bios-magos para a gruta. \u201cSua luz ilumina cada pessoa que vem a este mundo\u201d (Jo 1,9), voc\u00ea e eu, todos, n\u00e3o s\u00f3 os batizados.<\/p>\n<hr \/>\n<p><strong>Leonardo Boff<\/strong> <em>\u00e9 te\u00f3logo e escreveu Natal: sol da esperan\u00e7a, hist\u00f3rias, poesias e s\u00edmbolos, Mar de Ideias, Rio de Janeiro 2007.<\/em><\/p>\n","protected":false},"excerpt":{"rendered":"<p>Artigo de Leonardo Boff<\/p>\n","protected":false},"author":3,"featured_media":187134,"comment_status":"open","ping_status":"open","sticky":false,"template":"","format":"standard","meta":{"footnotes":""},"categories":[26],"tags":[59],"yoast_head":"<!-- This site is optimized with the Yoast SEO plugin v19.4 - https:\/\/yoast.com\/wordpress\/plugins\/seo\/ -->\n<title>O Natal dos Herodes de hoje - Vida Crist\u00e3 - Franciscanos<\/title>\n<meta name=\"robots\" content=\"index, follow, max-snippet:-1, max-image-preview:large, max-video-preview:-1\" \/>\n<link rel=\"canonical\" href=\"https:\/\/franciscanos.org.br\/vidacrista\/o-natal-dos-herodes-de-hoje\/\" \/>\n<meta property=\"og:locale\" content=\"pt_BR\" \/>\n<meta property=\"og:type\" content=\"article\" \/>\n<meta property=\"og:title\" content=\"O Natal dos Herodes de hoje - Vida Crist\u00e3 - Franciscanos\" \/>\n<meta property=\"og:description\" content=\"Artigo de Leonardo Boff\" \/>\n<meta property=\"og:url\" content=\"https:\/\/franciscanos.org.br\/vidacrista\/o-natal-dos-herodes-de-hoje\/\" \/>\n<meta property=\"og:site_name\" content=\"Vida Crist\u00e3 - Franciscanos\" \/>\n<meta property=\"article:published_time\" content=\"2019-12-19T14:23:55+00:00\" \/>\n<meta property=\"article:modified_time\" content=\"2020-07-29T16:45:16+00:00\" \/>\n<meta property=\"og:image\" content=\"https:\/\/franciscanos.org.br\/vidacrista\/wp-content\/uploads\/2019\/12\/artigo_2907_4d.jpg\" \/>\n\t<meta property=\"og:image:width\" content=\"800\" \/>\n\t<meta property=\"og:image:height\" content=\"600\" \/>\n\t<meta property=\"og:image:type\" content=\"image\/jpeg\" \/>\n<meta name=\"author\" content=\"moacir\" \/>\n<meta name=\"twitter:card\" content=\"summary_large_image\" \/>\n<meta name=\"twitter:label1\" content=\"Escrito por\" \/>\n\t<meta name=\"twitter:data1\" content=\"moacir\" \/>\n\t<meta name=\"twitter:label2\" content=\"Est. tempo de leitura\" \/>\n\t<meta name=\"twitter:data2\" content=\"4 minutos\" \/>\n<script type=\"application\/ld+json\" class=\"yoast-schema-graph\">{\"@context\":\"https:\/\/schema.org\",\"@graph\":[{\"@type\":\"WebSite\",\"@id\":\"https:\/\/franciscanos.org.br\/vidacrista\/#website\",\"url\":\"https:\/\/franciscanos.org.br\/vidacrista\/\",\"name\":\"Vida Crist\u00e3 - Franciscanos\",\"description\":\"Prov\u00edncia Franciscana da Imaculada Concei\u00e7\u00e3o do Brasil - Ordem dos Frades Menores\",\"potentialAction\":[{\"@type\":\"SearchAction\",\"target\":{\"@type\":\"EntryPoint\",\"urlTemplate\":\"https:\/\/franciscanos.org.br\/vidacrista\/?s={search_term_string}\"},\"query-input\":\"required name=search_term_string\"}],\"inLanguage\":\"pt-BR\"},{\"@type\":\"WebPage\",\"@id\":\"https:\/\/franciscanos.org.br\/vidacrista\/o-natal-dos-herodes-de-hoje\/\",\"url\":\"https:\/\/franciscanos.org.br\/vidacrista\/o-natal-dos-herodes-de-hoje\/\",\"name\":\"O Natal dos Herodes de hoje - Vida Crist\u00e3 - Franciscanos\",\"isPartOf\":{\"@id\":\"https:\/\/franciscanos.org.br\/vidacrista\/#website\"},\"datePublished\":\"2019-12-19T14:23:55+00:00\",\"dateModified\":\"2020-07-29T16:45:16+00:00\",\"author\":{\"@id\":\"https:\/\/franciscanos.org.br\/vidacrista\/#\/schema\/person\/1880bdd2c350b735648725ef7614736a\"},\"breadcrumb\":{\"@id\":\"https:\/\/franciscanos.org.br\/vidacrista\/o-natal-dos-herodes-de-hoje\/#breadcrumb\"},\"inLanguage\":\"pt-BR\",\"potentialAction\":[{\"@type\":\"ReadAction\",\"target\":[\"https:\/\/franciscanos.org.br\/vidacrista\/o-natal-dos-herodes-de-hoje\/\"]}]},{\"@type\":\"BreadcrumbList\",\"@id\":\"https:\/\/franciscanos.org.br\/vidacrista\/o-natal-dos-herodes-de-hoje\/#breadcrumb\",\"itemListElement\":[{\"@type\":\"ListItem\",\"position\":1,\"name\":\"Home\",\"item\":\"https:\/\/franciscanos.org.br\/vidacrista\/\"},{\"@type\":\"ListItem\",\"position\":2,\"name\":\"O Natal dos Herodes de hoje\"}]},{\"@type\":\"Person\",\"@id\":\"https:\/\/franciscanos.org.br\/vidacrista\/#\/schema\/person\/1880bdd2c350b735648725ef7614736a\",\"name\":\"moacir\",\"image\":{\"@type\":\"ImageObject\",\"inLanguage\":\"pt-BR\",\"@id\":\"https:\/\/franciscanos.org.br\/vidacrista\/#\/schema\/person\/image\/\",\"url\":\"https:\/\/secure.gravatar.com\/avatar\/d08aa2ce4c8dd416d4479aa8536fcf64?s=96&d=mm&r=g\",\"contentUrl\":\"https:\/\/secure.gravatar.com\/avatar\/d08aa2ce4c8dd416d4479aa8536fcf64?s=96&d=mm&r=g\",\"caption\":\"moacir\"},\"url\":\"https:\/\/franciscanos.org.br\/vidacrista\/author\/moacir\/\"}]}<\/script>\n<!-- \/ Yoast SEO plugin. -->","yoast_head_json":{"title":"O Natal dos Herodes de hoje - Vida Crist\u00e3 - Franciscanos","robots":{"index":"index","follow":"follow","max-snippet":"max-snippet:-1","max-image-preview":"max-image-preview:large","max-video-preview":"max-video-preview:-1"},"canonical":"https:\/\/franciscanos.org.br\/vidacrista\/o-natal-dos-herodes-de-hoje\/","og_locale":"pt_BR","og_type":"article","og_title":"O Natal dos Herodes de hoje - Vida Crist\u00e3 - Franciscanos","og_description":"Artigo de Leonardo Boff","og_url":"https:\/\/franciscanos.org.br\/vidacrista\/o-natal-dos-herodes-de-hoje\/","og_site_name":"Vida Crist\u00e3 - Franciscanos","article_published_time":"2019-12-19T14:23:55+00:00","article_modified_time":"2020-07-29T16:45:16+00:00","og_image":[{"width":800,"height":600,"url":"https:\/\/franciscanos.org.br\/vidacrista\/wp-content\/uploads\/2019\/12\/artigo_2907_4d.jpg","type":"image\/jpeg"}],"author":"moacir","twitter_card":"summary_large_image","twitter_misc":{"Escrito por":"moacir","Est. tempo de leitura":"4 minutos"},"schema":{"@context":"https:\/\/schema.org","@graph":[{"@type":"WebSite","@id":"https:\/\/franciscanos.org.br\/vidacrista\/#website","url":"https:\/\/franciscanos.org.br\/vidacrista\/","name":"Vida Crist\u00e3 - Franciscanos","description":"Prov\u00edncia Franciscana da Imaculada Concei\u00e7\u00e3o do Brasil - Ordem dos Frades Menores","potentialAction":[{"@type":"SearchAction","target":{"@type":"EntryPoint","urlTemplate":"https:\/\/franciscanos.org.br\/vidacrista\/?s={search_term_string}"},"query-input":"required name=search_term_string"}],"inLanguage":"pt-BR"},{"@type":"WebPage","@id":"https:\/\/franciscanos.org.br\/vidacrista\/o-natal-dos-herodes-de-hoje\/","url":"https:\/\/franciscanos.org.br\/vidacrista\/o-natal-dos-herodes-de-hoje\/","name":"O Natal dos Herodes de hoje - Vida Crist\u00e3 - Franciscanos","isPartOf":{"@id":"https:\/\/franciscanos.org.br\/vidacrista\/#website"},"datePublished":"2019-12-19T14:23:55+00:00","dateModified":"2020-07-29T16:45:16+00:00","author":{"@id":"https:\/\/franciscanos.org.br\/vidacrista\/#\/schema\/person\/1880bdd2c350b735648725ef7614736a"},"breadcrumb":{"@id":"https:\/\/franciscanos.org.br\/vidacrista\/o-natal-dos-herodes-de-hoje\/#breadcrumb"},"inLanguage":"pt-BR","potentialAction":[{"@type":"ReadAction","target":["https:\/\/franciscanos.org.br\/vidacrista\/o-natal-dos-herodes-de-hoje\/"]}]},{"@type":"BreadcrumbList","@id":"https:\/\/franciscanos.org.br\/vidacrista\/o-natal-dos-herodes-de-hoje\/#breadcrumb","itemListElement":[{"@type":"ListItem","position":1,"name":"Home","item":"https:\/\/franciscanos.org.br\/vidacrista\/"},{"@type":"ListItem","position":2,"name":"O Natal dos Herodes de hoje"}]},{"@type":"Person","@id":"https:\/\/franciscanos.org.br\/vidacrista\/#\/schema\/person\/1880bdd2c350b735648725ef7614736a","name":"moacir","image":{"@type":"ImageObject","inLanguage":"pt-BR","@id":"https:\/\/franciscanos.org.br\/vidacrista\/#\/schema\/person\/image\/","url":"https:\/\/secure.gravatar.com\/avatar\/d08aa2ce4c8dd416d4479aa8536fcf64?s=96&d=mm&r=g","contentUrl":"https:\/\/secure.gravatar.com\/avatar\/d08aa2ce4c8dd416d4479aa8536fcf64?s=96&d=mm&r=g","caption":"moacir"},"url":"https:\/\/franciscanos.org.br\/vidacrista\/author\/moacir\/"}]}},"_links":{"self":[{"href":"https:\/\/franciscanos.org.br\/vidacrista\/wp-json\/wp\/v2\/posts\/182964"}],"collection":[{"href":"https:\/\/franciscanos.org.br\/vidacrista\/wp-json\/wp\/v2\/posts"}],"about":[{"href":"https:\/\/franciscanos.org.br\/vidacrista\/wp-json\/wp\/v2\/types\/post"}],"author":[{"embeddable":true,"href":"https:\/\/franciscanos.org.br\/vidacrista\/wp-json\/wp\/v2\/users\/3"}],"replies":[{"embeddable":true,"href":"https:\/\/franciscanos.org.br\/vidacrista\/wp-json\/wp\/v2\/comments?post=182964"}],"version-history":[{"count":5,"href":"https:\/\/franciscanos.org.br\/vidacrista\/wp-json\/wp\/v2\/posts\/182964\/revisions"}],"predecessor-version":[{"id":187135,"href":"https:\/\/franciscanos.org.br\/vidacrista\/wp-json\/wp\/v2\/posts\/182964\/revisions\/187135"}],"wp:featuredmedia":[{"embeddable":true,"href":"https:\/\/franciscanos.org.br\/vidacrista\/wp-json\/wp\/v2\/media\/187134"}],"wp:attachment":[{"href":"https:\/\/franciscanos.org.br\/vidacrista\/wp-json\/wp\/v2\/media?parent=182964"}],"wp:term":[{"taxonomy":"category","embeddable":true,"href":"https:\/\/franciscanos.org.br\/vidacrista\/wp-json\/wp\/v2\/categories?post=182964"},{"taxonomy":"post_tag","embeddable":true,"href":"https:\/\/franciscanos.org.br\/vidacrista\/wp-json\/wp\/v2\/tags?post=182964"}],"curies":[{"name":"wp","href":"https:\/\/api.w.org\/{rel}","templated":true}]}}