{"id":182877,"date":"2019-12-13T07:08:57","date_gmt":"2019-12-13T10:08:57","guid":{"rendered":"https:\/\/franciscanos.org.br\/vidacrista\/?p=182877"},"modified":"2020-07-30T11:22:27","modified_gmt":"2020-07-30T14:22:27","slug":"a-pos-verdade-socrates-morreria-de-tristeza","status":"publish","type":"post","link":"https:\/\/franciscanos.org.br\/vidacrista\/a-pos-verdade-socrates-morreria-de-tristeza\/","title":{"rendered":"A p\u00f3s-verdade: S\u00f3crates morreria de tristeza"},"content":{"rendered":"<div class=\"post-header\"><\/div>\n<div class=\"meta clear\">\n<div class=\"author\">\n<div id=\"attachment_182878\" style=\"width: 900px\" class=\"wp-caption alignnone\"><img aria-describedby=\"caption-attachment-182878\" decoding=\"async\" loading=\"lazy\" class=\"wp-image-182878 size-full\" src=\"https:\/\/franciscanos.org.br\/vidacrista\/wp-content\/uploads\/2019\/12\/boff_1312.jpg\" alt=\"\" width=\"890\" height=\"501\" srcset=\"https:\/\/franciscanos.org.br\/vidacrista\/wp-content\/uploads\/2019\/12\/boff_1312.jpg 890w, https:\/\/franciscanos.org.br\/vidacrista\/wp-content\/uploads\/2019\/12\/boff_1312-450x253.jpg 450w, https:\/\/franciscanos.org.br\/vidacrista\/wp-content\/uploads\/2019\/12\/boff_1312-768x432.jpg 768w, https:\/\/franciscanos.org.br\/vidacrista\/wp-content\/uploads\/2019\/12\/boff_1312-150x84.jpg 150w\" sizes=\"(max-width: 890px) 100vw, 890px\" \/><p id=\"caption-attachment-182878\" class=\"wp-caption-text\">\u00a0 \u00a0 \u00a0 \u00a0 \u00a0 \u00a0 \u00a0 \u00a0 \u00a0 \u00a0 \u00a0 \u00a0 \u00a0 \u00a0 \u00a0 \u00a0 \u00a0 \u00a0 \u00a0 \u00a0 \u00a0 \u00a0 \u00a0 \u00a0 \u00a0 \u00a0 \u00a0 \u00a0 \u00a0 \u00a0 \u00a0 \u00a0 \u00a0 \u00a0 \u00a0 \u00a0 \u00a0 \u00a0 \u00a0 \u00a0 \u00a0 \u00a0 \u00a0 \u00a0 \u00a0 \u00a0 \u00a0 \u00a0 \u00a0 \u00a0 \u00a0 \u00a0 <em>Imagem ilustrativa (fonte: Wikimedia Commons\/Wikipedia)<\/em><\/p><\/div>\n<\/div>\n<\/div>\n<div class=\"entry clear\">\n<p>Vivemos tempos dos\u00a0<strong>p\u00f3s<\/strong>: p\u00f3s-moderno, p\u00f3s-capitalista, p\u00f3s-neoliberal, p\u00f3s-comunismo, p\u00f3s socialismo, p\u00f3s-democracia, p\u00f3s-religioso, p\u00f3s-crist\u00e3o, p\u00f3s-humano e recentemente\u00a0<strong>p\u00f3s-verdade<\/strong>. Praticamente tudo tem o seu p\u00f3s. Tal fato denota apenas que n\u00e3o encontramos ainda o nome que define o nosso tempo, vivendo ref\u00e9ns do velho. Contudo, assomam, aqui e acol\u00e1, sinais de que algum nome adequado est\u00e1 por vir. Em outras palavras, n\u00e3o sabemos ainda como definir a identidade de nosso tempo.<\/p>\n<p>Assim ocorre com a express\u00e3o\u00a0<strong>p\u00f3s-verdade<\/strong>. Ela foi cunhada por um dramaturgo servo-norte-americano, Steve Tesich num artigo da revista\u00a0<em>The Nation<\/em>\u00a0de 1992 e retomada por ele depois ao referir-se ironicamente ao esc\u00e2ndalo da Guerra do Golfo. O presidente Bush Filho, reunindo todo o Gabinete, pediu licen\u00e7a para retirar-se por alguns minutos. Fundamentalista, ia consultar o bom Senhor. Diz, \u201cde joelho pedi ao Bom Senhor luzes para a decis\u00e3o que iria tomar; ficou-me claro que dev\u00edamos ir \u00e0 guerra contra Saddam Hussein\u201d. As informa\u00e7\u00f5es mais seguras afirmavam que n\u00e3o havia armas de destrui\u00e7\u00e3o em massa. Era uma p\u00f3s-verdade. Mas gra\u00e7as ao \u201cBom Senhor\u201d, contra todas as evid\u00eancias reafirmou: \u201cVamos \u00e0 guerra\u201d. E b\u00e1rbaros, foram e destru\u00edram uma das civiliza\u00e7\u00f5es mais antigas.<\/p>\n<p>O dicion\u00e1rio Oxford de 2016 a escolheu como a palavra do ano. Assim a define:\u201dO que \u00e9 relativo a circunst\u00e2ncia na qual os fatos objetivos s\u00e3o menos influentes na opini\u00e3o p\u00fablica do que as emo\u00e7\u00f5es e cren\u00e7as pessoais\u201d. N\u00e3o importa a verdade; s\u00f3 a minha conta. O jornalista brit\u00e2nico Matthew D\u2019Ancona dedicou-lhe todo um livro com o t\u00edtulo \u201c<em>P\u00f3s-verdade: a nova guerra contra os fatos em tempos de fake news<\/em>\u00a0(Faro Editorial 2018). Ai mostra como se d\u00e1 a predomin\u00e2ncia da cren\u00e7a e convic\u00e7\u00e3o pessoal sobre o fato bruto da realidade.<\/p>\n<p>\u00c9 doloroso verificar que toda a tradi\u00e7\u00e3o filos\u00f3fica do Ocidente e do Oriente que significou um esfor\u00e7o exaustivo na busca da verdade das coisas, sendo agora invalidada por um inaudito movimento hist\u00f3rico que afirma ser a verdade da realidade e da dureza dos fatos algo irrelevante. O que conta ser\u00e3o minhas cren\u00e7as e convic\u00e7\u00f5es: s\u00f3 ser\u00e3o acolhidos aqueles fatos e aquelas vers\u00f5es que se coadunam \u00e0 estas minhas cren\u00e7as e convic\u00e7\u00f5es, sejam elas verdadeiras ou falsas. Elas representar\u00e3o para mim a verdade. Isso funcionou largamente na campanha presidencial do Donald Trump e de Jair Bolsonaro.<\/p>\n<p>Se S\u00f3crates que dialogava incansavelmente com seus interlocutores sobre a verdade da justi\u00e7a, da beleza e do amor, constatasse a predomin\u00e2ncia da p\u00f3s-verdade, seguramente n\u00e3o precisaria ser obrigado a tomar a sicuta. Morreria de tristeza.<\/p>\n<p>A p\u00f3s-verdade denota a profundidade da crise de nossa civiliza\u00e7\u00e3o. Representa a covardia do esp\u00edrito que n\u00e3o consegue ver e conviver com aquilo que \u00e9. Tem que deform\u00e1-lo e acomod\u00e1-lo ao gosto subjetivo das pessoas e dos grupos geralmente pol\u00edticos.<\/p>\n<p>Aqui valem as palavras do poeta espanhol, Ant\u00f3nio Machado, fugido da persegui\u00e7\u00e3o de Franco: &#8220;<em>A\u00a0tua verdade. N\u00e3o. A verdade. A tua guarde-a para ti<\/em>.\u00a0<em>Busquemos juntos a verdade<\/em>\u201d. Agora vergonhosamente n\u00e3o se precisa mais buscar juntos a verdade. Educados como individualistas pela cultura do capital, cada um assume como\u00a0 verdade a que lhe serve. Poucos se enfrentam com a verdade \u201cverdadeira\u201d e se deixam medir por ela. Mas a realidade resiste e se imp\u00f5e e nos d\u00e1 duras li\u00e7\u00f5es.<\/p>\n<p>Bem observava Iya Prigogine, pr\u00eamio Nobel em termodin\u00e2mica em seu livro o\u00a0<em>Fim das Certezas<\/em>\u00a0(1996): vivemos o tempo das possibilidades mais do que das certezas, o que n\u00e3o impede de buscar a verdade das leis da natureza. Zygmunt Bauman preferia falar \u201c<em>das realidades l\u00edquidas<\/em>\u201d como uma das caracter\u00edsticas de nosso tempo. Dizia-o antes como ironia pois assim se sacrificava a verdade das coisas (da vida, do amor etc). Seria o imp\u00e9rio do\u00a0<em>evey thing goes: do vale tudo.\u00a0<\/em>E sabemos que nem tudo vale, como estuprar uma crian\u00e7a.<\/p>\n<p>A p\u00f3s-verdade n\u00e3o se identifica com as\u00a0<em>fake news<\/em>: estas s\u00e3o mentiras e cal\u00fanias difundidas aos milh\u00f5es pelas m\u00eddias digitais contra pessoas ou partidos. Tiveram um papel decisivo na vit\u00f3ria de Bolsonaro bem como na de Trump. Aqui vale o descaramento, a falta de car\u00e1ter e o total descompromisso com os fatos. Na p\u00f3s-verdade predomina a sele\u00e7\u00e3o daquilo, verdadeiro ou falso, que se adequa \u00e0 minha vis\u00e3o das coisas. O defeito \u00e9 a falta de cr\u00edtica e de discernimento para buscar o que de fato \u00e9 verdadeiro ou falso.<\/p>\n<p>N\u00e3o creio que estamos diante de uma era da \u201cp\u00f3s-verdade\u201d. O que \u00e9 perverso n\u00e3o tem sustenta\u00e7\u00e3o pr\u00f3pria para fundar uma hist\u00f3ria. A palavra decisiva cabe sempre \u00e0 verdade cuja luz nunca se apaga.<\/p>\n<hr \/>\n<p><strong>Leonardo Boff<\/strong> <em>\u00e9 fil\u00f3sofo e escreveu\u00a0Tempo de Transcend\u00eancia: o ser humano como projeto infinito,\u00a0Mar de Ideias, Rio 2010.<\/em><\/p>\n<\/div>\n","protected":false},"excerpt":{"rendered":"<p>Artigo de Leonardo Boff<\/p>\n","protected":false},"author":3,"featured_media":184723,"comment_status":"open","ping_status":"open","sticky":false,"template":"","format":"standard","meta":{"footnotes":""},"categories":[26],"tags":[59],"yoast_head":"<!-- This site is optimized with the Yoast SEO plugin v19.4 - https:\/\/yoast.com\/wordpress\/plugins\/seo\/ -->\n<title>A p\u00f3s-verdade: S\u00f3crates morreria de tristeza - Vida Crist\u00e3 - Franciscanos<\/title>\n<meta name=\"robots\" content=\"index, follow, max-snippet:-1, max-image-preview:large, max-video-preview:-1\" \/>\n<link rel=\"canonical\" href=\"https:\/\/franciscanos.org.br\/vidacrista\/a-pos-verdade-socrates-morreria-de-tristeza\/\" \/>\n<meta property=\"og:locale\" content=\"pt_BR\" \/>\n<meta property=\"og:type\" content=\"article\" \/>\n<meta property=\"og:title\" content=\"A p\u00f3s-verdade: S\u00f3crates morreria de tristeza - Vida Crist\u00e3 - Franciscanos\" \/>\n<meta property=\"og:description\" content=\"Artigo de Leonardo Boff\" \/>\n<meta property=\"og:url\" content=\"https:\/\/franciscanos.org.br\/vidacrista\/a-pos-verdade-socrates-morreria-de-tristeza\/\" \/>\n<meta property=\"og:site_name\" content=\"Vida Crist\u00e3 - Franciscanos\" \/>\n<meta property=\"article:published_time\" content=\"2019-12-13T10:08:57+00:00\" \/>\n<meta property=\"article:modified_time\" content=\"2020-07-30T14:22:27+00:00\" \/>\n<meta property=\"og:image\" content=\"https:\/\/franciscanos.org.br\/vidacrista\/wp-content\/uploads\/2019\/12\/boff_1312-1.jpg\" \/>\n\t<meta property=\"og:image:width\" content=\"800\" \/>\n\t<meta property=\"og:image:height\" content=\"600\" \/>\n\t<meta property=\"og:image:type\" content=\"image\/jpeg\" \/>\n<meta name=\"author\" content=\"moacir\" \/>\n<meta name=\"twitter:card\" content=\"summary_large_image\" \/>\n<meta name=\"twitter:label1\" content=\"Escrito por\" \/>\n\t<meta name=\"twitter:data1\" content=\"moacir\" \/>\n\t<meta name=\"twitter:label2\" content=\"Est. tempo de leitura\" \/>\n\t<meta name=\"twitter:data2\" content=\"4 minutos\" \/>\n<script type=\"application\/ld+json\" class=\"yoast-schema-graph\">{\"@context\":\"https:\/\/schema.org\",\"@graph\":[{\"@type\":\"WebSite\",\"@id\":\"https:\/\/franciscanos.org.br\/vidacrista\/#website\",\"url\":\"https:\/\/franciscanos.org.br\/vidacrista\/\",\"name\":\"Vida Crist\u00e3 - Franciscanos\",\"description\":\"Prov\u00edncia Franciscana da Imaculada Concei\u00e7\u00e3o do Brasil - Ordem dos Frades Menores\",\"potentialAction\":[{\"@type\":\"SearchAction\",\"target\":{\"@type\":\"EntryPoint\",\"urlTemplate\":\"https:\/\/franciscanos.org.br\/vidacrista\/?s={search_term_string}\"},\"query-input\":\"required name=search_term_string\"}],\"inLanguage\":\"pt-BR\"},{\"@type\":\"WebPage\",\"@id\":\"https:\/\/franciscanos.org.br\/vidacrista\/a-pos-verdade-socrates-morreria-de-tristeza\/\",\"url\":\"https:\/\/franciscanos.org.br\/vidacrista\/a-pos-verdade-socrates-morreria-de-tristeza\/\",\"name\":\"A p\u00f3s-verdade: S\u00f3crates morreria de tristeza - Vida Crist\u00e3 - Franciscanos\",\"isPartOf\":{\"@id\":\"https:\/\/franciscanos.org.br\/vidacrista\/#website\"},\"datePublished\":\"2019-12-13T10:08:57+00:00\",\"dateModified\":\"2020-07-30T14:22:27+00:00\",\"author\":{\"@id\":\"https:\/\/franciscanos.org.br\/vidacrista\/#\/schema\/person\/1880bdd2c350b735648725ef7614736a\"},\"breadcrumb\":{\"@id\":\"https:\/\/franciscanos.org.br\/vidacrista\/a-pos-verdade-socrates-morreria-de-tristeza\/#breadcrumb\"},\"inLanguage\":\"pt-BR\",\"potentialAction\":[{\"@type\":\"ReadAction\",\"target\":[\"https:\/\/franciscanos.org.br\/vidacrista\/a-pos-verdade-socrates-morreria-de-tristeza\/\"]}]},{\"@type\":\"BreadcrumbList\",\"@id\":\"https:\/\/franciscanos.org.br\/vidacrista\/a-pos-verdade-socrates-morreria-de-tristeza\/#breadcrumb\",\"itemListElement\":[{\"@type\":\"ListItem\",\"position\":1,\"name\":\"Home\",\"item\":\"https:\/\/franciscanos.org.br\/vidacrista\/\"},{\"@type\":\"ListItem\",\"position\":2,\"name\":\"A p\u00f3s-verdade: S\u00f3crates morreria de tristeza\"}]},{\"@type\":\"Person\",\"@id\":\"https:\/\/franciscanos.org.br\/vidacrista\/#\/schema\/person\/1880bdd2c350b735648725ef7614736a\",\"name\":\"moacir\",\"image\":{\"@type\":\"ImageObject\",\"inLanguage\":\"pt-BR\",\"@id\":\"https:\/\/franciscanos.org.br\/vidacrista\/#\/schema\/person\/image\/\",\"url\":\"https:\/\/secure.gravatar.com\/avatar\/d08aa2ce4c8dd416d4479aa8536fcf64?s=96&d=mm&r=g\",\"contentUrl\":\"https:\/\/secure.gravatar.com\/avatar\/d08aa2ce4c8dd416d4479aa8536fcf64?s=96&d=mm&r=g\",\"caption\":\"moacir\"},\"url\":\"https:\/\/franciscanos.org.br\/vidacrista\/author\/moacir\/\"}]}<\/script>\n<!-- \/ Yoast SEO plugin. -->","yoast_head_json":{"title":"A p\u00f3s-verdade: S\u00f3crates morreria de tristeza - Vida Crist\u00e3 - Franciscanos","robots":{"index":"index","follow":"follow","max-snippet":"max-snippet:-1","max-image-preview":"max-image-preview:large","max-video-preview":"max-video-preview:-1"},"canonical":"https:\/\/franciscanos.org.br\/vidacrista\/a-pos-verdade-socrates-morreria-de-tristeza\/","og_locale":"pt_BR","og_type":"article","og_title":"A p\u00f3s-verdade: S\u00f3crates morreria de tristeza - Vida Crist\u00e3 - Franciscanos","og_description":"Artigo de Leonardo Boff","og_url":"https:\/\/franciscanos.org.br\/vidacrista\/a-pos-verdade-socrates-morreria-de-tristeza\/","og_site_name":"Vida Crist\u00e3 - Franciscanos","article_published_time":"2019-12-13T10:08:57+00:00","article_modified_time":"2020-07-30T14:22:27+00:00","og_image":[{"width":800,"height":600,"url":"https:\/\/franciscanos.org.br\/vidacrista\/wp-content\/uploads\/2019\/12\/boff_1312-1.jpg","type":"image\/jpeg"}],"author":"moacir","twitter_card":"summary_large_image","twitter_misc":{"Escrito por":"moacir","Est. tempo de leitura":"4 minutos"},"schema":{"@context":"https:\/\/schema.org","@graph":[{"@type":"WebSite","@id":"https:\/\/franciscanos.org.br\/vidacrista\/#website","url":"https:\/\/franciscanos.org.br\/vidacrista\/","name":"Vida Crist\u00e3 - Franciscanos","description":"Prov\u00edncia Franciscana da Imaculada Concei\u00e7\u00e3o do Brasil - Ordem dos Frades Menores","potentialAction":[{"@type":"SearchAction","target":{"@type":"EntryPoint","urlTemplate":"https:\/\/franciscanos.org.br\/vidacrista\/?s={search_term_string}"},"query-input":"required name=search_term_string"}],"inLanguage":"pt-BR"},{"@type":"WebPage","@id":"https:\/\/franciscanos.org.br\/vidacrista\/a-pos-verdade-socrates-morreria-de-tristeza\/","url":"https:\/\/franciscanos.org.br\/vidacrista\/a-pos-verdade-socrates-morreria-de-tristeza\/","name":"A p\u00f3s-verdade: S\u00f3crates morreria de tristeza - Vida Crist\u00e3 - Franciscanos","isPartOf":{"@id":"https:\/\/franciscanos.org.br\/vidacrista\/#website"},"datePublished":"2019-12-13T10:08:57+00:00","dateModified":"2020-07-30T14:22:27+00:00","author":{"@id":"https:\/\/franciscanos.org.br\/vidacrista\/#\/schema\/person\/1880bdd2c350b735648725ef7614736a"},"breadcrumb":{"@id":"https:\/\/franciscanos.org.br\/vidacrista\/a-pos-verdade-socrates-morreria-de-tristeza\/#breadcrumb"},"inLanguage":"pt-BR","potentialAction":[{"@type":"ReadAction","target":["https:\/\/franciscanos.org.br\/vidacrista\/a-pos-verdade-socrates-morreria-de-tristeza\/"]}]},{"@type":"BreadcrumbList","@id":"https:\/\/franciscanos.org.br\/vidacrista\/a-pos-verdade-socrates-morreria-de-tristeza\/#breadcrumb","itemListElement":[{"@type":"ListItem","position":1,"name":"Home","item":"https:\/\/franciscanos.org.br\/vidacrista\/"},{"@type":"ListItem","position":2,"name":"A p\u00f3s-verdade: S\u00f3crates morreria de tristeza"}]},{"@type":"Person","@id":"https:\/\/franciscanos.org.br\/vidacrista\/#\/schema\/person\/1880bdd2c350b735648725ef7614736a","name":"moacir","image":{"@type":"ImageObject","inLanguage":"pt-BR","@id":"https:\/\/franciscanos.org.br\/vidacrista\/#\/schema\/person\/image\/","url":"https:\/\/secure.gravatar.com\/avatar\/d08aa2ce4c8dd416d4479aa8536fcf64?s=96&d=mm&r=g","contentUrl":"https:\/\/secure.gravatar.com\/avatar\/d08aa2ce4c8dd416d4479aa8536fcf64?s=96&d=mm&r=g","caption":"moacir"},"url":"https:\/\/franciscanos.org.br\/vidacrista\/author\/moacir\/"}]}},"_links":{"self":[{"href":"https:\/\/franciscanos.org.br\/vidacrista\/wp-json\/wp\/v2\/posts\/182877"}],"collection":[{"href":"https:\/\/franciscanos.org.br\/vidacrista\/wp-json\/wp\/v2\/posts"}],"about":[{"href":"https:\/\/franciscanos.org.br\/vidacrista\/wp-json\/wp\/v2\/types\/post"}],"author":[{"embeddable":true,"href":"https:\/\/franciscanos.org.br\/vidacrista\/wp-json\/wp\/v2\/users\/3"}],"replies":[{"embeddable":true,"href":"https:\/\/franciscanos.org.br\/vidacrista\/wp-json\/wp\/v2\/comments?post=182877"}],"version-history":[{"count":4,"href":"https:\/\/franciscanos.org.br\/vidacrista\/wp-json\/wp\/v2\/posts\/182877\/revisions"}],"predecessor-version":[{"id":187198,"href":"https:\/\/franciscanos.org.br\/vidacrista\/wp-json\/wp\/v2\/posts\/182877\/revisions\/187198"}],"wp:featuredmedia":[{"embeddable":true,"href":"https:\/\/franciscanos.org.br\/vidacrista\/wp-json\/wp\/v2\/media\/184723"}],"wp:attachment":[{"href":"https:\/\/franciscanos.org.br\/vidacrista\/wp-json\/wp\/v2\/media?parent=182877"}],"wp:term":[{"taxonomy":"category","embeddable":true,"href":"https:\/\/franciscanos.org.br\/vidacrista\/wp-json\/wp\/v2\/categories?post=182877"},{"taxonomy":"post_tag","embeddable":true,"href":"https:\/\/franciscanos.org.br\/vidacrista\/wp-json\/wp\/v2\/tags?post=182877"}],"curies":[{"name":"wp","href":"https:\/\/api.w.org\/{rel}","templated":true}]}}