{"id":182750,"date":"2019-12-03T11:14:31","date_gmt":"2019-12-03T14:14:31","guid":{"rendered":"https:\/\/franciscanos.org.br\/vidacrista\/?p=182750"},"modified":"2020-05-29T08:55:45","modified_gmt":"2020-05-29T11:55:45","slug":"no-coracao-de-jesus-todo-o-amor-de-deus","status":"publish","type":"post","link":"https:\/\/franciscanos.org.br\/vidacrista\/no-coracao-de-jesus-todo-o-amor-de-deus\/","title":{"rendered":"No cora\u00e7\u00e3o de Jesus todo o amor de Deus"},"content":{"rendered":"<p><img decoding=\"async\" loading=\"lazy\" class=\"alignnone wp-image-182751 size-full\" src=\"https:\/\/franciscanos.org.br\/vidacrista\/wp-content\/uploads\/2019\/12\/sagrado_0612.jpg\" alt=\"\" width=\"840\" height=\"449\" srcset=\"https:\/\/franciscanos.org.br\/vidacrista\/wp-content\/uploads\/2019\/12\/sagrado_0612.jpg 840w, https:\/\/franciscanos.org.br\/vidacrista\/wp-content\/uploads\/2019\/12\/sagrado_0612-450x241.jpg 450w, https:\/\/franciscanos.org.br\/vidacrista\/wp-content\/uploads\/2019\/12\/sagrado_0612-768x411.jpg 768w, https:\/\/franciscanos.org.br\/vidacrista\/wp-content\/uploads\/2019\/12\/sagrado_0612-150x80.jpg 150w\" sizes=\"(max-width: 840px) 100vw, 840px\" \/><\/p>\n<p><strong>Frei Almir Guimar\u00e3es<\/strong><\/p>\n<p>O cora\u00e7\u00e3o de Deus se chama cora\u00e7\u00e3o de Jesus Cristo. O cora\u00e7\u00e3o humano de Jesus Cristo n\u00e3o \u00e9 infinito, mas certamente ele \u00e9 o cora\u00e7\u00e3o de Deus. Pelo amor que nos dedica ele se torna o centro de nosso cora\u00e7\u00e3o. Esse nosso cora\u00e7\u00e3o se sente, ent\u00e3o, libertado de toda ang\u00fastia. Deus \u00e9 grande demais para ser compreendido por nossa fragilidade. Pode, quem sabe, nos causar receios e medo de t\u00e3o excelso que \u00e9. Ora, o cora\u00e7\u00e3o de Jesus \u00e9 o mesmo cora\u00e7\u00e3o de Deus com chispas de ternura e de encorajamento. Do cora\u00e7\u00e3o de Jesus brotaram palavras humanas, palavras \u00edntimas, palavras humanas que eram palavras de Deus, palavras de promessa de imensa felicidade.<\/p>\n<p>\u00c9 junto desse cora\u00e7\u00e3o que encontramos descanso. Na certeza de que ele nos ama de um amor sem mistura, ele nada mais \u00e9 do amor. Esse cora\u00e7\u00e3o se debru\u00e7ou sobre os mais fundos abismos de nosso mist\u00e9rio de sim e n\u00e3o, de desejo das alturas e de gosto pelo que \u00e9 debaixo. No cora\u00e7\u00e3o de Jesus, e quase que somente nele, Deus se revela como nosso Deus. Compreendemos que o sentido da vida \u00e9 o dom, o amor, o perd\u00e3o, a entrega do melhor de n\u00f3s mesmos.<\/p>\n<p>Nesse cora\u00e7\u00e3o compreendemos que o grande mist\u00e9rio da vida se torna o mist\u00e9rio do amor. Compreendemos a coisa essencial, a realidade do amor sem o que todo saber se torna v\u00e3o e constitui tormento para o esp\u00edrito.<\/p>\n<p>Nosso cora\u00e7\u00e3o sabe que, nesse cora\u00e7\u00e3o, ladr\u00f5es e assassinos encontram perd\u00e3o, lugar em que as noites mais escuras se vestem com a luminosidade do dia. O cora\u00e7\u00e3o de Jesus suportou conosco toda sorte de trevas. E nele tudo se transforma em amor.<\/p>\n","protected":false},"excerpt":{"rendered":"<p>Primeira sexta-feira do m\u00eas, reflex\u00e3o de Frei Almir Guimar\u00e3es<\/p>\n","protected":false},"author":3,"featured_media":184960,"comment_status":"open","ping_status":"open","sticky":false,"template":"","format":"standard","meta":{"footnotes":""},"categories":[105],"tags":[106],"yoast_head":"<!-- This site is optimized with the Yoast SEO plugin v19.4 - https:\/\/yoast.com\/wordpress\/plugins\/seo\/ -->\n<title>No cora\u00e7\u00e3o de Jesus todo o amor de Deus - Vida Crist\u00e3 - Franciscanos<\/title>\n<meta name=\"robots\" content=\"index, follow, max-snippet:-1, max-image-preview:large, max-video-preview:-1\" \/>\n<link rel=\"canonical\" href=\"https:\/\/franciscanos.org.br\/vidacrista\/no-coracao-de-jesus-todo-o-amor-de-deus\/\" \/>\n<meta property=\"og:locale\" content=\"pt_BR\" \/>\n<meta property=\"og:type\" content=\"article\" \/>\n<meta property=\"og:title\" content=\"No cora\u00e7\u00e3o de Jesus todo o amor de Deus - Vida Crist\u00e3 - Franciscanos\" \/>\n<meta property=\"og:description\" content=\"Primeira sexta-feira do m\u00eas, reflex\u00e3o de Frei Almir Guimar\u00e3es\" \/>\n<meta property=\"og:url\" content=\"https:\/\/franciscanos.org.br\/vidacrista\/no-coracao-de-jesus-todo-o-amor-de-deus\/\" \/>\n<meta property=\"og:site_name\" content=\"Vida Crist\u00e3 - Franciscanos\" \/>\n<meta property=\"article:published_time\" content=\"2019-12-03T14:14:31+00:00\" \/>\n<meta property=\"article:modified_time\" content=\"2020-05-29T11:55:45+00:00\" \/>\n<meta property=\"og:image\" content=\"https:\/\/franciscanos.org.br\/vidacrista\/wp-content\/uploads\/2019\/12\/sagrado_0612-1.jpg\" \/>\n\t<meta property=\"og:image:width\" content=\"800\" \/>\n\t<meta property=\"og:image:height\" content=\"601\" \/>\n\t<meta property=\"og:image:type\" content=\"image\/jpeg\" \/>\n<meta name=\"author\" content=\"moacir\" \/>\n<meta name=\"twitter:card\" content=\"summary_large_image\" \/>\n<meta name=\"twitter:label1\" content=\"Escrito por\" \/>\n\t<meta name=\"twitter:data1\" content=\"moacir\" \/>\n\t<meta name=\"twitter:label2\" content=\"Est. tempo de leitura\" \/>\n\t<meta name=\"twitter:data2\" content=\"2 minutos\" \/>\n<script type=\"application\/ld+json\" class=\"yoast-schema-graph\">{\"@context\":\"https:\/\/schema.org\",\"@graph\":[{\"@type\":\"WebSite\",\"@id\":\"https:\/\/franciscanos.org.br\/vidacrista\/#website\",\"url\":\"https:\/\/franciscanos.org.br\/vidacrista\/\",\"name\":\"Vida Crist\u00e3 - Franciscanos\",\"description\":\"Prov\u00edncia Franciscana da Imaculada Concei\u00e7\u00e3o do Brasil - Ordem dos Frades Menores\",\"potentialAction\":[{\"@type\":\"SearchAction\",\"target\":{\"@type\":\"EntryPoint\",\"urlTemplate\":\"https:\/\/franciscanos.org.br\/vidacrista\/?s={search_term_string}\"},\"query-input\":\"required name=search_term_string\"}],\"inLanguage\":\"pt-BR\"},{\"@type\":\"WebPage\",\"@id\":\"https:\/\/franciscanos.org.br\/vidacrista\/no-coracao-de-jesus-todo-o-amor-de-deus\/\",\"url\":\"https:\/\/franciscanos.org.br\/vidacrista\/no-coracao-de-jesus-todo-o-amor-de-deus\/\",\"name\":\"No cora\u00e7\u00e3o de Jesus todo o amor de Deus - Vida Crist\u00e3 - Franciscanos\",\"isPartOf\":{\"@id\":\"https:\/\/franciscanos.org.br\/vidacrista\/#website\"},\"datePublished\":\"2019-12-03T14:14:31+00:00\",\"dateModified\":\"2020-05-29T11:55:45+00:00\",\"author\":{\"@id\":\"https:\/\/franciscanos.org.br\/vidacrista\/#\/schema\/person\/1880bdd2c350b735648725ef7614736a\"},\"breadcrumb\":{\"@id\":\"https:\/\/franciscanos.org.br\/vidacrista\/no-coracao-de-jesus-todo-o-amor-de-deus\/#breadcrumb\"},\"inLanguage\":\"pt-BR\",\"potentialAction\":[{\"@type\":\"ReadAction\",\"target\":[\"https:\/\/franciscanos.org.br\/vidacrista\/no-coracao-de-jesus-todo-o-amor-de-deus\/\"]}]},{\"@type\":\"BreadcrumbList\",\"@id\":\"https:\/\/franciscanos.org.br\/vidacrista\/no-coracao-de-jesus-todo-o-amor-de-deus\/#breadcrumb\",\"itemListElement\":[{\"@type\":\"ListItem\",\"position\":1,\"name\":\"Home\",\"item\":\"https:\/\/franciscanos.org.br\/vidacrista\/\"},{\"@type\":\"ListItem\",\"position\":2,\"name\":\"No cora\u00e7\u00e3o de Jesus todo o amor de Deus\"}]},{\"@type\":\"Person\",\"@id\":\"https:\/\/franciscanos.org.br\/vidacrista\/#\/schema\/person\/1880bdd2c350b735648725ef7614736a\",\"name\":\"moacir\",\"image\":{\"@type\":\"ImageObject\",\"inLanguage\":\"pt-BR\",\"@id\":\"https:\/\/franciscanos.org.br\/vidacrista\/#\/schema\/person\/image\/\",\"url\":\"https:\/\/secure.gravatar.com\/avatar\/d08aa2ce4c8dd416d4479aa8536fcf64?s=96&d=mm&r=g\",\"contentUrl\":\"https:\/\/secure.gravatar.com\/avatar\/d08aa2ce4c8dd416d4479aa8536fcf64?s=96&d=mm&r=g\",\"caption\":\"moacir\"},\"url\":\"https:\/\/franciscanos.org.br\/vidacrista\/author\/moacir\/\"}]}<\/script>\n<!-- \/ Yoast SEO plugin. -->","yoast_head_json":{"title":"No cora\u00e7\u00e3o de Jesus todo o amor de Deus - Vida Crist\u00e3 - Franciscanos","robots":{"index":"index","follow":"follow","max-snippet":"max-snippet:-1","max-image-preview":"max-image-preview:large","max-video-preview":"max-video-preview:-1"},"canonical":"https:\/\/franciscanos.org.br\/vidacrista\/no-coracao-de-jesus-todo-o-amor-de-deus\/","og_locale":"pt_BR","og_type":"article","og_title":"No cora\u00e7\u00e3o de Jesus todo o amor de Deus - Vida Crist\u00e3 - Franciscanos","og_description":"Primeira sexta-feira do m\u00eas, reflex\u00e3o de Frei Almir Guimar\u00e3es","og_url":"https:\/\/franciscanos.org.br\/vidacrista\/no-coracao-de-jesus-todo-o-amor-de-deus\/","og_site_name":"Vida Crist\u00e3 - Franciscanos","article_published_time":"2019-12-03T14:14:31+00:00","article_modified_time":"2020-05-29T11:55:45+00:00","og_image":[{"width":800,"height":601,"url":"https:\/\/franciscanos.org.br\/vidacrista\/wp-content\/uploads\/2019\/12\/sagrado_0612-1.jpg","type":"image\/jpeg"}],"author":"moacir","twitter_card":"summary_large_image","twitter_misc":{"Escrito por":"moacir","Est. tempo de leitura":"2 minutos"},"schema":{"@context":"https:\/\/schema.org","@graph":[{"@type":"WebSite","@id":"https:\/\/franciscanos.org.br\/vidacrista\/#website","url":"https:\/\/franciscanos.org.br\/vidacrista\/","name":"Vida Crist\u00e3 - Franciscanos","description":"Prov\u00edncia Franciscana da Imaculada Concei\u00e7\u00e3o do Brasil - Ordem dos Frades Menores","potentialAction":[{"@type":"SearchAction","target":{"@type":"EntryPoint","urlTemplate":"https:\/\/franciscanos.org.br\/vidacrista\/?s={search_term_string}"},"query-input":"required name=search_term_string"}],"inLanguage":"pt-BR"},{"@type":"WebPage","@id":"https:\/\/franciscanos.org.br\/vidacrista\/no-coracao-de-jesus-todo-o-amor-de-deus\/","url":"https:\/\/franciscanos.org.br\/vidacrista\/no-coracao-de-jesus-todo-o-amor-de-deus\/","name":"No cora\u00e7\u00e3o de Jesus todo o amor de Deus - Vida Crist\u00e3 - Franciscanos","isPartOf":{"@id":"https:\/\/franciscanos.org.br\/vidacrista\/#website"},"datePublished":"2019-12-03T14:14:31+00:00","dateModified":"2020-05-29T11:55:45+00:00","author":{"@id":"https:\/\/franciscanos.org.br\/vidacrista\/#\/schema\/person\/1880bdd2c350b735648725ef7614736a"},"breadcrumb":{"@id":"https:\/\/franciscanos.org.br\/vidacrista\/no-coracao-de-jesus-todo-o-amor-de-deus\/#breadcrumb"},"inLanguage":"pt-BR","potentialAction":[{"@type":"ReadAction","target":["https:\/\/franciscanos.org.br\/vidacrista\/no-coracao-de-jesus-todo-o-amor-de-deus\/"]}]},{"@type":"BreadcrumbList","@id":"https:\/\/franciscanos.org.br\/vidacrista\/no-coracao-de-jesus-todo-o-amor-de-deus\/#breadcrumb","itemListElement":[{"@type":"ListItem","position":1,"name":"Home","item":"https:\/\/franciscanos.org.br\/vidacrista\/"},{"@type":"ListItem","position":2,"name":"No cora\u00e7\u00e3o de Jesus todo o amor de Deus"}]},{"@type":"Person","@id":"https:\/\/franciscanos.org.br\/vidacrista\/#\/schema\/person\/1880bdd2c350b735648725ef7614736a","name":"moacir","image":{"@type":"ImageObject","inLanguage":"pt-BR","@id":"https:\/\/franciscanos.org.br\/vidacrista\/#\/schema\/person\/image\/","url":"https:\/\/secure.gravatar.com\/avatar\/d08aa2ce4c8dd416d4479aa8536fcf64?s=96&d=mm&r=g","contentUrl":"https:\/\/secure.gravatar.com\/avatar\/d08aa2ce4c8dd416d4479aa8536fcf64?s=96&d=mm&r=g","caption":"moacir"},"url":"https:\/\/franciscanos.org.br\/vidacrista\/author\/moacir\/"}]}},"_links":{"self":[{"href":"https:\/\/franciscanos.org.br\/vidacrista\/wp-json\/wp\/v2\/posts\/182750"}],"collection":[{"href":"https:\/\/franciscanos.org.br\/vidacrista\/wp-json\/wp\/v2\/posts"}],"about":[{"href":"https:\/\/franciscanos.org.br\/vidacrista\/wp-json\/wp\/v2\/types\/post"}],"author":[{"embeddable":true,"href":"https:\/\/franciscanos.org.br\/vidacrista\/wp-json\/wp\/v2\/users\/3"}],"replies":[{"embeddable":true,"href":"https:\/\/franciscanos.org.br\/vidacrista\/wp-json\/wp\/v2\/comments?post=182750"}],"version-history":[{"count":1,"href":"https:\/\/franciscanos.org.br\/vidacrista\/wp-json\/wp\/v2\/posts\/182750\/revisions"}],"predecessor-version":[{"id":182753,"href":"https:\/\/franciscanos.org.br\/vidacrista\/wp-json\/wp\/v2\/posts\/182750\/revisions\/182753"}],"wp:featuredmedia":[{"embeddable":true,"href":"https:\/\/franciscanos.org.br\/vidacrista\/wp-json\/wp\/v2\/media\/184960"}],"wp:attachment":[{"href":"https:\/\/franciscanos.org.br\/vidacrista\/wp-json\/wp\/v2\/media?parent=182750"}],"wp:term":[{"taxonomy":"category","embeddable":true,"href":"https:\/\/franciscanos.org.br\/vidacrista\/wp-json\/wp\/v2\/categories?post=182750"},{"taxonomy":"post_tag","embeddable":true,"href":"https:\/\/franciscanos.org.br\/vidacrista\/wp-json\/wp\/v2\/tags?post=182750"}],"curies":[{"name":"wp","href":"https:\/\/api.w.org\/{rel}","templated":true}]}}