{"id":182567,"date":"2019-11-18T09:38:24","date_gmt":"2019-11-18T12:38:24","guid":{"rendered":"https:\/\/franciscanos.org.br\/vidacrista\/?p=182567"},"modified":"2020-07-30T12:11:30","modified_gmt":"2020-07-30T15:11:30","slug":"um-desafio-a-salvaguarda-da-unidade-da-familia-humana","status":"publish","type":"post","link":"https:\/\/franciscanos.org.br\/vidacrista\/um-desafio-a-salvaguarda-da-unidade-da-familia-humana\/","title":{"rendered":"Um desafio: a salvaguarda da unidade da fam\u00edlia humana"},"content":{"rendered":"<div id=\"attachment_186577\" style=\"width: 850px\" class=\"wp-caption alignnone\"><img aria-describedby=\"caption-attachment-186577\" decoding=\"async\" loading=\"lazy\" class=\"wp-image-186577 size-full\" src=\"https:\/\/franciscanos.org.br\/vidacrista\/wp-content\/uploads\/2019\/11\/artigo_1507_1.jpg\" alt=\"\" width=\"840\" height=\"450\" srcset=\"https:\/\/franciscanos.org.br\/vidacrista\/wp-content\/uploads\/2019\/11\/artigo_1507_1.jpg 840w, https:\/\/franciscanos.org.br\/vidacrista\/wp-content\/uploads\/2019\/11\/artigo_1507_1-450x241.jpg 450w, https:\/\/franciscanos.org.br\/vidacrista\/wp-content\/uploads\/2019\/11\/artigo_1507_1-768x411.jpg 768w, https:\/\/franciscanos.org.br\/vidacrista\/wp-content\/uploads\/2019\/11\/artigo_1507_1-150x80.jpg 150w\" sizes=\"(max-width: 840px) 100vw, 840px\" \/><p id=\"caption-attachment-186577\" class=\"wp-caption-text\">\u00a0 \u00a0 \u00a0 \u00a0 \u00a0 \u00a0 \u00a0 \u00a0 \u00a0 \u00a0 \u00a0 \u00a0 \u00a0 \u00a0 \u00a0 \u00a0 \u00a0 \u00a0 \u00a0 \u00a0 \u00a0 \u00a0 \u00a0 \u00a0 \u00a0 \u00a0 \u00a0 \u00a0 \u00a0 \u00a0 \u00a0 \u00a0 \u00a0 \u00a0 \u00a0 \u00a0 \u00a0 \u00a0 \u00a0 \u00a0<em> \u00a0 Imagem ilustrativa (fonte: Acervo Prov\u00edncia da Imaculada)<\/em><\/p><\/div>\n<p><em>\u00a0<\/em><strong style=\"font-size: 16px;\">Leonardo Boff<\/strong>H\u00e1 o risco real de que a fam\u00edlia humana seja bifurcada, entre aqueles que se beneficiam dos avan\u00e7os tecnol\u00f3gicos, da biotecnologia e nanotecnologia e disp\u00f5em de todos os meios poss\u00edveis de vida e de bem-estar, cerca de 1,6 bilh\u00e3o de pessoas, podendo prolongar a vida at\u00e9 aos 120 anos que corresponde \u00e0 idade poss\u00edvel das c\u00e9lulas. E a outra humanidade, os restantes mais de 5,4 bilh\u00f5es, barbarizados, entregues \u00e0 sua sorte, podendo viver, se tanto, at\u00e9 os 60-70 anos com as tecnologias convencionais num quadro perverso de pobreza, mis\u00e9ria e exclus\u00e3o.<\/p>\n<p>Esse fosso deriva do horror econ\u00f4mico que tomou a cena hist\u00f3rica sob a domina\u00e7\u00e3o do capital globalizado especialmente do especulativo sob a reg\u00eancia cruel do neoliberalismo radical. Considerando-se triunfante face ao socialismo real cuja derrocada se deu no final dos anos 80, exacerbou seus princ\u00edpios como a competi\u00e7\u00e3o, o individualismo, a privatiza\u00e7\u00e3o e a difama\u00e7\u00e3o de todo tipo de pol\u00edtica e sataniza\u00e7\u00e3o do Estado, reduzido ao m\u00ednimo. Cerca de 200 megacorpora\u00e7\u00f5es, cujo poder econ\u00f4mico equivale a 182 pa\u00edses, conduzem junto com os organismos da ordem capitalista como o FMI, o Banco Mundial e a Organiza\u00e7\u00e3o Mundial do Com\u00e9rcio a economia mundial sob o princ\u00edpio da competi\u00e7\u00e3o sem qualquer sentido de coopera\u00e7\u00e3o e de respeito ecol\u00f3gico da natureza. Tudo \u00e9 feito mercadoria, do sexo \u00e0 religi\u00e3o, numa vol\u00fapia de acumula\u00e7\u00e3o desenfreada de riquezas e servi\u00e7os \u00e0 custa da devasta\u00e7\u00e3o da natureza e da precariza\u00e7\u00e3o ilimitada dos postos de trabalho.<\/p>\n<p>O risco consiste em que os muito ricos criem um mundo s\u00f3 para si, que rebaixem os direitos humanos a uma necessidade humana que deve ser atendida pelos mecanismos do mercado (portanto s\u00f3 tem direitos quem paga e n\u00e3o quem \u00e9 simplesmente pessoa humana), que fa\u00e7am dos diferentes desiguais e dos desiguais dissemelhantes, aos quais se nega praticamente a perten\u00e7a \u00e0 esp\u00e9cie humana. S\u00e3o outra coisa, \u00f3leo gasto, zeros econ\u00f4micos.<\/p>\n<p>No Ocidente que hegemoniza o processo de globaliza\u00e7\u00e3o, a ideia de igualdade politicamente nunca triunfou. Ela ficou limitada ao discurso religioso-crist\u00e3o, de conte\u00fado ideal\u00edstico. Esse d\u00e9ficit de uma cultura igualit\u00e1ria impediria a bifurca\u00e7\u00e3o da fam\u00edlia humana. Pode triunfar uma idade das trevas mundial que se abateria sobre toda a humanidade. Seria a volta da barb\u00e1rie.<\/p>\n<p>O desafio a ser enfrentado \u00e9 fazer tudo para manter a unidade da fam\u00edlia humana, habitando a mesma Casa Comum. Todos s\u00e3o Terra, filhos e filhas da Terra, para os crist\u00e3os, criados \u00e0 imagem e semelhan\u00e7a do Criador, feitos irm\u00e3os e irm\u00e3s de Cristo e templos do Esp\u00edrito. Todos t\u00eam direito de serem inclu\u00eddos nesta Casa Comum e de participarem de seus dons.<\/p>\n<p>Para dar corpo a este desafio precisamos de uma outra \u00e9tica humanit\u00e1ria que implica resgatar os valores ligados \u00e0 solidariedade, \u00e0 empatia e \u00e0 compaix\u00e3o. Importa recordar que foi a solidariedade\/coopera\u00e7\u00e3o que permitiu a nossos ancestrais, h\u00e1 alguns milh\u00f5es de anos, darem o salto da animalidade \u00e0 humanidade. Ao sa\u00edrem para coletar alimentos, n\u00e3o os comiam individualmente como o fazem os animais. Antes, reuniam os frutos e a ca\u00e7a e os levavam para o grupo de co-iguais e os repartiam solidariamente entre todos. Deste gesto primordial nasceu a socialidade, a linguagem e a singularidade humana. Ser\u00e1 hoje ainda a solidariedade irrestrita, a partir de baixo, a compaix\u00e3o que se sensibiliza diante do sofrimento do outro e da M\u00e3e Terra, que garantir\u00e3o o car\u00e1ter humano de nossa identidade e de nossas pr\u00e1ticas. Foi o que vergonhosamente faltou aos grandes credores internacionais que face \u00e0 trag\u00e9dia do tsunami do sudeste da \u00c1sia n\u00e3o perdoaram os 26 bilh\u00f5es de d\u00edvidas daqueles pa\u00edses flagelados, apenas protelaram por um ano, o seu pagamento.<\/p>\n<p>Sem o gesto do bom samaritano que se verga sobre os ca\u00eddos da estrada ou a vontade de infinita compaix\u00e3o do <em>bodhisatwa<\/em> que renuncia penetrar no nirvana por amor \u00e0 pessoa que sofre, ao animal quebrantado ou \u00e0 \u00e1rvore mirrada, dificilmente faremos frente \u00e0 desumanidade cotidiana que est\u00e1 se naturalizando em n\u00edvel brasileiro e mundial.<\/p>\n<p>Na perspectiva dos astronautas, daqueles que tiveram o privil\u00e9gio de ver a Terra de fora da Terra, Terra e Humanidade formam uma s\u00f3 entidade, complexa mas una. Ambas est\u00e3o agora amea\u00e7adas. Ambas possuem um mesmo destino comum e comparecem juntas diante do futuro. Sua salvaguarda constitui o conte\u00fado maior de um ancestral sonho: todos sentados \u00e0 mesa, numa imensa comensalidade, desfrutando dos frutos da boa e generosa M\u00e3e Terra.<\/p>\n<p>Se o cristianismo e os demais caminhos espirituais n\u00e3o ajudarem a realizar esse sonho e n\u00e3o levarem as pessoas a concretiz\u00e1-lo, n\u00e3o teremos cumprido a miss\u00e3o que o Criador nos reservou no conjunto dos seres, que \u00e9 a de sermos o anjo bom e n\u00e3o o Sat\u00e3 da Terra. Nem teremos escutado e seguido Aquele que disse: \u201cVim trazer vida e vida em abund\u00e2ncia\u201d(Jo 10,10).<\/p>\n<p>Importa conscientizarmo-nos de nossa responsabilidade, sabendo que nenhuma preocupa\u00e7\u00e3o \u00e9 mais fundamental do que cuidar da \u00fanica Casa Comum que temos e de alcan\u00e7ar que toda a fam\u00edlia humana, superando as contradi\u00e7\u00f5es sempre existentes, possa viver unida dentro dela com um m\u00ednimo de cuidado, de solidariedade, de irmandade, de compaix\u00e3o e de rever\u00eancia que produzem a discreta felicidade pelo curto tempo que nos \u00e9 concedido passar por esse pequeno, belo e radiante Planeta.<\/p>\n<p>Uma utopia? Sim, mas necess\u00e1ria se quisermos sobreviver.<\/p>\n<hr \/>\n<p><strong>Leonardo Boff<\/strong> <em>escreveu: &#8220;Proteger a Terra- salvar a vida. Como escapar do fim do mundo&#8221;, Record, Rio 2010.<\/em><\/p>\n","protected":false},"excerpt":{"rendered":"<p>Artigo de Leonardo Boff<\/p>\n","protected":false},"author":3,"featured_media":186578,"comment_status":"open","ping_status":"open","sticky":false,"template":"","format":"standard","meta":{"footnotes":""},"categories":[26],"tags":[59],"yoast_head":"<!-- This site is optimized with the Yoast SEO plugin v19.4 - https:\/\/yoast.com\/wordpress\/plugins\/seo\/ -->\n<title>Um desafio: a salvaguarda da unidade da fam\u00edlia humana - Vida Crist\u00e3 - Franciscanos<\/title>\n<meta name=\"robots\" content=\"index, follow, max-snippet:-1, max-image-preview:large, max-video-preview:-1\" \/>\n<link rel=\"canonical\" href=\"https:\/\/franciscanos.org.br\/vidacrista\/um-desafio-a-salvaguarda-da-unidade-da-familia-humana\/\" \/>\n<meta property=\"og:locale\" content=\"pt_BR\" \/>\n<meta property=\"og:type\" content=\"article\" \/>\n<meta property=\"og:title\" content=\"Um desafio: a salvaguarda da unidade da fam\u00edlia humana - Vida Crist\u00e3 - Franciscanos\" \/>\n<meta property=\"og:description\" content=\"Artigo de Leonardo Boff\" \/>\n<meta property=\"og:url\" content=\"https:\/\/franciscanos.org.br\/vidacrista\/um-desafio-a-salvaguarda-da-unidade-da-familia-humana\/\" \/>\n<meta property=\"og:site_name\" content=\"Vida Crist\u00e3 - Franciscanos\" \/>\n<meta property=\"article:published_time\" content=\"2019-11-18T12:38:24+00:00\" \/>\n<meta property=\"article:modified_time\" content=\"2020-07-30T15:11:30+00:00\" \/>\n<meta property=\"og:image\" content=\"https:\/\/franciscanos.org.br\/vidacrista\/wp-content\/uploads\/2019\/11\/artigo_1507_1d.jpg\" \/>\n\t<meta property=\"og:image:width\" content=\"800\" \/>\n\t<meta property=\"og:image:height\" content=\"600\" \/>\n\t<meta property=\"og:image:type\" content=\"image\/jpeg\" \/>\n<meta name=\"author\" content=\"moacir\" \/>\n<meta name=\"twitter:card\" content=\"summary_large_image\" \/>\n<meta name=\"twitter:label1\" content=\"Escrito por\" \/>\n\t<meta name=\"twitter:data1\" content=\"moacir\" \/>\n\t<meta name=\"twitter:label2\" content=\"Est. tempo de leitura\" \/>\n\t<meta name=\"twitter:data2\" content=\"5 minutos\" \/>\n<script type=\"application\/ld+json\" class=\"yoast-schema-graph\">{\"@context\":\"https:\/\/schema.org\",\"@graph\":[{\"@type\":\"WebSite\",\"@id\":\"https:\/\/franciscanos.org.br\/vidacrista\/#website\",\"url\":\"https:\/\/franciscanos.org.br\/vidacrista\/\",\"name\":\"Vida Crist\u00e3 - Franciscanos\",\"description\":\"Prov\u00edncia Franciscana da Imaculada Concei\u00e7\u00e3o do Brasil - Ordem dos Frades Menores\",\"potentialAction\":[{\"@type\":\"SearchAction\",\"target\":{\"@type\":\"EntryPoint\",\"urlTemplate\":\"https:\/\/franciscanos.org.br\/vidacrista\/?s={search_term_string}\"},\"query-input\":\"required name=search_term_string\"}],\"inLanguage\":\"pt-BR\"},{\"@type\":\"WebPage\",\"@id\":\"https:\/\/franciscanos.org.br\/vidacrista\/um-desafio-a-salvaguarda-da-unidade-da-familia-humana\/\",\"url\":\"https:\/\/franciscanos.org.br\/vidacrista\/um-desafio-a-salvaguarda-da-unidade-da-familia-humana\/\",\"name\":\"Um desafio: a salvaguarda da unidade da fam\u00edlia humana - Vida Crist\u00e3 - Franciscanos\",\"isPartOf\":{\"@id\":\"https:\/\/franciscanos.org.br\/vidacrista\/#website\"},\"datePublished\":\"2019-11-18T12:38:24+00:00\",\"dateModified\":\"2020-07-30T15:11:30+00:00\",\"author\":{\"@id\":\"https:\/\/franciscanos.org.br\/vidacrista\/#\/schema\/person\/1880bdd2c350b735648725ef7614736a\"},\"breadcrumb\":{\"@id\":\"https:\/\/franciscanos.org.br\/vidacrista\/um-desafio-a-salvaguarda-da-unidade-da-familia-humana\/#breadcrumb\"},\"inLanguage\":\"pt-BR\",\"potentialAction\":[{\"@type\":\"ReadAction\",\"target\":[\"https:\/\/franciscanos.org.br\/vidacrista\/um-desafio-a-salvaguarda-da-unidade-da-familia-humana\/\"]}]},{\"@type\":\"BreadcrumbList\",\"@id\":\"https:\/\/franciscanos.org.br\/vidacrista\/um-desafio-a-salvaguarda-da-unidade-da-familia-humana\/#breadcrumb\",\"itemListElement\":[{\"@type\":\"ListItem\",\"position\":1,\"name\":\"Home\",\"item\":\"https:\/\/franciscanos.org.br\/vidacrista\/\"},{\"@type\":\"ListItem\",\"position\":2,\"name\":\"Um desafio: a salvaguarda da unidade da fam\u00edlia humana\"}]},{\"@type\":\"Person\",\"@id\":\"https:\/\/franciscanos.org.br\/vidacrista\/#\/schema\/person\/1880bdd2c350b735648725ef7614736a\",\"name\":\"moacir\",\"image\":{\"@type\":\"ImageObject\",\"inLanguage\":\"pt-BR\",\"@id\":\"https:\/\/franciscanos.org.br\/vidacrista\/#\/schema\/person\/image\/\",\"url\":\"https:\/\/secure.gravatar.com\/avatar\/d08aa2ce4c8dd416d4479aa8536fcf64?s=96&d=mm&r=g\",\"contentUrl\":\"https:\/\/secure.gravatar.com\/avatar\/d08aa2ce4c8dd416d4479aa8536fcf64?s=96&d=mm&r=g\",\"caption\":\"moacir\"},\"url\":\"https:\/\/franciscanos.org.br\/vidacrista\/author\/moacir\/\"}]}<\/script>\n<!-- \/ Yoast SEO plugin. -->","yoast_head_json":{"title":"Um desafio: a salvaguarda da unidade da fam\u00edlia humana - Vida Crist\u00e3 - Franciscanos","robots":{"index":"index","follow":"follow","max-snippet":"max-snippet:-1","max-image-preview":"max-image-preview:large","max-video-preview":"max-video-preview:-1"},"canonical":"https:\/\/franciscanos.org.br\/vidacrista\/um-desafio-a-salvaguarda-da-unidade-da-familia-humana\/","og_locale":"pt_BR","og_type":"article","og_title":"Um desafio: a salvaguarda da unidade da fam\u00edlia humana - Vida Crist\u00e3 - Franciscanos","og_description":"Artigo de Leonardo Boff","og_url":"https:\/\/franciscanos.org.br\/vidacrista\/um-desafio-a-salvaguarda-da-unidade-da-familia-humana\/","og_site_name":"Vida Crist\u00e3 - Franciscanos","article_published_time":"2019-11-18T12:38:24+00:00","article_modified_time":"2020-07-30T15:11:30+00:00","og_image":[{"width":800,"height":600,"url":"https:\/\/franciscanos.org.br\/vidacrista\/wp-content\/uploads\/2019\/11\/artigo_1507_1d.jpg","type":"image\/jpeg"}],"author":"moacir","twitter_card":"summary_large_image","twitter_misc":{"Escrito por":"moacir","Est. tempo de leitura":"5 minutos"},"schema":{"@context":"https:\/\/schema.org","@graph":[{"@type":"WebSite","@id":"https:\/\/franciscanos.org.br\/vidacrista\/#website","url":"https:\/\/franciscanos.org.br\/vidacrista\/","name":"Vida Crist\u00e3 - Franciscanos","description":"Prov\u00edncia Franciscana da Imaculada Concei\u00e7\u00e3o do Brasil - Ordem dos Frades Menores","potentialAction":[{"@type":"SearchAction","target":{"@type":"EntryPoint","urlTemplate":"https:\/\/franciscanos.org.br\/vidacrista\/?s={search_term_string}"},"query-input":"required name=search_term_string"}],"inLanguage":"pt-BR"},{"@type":"WebPage","@id":"https:\/\/franciscanos.org.br\/vidacrista\/um-desafio-a-salvaguarda-da-unidade-da-familia-humana\/","url":"https:\/\/franciscanos.org.br\/vidacrista\/um-desafio-a-salvaguarda-da-unidade-da-familia-humana\/","name":"Um desafio: a salvaguarda da unidade da fam\u00edlia humana - Vida Crist\u00e3 - Franciscanos","isPartOf":{"@id":"https:\/\/franciscanos.org.br\/vidacrista\/#website"},"datePublished":"2019-11-18T12:38:24+00:00","dateModified":"2020-07-30T15:11:30+00:00","author":{"@id":"https:\/\/franciscanos.org.br\/vidacrista\/#\/schema\/person\/1880bdd2c350b735648725ef7614736a"},"breadcrumb":{"@id":"https:\/\/franciscanos.org.br\/vidacrista\/um-desafio-a-salvaguarda-da-unidade-da-familia-humana\/#breadcrumb"},"inLanguage":"pt-BR","potentialAction":[{"@type":"ReadAction","target":["https:\/\/franciscanos.org.br\/vidacrista\/um-desafio-a-salvaguarda-da-unidade-da-familia-humana\/"]}]},{"@type":"BreadcrumbList","@id":"https:\/\/franciscanos.org.br\/vidacrista\/um-desafio-a-salvaguarda-da-unidade-da-familia-humana\/#breadcrumb","itemListElement":[{"@type":"ListItem","position":1,"name":"Home","item":"https:\/\/franciscanos.org.br\/vidacrista\/"},{"@type":"ListItem","position":2,"name":"Um desafio: a salvaguarda da unidade da fam\u00edlia humana"}]},{"@type":"Person","@id":"https:\/\/franciscanos.org.br\/vidacrista\/#\/schema\/person\/1880bdd2c350b735648725ef7614736a","name":"moacir","image":{"@type":"ImageObject","inLanguage":"pt-BR","@id":"https:\/\/franciscanos.org.br\/vidacrista\/#\/schema\/person\/image\/","url":"https:\/\/secure.gravatar.com\/avatar\/d08aa2ce4c8dd416d4479aa8536fcf64?s=96&d=mm&r=g","contentUrl":"https:\/\/secure.gravatar.com\/avatar\/d08aa2ce4c8dd416d4479aa8536fcf64?s=96&d=mm&r=g","caption":"moacir"},"url":"https:\/\/franciscanos.org.br\/vidacrista\/author\/moacir\/"}]}},"_links":{"self":[{"href":"https:\/\/franciscanos.org.br\/vidacrista\/wp-json\/wp\/v2\/posts\/182567"}],"collection":[{"href":"https:\/\/franciscanos.org.br\/vidacrista\/wp-json\/wp\/v2\/posts"}],"about":[{"href":"https:\/\/franciscanos.org.br\/vidacrista\/wp-json\/wp\/v2\/types\/post"}],"author":[{"embeddable":true,"href":"https:\/\/franciscanos.org.br\/vidacrista\/wp-json\/wp\/v2\/users\/3"}],"replies":[{"embeddable":true,"href":"https:\/\/franciscanos.org.br\/vidacrista\/wp-json\/wp\/v2\/comments?post=182567"}],"version-history":[{"count":5,"href":"https:\/\/franciscanos.org.br\/vidacrista\/wp-json\/wp\/v2\/posts\/182567\/revisions"}],"predecessor-version":[{"id":187211,"href":"https:\/\/franciscanos.org.br\/vidacrista\/wp-json\/wp\/v2\/posts\/182567\/revisions\/187211"}],"wp:featuredmedia":[{"embeddable":true,"href":"https:\/\/franciscanos.org.br\/vidacrista\/wp-json\/wp\/v2\/media\/186578"}],"wp:attachment":[{"href":"https:\/\/franciscanos.org.br\/vidacrista\/wp-json\/wp\/v2\/media?parent=182567"}],"wp:term":[{"taxonomy":"category","embeddable":true,"href":"https:\/\/franciscanos.org.br\/vidacrista\/wp-json\/wp\/v2\/categories?post=182567"},{"taxonomy":"post_tag","embeddable":true,"href":"https:\/\/franciscanos.org.br\/vidacrista\/wp-json\/wp\/v2\/tags?post=182567"}],"curies":[{"name":"wp","href":"https:\/\/api.w.org\/{rel}","templated":true}]}}