{"id":182341,"date":"2019-10-31T09:57:21","date_gmt":"2019-10-31T12:57:21","guid":{"rendered":"https:\/\/franciscanos.org.br\/vidacrista\/?p=182341"},"modified":"2020-07-30T13:23:04","modified_gmt":"2020-07-30T16:23:04","slug":"para-alem-do-horizonte","status":"publish","type":"post","link":"https:\/\/franciscanos.org.br\/vidacrista\/para-alem-do-horizonte\/","title":{"rendered":"Para al\u00e9m do horizonte"},"content":{"rendered":"<div id=\"attachment_186838\" style=\"width: 850px\" class=\"wp-caption alignnone\"><img aria-describedby=\"caption-attachment-186838\" decoding=\"async\" loading=\"lazy\" class=\"wp-image-186838 size-full\" src=\"https:\/\/franciscanos.org.br\/vidacrista\/wp-content\/uploads\/2019\/10\/almir_01.jpg\" alt=\"\" width=\"840\" height=\"450\" srcset=\"https:\/\/franciscanos.org.br\/vidacrista\/wp-content\/uploads\/2019\/10\/almir_01.jpg 840w, https:\/\/franciscanos.org.br\/vidacrista\/wp-content\/uploads\/2019\/10\/almir_01-450x241.jpg 450w, https:\/\/franciscanos.org.br\/vidacrista\/wp-content\/uploads\/2019\/10\/almir_01-768x411.jpg 768w, https:\/\/franciscanos.org.br\/vidacrista\/wp-content\/uploads\/2019\/10\/almir_01-150x80.jpg 150w\" sizes=\"(max-width: 840px) 100vw, 840px\" \/><p id=\"caption-attachment-186838\" class=\"wp-caption-text\">\u00a0 \u00a0 \u00a0 \u00a0 \u00a0 \u00a0 \u00a0 \u00a0 \u00a0 \u00a0 \u00a0 \u00a0 \u00a0 \u00a0 \u00a0 \u00a0 \u00a0 \u00a0 \u00a0 \u00a0 \u00a0 \u00a0 \u00a0 \u00a0 \u00a0 \u00a0 \u00a0 \u00a0 \u00a0 \u00a0 \u00a0 \u00a0 \u00a0<em>\u00a0 \u00a0 \u00a0 \u00a0 \u00a0 \u00a0 \u00a0 \u00a0 \u00a0 \u00a0 \u00a0 \u00a0 \u00a0 \u00a0 \u00a0 \u00a0 \u00a0 \u00a0 \u00a0 \u00a0 \u00a0 Imagem ilustativa (fonte: Acervo Prov\u00edncia da Imaculada)<\/em><\/p><\/div>\n<p><img decoding=\"async\" loading=\"lazy\" class=\"alignnone wp-image-182342 size-full\" src=\"https:\/\/franciscanos.org.br\/vidacrista\/wp-content\/uploads\/2019\/10\/finados_0201.jpg\" alt=\"\" width=\"840\" height=\"449\" \/><em>Esta \u00e9 a vontade daquele que me enviou: que eu n\u00e3o perca nenhum daqueles que ele me deu, mas os ressuscite no \u00faltimo dia (Jo 6,39).\u00a0<\/em><\/p>\n<p><em>O Senhor Deus eliminar\u00e1 para sempre a morte e enxugar\u00e1 as l\u00e1grimas de todas as faces (Is 25, 8)<\/em><\/p>\n<p>Finados, dia de saudade e jornada de esperan\u00e7a. Chega \u00e0 nossa mente o semblante de todos os nossos entes queridos que j\u00e1 largaram suas m\u00e3os de nossas m\u00e3os. Misturam-se diferentes sentimentos em nosso interior. Antes de tudo, e sobretudo, uma imensa saudade dos que se foram, lembran\u00e7a que o tempo tenta amenizar a duras penas.<\/p>\n<p>L\u00e1 dentro de n\u00f3s dizemos que a morte \u00e9 um absurdo. Tanto vi\u00e7o, tanta vontade de vida e chega o momento em que tudo termina na terra fria do cemit\u00e9rio ou nas chamas vigorosas de um cremat\u00f3rio. De outro lado, pode acontecer, que fique dentro de n\u00f3s uma ponta arrependimento de n\u00e3o termos, naqueles tempos de imaturidade e de loucura, amado mais os que nos amaram e os que n\u00e3o nos amaram.<\/p>\n<p>Somos crist\u00e3os. Aos poucos fomos deixando de lado uma f\u00e9 herdada de f\u00f3rmulas e ritos e tentamos nos aproximar do Deus vivo que se nos foi revelando ao longo do tempo da vida. Achegamo-nos a esse Cristo que foi se desenhando aos nossos horizontes como a comunica\u00e7\u00e3o de Deus, o p\u00e3o da vida, a vida, simplesmente a vida. Ele mesmo em diversos momentos afirmara: \u201cEu sou o Caminho, a Verdade e a Vida\u201d. Cremos numa vida al\u00e9m do horizonte da morte.<\/p>\n<p>Sentamo-nos aos p\u00e9s de Jesus. Procuramos perscrutar as Escrituras. Convivemos com pessoas iluminadas pela sua claridade e ficamos encantados. Resolvemos, como Nicodemos, perguntar a Jesus o que precisamos fazer para entrar na vida. Ficamos sabendo que precis\u00e1vamos nascer de novo, vir ao mundo de uma outra forma, entrar numa vida suscitada e animada pelo Esp\u00edrito. Nascer da \u00e1gua e do Esp\u00edrito. Vida nova. Gra\u00e7a do alto que carregamos em vasos fr\u00e1geis. Cremos numa vida plena que come\u00e7a aqui e desemboca na comunh\u00e3o com Deus. Na gl\u00f3ria que chamamos de c\u00e9u. Entendamos bem o que isso quer dizer.<\/p>\n<p>E ao longo de nossa conviv\u00eancia com Jesus fomos sendo interiormente formados. Jesus veio para que tenhamos vida e vida em abund\u00e2ncia, ele \u00e9 p\u00e3o da vida, ressuscita os mortos como sinal de que \u00e9 tamb\u00e9m vida. Morremos ao homem velho e, no lusco-fusco do tempo da peregrina\u00e7\u00e3o, j\u00e1 temos sementes de vida, do homem novo, do homem da gra\u00e7a, daquele que em si traz o selo, a garantia da vida. O Senhor Deus arrancou Jesus da morte. E os que s\u00e3o de Cristo t\u00eam sua vida escondida na vida de Jesus. Olhamos na dire\u00e7\u00e3o das coisas do alto. Vivemos no mundo, mas n\u00e3o somos do mundo. J\u00e1 temos as sementes da vida eterna que j\u00e1 come\u00e7a agora mesmo com nossos passos tr\u00f4pegos.<\/p>\n<p>P\u00e1scoa. \u00c9 palavra. Vamos fazendo nossa P\u00e1scoa no viver aqui esperando a plena manifesta\u00e7\u00e3o da gl\u00f3ria no face a face daquele que amamos na luz da f\u00e9.<\/p>\n<p>Finados, dia de saudade e jornada de esperan\u00e7a. Pensamos em todos os que morreram e os colocamos na p\u00e1tena da missa. Eles vivem com aquilo que era sua pessoa num mundo de profunda felicidade.<\/p>\n<p><strong>Frei Almir Guimar\u00e3es\u2003<\/strong><\/p>\n","protected":false},"excerpt":{"rendered":"<p>Artigo de Frei Almir Guimar\u00e3es<\/p>\n","protected":false},"author":3,"featured_media":186839,"comment_status":"open","ping_status":"open","sticky":false,"template":"","format":"standard","meta":{"footnotes":""},"categories":[26],"tags":[30],"yoast_head":"<!-- This site is optimized with the Yoast SEO plugin v19.4 - https:\/\/yoast.com\/wordpress\/plugins\/seo\/ -->\n<title>Para al\u00e9m do horizonte - Vida Crist\u00e3 - Franciscanos<\/title>\n<meta name=\"robots\" content=\"index, follow, max-snippet:-1, max-image-preview:large, max-video-preview:-1\" \/>\n<link rel=\"canonical\" href=\"https:\/\/franciscanos.org.br\/vidacrista\/para-alem-do-horizonte\/\" \/>\n<meta property=\"og:locale\" content=\"pt_BR\" \/>\n<meta property=\"og:type\" content=\"article\" \/>\n<meta property=\"og:title\" content=\"Para al\u00e9m do horizonte - Vida Crist\u00e3 - Franciscanos\" \/>\n<meta property=\"og:description\" content=\"Artigo de Frei Almir Guimar\u00e3es\" \/>\n<meta property=\"og:url\" content=\"https:\/\/franciscanos.org.br\/vidacrista\/para-alem-do-horizonte\/\" \/>\n<meta property=\"og:site_name\" content=\"Vida Crist\u00e3 - Franciscanos\" \/>\n<meta property=\"article:published_time\" content=\"2019-10-31T12:57:21+00:00\" \/>\n<meta property=\"article:modified_time\" content=\"2020-07-30T16:23:04+00:00\" \/>\n<meta property=\"og:image\" content=\"https:\/\/franciscanos.org.br\/vidacrista\/wp-content\/uploads\/2019\/10\/almir_01d.jpg\" \/>\n\t<meta property=\"og:image:width\" content=\"800\" \/>\n\t<meta property=\"og:image:height\" content=\"600\" \/>\n\t<meta property=\"og:image:type\" content=\"image\/jpeg\" \/>\n<meta name=\"author\" content=\"moacir\" \/>\n<meta name=\"twitter:card\" content=\"summary_large_image\" \/>\n<meta name=\"twitter:label1\" content=\"Escrito por\" \/>\n\t<meta name=\"twitter:data1\" content=\"moacir\" \/>\n\t<meta name=\"twitter:label2\" content=\"Est. tempo de leitura\" \/>\n\t<meta name=\"twitter:data2\" content=\"3 minutos\" \/>\n<script type=\"application\/ld+json\" class=\"yoast-schema-graph\">{\"@context\":\"https:\/\/schema.org\",\"@graph\":[{\"@type\":\"WebSite\",\"@id\":\"https:\/\/franciscanos.org.br\/vidacrista\/#website\",\"url\":\"https:\/\/franciscanos.org.br\/vidacrista\/\",\"name\":\"Vida Crist\u00e3 - Franciscanos\",\"description\":\"Prov\u00edncia Franciscana da Imaculada Concei\u00e7\u00e3o do Brasil - Ordem dos Frades Menores\",\"potentialAction\":[{\"@type\":\"SearchAction\",\"target\":{\"@type\":\"EntryPoint\",\"urlTemplate\":\"https:\/\/franciscanos.org.br\/vidacrista\/?s={search_term_string}\"},\"query-input\":\"required name=search_term_string\"}],\"inLanguage\":\"pt-BR\"},{\"@type\":\"WebPage\",\"@id\":\"https:\/\/franciscanos.org.br\/vidacrista\/para-alem-do-horizonte\/\",\"url\":\"https:\/\/franciscanos.org.br\/vidacrista\/para-alem-do-horizonte\/\",\"name\":\"Para al\u00e9m do horizonte - Vida Crist\u00e3 - Franciscanos\",\"isPartOf\":{\"@id\":\"https:\/\/franciscanos.org.br\/vidacrista\/#website\"},\"datePublished\":\"2019-10-31T12:57:21+00:00\",\"dateModified\":\"2020-07-30T16:23:04+00:00\",\"author\":{\"@id\":\"https:\/\/franciscanos.org.br\/vidacrista\/#\/schema\/person\/1880bdd2c350b735648725ef7614736a\"},\"breadcrumb\":{\"@id\":\"https:\/\/franciscanos.org.br\/vidacrista\/para-alem-do-horizonte\/#breadcrumb\"},\"inLanguage\":\"pt-BR\",\"potentialAction\":[{\"@type\":\"ReadAction\",\"target\":[\"https:\/\/franciscanos.org.br\/vidacrista\/para-alem-do-horizonte\/\"]}]},{\"@type\":\"BreadcrumbList\",\"@id\":\"https:\/\/franciscanos.org.br\/vidacrista\/para-alem-do-horizonte\/#breadcrumb\",\"itemListElement\":[{\"@type\":\"ListItem\",\"position\":1,\"name\":\"Home\",\"item\":\"https:\/\/franciscanos.org.br\/vidacrista\/\"},{\"@type\":\"ListItem\",\"position\":2,\"name\":\"Para al\u00e9m do horizonte\"}]},{\"@type\":\"Person\",\"@id\":\"https:\/\/franciscanos.org.br\/vidacrista\/#\/schema\/person\/1880bdd2c350b735648725ef7614736a\",\"name\":\"moacir\",\"image\":{\"@type\":\"ImageObject\",\"inLanguage\":\"pt-BR\",\"@id\":\"https:\/\/franciscanos.org.br\/vidacrista\/#\/schema\/person\/image\/\",\"url\":\"https:\/\/secure.gravatar.com\/avatar\/d08aa2ce4c8dd416d4479aa8536fcf64?s=96&d=mm&r=g\",\"contentUrl\":\"https:\/\/secure.gravatar.com\/avatar\/d08aa2ce4c8dd416d4479aa8536fcf64?s=96&d=mm&r=g\",\"caption\":\"moacir\"},\"url\":\"https:\/\/franciscanos.org.br\/vidacrista\/author\/moacir\/\"}]}<\/script>\n<!-- \/ Yoast SEO plugin. -->","yoast_head_json":{"title":"Para al\u00e9m do horizonte - Vida Crist\u00e3 - Franciscanos","robots":{"index":"index","follow":"follow","max-snippet":"max-snippet:-1","max-image-preview":"max-image-preview:large","max-video-preview":"max-video-preview:-1"},"canonical":"https:\/\/franciscanos.org.br\/vidacrista\/para-alem-do-horizonte\/","og_locale":"pt_BR","og_type":"article","og_title":"Para al\u00e9m do horizonte - Vida Crist\u00e3 - Franciscanos","og_description":"Artigo de Frei Almir Guimar\u00e3es","og_url":"https:\/\/franciscanos.org.br\/vidacrista\/para-alem-do-horizonte\/","og_site_name":"Vida Crist\u00e3 - Franciscanos","article_published_time":"2019-10-31T12:57:21+00:00","article_modified_time":"2020-07-30T16:23:04+00:00","og_image":[{"width":800,"height":600,"url":"https:\/\/franciscanos.org.br\/vidacrista\/wp-content\/uploads\/2019\/10\/almir_01d.jpg","type":"image\/jpeg"}],"author":"moacir","twitter_card":"summary_large_image","twitter_misc":{"Escrito por":"moacir","Est. tempo de leitura":"3 minutos"},"schema":{"@context":"https:\/\/schema.org","@graph":[{"@type":"WebSite","@id":"https:\/\/franciscanos.org.br\/vidacrista\/#website","url":"https:\/\/franciscanos.org.br\/vidacrista\/","name":"Vida Crist\u00e3 - Franciscanos","description":"Prov\u00edncia Franciscana da Imaculada Concei\u00e7\u00e3o do Brasil - Ordem dos Frades Menores","potentialAction":[{"@type":"SearchAction","target":{"@type":"EntryPoint","urlTemplate":"https:\/\/franciscanos.org.br\/vidacrista\/?s={search_term_string}"},"query-input":"required name=search_term_string"}],"inLanguage":"pt-BR"},{"@type":"WebPage","@id":"https:\/\/franciscanos.org.br\/vidacrista\/para-alem-do-horizonte\/","url":"https:\/\/franciscanos.org.br\/vidacrista\/para-alem-do-horizonte\/","name":"Para al\u00e9m do horizonte - Vida Crist\u00e3 - Franciscanos","isPartOf":{"@id":"https:\/\/franciscanos.org.br\/vidacrista\/#website"},"datePublished":"2019-10-31T12:57:21+00:00","dateModified":"2020-07-30T16:23:04+00:00","author":{"@id":"https:\/\/franciscanos.org.br\/vidacrista\/#\/schema\/person\/1880bdd2c350b735648725ef7614736a"},"breadcrumb":{"@id":"https:\/\/franciscanos.org.br\/vidacrista\/para-alem-do-horizonte\/#breadcrumb"},"inLanguage":"pt-BR","potentialAction":[{"@type":"ReadAction","target":["https:\/\/franciscanos.org.br\/vidacrista\/para-alem-do-horizonte\/"]}]},{"@type":"BreadcrumbList","@id":"https:\/\/franciscanos.org.br\/vidacrista\/para-alem-do-horizonte\/#breadcrumb","itemListElement":[{"@type":"ListItem","position":1,"name":"Home","item":"https:\/\/franciscanos.org.br\/vidacrista\/"},{"@type":"ListItem","position":2,"name":"Para al\u00e9m do horizonte"}]},{"@type":"Person","@id":"https:\/\/franciscanos.org.br\/vidacrista\/#\/schema\/person\/1880bdd2c350b735648725ef7614736a","name":"moacir","image":{"@type":"ImageObject","inLanguage":"pt-BR","@id":"https:\/\/franciscanos.org.br\/vidacrista\/#\/schema\/person\/image\/","url":"https:\/\/secure.gravatar.com\/avatar\/d08aa2ce4c8dd416d4479aa8536fcf64?s=96&d=mm&r=g","contentUrl":"https:\/\/secure.gravatar.com\/avatar\/d08aa2ce4c8dd416d4479aa8536fcf64?s=96&d=mm&r=g","caption":"moacir"},"url":"https:\/\/franciscanos.org.br\/vidacrista\/author\/moacir\/"}]}},"_links":{"self":[{"href":"https:\/\/franciscanos.org.br\/vidacrista\/wp-json\/wp\/v2\/posts\/182341"}],"collection":[{"href":"https:\/\/franciscanos.org.br\/vidacrista\/wp-json\/wp\/v2\/posts"}],"about":[{"href":"https:\/\/franciscanos.org.br\/vidacrista\/wp-json\/wp\/v2\/types\/post"}],"author":[{"embeddable":true,"href":"https:\/\/franciscanos.org.br\/vidacrista\/wp-json\/wp\/v2\/users\/3"}],"replies":[{"embeddable":true,"href":"https:\/\/franciscanos.org.br\/vidacrista\/wp-json\/wp\/v2\/comments?post=182341"}],"version-history":[{"count":3,"href":"https:\/\/franciscanos.org.br\/vidacrista\/wp-json\/wp\/v2\/posts\/182341\/revisions"}],"predecessor-version":[{"id":187223,"href":"https:\/\/franciscanos.org.br\/vidacrista\/wp-json\/wp\/v2\/posts\/182341\/revisions\/187223"}],"wp:featuredmedia":[{"embeddable":true,"href":"https:\/\/franciscanos.org.br\/vidacrista\/wp-json\/wp\/v2\/media\/186839"}],"wp:attachment":[{"href":"https:\/\/franciscanos.org.br\/vidacrista\/wp-json\/wp\/v2\/media?parent=182341"}],"wp:term":[{"taxonomy":"category","embeddable":true,"href":"https:\/\/franciscanos.org.br\/vidacrista\/wp-json\/wp\/v2\/categories?post=182341"},{"taxonomy":"post_tag","embeddable":true,"href":"https:\/\/franciscanos.org.br\/vidacrista\/wp-json\/wp\/v2\/tags?post=182341"}],"curies":[{"name":"wp","href":"https:\/\/api.w.org\/{rel}","templated":true}]}}