{"id":182330,"date":"2019-10-31T07:09:03","date_gmt":"2019-10-31T10:09:03","guid":{"rendered":"https:\/\/franciscanos.org.br\/vidacrista\/?p=182330"},"modified":"2020-07-30T13:28:06","modified_gmt":"2020-07-30T16:28:06","slug":"a-felicidade-e-simples","status":"publish","type":"post","link":"https:\/\/franciscanos.org.br\/vidacrista\/a-felicidade-e-simples\/","title":{"rendered":"A felicidade \u00e9 simples"},"content":{"rendered":"<div id=\"attachment_187226\" style=\"width: 850px\" class=\"wp-caption alignnone\"><img aria-describedby=\"caption-attachment-187226\" decoding=\"async\" loading=\"lazy\" class=\"wp-image-187226 size-full\" src=\"https:\/\/franciscanos.org.br\/vidacrista\/wp-content\/uploads\/2019\/10\/artigo_3007_8.jpg\" alt=\"\" width=\"840\" height=\"450\" srcset=\"https:\/\/franciscanos.org.br\/vidacrista\/wp-content\/uploads\/2019\/10\/artigo_3007_8.jpg 840w, https:\/\/franciscanos.org.br\/vidacrista\/wp-content\/uploads\/2019\/10\/artigo_3007_8-450x241.jpg 450w, https:\/\/franciscanos.org.br\/vidacrista\/wp-content\/uploads\/2019\/10\/artigo_3007_8-768x411.jpg 768w, https:\/\/franciscanos.org.br\/vidacrista\/wp-content\/uploads\/2019\/10\/artigo_3007_8-150x80.jpg 150w\" sizes=\"(max-width: 840px) 100vw, 840px\" \/><p id=\"caption-attachment-187226\" class=\"wp-caption-text\">\u00a0 \u00a0 \u00a0 \u00a0 \u00a0 \u00a0 \u00a0 \u00a0 \u00a0 \u00a0 \u00a0 \u00a0 \u00a0 \u00a0 \u00a0 \u00a0 \u00a0 \u00a0 \u00a0 \u00a0 \u00a0 \u00a0 \u00a0 \u00a0 \u00a0 \u00a0 \u00a0 \u00a0 \u00a0 \u00a0 \u00a0 \u00a0 \u00a0 \u00a0 \u00a0 \u00a0 \u00a0 \u00a0 \u00a0 \u00a0 \u00a0 \u00a0 \u00a0 \u00a0 \u00a0 \u00a0 \u00a0 \u00a0 \u00a0 \u00a0 \u00a0 <em>\u00a0Imagem ilustrativa (fonte: Acervo Prov\u00edncia da Imaculada)<\/em><\/p><\/div>\n<p>&nbsp;<\/p>\n<p><strong>Pe. Ademir Guedes Azevedo<\/strong><\/p>\n<p>Irm\u00e3o (a) n\u00e3o esque\u00e7a que a tua vida \u00e9 um dom. Apesar dos dias e dos momentos dif\u00edceis, precisamos continuar a aventura da exist\u00eancia. A coisa mais triste \u00e9 desistir diante do primeiro obst\u00e1culo.<\/p>\n<p>Precisamos mudar o modo de ver a realidade. Tudo o que existe \u00e9 bom. O problema est\u00e1 em nossa programa\u00e7\u00e3o mental. Quando pensamos que n\u00e3o conseguiremos superar este ou aquele desafio \u00e9 porque somos n\u00f3s mesmos que levantamos esta barreira. Se em uma jornada nos deparamos com um penhasco a primeira tenta\u00e7\u00e3o \u00e9 recuarmos, pois nossa mente, tomada pelo medo, sinaliza que \u00e9 melhor procurarmos outro caminho. Aqui est\u00e1 o engano! Geralmente, sempre \u00e9 poss\u00edvel encontrar uma ponte para atravessar. Por\u00e9m, os nossos medos interiores n\u00e3o nos permitem v\u00ea-la.<\/p>\n<p>Para ser feliz temos que nos superar e aceitar a realidade boa que nos espera, a qual \u00e9 superior aos nossos medos. Essa felicidade, por\u00e9m, n\u00e3o est\u00e1 fora de n\u00f3s, est\u00e1 sim dentro de cada um. Fomos educados o tempo todo a buscar coisas e conquistas fora, a entrarmos em esquemas de competi\u00e7\u00e3o, a aceitar um ritmo de vida de correrias, mas nunca nos disseram que podemos ser imensamente felizes sem o apego as coisas e as famas.<\/p>\n<p>A prop\u00f3sito, para irmos em frente e sermos livres seria bom retomar a palavra de um homem que nasceu sem casa, na pobreza e na simplicidade e viveu toda a sua exist\u00eancia sem um lugar para reclinar a cabe\u00e7a, s\u00f3 Deus era a sua \u00fanica seguran\u00e7a. Por isso, Ele nos convoca a confiarmos no Pai que n\u00e3o abandona nunca seus filhos: \u201cContemplai as aves do c\u00e9u: n\u00e3o semeiam, n\u00e3o colhem, nem armazenam em celeiros; contudo, vosso Pai celestial as sustenta. N\u00e3o tendes v\u00f3s muito mais valor do que as aves?\u201d (Mt 6,26). Esse \u00e9 o segredo da felicidade: a confian\u00e7a em Deus e uma vida simples.<\/p>\n<p>Vai em frente e n\u00e3o esque\u00e7as que est\u00e1s no cora\u00e7\u00e3o de Deus!<\/p>\n<hr \/>\n<p><strong>Pe. Ademir Guedes Azevedo, cp<\/strong>,\u00a0<em>\u00e9 mission\u00e1rio passionista e mestre\u00a0 em Teologia Fundamental na Pontif\u00edcia Universidade Gregoriana. Atualmente colabora com a miss\u00e3o passionista de Montevid\u00e9u, no Uruguai.<\/em><\/p>\n","protected":false},"excerpt":{"rendered":"<p>Artigo de Pe. Ademir Guedes Azevedo, cp<\/p>\n","protected":false},"author":3,"featured_media":187227,"comment_status":"open","ping_status":"open","sticky":false,"template":"","format":"standard","meta":{"footnotes":""},"categories":[26],"tags":[188],"yoast_head":"<!-- This site is optimized with the Yoast SEO plugin v19.4 - https:\/\/yoast.com\/wordpress\/plugins\/seo\/ -->\n<title>A felicidade \u00e9 simples - Vida Crist\u00e3 - Franciscanos<\/title>\n<meta name=\"robots\" content=\"index, follow, max-snippet:-1, max-image-preview:large, max-video-preview:-1\" \/>\n<link rel=\"canonical\" href=\"https:\/\/franciscanos.org.br\/vidacrista\/a-felicidade-e-simples\/\" \/>\n<meta property=\"og:locale\" content=\"pt_BR\" \/>\n<meta property=\"og:type\" content=\"article\" \/>\n<meta property=\"og:title\" content=\"A felicidade \u00e9 simples - Vida Crist\u00e3 - Franciscanos\" \/>\n<meta property=\"og:description\" content=\"Artigo de Pe. Ademir Guedes Azevedo, cp\" \/>\n<meta property=\"og:url\" content=\"https:\/\/franciscanos.org.br\/vidacrista\/a-felicidade-e-simples\/\" \/>\n<meta property=\"og:site_name\" content=\"Vida Crist\u00e3 - Franciscanos\" \/>\n<meta property=\"article:published_time\" content=\"2019-10-31T10:09:03+00:00\" \/>\n<meta property=\"article:modified_time\" content=\"2020-07-30T16:28:06+00:00\" \/>\n<meta property=\"og:image\" content=\"https:\/\/franciscanos.org.br\/vidacrista\/wp-content\/uploads\/2019\/10\/artigo_3007_8d.jpg\" \/>\n\t<meta property=\"og:image:width\" content=\"800\" \/>\n\t<meta property=\"og:image:height\" content=\"600\" \/>\n\t<meta property=\"og:image:type\" content=\"image\/jpeg\" \/>\n<meta name=\"author\" content=\"moacir\" \/>\n<meta name=\"twitter:card\" content=\"summary_large_image\" \/>\n<meta name=\"twitter:label1\" content=\"Escrito por\" \/>\n\t<meta name=\"twitter:data1\" content=\"moacir\" \/>\n\t<meta name=\"twitter:label2\" content=\"Est. tempo de leitura\" \/>\n\t<meta name=\"twitter:data2\" content=\"2 minutos\" \/>\n<script type=\"application\/ld+json\" class=\"yoast-schema-graph\">{\"@context\":\"https:\/\/schema.org\",\"@graph\":[{\"@type\":\"WebSite\",\"@id\":\"https:\/\/franciscanos.org.br\/vidacrista\/#website\",\"url\":\"https:\/\/franciscanos.org.br\/vidacrista\/\",\"name\":\"Vida Crist\u00e3 - Franciscanos\",\"description\":\"Prov\u00edncia Franciscana da Imaculada Concei\u00e7\u00e3o do Brasil - Ordem dos Frades Menores\",\"potentialAction\":[{\"@type\":\"SearchAction\",\"target\":{\"@type\":\"EntryPoint\",\"urlTemplate\":\"https:\/\/franciscanos.org.br\/vidacrista\/?s={search_term_string}\"},\"query-input\":\"required name=search_term_string\"}],\"inLanguage\":\"pt-BR\"},{\"@type\":\"WebPage\",\"@id\":\"https:\/\/franciscanos.org.br\/vidacrista\/a-felicidade-e-simples\/\",\"url\":\"https:\/\/franciscanos.org.br\/vidacrista\/a-felicidade-e-simples\/\",\"name\":\"A felicidade \u00e9 simples - Vida Crist\u00e3 - Franciscanos\",\"isPartOf\":{\"@id\":\"https:\/\/franciscanos.org.br\/vidacrista\/#website\"},\"datePublished\":\"2019-10-31T10:09:03+00:00\",\"dateModified\":\"2020-07-30T16:28:06+00:00\",\"author\":{\"@id\":\"https:\/\/franciscanos.org.br\/vidacrista\/#\/schema\/person\/1880bdd2c350b735648725ef7614736a\"},\"breadcrumb\":{\"@id\":\"https:\/\/franciscanos.org.br\/vidacrista\/a-felicidade-e-simples\/#breadcrumb\"},\"inLanguage\":\"pt-BR\",\"potentialAction\":[{\"@type\":\"ReadAction\",\"target\":[\"https:\/\/franciscanos.org.br\/vidacrista\/a-felicidade-e-simples\/\"]}]},{\"@type\":\"BreadcrumbList\",\"@id\":\"https:\/\/franciscanos.org.br\/vidacrista\/a-felicidade-e-simples\/#breadcrumb\",\"itemListElement\":[{\"@type\":\"ListItem\",\"position\":1,\"name\":\"Home\",\"item\":\"https:\/\/franciscanos.org.br\/vidacrista\/\"},{\"@type\":\"ListItem\",\"position\":2,\"name\":\"A felicidade \u00e9 simples\"}]},{\"@type\":\"Person\",\"@id\":\"https:\/\/franciscanos.org.br\/vidacrista\/#\/schema\/person\/1880bdd2c350b735648725ef7614736a\",\"name\":\"moacir\",\"image\":{\"@type\":\"ImageObject\",\"inLanguage\":\"pt-BR\",\"@id\":\"https:\/\/franciscanos.org.br\/vidacrista\/#\/schema\/person\/image\/\",\"url\":\"https:\/\/secure.gravatar.com\/avatar\/d08aa2ce4c8dd416d4479aa8536fcf64?s=96&d=mm&r=g\",\"contentUrl\":\"https:\/\/secure.gravatar.com\/avatar\/d08aa2ce4c8dd416d4479aa8536fcf64?s=96&d=mm&r=g\",\"caption\":\"moacir\"},\"url\":\"https:\/\/franciscanos.org.br\/vidacrista\/author\/moacir\/\"}]}<\/script>\n<!-- \/ Yoast SEO plugin. -->","yoast_head_json":{"title":"A felicidade \u00e9 simples - Vida Crist\u00e3 - Franciscanos","robots":{"index":"index","follow":"follow","max-snippet":"max-snippet:-1","max-image-preview":"max-image-preview:large","max-video-preview":"max-video-preview:-1"},"canonical":"https:\/\/franciscanos.org.br\/vidacrista\/a-felicidade-e-simples\/","og_locale":"pt_BR","og_type":"article","og_title":"A felicidade \u00e9 simples - Vida Crist\u00e3 - Franciscanos","og_description":"Artigo de Pe. Ademir Guedes Azevedo, cp","og_url":"https:\/\/franciscanos.org.br\/vidacrista\/a-felicidade-e-simples\/","og_site_name":"Vida Crist\u00e3 - Franciscanos","article_published_time":"2019-10-31T10:09:03+00:00","article_modified_time":"2020-07-30T16:28:06+00:00","og_image":[{"width":800,"height":600,"url":"https:\/\/franciscanos.org.br\/vidacrista\/wp-content\/uploads\/2019\/10\/artigo_3007_8d.jpg","type":"image\/jpeg"}],"author":"moacir","twitter_card":"summary_large_image","twitter_misc":{"Escrito por":"moacir","Est. tempo de leitura":"2 minutos"},"schema":{"@context":"https:\/\/schema.org","@graph":[{"@type":"WebSite","@id":"https:\/\/franciscanos.org.br\/vidacrista\/#website","url":"https:\/\/franciscanos.org.br\/vidacrista\/","name":"Vida Crist\u00e3 - Franciscanos","description":"Prov\u00edncia Franciscana da Imaculada Concei\u00e7\u00e3o do Brasil - Ordem dos Frades Menores","potentialAction":[{"@type":"SearchAction","target":{"@type":"EntryPoint","urlTemplate":"https:\/\/franciscanos.org.br\/vidacrista\/?s={search_term_string}"},"query-input":"required name=search_term_string"}],"inLanguage":"pt-BR"},{"@type":"WebPage","@id":"https:\/\/franciscanos.org.br\/vidacrista\/a-felicidade-e-simples\/","url":"https:\/\/franciscanos.org.br\/vidacrista\/a-felicidade-e-simples\/","name":"A felicidade \u00e9 simples - Vida Crist\u00e3 - Franciscanos","isPartOf":{"@id":"https:\/\/franciscanos.org.br\/vidacrista\/#website"},"datePublished":"2019-10-31T10:09:03+00:00","dateModified":"2020-07-30T16:28:06+00:00","author":{"@id":"https:\/\/franciscanos.org.br\/vidacrista\/#\/schema\/person\/1880bdd2c350b735648725ef7614736a"},"breadcrumb":{"@id":"https:\/\/franciscanos.org.br\/vidacrista\/a-felicidade-e-simples\/#breadcrumb"},"inLanguage":"pt-BR","potentialAction":[{"@type":"ReadAction","target":["https:\/\/franciscanos.org.br\/vidacrista\/a-felicidade-e-simples\/"]}]},{"@type":"BreadcrumbList","@id":"https:\/\/franciscanos.org.br\/vidacrista\/a-felicidade-e-simples\/#breadcrumb","itemListElement":[{"@type":"ListItem","position":1,"name":"Home","item":"https:\/\/franciscanos.org.br\/vidacrista\/"},{"@type":"ListItem","position":2,"name":"A felicidade \u00e9 simples"}]},{"@type":"Person","@id":"https:\/\/franciscanos.org.br\/vidacrista\/#\/schema\/person\/1880bdd2c350b735648725ef7614736a","name":"moacir","image":{"@type":"ImageObject","inLanguage":"pt-BR","@id":"https:\/\/franciscanos.org.br\/vidacrista\/#\/schema\/person\/image\/","url":"https:\/\/secure.gravatar.com\/avatar\/d08aa2ce4c8dd416d4479aa8536fcf64?s=96&d=mm&r=g","contentUrl":"https:\/\/secure.gravatar.com\/avatar\/d08aa2ce4c8dd416d4479aa8536fcf64?s=96&d=mm&r=g","caption":"moacir"},"url":"https:\/\/franciscanos.org.br\/vidacrista\/author\/moacir\/"}]}},"_links":{"self":[{"href":"https:\/\/franciscanos.org.br\/vidacrista\/wp-json\/wp\/v2\/posts\/182330"}],"collection":[{"href":"https:\/\/franciscanos.org.br\/vidacrista\/wp-json\/wp\/v2\/posts"}],"about":[{"href":"https:\/\/franciscanos.org.br\/vidacrista\/wp-json\/wp\/v2\/types\/post"}],"author":[{"embeddable":true,"href":"https:\/\/franciscanos.org.br\/vidacrista\/wp-json\/wp\/v2\/users\/3"}],"replies":[{"embeddable":true,"href":"https:\/\/franciscanos.org.br\/vidacrista\/wp-json\/wp\/v2\/comments?post=182330"}],"version-history":[{"count":4,"href":"https:\/\/franciscanos.org.br\/vidacrista\/wp-json\/wp\/v2\/posts\/182330\/revisions"}],"predecessor-version":[{"id":187228,"href":"https:\/\/franciscanos.org.br\/vidacrista\/wp-json\/wp\/v2\/posts\/182330\/revisions\/187228"}],"wp:featuredmedia":[{"embeddable":true,"href":"https:\/\/franciscanos.org.br\/vidacrista\/wp-json\/wp\/v2\/media\/187227"}],"wp:attachment":[{"href":"https:\/\/franciscanos.org.br\/vidacrista\/wp-json\/wp\/v2\/media?parent=182330"}],"wp:term":[{"taxonomy":"category","embeddable":true,"href":"https:\/\/franciscanos.org.br\/vidacrista\/wp-json\/wp\/v2\/categories?post=182330"},{"taxonomy":"post_tag","embeddable":true,"href":"https:\/\/franciscanos.org.br\/vidacrista\/wp-json\/wp\/v2\/tags?post=182330"}],"curies":[{"name":"wp","href":"https:\/\/api.w.org\/{rel}","templated":true}]}}