{"id":182208,"date":"2019-10-18T08:27:52","date_gmt":"2019-10-18T11:27:52","guid":{"rendered":"https:\/\/franciscanos.org.br\/vidacrista\/?p=182208"},"modified":"2020-07-30T13:29:16","modified_gmt":"2020-07-30T16:29:16","slug":"a-pratica-do-dialogo-e-a-saude-da-vida-fraterna","status":"publish","type":"post","link":"https:\/\/franciscanos.org.br\/vidacrista\/a-pratica-do-dialogo-e-a-saude-da-vida-fraterna\/","title":{"rendered":"A pr\u00e1tica do di\u00e1logo e a sa\u00fade da vida fraterna"},"content":{"rendered":"<div style=\"width: 850px\" class=\"wp-caption alignnone\"><img decoding=\"async\" loading=\"lazy\" src=\"https:\/\/franciscanos.org.br\/vidacrista\/wp-content\/uploads\/2019\/10\/artigo-840.jpg\" alt=\"\" width=\"840\" height=\"462\" \/><p class=\"wp-caption-text\">\u00a0 \u00a0 \u00a0 \u00a0 \u00a0 \u00a0 \u00a0 \u00a0 \u00a0 \u00a0 \u00a0 \u00a0 \u00a0 \u00a0 \u00a0 \u00a0 \u00a0 \u00a0 \u00a0 \u00a0 \u00a0 \u00a0 \u00a0 \u00a0 \u00a0 \u00a0 \u00a0 \u00a0 \u00a0 \u00a0 \u00a0 \u00a0 \u00a0 \u00a0 \u00a0 \u00a0 \u00a0 \u00a0 \u00a0 \u00a0 \u00a0 \u00a0 \u00a0 \u00a0 \u00a0 \u00a0 \u00a0 \u00a0 \u00a0<em> \u00a0 Imagem ilustrativa (fonte: Acervo Prov\u00edncia da Imaculada)<\/em><\/p><\/div>\n<p><strong>Frei Fid\u00eancio Vanboemmel<\/strong><\/p>\n<p><em>\u201cPalavra n\u00e3o foi feita para dividir ningu\u00e9m, palavra \u00e9 uma ponte onde o amor vai e vem, onde o amor vai e vem\u201d. <\/em>Este \u00e9 o refr\u00e3o da m\u00fasica \u201cA Palavra\u201d, da autoria e composi\u00e7\u00e3o de Irene Gomes, que por anos seguidos muitos de n\u00f3s cantamos. Sim, a \u201cpalavra \u00e9 uma ponte\u201d porque dela necessitamos e atrav\u00e9s dela criamos v\u00ednculos fraternos que aproximam uns dos outros.<\/p>\n<p><strong>A pr\u00e1tica do di\u00e1logo da vida de Jesus<\/strong><\/p>\n<p>Sabemos que Jesus Cristo, nosso Senhor e Mestre, no mist\u00e9rio da Encarna\u00e7\u00e3o, fez-se Palavra-ponte (<em>Caminho, Verdade e Vida<\/em>) pela qual o Amor divino veio habitar entre n\u00f3s. E Jesus, qual pont\u00edfice do Pai, serviu-se da palavra para anunciar o Reino de Deus. No seu dialogar com todas as pessoas de boa vontade, recriou entre os filhos e filhas do mesmo Pai a dignidade da m\u00fatua perten\u00e7a fraterna: \u201ctodos v\u00f3s sois irm\u00e3os\u201d (Cf. Mt 23,8-9). E como irm\u00e3os e ministros de Cristo, somos \u201cadministradores dos mist\u00e9rios de Deus\u201d (1Cor 4,1), particularmente a sua Palavra que \u201ctrazemos em vasos de barro\u201d (2Cor 4,7). Quando esta Palavra se faz di\u00e1logo na vida da comunidade crist\u00e3, seus membros se edificam mutuamente: \u201cA palavra de Cristo permane\u00e7a em v\u00f3s com toda a sua riqueza, de sorte que com toda sabedoria possais instruir e exortar-vos mutuamente\u201d (Col 1,16).<\/p>\n<p><strong>A pr\u00e1tica do di\u00e1logo com o Senhor na vida de S\u00e3o Francisco<\/strong><\/p>\n<p>O nosso Ser\u00e1fico Pai S\u00e3o Francisco, com a chegada dos irm\u00e3os dados pelo Senhor, fez do di\u00e1logo a lei suprema para construir a fraternidade que come\u00e7a pela acolhida do outro: \u201cSejam recebidos benignamente\u201d (<em>Rnb<\/em> 2,1). Foi assim o nascimento da nossa Fraternidade Franciscana: o Santo de Assis, ao perceber a aproxima\u00e7\u00e3o dos primeiros companheiros, e para n\u00e3o correr o risco do autoritarismo ou da unilateralidade para impor ideias e concep\u00e7\u00f5es pessoais, afinal toda ponte possui dois lados, vai \u201cpedir conselho ao Senhor\u201d (AP 10). \u00c9 o Senhor que foi a ponte entre o \u201ceu\u201d e o \u201ctu\u201d, entre a pessoa de Francisco e a pessoa do irm\u00e3o. Assim, em clima de ora\u00e7\u00e3o, dialogam com o Senhor, com a Igreja e entre si e, juntos, chegam a este discernimento: \u201cEsta ser\u00e1 a nossa Regra\u201d e \u201cIde e, da maneira como ouvistes, realizai o conselho do Senhor\u201d (AP 11). Foi a Palavra do Senhor que, a partir daquele momento, os uniu na vida, na voca\u00e7\u00e3o e na miss\u00e3o. A Palavra do Senhor foi o novo la\u00e7o espiritual e a ponte por onde o amor fraterno circulou com zelo e perfei\u00e7\u00e3o no \u201cvai e vem\u201d das qualidades e virtudes somadas a partir das diferen\u00e7as (cf. EP 85), na balada da mesma m\u00fasica: \u201cPalavra n\u00e3o foi feita para dominar, destino da palavra \u00e9 dialogar. Palavra n\u00e3o foi feita para opress\u00e3o, destino da palavra \u00e9 uni\u00e3o\u201d.<\/p>\n<p><strong>Di\u00e1logo: provoca\u00e7\u00e3o para qualificar a nossa vida fraterna<\/strong><\/p>\n<p>O recente subs\u00eddio da Ordem, \u201cNossa Voca\u00e7\u00e3o entre abandonos e fidelidade\u201d, Roma, 2019, apontou algumas dificuldades que tocam a quest\u00e3o da fidelidade e da perseveran\u00e7a dos Irm\u00e3os na Ordem dos Frades Menores. Nesse sentido, o tema do di\u00e1logo como sinal de sa\u00fade da nossa voca\u00e7\u00e3o e carisma para a vida fraterna se faz presente em todo o texto.<\/p>\n<p>Constatou-se um n\u00famero significativo de abandonos da Ordem por conta de irm\u00e3os que se desencantaram da vida fraterna. Irm\u00e3os que adoecem, particularmente pela fragilidade do di\u00e1logo e da comunica\u00e7\u00e3o nas respectivas fraternidades e entidades. Desta constata\u00e7\u00e3o nascem alguns questionamentos: Como podemos melhorar a qualidade da comunica\u00e7\u00e3o e das rela\u00e7\u00f5es fraternas em comunidade? Quais s\u00e3o os motivos pelos quais alguns irm\u00e3os permanecem marginalizados da comunidade? Qual o n\u00edvel do di\u00e1logo que \u00e9 praticado e cultivado nas nossas fraternidades?<\/p>\n<p>Da mesma forma, o \u00faltimo Conselho Plen\u00e1rio da Ordem, ocorrido em Nair\u00f3bi, no Qu\u00eania (2018), no di\u00e1logo ocorrido entre os irm\u00e3os, constatou a necessidade de renovar o nosso empenho para melhor qualificar a vida fraterna (cf. CPO, n.181). Esta qualifica\u00e7\u00e3o da vida fraterna come\u00e7a no interior de cada Fraternidade quando ela \u00e9 capaz de recriar entre os irm\u00e3os a \u201ccomunica\u00e7\u00e3o interpessoal&#8230; a fim de que possa ser fluida, fraterna, respeitosa, rica de estima, capaz de gerir e superar os eventuais conflitos, uma comunica\u00e7\u00e3o radicada na caridade e profundamente animada pela pr\u00f3pria vida de f\u00e9\u201d (CPO n 182).<\/p>\n<p>A fragilidade do di\u00e1logo e da n\u00e3o comunica\u00e7\u00e3o n\u00e3o \u00e9 apenas um questionamento dos nossos dias. Quando estudamos atentamente os Escritos de S\u00e3o Francisco, constatamos o quanto nosso Pai Ser\u00e1fico bate na tecla da qualidade da vida fraterna que se rege pelo di\u00e1logo: manifestar com solicitude fraterno-maternal as necessidades pessoais; evitar toda murmura\u00e7\u00e3o e detra\u00e7\u00e3o entre os irm\u00e3os; partilhar e colocar tudo em comum no esp\u00edrito da m\u00fatua confian\u00e7a e pobreza; usar de miseric\u00f3rdia a quem miseric\u00f3rdia procura; evitar escandalizar-se com o pecado de um irm\u00e3o; usar da corre\u00e7\u00e3o fraterna indicada no Evangelho; manter sempre presente e em tudo o esp\u00edrito da santa ora\u00e7\u00e3o e devo\u00e7\u00e3o; oferecer ao mundo a salva\u00e7\u00e3o por meio do testemunho fraterno, etc. E para os nossos dias, Francisco de Assis, certamente, acrescentaria novos desafios que nos adoecem nas rela\u00e7\u00f5es humanas e empobrecem nosso di\u00e1logo fraterno, particularmente o individualismo, o consumismo, a indiferen\u00e7a, o pecado da virtualiza\u00e7\u00e3o das nossas rela\u00e7\u00f5es fraternas, etc.<\/p>\n<p><strong>Necessidades do di\u00e1logo, ponte pela qual flui o amor fraterno<\/strong><\/p>\n<p>Na miss\u00e3o evangelizadora que abra\u00e7amos, particularmente quando nos colocamos na escuta do povo de Deus, deparamo-nos com m\u00faltiplas doen\u00e7as procedentes do n\u00e3o di\u00e1logo, do isolamento, da segrega\u00e7\u00e3o, do preconceito, da discrimina\u00e7\u00e3o, da produ\u00e7\u00e3o de inverdades <em>(Fake news<\/em>), etc. Chegamos \u00e0 conclus\u00e3o de que muitas pessoas est\u00e3o doentes porque n\u00e3o mais encontram espa\u00e7os e pessoas com quem dialogar! Por isso compreendemos perfeitamente a admoesta\u00e7\u00e3o do Papa Francisco na sua passagem por Lampedusa, na It\u00e1lia (<em>foto ao lado)<\/em>, admoestando a humanidade a estar atenta a uma das mais graves epidemias que afligem as pessoas do nosso tempo que \u00e9 a \u201cglobaliza\u00e7\u00e3o da indiferen\u00e7a\u201d. Afirmou o Papa: \u201cEsta cultura do bem-estar leva \u00e0 indiferen\u00e7a a respeito dos outros; antes, leva \u00e0 globaliza\u00e7\u00e3o da indiferen\u00e7a. Neste mundo da globaliza\u00e7\u00e3o, ca\u00edmos na globaliza\u00e7\u00e3o da indiferen\u00e7a. Habituamo-nos ao sofrimento do outro, n\u00e3o nos diz respeito, n\u00e3o nos interessa, n\u00e3o \u00e9 responsabilidade nossa\u201d. Por isso, continua: \u201cA globaliza\u00e7\u00e3o da indiferen\u00e7a tirou-nos a capacidade de chorar\u201d.<\/p>\n<p>Mas n\u00e3o basta olhar somente para \u201cfora\u201d. Por conta da solid\u00e3o das pessoas, n\u00f3s, Frades Menores, necessitamos de muita qualifica\u00e7\u00e3o humana para melhor ajudar e apoiar o desalento de tantas \u201covelhas sem pastor\u201d, ou de tantas pessoas \u201cfamintas e sedentas\u201d de um sentido maior para o seu viver. Por isso se faz urgente e necess\u00e1rio olhar com mais seriedade para dentro das nossas fraternidades para rever a qualidade da nossa \u201csa\u00fade fraterna\u201d, particularmente na quest\u00e3o do di\u00e1logo.<\/p>\n<p>N\u00f3s muito bem sabemos quando as nossas rela\u00e7\u00f5es fraternas est\u00e3o fragilizadas, ou estremecidas, ou gravemente doentes. Quando a indiferen\u00e7a pelo irm\u00e3o ocupa lugar na minha fraternidade, algo de muito grave est\u00e1 acontecendo com a minha pr\u00f3pria voca\u00e7\u00e3o.<\/p>\n<p>Da mesma forma, sabemos que o di\u00e1logo fraterno \u00e9 o medicinal preventivo que nos livra de todo desencanto vocacional para vivermos o profetismo da vida fraterna. Dialogar na certeza de que o irm\u00e3o \u00e9 um dom de Deus \u00e9 um ato de f\u00e9 que se renova a cada dia, tanto nas virtudes pessoais que nos engrandecem, como nas fragilidades e diferen\u00e7as que nos santificam. Em outras palavras: a qualidade da nossa vida franciscana \u00e9 sadia quando o amor fraterno circula livremente pela ponte do di\u00e1logo no \u201cvai e vem\u201d da mesma f\u00e9 que professamos: \u201co Senhor me deu irm\u00e3os\u201d (Test 14).<\/p>\n<p>Dialogar como Irm\u00e3os e Menores \u00e9 envolver-se de corpo e alma no projeto fraterno que o Senhor revelou a Francisco de Assis e que nos motiva a construir o nosso Projeto Fraterno de Vida e Miss\u00e3o (fraterno e pessoal!). Dialogar \u00e9 fazer com que a Palavra de Deus seja a ponte que nos aproxima uns dos outros, mesmo sendo uma \u201cmargem\u201d diferente. Dialogar elimina as nossas diferen\u00e7as (abismos) e faz circular entre irm\u00e3os a ess\u00eancia do Amor divino no \u201cvai e vem\u201d das nossas rela\u00e7\u00f5es humanas e fraternas.<\/p>\n<p>Que neste ano dos 800 anos do di\u00e1logo de S\u00e3o Francisco com Sult\u00e3o do Egito, aprendamos a clarear a nossa voca\u00e7\u00e3o e miss\u00e3o a partir do di\u00e1logo saud\u00e1vel com o Senhor, com os leprosos do nosso tempo e com o diferente de cada irm\u00e3o com quem devemos compartilhar a vida do Evangelho de Nosso Senhor Jesus Cristo.<\/p>\n<p><strong>E concluo a reflex\u00e3o com os dois \u00faltimos versos da can\u00e7\u00e3o \u201cA Palavra\u201d:<\/strong><\/p>\n<p><em>Palavra n\u00e3o foi feita para a vaidade, destino da palavra \u00e9 a eternidade. Palavra n\u00e3o foi feita pra cair no ch\u00e3o, destino da palavra \u00e9 o cora\u00e7\u00e3o.<\/em><\/p>\n<p><em>Palavra n\u00e3o foi feita para semear a d\u00favida, a tristeza e o mal-estar. Destino da palavra \u00e9 a constru\u00e7\u00e3o de um mundo mais feliz e mais irm\u00e3o.<\/em><\/p>\n<hr \/>\n<p><strong>Frei Fid\u00eancio Vanboemmel,<\/strong><em> ex-Ministro Provincial, \u00e9 moderador da Forma\u00e7\u00e3o Permanente da Prov\u00edncia da Imaculada Concei\u00e7\u00e3o.\u00a0<\/em><\/p>\n","protected":false},"excerpt":{"rendered":"<p>Artigo de Frei Fid\u00eancio Vanboemmel<\/p>\n","protected":false},"author":6,"featured_media":184689,"comment_status":"open","ping_status":"open","sticky":false,"template":"","format":"standard","meta":{"footnotes":""},"categories":[26],"tags":[255],"yoast_head":"<!-- This site is optimized with the Yoast SEO plugin v19.4 - https:\/\/yoast.com\/wordpress\/plugins\/seo\/ -->\n<title>A pr\u00e1tica do di\u00e1logo e a sa\u00fade da vida fraterna - Vida Crist\u00e3 - Franciscanos<\/title>\n<meta name=\"robots\" content=\"index, follow, max-snippet:-1, max-image-preview:large, max-video-preview:-1\" \/>\n<link rel=\"canonical\" href=\"https:\/\/franciscanos.org.br\/vidacrista\/a-pratica-do-dialogo-e-a-saude-da-vida-fraterna\/\" \/>\n<meta property=\"og:locale\" content=\"pt_BR\" \/>\n<meta property=\"og:type\" content=\"article\" \/>\n<meta property=\"og:title\" content=\"A pr\u00e1tica do di\u00e1logo e a sa\u00fade da vida fraterna - Vida Crist\u00e3 - Franciscanos\" \/>\n<meta property=\"og:description\" content=\"Artigo de Frei Fid\u00eancio Vanboemmel\" \/>\n<meta property=\"og:url\" content=\"https:\/\/franciscanos.org.br\/vidacrista\/a-pratica-do-dialogo-e-a-saude-da-vida-fraterna\/\" \/>\n<meta property=\"og:site_name\" content=\"Vida Crist\u00e3 - Franciscanos\" \/>\n<meta property=\"article:published_time\" content=\"2019-10-18T11:27:52+00:00\" \/>\n<meta property=\"article:modified_time\" content=\"2020-07-30T16:29:16+00:00\" \/>\n<meta property=\"og:image\" content=\"https:\/\/franciscanos.org.br\/vidacrista\/wp-content\/uploads\/2019\/10\/artigo-840-2.jpg\" \/>\n\t<meta property=\"og:image:width\" content=\"800\" \/>\n\t<meta property=\"og:image:height\" content=\"600\" \/>\n\t<meta property=\"og:image:type\" content=\"image\/jpeg\" \/>\n<meta name=\"author\" content=\"Jovenal Pereira\" \/>\n<meta name=\"twitter:card\" content=\"summary_large_image\" \/>\n<meta name=\"twitter:label1\" content=\"Escrito por\" \/>\n\t<meta name=\"twitter:data1\" content=\"Jovenal Pereira\" \/>\n\t<meta name=\"twitter:label2\" content=\"Est. tempo de leitura\" \/>\n\t<meta name=\"twitter:data2\" content=\"8 minutos\" \/>\n<script type=\"application\/ld+json\" class=\"yoast-schema-graph\">{\"@context\":\"https:\/\/schema.org\",\"@graph\":[{\"@type\":\"WebSite\",\"@id\":\"https:\/\/franciscanos.org.br\/vidacrista\/#website\",\"url\":\"https:\/\/franciscanos.org.br\/vidacrista\/\",\"name\":\"Vida Crist\u00e3 - Franciscanos\",\"description\":\"Prov\u00edncia Franciscana da Imaculada Concei\u00e7\u00e3o do Brasil - Ordem dos Frades Menores\",\"potentialAction\":[{\"@type\":\"SearchAction\",\"target\":{\"@type\":\"EntryPoint\",\"urlTemplate\":\"https:\/\/franciscanos.org.br\/vidacrista\/?s={search_term_string}\"},\"query-input\":\"required name=search_term_string\"}],\"inLanguage\":\"pt-BR\"},{\"@type\":\"WebPage\",\"@id\":\"https:\/\/franciscanos.org.br\/vidacrista\/a-pratica-do-dialogo-e-a-saude-da-vida-fraterna\/\",\"url\":\"https:\/\/franciscanos.org.br\/vidacrista\/a-pratica-do-dialogo-e-a-saude-da-vida-fraterna\/\",\"name\":\"A pr\u00e1tica do di\u00e1logo e a sa\u00fade da vida fraterna - Vida Crist\u00e3 - Franciscanos\",\"isPartOf\":{\"@id\":\"https:\/\/franciscanos.org.br\/vidacrista\/#website\"},\"datePublished\":\"2019-10-18T11:27:52+00:00\",\"dateModified\":\"2020-07-30T16:29:16+00:00\",\"author\":{\"@id\":\"https:\/\/franciscanos.org.br\/vidacrista\/#\/schema\/person\/c052c0d9165fa75af6e14f595d2333a0\"},\"breadcrumb\":{\"@id\":\"https:\/\/franciscanos.org.br\/vidacrista\/a-pratica-do-dialogo-e-a-saude-da-vida-fraterna\/#breadcrumb\"},\"inLanguage\":\"pt-BR\",\"potentialAction\":[{\"@type\":\"ReadAction\",\"target\":[\"https:\/\/franciscanos.org.br\/vidacrista\/a-pratica-do-dialogo-e-a-saude-da-vida-fraterna\/\"]}]},{\"@type\":\"BreadcrumbList\",\"@id\":\"https:\/\/franciscanos.org.br\/vidacrista\/a-pratica-do-dialogo-e-a-saude-da-vida-fraterna\/#breadcrumb\",\"itemListElement\":[{\"@type\":\"ListItem\",\"position\":1,\"name\":\"Home\",\"item\":\"https:\/\/franciscanos.org.br\/vidacrista\/\"},{\"@type\":\"ListItem\",\"position\":2,\"name\":\"A pr\u00e1tica do di\u00e1logo e a sa\u00fade da vida fraterna\"}]},{\"@type\":\"Person\",\"@id\":\"https:\/\/franciscanos.org.br\/vidacrista\/#\/schema\/person\/c052c0d9165fa75af6e14f595d2333a0\",\"name\":\"Jovenal Pereira\",\"image\":{\"@type\":\"ImageObject\",\"inLanguage\":\"pt-BR\",\"@id\":\"https:\/\/franciscanos.org.br\/vidacrista\/#\/schema\/person\/image\/\",\"url\":\"https:\/\/secure.gravatar.com\/avatar\/e94509f531086e2eaf97e72f29ea00f9?s=96&d=mm&r=g\",\"contentUrl\":\"https:\/\/secure.gravatar.com\/avatar\/e94509f531086e2eaf97e72f29ea00f9?s=96&d=mm&r=g\",\"caption\":\"Jovenal Pereira\"},\"url\":\"https:\/\/franciscanos.org.br\/vidacrista\/author\/jovenal\/\"}]}<\/script>\n<!-- \/ Yoast SEO plugin. -->","yoast_head_json":{"title":"A pr\u00e1tica do di\u00e1logo e a sa\u00fade da vida fraterna - Vida Crist\u00e3 - Franciscanos","robots":{"index":"index","follow":"follow","max-snippet":"max-snippet:-1","max-image-preview":"max-image-preview:large","max-video-preview":"max-video-preview:-1"},"canonical":"https:\/\/franciscanos.org.br\/vidacrista\/a-pratica-do-dialogo-e-a-saude-da-vida-fraterna\/","og_locale":"pt_BR","og_type":"article","og_title":"A pr\u00e1tica do di\u00e1logo e a sa\u00fade da vida fraterna - Vida Crist\u00e3 - Franciscanos","og_description":"Artigo de Frei Fid\u00eancio Vanboemmel","og_url":"https:\/\/franciscanos.org.br\/vidacrista\/a-pratica-do-dialogo-e-a-saude-da-vida-fraterna\/","og_site_name":"Vida Crist\u00e3 - Franciscanos","article_published_time":"2019-10-18T11:27:52+00:00","article_modified_time":"2020-07-30T16:29:16+00:00","og_image":[{"width":800,"height":600,"url":"https:\/\/franciscanos.org.br\/vidacrista\/wp-content\/uploads\/2019\/10\/artigo-840-2.jpg","type":"image\/jpeg"}],"author":"Jovenal Pereira","twitter_card":"summary_large_image","twitter_misc":{"Escrito por":"Jovenal Pereira","Est. tempo de leitura":"8 minutos"},"schema":{"@context":"https:\/\/schema.org","@graph":[{"@type":"WebSite","@id":"https:\/\/franciscanos.org.br\/vidacrista\/#website","url":"https:\/\/franciscanos.org.br\/vidacrista\/","name":"Vida Crist\u00e3 - Franciscanos","description":"Prov\u00edncia Franciscana da Imaculada Concei\u00e7\u00e3o do Brasil - Ordem dos Frades Menores","potentialAction":[{"@type":"SearchAction","target":{"@type":"EntryPoint","urlTemplate":"https:\/\/franciscanos.org.br\/vidacrista\/?s={search_term_string}"},"query-input":"required name=search_term_string"}],"inLanguage":"pt-BR"},{"@type":"WebPage","@id":"https:\/\/franciscanos.org.br\/vidacrista\/a-pratica-do-dialogo-e-a-saude-da-vida-fraterna\/","url":"https:\/\/franciscanos.org.br\/vidacrista\/a-pratica-do-dialogo-e-a-saude-da-vida-fraterna\/","name":"A pr\u00e1tica do di\u00e1logo e a sa\u00fade da vida fraterna - Vida Crist\u00e3 - Franciscanos","isPartOf":{"@id":"https:\/\/franciscanos.org.br\/vidacrista\/#website"},"datePublished":"2019-10-18T11:27:52+00:00","dateModified":"2020-07-30T16:29:16+00:00","author":{"@id":"https:\/\/franciscanos.org.br\/vidacrista\/#\/schema\/person\/c052c0d9165fa75af6e14f595d2333a0"},"breadcrumb":{"@id":"https:\/\/franciscanos.org.br\/vidacrista\/a-pratica-do-dialogo-e-a-saude-da-vida-fraterna\/#breadcrumb"},"inLanguage":"pt-BR","potentialAction":[{"@type":"ReadAction","target":["https:\/\/franciscanos.org.br\/vidacrista\/a-pratica-do-dialogo-e-a-saude-da-vida-fraterna\/"]}]},{"@type":"BreadcrumbList","@id":"https:\/\/franciscanos.org.br\/vidacrista\/a-pratica-do-dialogo-e-a-saude-da-vida-fraterna\/#breadcrumb","itemListElement":[{"@type":"ListItem","position":1,"name":"Home","item":"https:\/\/franciscanos.org.br\/vidacrista\/"},{"@type":"ListItem","position":2,"name":"A pr\u00e1tica do di\u00e1logo e a sa\u00fade da vida fraterna"}]},{"@type":"Person","@id":"https:\/\/franciscanos.org.br\/vidacrista\/#\/schema\/person\/c052c0d9165fa75af6e14f595d2333a0","name":"Jovenal Pereira","image":{"@type":"ImageObject","inLanguage":"pt-BR","@id":"https:\/\/franciscanos.org.br\/vidacrista\/#\/schema\/person\/image\/","url":"https:\/\/secure.gravatar.com\/avatar\/e94509f531086e2eaf97e72f29ea00f9?s=96&d=mm&r=g","contentUrl":"https:\/\/secure.gravatar.com\/avatar\/e94509f531086e2eaf97e72f29ea00f9?s=96&d=mm&r=g","caption":"Jovenal Pereira"},"url":"https:\/\/franciscanos.org.br\/vidacrista\/author\/jovenal\/"}]}},"_links":{"self":[{"href":"https:\/\/franciscanos.org.br\/vidacrista\/wp-json\/wp\/v2\/posts\/182208"}],"collection":[{"href":"https:\/\/franciscanos.org.br\/vidacrista\/wp-json\/wp\/v2\/posts"}],"about":[{"href":"https:\/\/franciscanos.org.br\/vidacrista\/wp-json\/wp\/v2\/types\/post"}],"author":[{"embeddable":true,"href":"https:\/\/franciscanos.org.br\/vidacrista\/wp-json\/wp\/v2\/users\/6"}],"replies":[{"embeddable":true,"href":"https:\/\/franciscanos.org.br\/vidacrista\/wp-json\/wp\/v2\/comments?post=182208"}],"version-history":[{"count":6,"href":"https:\/\/franciscanos.org.br\/vidacrista\/wp-json\/wp\/v2\/posts\/182208\/revisions"}],"predecessor-version":[{"id":187229,"href":"https:\/\/franciscanos.org.br\/vidacrista\/wp-json\/wp\/v2\/posts\/182208\/revisions\/187229"}],"wp:featuredmedia":[{"embeddable":true,"href":"https:\/\/franciscanos.org.br\/vidacrista\/wp-json\/wp\/v2\/media\/184689"}],"wp:attachment":[{"href":"https:\/\/franciscanos.org.br\/vidacrista\/wp-json\/wp\/v2\/media?parent=182208"}],"wp:term":[{"taxonomy":"category","embeddable":true,"href":"https:\/\/franciscanos.org.br\/vidacrista\/wp-json\/wp\/v2\/categories?post=182208"},{"taxonomy":"post_tag","embeddable":true,"href":"https:\/\/franciscanos.org.br\/vidacrista\/wp-json\/wp\/v2\/tags?post=182208"}],"curies":[{"name":"wp","href":"https:\/\/api.w.org\/{rel}","templated":true}]}}