{"id":181972,"date":"2019-10-01T09:07:13","date_gmt":"2019-10-01T12:07:13","guid":{"rendered":"https:\/\/franciscanos.org.br\/vidacrista\/?p=181972"},"modified":"2019-10-31T07:51:18","modified_gmt":"2019-10-31T10:51:18","slug":"um-amor-ardente-como-o-dos-serafins","status":"publish","type":"post","link":"https:\/\/franciscanos.org.br\/vidacrista\/um-amor-ardente-como-o-dos-serafins\/","title":{"rendered":"Um amor ardente como o dos serafins"},"content":{"rendered":"<p><img decoding=\"async\" loading=\"lazy\" class=\"alignnone size-full wp-image-181973\" src=\"https:\/\/franciscanos.org.br\/vidacrista\/wp-content\/uploads\/2019\/10\/sagrado_alto.jpg\" alt=\"\" width=\"890\" height=\"535\" srcset=\"https:\/\/franciscanos.org.br\/vidacrista\/wp-content\/uploads\/2019\/10\/sagrado_alto.jpg 890w, https:\/\/franciscanos.org.br\/vidacrista\/wp-content\/uploads\/2019\/10\/sagrado_alto-450x271.jpg 450w, https:\/\/franciscanos.org.br\/vidacrista\/wp-content\/uploads\/2019\/10\/sagrado_alto-768x462.jpg 768w, https:\/\/franciscanos.org.br\/vidacrista\/wp-content\/uploads\/2019\/10\/sagrado_alto-150x90.jpg 150w\" sizes=\"(max-width: 890px) 100vw, 890px\" \/><\/p>\n<p><strong>Frei Almir Guimar\u00e3es<\/strong><\/p>\n<p><strong>Quatro de outubro, festa de S\u00e3o Francisco<\/strong>. Uma busca e uma proximidade indescrit\u00edvel do Senhor Jesus. Sabemos que toda a exist\u00eancia de Francisco se passou em fun\u00e7\u00e3o do amor que tinha por Jesus. Na primeira sexta-feira de outubro, queremos simplesmente elencar textos que falam do amor acendrado de Francisco por esse sempre fascinante Jesus.<\/p>\n<p>\u2666 Os irm\u00e3os que viveram com Francisco sabem com que tanta ternura e suavidade, cada dia e continuamente, falava-lhes de Jesus. Sua boca falava da abund\u00e2ncia do cora\u00e7\u00e3o e a gente teria dito que a fonte do puro amor, que enchia sua alma, jorrava de sua superabund\u00e2ncia. Quantos encontros entre Jesus e ele. Levava Jesus em seu cora\u00e7\u00e3o, Jesus em seus l\u00e1bios, Jesus nos ouvidos, Jesus nos seus olhos, Jesus em suas m\u00e3os, Jesus em toda parte. Durante as viagens tamb\u00e9m muitas vezes, de tanto meditar e cantar Jesus, esquecia-se de caminhar e convidava todos os elementos a louvar Jesus com ele (<em>1Celano 115<\/em>).<\/p>\n<p>\u2666 Chorava em voz alta pela paix\u00e3o de Cristo, como se tivesse diante de si, constantemente, a vis\u00e3o dela. Na rua, ouviam-se os seus gemidos; lembrando-se das chagas de Cristo, recusava todo consolo (<em>2Celano 11<\/em>).<\/p>\n<p>\u2666 Um dia, poucos anos depois de sua convers\u00e3o, andava ele sozinho numa estrada que passa perto de Santa Maria da Porci\u00fancula e mesmo andando chorava e gemia em voz alta. Um homem espiritual que bem conhecemos e que nos contou o fato encontrou-se com ele&#8230; Disse-lhe: \u201cQue tens, meu irm\u00e3o?\u201d O Bem-aventurado respondeu: \u201cEu deveria percorrer o mundo inteiro chorando e gemendo pela Paix\u00e3o do meu Senhor\u201d. E este homem come\u00e7ou a chorar com ele e a derramar muitas l\u00e1grimas (<em>Legenda Antiga 37<\/em>).<\/p>\n<p>\u2666 Devotava a Cristo um amor t\u00e3o fervente, e seu bem-amado lhe correspondia com uma ternura t\u00e3o familiar, que o servo de Deus pensava ter diante dos olhos a presen\u00e7a quase cont\u00ednua do Salvador; ele mesmo contou isso confidencialmente, a seus companheiros (<em>Boaventura IX, 2<\/em>).<\/p>\n<p>\u2666 Uma ora\u00e7\u00e3o bem no estilo de Francisco: \u201cMeu Senhor Jesus Cristo, eu te pe\u00e7o para dar-me a gra\u00e7a de sentir em meu cora\u00e7\u00e3o, antes que eu morra, tanto quanto for poss\u00edvel, este amor sem medida de que estavas abrasado e que te levou a suportar uma tal paix\u00e3o por pecadores\u201d. Francisco permaneceu muito tempo nesta ora\u00e7\u00e3o e compreendeu que Deus o atenderia <em>(Fioretti, 3\u00aa.Considera\u00e7\u00e3o sobre as chagas<\/em>).<\/p>\n","protected":false},"excerpt":{"rendered":"<p>Primeira Sexta-feira do M\u00eas, reflex\u00e3o de Frei Almir Guimar\u00e3es<\/p>\n","protected":false},"author":3,"featured_media":181974,"comment_status":"open","ping_status":"open","sticky":false,"template":"","format":"standard","meta":{"footnotes":""},"categories":[105],"tags":[212],"yoast_head":"<!-- This site is optimized with the Yoast SEO plugin v19.4 - https:\/\/yoast.com\/wordpress\/plugins\/seo\/ -->\n<title>Um amor ardente como o dos serafins - Vida Crist\u00e3 - Franciscanos<\/title>\n<meta name=\"robots\" content=\"index, follow, max-snippet:-1, max-image-preview:large, max-video-preview:-1\" \/>\n<link rel=\"canonical\" href=\"https:\/\/franciscanos.org.br\/vidacrista\/um-amor-ardente-como-o-dos-serafins\/\" \/>\n<meta property=\"og:locale\" content=\"pt_BR\" \/>\n<meta property=\"og:type\" content=\"article\" \/>\n<meta property=\"og:title\" content=\"Um amor ardente como o dos serafins - Vida Crist\u00e3 - Franciscanos\" \/>\n<meta property=\"og:description\" content=\"Primeira Sexta-feira do M\u00eas, reflex\u00e3o de Frei Almir Guimar\u00e3es\" \/>\n<meta property=\"og:url\" content=\"https:\/\/franciscanos.org.br\/vidacrista\/um-amor-ardente-como-o-dos-serafins\/\" \/>\n<meta property=\"og:site_name\" content=\"Vida Crist\u00e3 - Franciscanos\" \/>\n<meta property=\"article:published_time\" content=\"2019-10-01T12:07:13+00:00\" \/>\n<meta property=\"article:modified_time\" content=\"2019-10-31T10:51:18+00:00\" \/>\n<meta property=\"og:image\" content=\"https:\/\/franciscanos.org.br\/vidacrista\/wp-content\/uploads\/2019\/10\/sagrado_d.jpg\" \/>\n\t<meta property=\"og:image:width\" content=\"273\" \/>\n\t<meta property=\"og:image:height\" content=\"181\" \/>\n\t<meta property=\"og:image:type\" content=\"image\/jpeg\" \/>\n<meta name=\"author\" content=\"moacir\" \/>\n<meta name=\"twitter:card\" content=\"summary_large_image\" \/>\n<meta name=\"twitter:label1\" content=\"Escrito por\" \/>\n\t<meta name=\"twitter:data1\" content=\"moacir\" \/>\n\t<meta name=\"twitter:label2\" content=\"Est. tempo de leitura\" \/>\n\t<meta name=\"twitter:data2\" content=\"2 minutos\" \/>\n<script type=\"application\/ld+json\" class=\"yoast-schema-graph\">{\"@context\":\"https:\/\/schema.org\",\"@graph\":[{\"@type\":\"WebSite\",\"@id\":\"https:\/\/franciscanos.org.br\/vidacrista\/#website\",\"url\":\"https:\/\/franciscanos.org.br\/vidacrista\/\",\"name\":\"Vida Crist\u00e3 - Franciscanos\",\"description\":\"Prov\u00edncia Franciscana da Imaculada Concei\u00e7\u00e3o do Brasil - Ordem dos Frades Menores\",\"potentialAction\":[{\"@type\":\"SearchAction\",\"target\":{\"@type\":\"EntryPoint\",\"urlTemplate\":\"https:\/\/franciscanos.org.br\/vidacrista\/?s={search_term_string}\"},\"query-input\":\"required name=search_term_string\"}],\"inLanguage\":\"pt-BR\"},{\"@type\":\"WebPage\",\"@id\":\"https:\/\/franciscanos.org.br\/vidacrista\/um-amor-ardente-como-o-dos-serafins\/\",\"url\":\"https:\/\/franciscanos.org.br\/vidacrista\/um-amor-ardente-como-o-dos-serafins\/\",\"name\":\"Um amor ardente como o dos serafins - Vida Crist\u00e3 - Franciscanos\",\"isPartOf\":{\"@id\":\"https:\/\/franciscanos.org.br\/vidacrista\/#website\"},\"datePublished\":\"2019-10-01T12:07:13+00:00\",\"dateModified\":\"2019-10-31T10:51:18+00:00\",\"author\":{\"@id\":\"https:\/\/franciscanos.org.br\/vidacrista\/#\/schema\/person\/1880bdd2c350b735648725ef7614736a\"},\"breadcrumb\":{\"@id\":\"https:\/\/franciscanos.org.br\/vidacrista\/um-amor-ardente-como-o-dos-serafins\/#breadcrumb\"},\"inLanguage\":\"pt-BR\",\"potentialAction\":[{\"@type\":\"ReadAction\",\"target\":[\"https:\/\/franciscanos.org.br\/vidacrista\/um-amor-ardente-como-o-dos-serafins\/\"]}]},{\"@type\":\"BreadcrumbList\",\"@id\":\"https:\/\/franciscanos.org.br\/vidacrista\/um-amor-ardente-como-o-dos-serafins\/#breadcrumb\",\"itemListElement\":[{\"@type\":\"ListItem\",\"position\":1,\"name\":\"Home\",\"item\":\"https:\/\/franciscanos.org.br\/vidacrista\/\"},{\"@type\":\"ListItem\",\"position\":2,\"name\":\"Um amor ardente como o dos serafins\"}]},{\"@type\":\"Person\",\"@id\":\"https:\/\/franciscanos.org.br\/vidacrista\/#\/schema\/person\/1880bdd2c350b735648725ef7614736a\",\"name\":\"moacir\",\"image\":{\"@type\":\"ImageObject\",\"inLanguage\":\"pt-BR\",\"@id\":\"https:\/\/franciscanos.org.br\/vidacrista\/#\/schema\/person\/image\/\",\"url\":\"https:\/\/secure.gravatar.com\/avatar\/d08aa2ce4c8dd416d4479aa8536fcf64?s=96&d=mm&r=g\",\"contentUrl\":\"https:\/\/secure.gravatar.com\/avatar\/d08aa2ce4c8dd416d4479aa8536fcf64?s=96&d=mm&r=g\",\"caption\":\"moacir\"},\"url\":\"https:\/\/franciscanos.org.br\/vidacrista\/author\/moacir\/\"}]}<\/script>\n<!-- \/ Yoast SEO plugin. -->","yoast_head_json":{"title":"Um amor ardente como o dos serafins - Vida Crist\u00e3 - Franciscanos","robots":{"index":"index","follow":"follow","max-snippet":"max-snippet:-1","max-image-preview":"max-image-preview:large","max-video-preview":"max-video-preview:-1"},"canonical":"https:\/\/franciscanos.org.br\/vidacrista\/um-amor-ardente-como-o-dos-serafins\/","og_locale":"pt_BR","og_type":"article","og_title":"Um amor ardente como o dos serafins - Vida Crist\u00e3 - Franciscanos","og_description":"Primeira Sexta-feira do M\u00eas, reflex\u00e3o de Frei Almir Guimar\u00e3es","og_url":"https:\/\/franciscanos.org.br\/vidacrista\/um-amor-ardente-como-o-dos-serafins\/","og_site_name":"Vida Crist\u00e3 - Franciscanos","article_published_time":"2019-10-01T12:07:13+00:00","article_modified_time":"2019-10-31T10:51:18+00:00","og_image":[{"width":273,"height":181,"url":"https:\/\/franciscanos.org.br\/vidacrista\/wp-content\/uploads\/2019\/10\/sagrado_d.jpg","type":"image\/jpeg"}],"author":"moacir","twitter_card":"summary_large_image","twitter_misc":{"Escrito por":"moacir","Est. tempo de leitura":"2 minutos"},"schema":{"@context":"https:\/\/schema.org","@graph":[{"@type":"WebSite","@id":"https:\/\/franciscanos.org.br\/vidacrista\/#website","url":"https:\/\/franciscanos.org.br\/vidacrista\/","name":"Vida Crist\u00e3 - Franciscanos","description":"Prov\u00edncia Franciscana da Imaculada Concei\u00e7\u00e3o do Brasil - Ordem dos Frades Menores","potentialAction":[{"@type":"SearchAction","target":{"@type":"EntryPoint","urlTemplate":"https:\/\/franciscanos.org.br\/vidacrista\/?s={search_term_string}"},"query-input":"required name=search_term_string"}],"inLanguage":"pt-BR"},{"@type":"WebPage","@id":"https:\/\/franciscanos.org.br\/vidacrista\/um-amor-ardente-como-o-dos-serafins\/","url":"https:\/\/franciscanos.org.br\/vidacrista\/um-amor-ardente-como-o-dos-serafins\/","name":"Um amor ardente como o dos serafins - Vida Crist\u00e3 - Franciscanos","isPartOf":{"@id":"https:\/\/franciscanos.org.br\/vidacrista\/#website"},"datePublished":"2019-10-01T12:07:13+00:00","dateModified":"2019-10-31T10:51:18+00:00","author":{"@id":"https:\/\/franciscanos.org.br\/vidacrista\/#\/schema\/person\/1880bdd2c350b735648725ef7614736a"},"breadcrumb":{"@id":"https:\/\/franciscanos.org.br\/vidacrista\/um-amor-ardente-como-o-dos-serafins\/#breadcrumb"},"inLanguage":"pt-BR","potentialAction":[{"@type":"ReadAction","target":["https:\/\/franciscanos.org.br\/vidacrista\/um-amor-ardente-como-o-dos-serafins\/"]}]},{"@type":"BreadcrumbList","@id":"https:\/\/franciscanos.org.br\/vidacrista\/um-amor-ardente-como-o-dos-serafins\/#breadcrumb","itemListElement":[{"@type":"ListItem","position":1,"name":"Home","item":"https:\/\/franciscanos.org.br\/vidacrista\/"},{"@type":"ListItem","position":2,"name":"Um amor ardente como o dos serafins"}]},{"@type":"Person","@id":"https:\/\/franciscanos.org.br\/vidacrista\/#\/schema\/person\/1880bdd2c350b735648725ef7614736a","name":"moacir","image":{"@type":"ImageObject","inLanguage":"pt-BR","@id":"https:\/\/franciscanos.org.br\/vidacrista\/#\/schema\/person\/image\/","url":"https:\/\/secure.gravatar.com\/avatar\/d08aa2ce4c8dd416d4479aa8536fcf64?s=96&d=mm&r=g","contentUrl":"https:\/\/secure.gravatar.com\/avatar\/d08aa2ce4c8dd416d4479aa8536fcf64?s=96&d=mm&r=g","caption":"moacir"},"url":"https:\/\/franciscanos.org.br\/vidacrista\/author\/moacir\/"}]}},"_links":{"self":[{"href":"https:\/\/franciscanos.org.br\/vidacrista\/wp-json\/wp\/v2\/posts\/181972"}],"collection":[{"href":"https:\/\/franciscanos.org.br\/vidacrista\/wp-json\/wp\/v2\/posts"}],"about":[{"href":"https:\/\/franciscanos.org.br\/vidacrista\/wp-json\/wp\/v2\/types\/post"}],"author":[{"embeddable":true,"href":"https:\/\/franciscanos.org.br\/vidacrista\/wp-json\/wp\/v2\/users\/3"}],"replies":[{"embeddable":true,"href":"https:\/\/franciscanos.org.br\/vidacrista\/wp-json\/wp\/v2\/comments?post=181972"}],"version-history":[{"count":2,"href":"https:\/\/franciscanos.org.br\/vidacrista\/wp-json\/wp\/v2\/posts\/181972\/revisions"}],"predecessor-version":[{"id":182338,"href":"https:\/\/franciscanos.org.br\/vidacrista\/wp-json\/wp\/v2\/posts\/181972\/revisions\/182338"}],"wp:featuredmedia":[{"embeddable":true,"href":"https:\/\/franciscanos.org.br\/vidacrista\/wp-json\/wp\/v2\/media\/181974"}],"wp:attachment":[{"href":"https:\/\/franciscanos.org.br\/vidacrista\/wp-json\/wp\/v2\/media?parent=181972"}],"wp:term":[{"taxonomy":"category","embeddable":true,"href":"https:\/\/franciscanos.org.br\/vidacrista\/wp-json\/wp\/v2\/categories?post=181972"},{"taxonomy":"post_tag","embeddable":true,"href":"https:\/\/franciscanos.org.br\/vidacrista\/wp-json\/wp\/v2\/tags?post=181972"}],"curies":[{"name":"wp","href":"https:\/\/api.w.org\/{rel}","templated":true}]}}