{"id":181772,"date":"2019-09-09T08:38:32","date_gmt":"2019-09-09T11:38:32","guid":{"rendered":"https:\/\/franciscanos.org.br\/vidacrista\/?p=181772"},"modified":"2020-07-30T14:09:51","modified_gmt":"2020-07-30T17:09:51","slug":"o-legado-de-chico-mendes-para-o-sinodo-panamazonico","status":"publish","type":"post","link":"https:\/\/franciscanos.org.br\/vidacrista\/o-legado-de-chico-mendes-para-o-sinodo-panamazonico\/","title":{"rendered":"O legado de Chico Mendes para o S\u00ednodo Panamaz\u00f4nico"},"content":{"rendered":"<p>&nbsp;<\/p>\n<div id=\"attachment_187249\" style=\"width: 850px\" class=\"wp-caption alignnone\"><img aria-describedby=\"caption-attachment-187249\" decoding=\"async\" loading=\"lazy\" class=\"wp-image-187249 size-full\" src=\"https:\/\/franciscanos.org.br\/vidacrista\/wp-content\/uploads\/2019\/09\/amazonia_10.jpg\" alt=\"\" width=\"840\" height=\"451\" srcset=\"https:\/\/franciscanos.org.br\/vidacrista\/wp-content\/uploads\/2019\/09\/amazonia_10.jpg 840w, https:\/\/franciscanos.org.br\/vidacrista\/wp-content\/uploads\/2019\/09\/amazonia_10-450x242.jpg 450w, https:\/\/franciscanos.org.br\/vidacrista\/wp-content\/uploads\/2019\/09\/amazonia_10-768x412.jpg 768w, https:\/\/franciscanos.org.br\/vidacrista\/wp-content\/uploads\/2019\/09\/amazonia_10-150x81.jpg 150w\" sizes=\"(max-width: 840px) 100vw, 840px\" \/><p id=\"caption-attachment-187249\" class=\"wp-caption-text\">\u00a0 \u00a0 \u00a0 \u00a0 \u00a0 \u00a0 \u00a0 \u00a0 \u00a0 \u00a0 \u00a0 \u00a0 \u00a0 \u00a0 \u00a0 \u00a0 \u00a0 \u00a0 \u00a0 \u00a0 \u00a0 \u00a0 \u00a0 \u00a0 \u00a0 \u00a0 \u00a0 \u00a0 \u00a0 \u00a0 \u00a0 \u00a0 \u00a0 \u00a0 \u00a0 \u00a0 \u00a0 \u00a0 \u00a0 \u00a0 \u00a0 \u00a0 \u00a0 \u00a0 \u00a0 \u00a0 \u00a0 \u00a0 \u00a0<em> Imagem ilustrativa (Acervo Instituto Chico Mendes)<\/em><\/p><\/div>\n<p>Chico Mendes \u00e9 um l\u00eddimo filho da floresta, identificado com ela. Cedo se deu conta de que o atual desenvolvimento prescinde da natureza e que se faz contra ela, pois, a v\u00ea antes como um estorvo que como um aliado. Foi um dos poucos que entendeu a sustentabilidade como equil\u00edbrio din\u00e2mico e autorregulador da Terra, gra\u00e7as \u00e0 cadeia de interdepend\u00eancias entre todos os seres, especialmente, dos vivos que vivem de recursos permanentemente reciclados e, por isso, indefinidamente sustent\u00e1veis. A Amaz\u00f4nia \u00e9 o exemplo maior desta sustentabilidade natural.<\/p>\n<p>N\u00f3s que o conhecemos e com quem privamos de amizade, sabemos de sua profunda identifica\u00e7\u00e3o com a floresta amaz\u00f4nica, com sua imensa biodiversidade, com os seringais, com os animais, com o mais leve sinal de vida da mata. Tinha o esp\u00edrito de um S\u00e3o Francisco moderno.<\/p>\n<p>Dividia seu tempo entre a cidade e a selva. Mas quando estava na cidade ouvia fortemente o chamado da selva, em seu corpo e em sua alma. Percebia-se parte dela e n\u00e3o sobre ela. Por isso, regressava de tempos em tempos ao seu seringal e \u00e0 comunh\u00e3o com a natureza. A\u00ed sentia-se em seu habitat, em sua verdadeira casa.<\/p>\n<p>Mas sua consci\u00eancia socioecol\u00f3gica o fazia deixar, por algum tempo, a floresta para organizar os seringueiros, fundar c\u00e9lulas sindicais e participar das lutas de resist\u00eancia: os famosos \u201cempates\u201d, estrat\u00e9gia pela qual os seringueiros junto com suas crian\u00e7as, velhos e outros aliados se postavam pacificamente diante das m\u00e1quinas dos desmatadores, impedindo-lhes de derrubar as \u00e1rvores.<\/p>\n<p>Face \u00e0s queimadas como as atuais da Amaz\u00f4nia que em 2019, foram de 74,155, focos atingindo 18.627 km2, Chico Mendes sugeriu em nome do movimento dos povos da floresta a cria\u00e7\u00e3o de reservas extrativistas, aceitas pelo Governo Federal em 1987. Bem dizia: \u201cn\u00f3s seringueiros, entendemos que a Amaz\u00f4nia n\u00e3o pode se transformar num santu\u00e1rio intoc\u00e1vel. Por outro lado, entendemos tamb\u00e9m que h\u00e1 uma necessidade urgente de desenvolvimento, mas sem desmatar e com isto amea\u00e7ar a vida dos povos do planeta\u201d.<\/p>\n<p>Afirmou: \u201cNo in\u00edcio defendia os seringueiros, depois compreendi que devia defender a natureza e por fim, percebi que devia defender a Humanidade. Por isso propomos uma alternativa de preserva\u00e7\u00e3o da floresta que fosse ao mesmo tempo econ\u00f4mica. Ent\u00e3o pensamos na cria\u00e7\u00e3o da reserva extrativista\u201d (<em>cf. Grzybowski, C.,(org.) O testamento do Homem da Floresta: Chico Mendes por ele mesmo, FASE, Rio de Janeiro 1989 p.24<\/em>).<\/p>\n<p>Ele mesmo explica como funciona: &#8220;Nas reservas extrativistas n\u00f3s vamos comercializar e industrializar os produtos que a floresta generosamente nos concede. A universidade precisa acompanhar a reserva extrativista. Ela \u00e9 a \u00fanica sa\u00edda para a Amaz\u00f4nia n\u00e3o desaparecer. E mais: essa reserva n\u00e3o ter\u00e1 propriet\u00e1rios. Ela vai ser um bem comum da comunidade. Teremos o uso-fruto n\u00e3o a propriedade\u201d (cf. Jornal do Brasil 24\/12\/1988). \u201cDestarte se encontraria uma alternativa ao extrativismo selvagem que somente traz vantagens aos especuladores. Uma \u00e1rvore de mogno, cortada no Acre, custa de 1-5 d\u00f3lares; vendida no mercado europeu custa cerca de 3-5 mil d\u00f3lares\u201d.<\/p>\n<p>Na v\u00e9spera do Natal de 1988 foi v\u00edtima da sanha dos inimigos da natureza e da humanidade. Foi assassinado com 5 balas. Deixou a vida amaz\u00f4nica para entrar na hist\u00f3ria universal e no inconsciente coletivo dos que amam nosso planeta e sua biodiversidade.<\/p>\n<p>Chico Mendes virou um arqu\u00e9tipo que anima a luta pela preserva\u00e7\u00e3o da floresta amaz\u00f4nica e dos povos da floresta, hoje assumida por milh\u00f5es de pessoas. Entendemos a indigna\u00e7\u00e3o de muitos membros do G 7, liderados por E. Macron, presidente da Fran\u00e7a, contra a devasta\u00e7\u00e3o irracional promovida pelo presidente Bolsonaro. Comete um crime contra Humanidade e mereceria ser julgado por esse crime. A Amaz\u00f4nia \u00e9 um Bem Comum da Humanidade.<\/p>\n<p>Os megaprojetos amaz\u00f4nicos (brasileiros e estrangeiros) refutam o tipo de desenvolvimento depredador do capitalismo. Ele produz apenas crescimento, apropriado por alguns \u00e0 custa da floresta e da mis\u00e9ria de seus povos. \u00c9 contra a vida e inimigo da Terra. Ele \u00e9 fruto de uma racionalidade demente.<\/p>\n<p>Tais projetos fara\u00f4nicos sem as devidas informa\u00e7\u00f5es tomam decis\u00f5es em escrit\u00f3rios g\u00e9lidos, longe da paisagem que encanta, cegos aos rostos suplicantes dos sertanejos e indiferentes aos olhos ing\u00eanuos dos \u00edndios, sem qualquer v\u00ednculo com a empatia e com o sentido de respeito da selva e de solidariedade humana.<\/p>\n<p>Diferente \u00e9 o Instrumento de trabalho para o S\u00ednodo Panamaz\u00f4nico, onde a voz mais presente e ouvida \u00e9 dos povos da floresta. Eles sabem proteg\u00ea-la. Oferecem as melhores sugest\u00f5es, unindo a salvaguarda da floresta e a extra\u00e7\u00e3o e produ\u00e7\u00e3o de seus bens naturais.<\/p>\n<p>Esse \u201cdesenvolvimento\u201d \u00e9 feito para o povo e com o povo. Ele deslegitima a ideia dominante, especialmente do agroneg\u00f3cio de que as florestas deviam ser erradicadas. Caso contr\u00e1rio n\u00e3o se entraria na modernidade.<\/p>\n<p>Os estudos mostraram que n\u00e3o \u00e9 preciso destruir a floresta amaz\u00f4nica para tirar riquezas dela. A extra\u00e7\u00e3o dos frutos das palmeiras (a\u00e7a\u00ed, buriti, bacaba, pupunha etc), da castanha-do-par\u00e1, da seringa, dos \u00f3leos e corantes vegetais, das subst\u00e2ncias alcaloides para a farmacologia, das subst\u00e2ncias de valor herbicida e fungicida rendem mais do que todo o desmatamento que sob o governo de Bolsonaro cresceu mais de 230%.<\/p>\n<p>S\u00f3 os 10% das terras roxas (terras dos \u00edndios) j\u00e1 identificadas de excelente fertilidade podem tornar-se \u00e1reas de maior produ\u00e7\u00e3o agr\u00edcola mundial. A explora\u00e7\u00e3o de min\u00e9rio e de madeira podem caminhar juntos com um reflorestamento permanente que garanta a mancha verde das \u00e1reas afetadas (<em>cf. Moran, E., A economia humana das popula\u00e7\u00f5es na Amaz\u00f4nia, Vozes, Petr\u00f3polis 1990, 293 e 404-405 ; Schubart, H., Ecologia e utiliza\u00e7\u00e3o das Florestas, em Salati, E., Amaz\u00f4nia, desenvolvimento, integra\u00e7\u00e3o, ecologia, op.cit. 101-143<\/em>).<\/p>\n<p>A Amaz\u00f4nia \u00e9 o lugar de ensaio de uma alternativa poss\u00edvel, em conson\u00e2ncia com o ritmo daquela natureza luxuriante, respeitando e valorizando a sabedoria dos povos origin\u00e1rios.<\/p>\n<p>Chico Mendes ser\u00e1 para o S\u00ednodo Panamaz\u00f4nico a realizar-se em outubro de 2019 em Roma, um exemplo paradigm\u00e1tico e uma fonte de inspira\u00e7\u00e3o.<\/p>\n<hr \/>\n<p><strong>Leonardo Boff<\/strong> <em>\u00e9 eco-te\u00f3logo e fil\u00f3sofo e escreveu Como cuidar da Casa Comum: uma \u00e9tica da Terra, Vozes 2018.<\/em><\/p>\n","protected":false},"excerpt":{"rendered":"<p>Artigo de Leonardo Boff<\/p>\n","protected":false},"author":3,"featured_media":187250,"comment_status":"open","ping_status":"open","sticky":false,"template":"","format":"standard","meta":{"footnotes":""},"categories":[26],"tags":[59],"yoast_head":"<!-- This site is optimized with the Yoast SEO plugin v19.4 - https:\/\/yoast.com\/wordpress\/plugins\/seo\/ -->\n<title>O legado de Chico Mendes para o S\u00ednodo Panamaz\u00f4nico - Vida Crist\u00e3 - Franciscanos<\/title>\n<meta name=\"robots\" content=\"index, follow, max-snippet:-1, max-image-preview:large, max-video-preview:-1\" \/>\n<link rel=\"canonical\" href=\"https:\/\/franciscanos.org.br\/vidacrista\/o-legado-de-chico-mendes-para-o-sinodo-panamazonico\/\" \/>\n<meta property=\"og:locale\" content=\"pt_BR\" \/>\n<meta property=\"og:type\" content=\"article\" \/>\n<meta property=\"og:title\" content=\"O legado de Chico Mendes para o S\u00ednodo Panamaz\u00f4nico - Vida Crist\u00e3 - Franciscanos\" \/>\n<meta property=\"og:description\" content=\"Artigo de Leonardo Boff\" \/>\n<meta property=\"og:url\" content=\"https:\/\/franciscanos.org.br\/vidacrista\/o-legado-de-chico-mendes-para-o-sinodo-panamazonico\/\" \/>\n<meta property=\"og:site_name\" content=\"Vida Crist\u00e3 - Franciscanos\" \/>\n<meta property=\"article:published_time\" content=\"2019-09-09T11:38:32+00:00\" \/>\n<meta property=\"article:modified_time\" content=\"2020-07-30T17:09:51+00:00\" \/>\n<meta property=\"og:image\" content=\"https:\/\/franciscanos.org.br\/vidacrista\/wp-content\/uploads\/2019\/09\/amazonia_10d.jpg\" \/>\n\t<meta property=\"og:image:width\" content=\"800\" \/>\n\t<meta property=\"og:image:height\" content=\"599\" \/>\n\t<meta property=\"og:image:type\" content=\"image\/jpeg\" \/>\n<meta name=\"author\" content=\"moacir\" \/>\n<meta name=\"twitter:card\" content=\"summary_large_image\" \/>\n<meta name=\"twitter:label1\" content=\"Escrito por\" \/>\n\t<meta name=\"twitter:data1\" content=\"moacir\" \/>\n\t<meta name=\"twitter:label2\" content=\"Est. tempo de leitura\" \/>\n\t<meta name=\"twitter:data2\" content=\"5 minutos\" \/>\n<script type=\"application\/ld+json\" class=\"yoast-schema-graph\">{\"@context\":\"https:\/\/schema.org\",\"@graph\":[{\"@type\":\"WebSite\",\"@id\":\"https:\/\/franciscanos.org.br\/vidacrista\/#website\",\"url\":\"https:\/\/franciscanos.org.br\/vidacrista\/\",\"name\":\"Vida Crist\u00e3 - Franciscanos\",\"description\":\"Prov\u00edncia Franciscana da Imaculada Concei\u00e7\u00e3o do Brasil - Ordem dos Frades Menores\",\"potentialAction\":[{\"@type\":\"SearchAction\",\"target\":{\"@type\":\"EntryPoint\",\"urlTemplate\":\"https:\/\/franciscanos.org.br\/vidacrista\/?s={search_term_string}\"},\"query-input\":\"required name=search_term_string\"}],\"inLanguage\":\"pt-BR\"},{\"@type\":\"WebPage\",\"@id\":\"https:\/\/franciscanos.org.br\/vidacrista\/o-legado-de-chico-mendes-para-o-sinodo-panamazonico\/\",\"url\":\"https:\/\/franciscanos.org.br\/vidacrista\/o-legado-de-chico-mendes-para-o-sinodo-panamazonico\/\",\"name\":\"O legado de Chico Mendes para o S\u00ednodo Panamaz\u00f4nico - Vida Crist\u00e3 - Franciscanos\",\"isPartOf\":{\"@id\":\"https:\/\/franciscanos.org.br\/vidacrista\/#website\"},\"datePublished\":\"2019-09-09T11:38:32+00:00\",\"dateModified\":\"2020-07-30T17:09:51+00:00\",\"author\":{\"@id\":\"https:\/\/franciscanos.org.br\/vidacrista\/#\/schema\/person\/1880bdd2c350b735648725ef7614736a\"},\"breadcrumb\":{\"@id\":\"https:\/\/franciscanos.org.br\/vidacrista\/o-legado-de-chico-mendes-para-o-sinodo-panamazonico\/#breadcrumb\"},\"inLanguage\":\"pt-BR\",\"potentialAction\":[{\"@type\":\"ReadAction\",\"target\":[\"https:\/\/franciscanos.org.br\/vidacrista\/o-legado-de-chico-mendes-para-o-sinodo-panamazonico\/\"]}]},{\"@type\":\"BreadcrumbList\",\"@id\":\"https:\/\/franciscanos.org.br\/vidacrista\/o-legado-de-chico-mendes-para-o-sinodo-panamazonico\/#breadcrumb\",\"itemListElement\":[{\"@type\":\"ListItem\",\"position\":1,\"name\":\"Home\",\"item\":\"https:\/\/franciscanos.org.br\/vidacrista\/\"},{\"@type\":\"ListItem\",\"position\":2,\"name\":\"O legado de Chico Mendes para o S\u00ednodo Panamaz\u00f4nico\"}]},{\"@type\":\"Person\",\"@id\":\"https:\/\/franciscanos.org.br\/vidacrista\/#\/schema\/person\/1880bdd2c350b735648725ef7614736a\",\"name\":\"moacir\",\"image\":{\"@type\":\"ImageObject\",\"inLanguage\":\"pt-BR\",\"@id\":\"https:\/\/franciscanos.org.br\/vidacrista\/#\/schema\/person\/image\/\",\"url\":\"https:\/\/secure.gravatar.com\/avatar\/d08aa2ce4c8dd416d4479aa8536fcf64?s=96&d=mm&r=g\",\"contentUrl\":\"https:\/\/secure.gravatar.com\/avatar\/d08aa2ce4c8dd416d4479aa8536fcf64?s=96&d=mm&r=g\",\"caption\":\"moacir\"},\"url\":\"https:\/\/franciscanos.org.br\/vidacrista\/author\/moacir\/\"}]}<\/script>\n<!-- \/ Yoast SEO plugin. -->","yoast_head_json":{"title":"O legado de Chico Mendes para o S\u00ednodo Panamaz\u00f4nico - Vida Crist\u00e3 - Franciscanos","robots":{"index":"index","follow":"follow","max-snippet":"max-snippet:-1","max-image-preview":"max-image-preview:large","max-video-preview":"max-video-preview:-1"},"canonical":"https:\/\/franciscanos.org.br\/vidacrista\/o-legado-de-chico-mendes-para-o-sinodo-panamazonico\/","og_locale":"pt_BR","og_type":"article","og_title":"O legado de Chico Mendes para o S\u00ednodo Panamaz\u00f4nico - Vida Crist\u00e3 - Franciscanos","og_description":"Artigo de Leonardo Boff","og_url":"https:\/\/franciscanos.org.br\/vidacrista\/o-legado-de-chico-mendes-para-o-sinodo-panamazonico\/","og_site_name":"Vida Crist\u00e3 - Franciscanos","article_published_time":"2019-09-09T11:38:32+00:00","article_modified_time":"2020-07-30T17:09:51+00:00","og_image":[{"width":800,"height":599,"url":"https:\/\/franciscanos.org.br\/vidacrista\/wp-content\/uploads\/2019\/09\/amazonia_10d.jpg","type":"image\/jpeg"}],"author":"moacir","twitter_card":"summary_large_image","twitter_misc":{"Escrito por":"moacir","Est. tempo de leitura":"5 minutos"},"schema":{"@context":"https:\/\/schema.org","@graph":[{"@type":"WebSite","@id":"https:\/\/franciscanos.org.br\/vidacrista\/#website","url":"https:\/\/franciscanos.org.br\/vidacrista\/","name":"Vida Crist\u00e3 - Franciscanos","description":"Prov\u00edncia Franciscana da Imaculada Concei\u00e7\u00e3o do Brasil - Ordem dos Frades Menores","potentialAction":[{"@type":"SearchAction","target":{"@type":"EntryPoint","urlTemplate":"https:\/\/franciscanos.org.br\/vidacrista\/?s={search_term_string}"},"query-input":"required name=search_term_string"}],"inLanguage":"pt-BR"},{"@type":"WebPage","@id":"https:\/\/franciscanos.org.br\/vidacrista\/o-legado-de-chico-mendes-para-o-sinodo-panamazonico\/","url":"https:\/\/franciscanos.org.br\/vidacrista\/o-legado-de-chico-mendes-para-o-sinodo-panamazonico\/","name":"O legado de Chico Mendes para o S\u00ednodo Panamaz\u00f4nico - Vida Crist\u00e3 - Franciscanos","isPartOf":{"@id":"https:\/\/franciscanos.org.br\/vidacrista\/#website"},"datePublished":"2019-09-09T11:38:32+00:00","dateModified":"2020-07-30T17:09:51+00:00","author":{"@id":"https:\/\/franciscanos.org.br\/vidacrista\/#\/schema\/person\/1880bdd2c350b735648725ef7614736a"},"breadcrumb":{"@id":"https:\/\/franciscanos.org.br\/vidacrista\/o-legado-de-chico-mendes-para-o-sinodo-panamazonico\/#breadcrumb"},"inLanguage":"pt-BR","potentialAction":[{"@type":"ReadAction","target":["https:\/\/franciscanos.org.br\/vidacrista\/o-legado-de-chico-mendes-para-o-sinodo-panamazonico\/"]}]},{"@type":"BreadcrumbList","@id":"https:\/\/franciscanos.org.br\/vidacrista\/o-legado-de-chico-mendes-para-o-sinodo-panamazonico\/#breadcrumb","itemListElement":[{"@type":"ListItem","position":1,"name":"Home","item":"https:\/\/franciscanos.org.br\/vidacrista\/"},{"@type":"ListItem","position":2,"name":"O legado de Chico Mendes para o S\u00ednodo Panamaz\u00f4nico"}]},{"@type":"Person","@id":"https:\/\/franciscanos.org.br\/vidacrista\/#\/schema\/person\/1880bdd2c350b735648725ef7614736a","name":"moacir","image":{"@type":"ImageObject","inLanguage":"pt-BR","@id":"https:\/\/franciscanos.org.br\/vidacrista\/#\/schema\/person\/image\/","url":"https:\/\/secure.gravatar.com\/avatar\/d08aa2ce4c8dd416d4479aa8536fcf64?s=96&d=mm&r=g","contentUrl":"https:\/\/secure.gravatar.com\/avatar\/d08aa2ce4c8dd416d4479aa8536fcf64?s=96&d=mm&r=g","caption":"moacir"},"url":"https:\/\/franciscanos.org.br\/vidacrista\/author\/moacir\/"}]}},"_links":{"self":[{"href":"https:\/\/franciscanos.org.br\/vidacrista\/wp-json\/wp\/v2\/posts\/181772"}],"collection":[{"href":"https:\/\/franciscanos.org.br\/vidacrista\/wp-json\/wp\/v2\/posts"}],"about":[{"href":"https:\/\/franciscanos.org.br\/vidacrista\/wp-json\/wp\/v2\/types\/post"}],"author":[{"embeddable":true,"href":"https:\/\/franciscanos.org.br\/vidacrista\/wp-json\/wp\/v2\/users\/3"}],"replies":[{"embeddable":true,"href":"https:\/\/franciscanos.org.br\/vidacrista\/wp-json\/wp\/v2\/comments?post=181772"}],"version-history":[{"count":2,"href":"https:\/\/franciscanos.org.br\/vidacrista\/wp-json\/wp\/v2\/posts\/181772\/revisions"}],"predecessor-version":[{"id":187251,"href":"https:\/\/franciscanos.org.br\/vidacrista\/wp-json\/wp\/v2\/posts\/181772\/revisions\/187251"}],"wp:featuredmedia":[{"embeddable":true,"href":"https:\/\/franciscanos.org.br\/vidacrista\/wp-json\/wp\/v2\/media\/187250"}],"wp:attachment":[{"href":"https:\/\/franciscanos.org.br\/vidacrista\/wp-json\/wp\/v2\/media?parent=181772"}],"wp:term":[{"taxonomy":"category","embeddable":true,"href":"https:\/\/franciscanos.org.br\/vidacrista\/wp-json\/wp\/v2\/categories?post=181772"},{"taxonomy":"post_tag","embeddable":true,"href":"https:\/\/franciscanos.org.br\/vidacrista\/wp-json\/wp\/v2\/tags?post=181772"}],"curies":[{"name":"wp","href":"https:\/\/api.w.org\/{rel}","templated":true}]}}