{"id":181346,"date":"2019-08-26T07:57:35","date_gmt":"2019-08-26T10:57:35","guid":{"rendered":"https:\/\/franciscanos.org.br\/vidacrista\/?p=181346"},"modified":"2020-07-30T14:24:25","modified_gmt":"2020-07-30T17:24:25","slug":"o-cristo-cosmico-e-os-muitos-cristos-na-historia","status":"publish","type":"post","link":"https:\/\/franciscanos.org.br\/vidacrista\/o-cristo-cosmico-e-os-muitos-cristos-na-historia\/","title":{"rendered":"O Cristo c\u00f3smico e os muitos \u201cCristos\u201d na hist\u00f3ria"},"content":{"rendered":"<div id=\"attachment_187255\" style=\"width: 850px\" class=\"wp-caption alignnone\"><img aria-describedby=\"caption-attachment-187255\" decoding=\"async\" loading=\"lazy\" class=\"wp-image-187255 size-full\" src=\"https:\/\/franciscanos.org.br\/vidacrista\/wp-content\/uploads\/2019\/08\/artigo_13.jpg\" alt=\"\" width=\"840\" height=\"450\" srcset=\"https:\/\/franciscanos.org.br\/vidacrista\/wp-content\/uploads\/2019\/08\/artigo_13.jpg 840w, https:\/\/franciscanos.org.br\/vidacrista\/wp-content\/uploads\/2019\/08\/artigo_13-450x241.jpg 450w, https:\/\/franciscanos.org.br\/vidacrista\/wp-content\/uploads\/2019\/08\/artigo_13-768x411.jpg 768w, https:\/\/franciscanos.org.br\/vidacrista\/wp-content\/uploads\/2019\/08\/artigo_13-150x80.jpg 150w\" sizes=\"(max-width: 840px) 100vw, 840px\" \/><p id=\"caption-attachment-187255\" class=\"wp-caption-text\">\u00a0 \u00a0 \u00a0 \u00a0 \u00a0 \u00a0 \u00a0 \u00a0 \u00a0 \u00a0 \u00a0 \u00a0 \u00a0 \u00a0 \u00a0 \u00a0 \u00a0 \u00a0 \u00a0 \u00a0 \u00a0 \u00a0 \u00a0 \u00a0 \u00a0 \u00a0 \u00a0 \u00a0 \u00a0 \u00a0 \u00a0 \u00a0 \u00a0 \u00a0 \u00a0 \u00a0 \u00a0 \u00a0 \u00a0 \u00a0 \u00a0 \u00a0 \u00a0 \u00a0 \u00a0 \u00a0 \u00a0 \u00a0 \u00a0 \u00a0 \u00a0 \u00a0 \u00a0 \u00a0 \u00a0 \u00a0 \u00a0 \u00a0 \u00a0 \u00a0 \u00a0 \u00a0 \u00a0 <em>\u00a0 Imagem Ilustrativa (Raffaello Sanzio)<\/em><\/p><\/div>\n<p><strong style=\"font-size: 16px;\">Leonardo Boff<\/strong>O processo de planetiza\u00e7\u00e3o colocou as religi\u00f5es em contato uma com as outras e mostrou como podemos ser religiosos das mais diferentes formas. Esta situa\u00e7\u00e3o nova coloca a quest\u00e3o referente \u00e0 figura de Jesus, crido como Cristo e salvador universal. Como situar Jesus ao lado de outros, considerados por seus povos tamb\u00e9m como portadores de salva\u00e7\u00e3o?<\/p>\n<p>O Cristianismo n\u00e3o \u00e9 uma cisterna de \u00e1guas mortas. Ele possui a natureza de um organismo vivo que cresce e se enriquece em di\u00e1logo com o diferente. Ele tem agora a oportunidade de revelar virtualidades at\u00e9 hoje latentes. Deve mostrar-se n\u00e3o um problema uma coisa boa.<\/p>\n<p>Queremos nos concentrar na relev\u00e2ncia do Cristo c\u00f3smico. Ele \u00e9 visto como dado que est\u00e1 se formando lentamente dentro do cosmos. Ele se densificou no homem Jesus de Nazar\u00e9. Mas esgotou nele todas as suas virtualidades ou outras figuras podem ser tamb\u00e9m express\u00f5es deste Cristo c\u00f3smico que est\u00e1 inserido na cria\u00e7\u00e3o?<\/p>\n<p>Mais e mais estamos atualmente nos acostumando a entender todos os fen\u00f4menos como emerg\u00eancias do universo em evolu\u00e7\u00e3o. Assim as figuras de Jesus, de Sidarta Gautama e de outros e outras, antes de surgirem na hist\u00f3ria humana, estavam em gesta\u00e7\u00e3o dentro do universo. O universo inteiro se organizou de tal forma que criou as condi\u00e7\u00f5es de sua forma\u00e7\u00e3o e emerg\u00eancia. O que irrompeu neles n\u00e3o se transformou em monop\u00f3lio pessoal. Assim podemos dizer que o Jesus hist\u00f3rico surge como uma express\u00e3o singular do Cristo c\u00f3smico presente no processo da evolu\u00e7\u00e3o. O Jesus hist\u00f3rico n\u00e3o esgotaria todas as formas poss\u00edveis das manifesta\u00e7\u00f5es do Cristo c\u00f3smico. Algo semelhante vale para Sidarta Gautama.<\/p>\n<p>Pertence \u00e0 compreens\u00e3o crist\u00e3 dizer: cada ser humano foi tocado pelo Filho de Deus encarnado. O que se atribui a Jesus, por ter a nossa natureza, pode ser atribu\u00eddo, sob uma forma pr\u00f3pria, a cada ser humano,formado ao longo de milh\u00f5es de anos de hist\u00f3ria c\u00f3smica.<\/p>\n<p>Concretamente, nele e em Buda est\u00e3o presentes todas as energias e os elementos f\u00edsico-qu\u00edmicos que se forjaram no cora\u00e7\u00e3o das grandes estrelas vermelhas antes de explodirem e de lan\u00e7arem tais elementos pelo universo afora como o f\u00f3sforo, o c\u00e1lcio, o ferro e outros .<\/p>\n<p>Como o universo n\u00e3o possui apenas exterioridade mas tamb\u00e9m interioridade podemos dizer que a profundidade ps\u00edquica deles vem habitada pelos movimentos mais primitivos do inconsciente coletivo com seus arqu\u00e9tipos ancestrais.<\/p>\n<p>Sem estas determina\u00e7\u00f5es eles n\u00e3o seriam concretos como foram. Detenhamo-nos rapidamente na figura de Jesus pois ele \u00e9 de nosso lar espiritual.<\/p>\n<p>Pierre Teilhard de Chardin (+1955) viu a inser\u00e7\u00e3o c\u00f3smica de Jesus, chamado de Cristo e cunhou o termo \u201ccr\u00edstico\u201d em distin\u00e7\u00e3o do \u201ccrist\u00e3o\u201d. O \u201ccr\u00edtico\u201d\u00e9 um dado objetivo da cria\u00e7\u00e3o em evolu\u00e7\u00e3o. Quando chega \u00e0 consci\u00eancia no homem Jesus, o \u201ccristico\u201d se transforma em \u201ccrist\u00e3o\u201d que \u00e9 o \u201ccr\u00edstico\u201d conscientizado.<\/p>\n<p>Em outras palavras, o Jesus hist\u00f3rico n\u00e3o esgota em si todas as possibilidades contidas no \u201ccr\u00edstico\u201d. O \u201ccr\u00edstico\u201d irrompeu em Jesus mas pode emergir tamb\u00e9m em outras figuras e se encontra na raiz de todo o ser.<\/p>\n<p>Para entender tais afirma\u00e7\u00f5es precisamos esclarecer a palavra \u201cCristo\u201d. N\u00e3o \u00e9 um nome, mas um adjetivo que se atribui a uma pessoa. \u201cCristo\u201d em grego ou \u201cMessias\u201d em hebraico significam o \u201cungido\u201d.<\/p>\n<p>\u201cUngido\u201d \u00e9 aquela pessoa assinalada para desempenhar uma determinada miss\u00e3o. O rei, os profetas, os sacerdotes eram \u201cungidos\u201d, para desempenharem suas miss\u00f5es espec\u00edficas. Mas cada pessoa individual \u00e9 tamb\u00e9m um \u201cungido\u201d pois tem o seu lugar no des\u00edgnio divino. Jesus foi chamado de \u201cCristo-ungido\u201d por causa de sua obra redentora e libertadora, realizada de forma exemplar.<\/p>\n<p>O budismo conhece semelhante caminho. Em primeiro lugar existe Sidarta Gautama, o ser hist\u00f3rico que viveu seiscentos anos antes de Cristo. Mediante um processo de interioriza\u00e7\u00e3o e ascese chegou \u00e0 \u201cilumina\u00e7\u00e3o\u201d que \u00e9 um mergulho radical no Ser. Come\u00e7ou ent\u00e3o a ser chamado de \u201cBuda\u201d que significa o \u201cIluminado\u201d. Mas essa ilumina\u00e7\u00e3o \u2013 ser Buda \u2013 n\u00e3o \u00e9 o monop\u00f3lio dele. Ela \u00e9 oferecida a todos. Existe, portanto, a \u201cbudeidade\u201d, aquela realidade radical que pode se autocomunicar de muitas formas \u00e0s pessoas. O Buda \u00e9 uma manifesta\u00e7\u00e3o da \u201cbudeidade\u201d que \u00e9 a mais pura luz, a ess\u00eancia do Inomin\u00e1vel. \u00c9 um \u201cungido\u201d.<\/p>\n<p>Como transparece, o conte\u00fado concreto de \u201cCristo\u201d e de \u201cBuda\u201d remete \u00e0 mesma realidade \u201ccr\u00edstica\u201d. Ambos revelam o Ser que faz ser tudo o que \u00e9. Sidarta Gautama \u00e9 uma manifesta\u00e7\u00e3o do Cristo c\u00f3smico como o \u00e9 tamb\u00e9m Jesus de Nazar\u00e9. Ou Jesus de Nazar\u00e9 \u00e9 um \u201cIluminado\u201d como Buda.<\/p>\n<p>Express\u00f5es singulares do Cristo c\u00f3smico ou da Ilumina\u00e7\u00e3o s\u00e3o figuras como Krishna, Francisco de Assis. Mahatma Gandhi, o Papa Jo\u00e3o XXIII, Dom Helder C\u00e2mara, Madre Teresa de Calcut\u00e1, Irm\u00e3 Dulce entre tantos e tantas. Eles e elas n\u00e3o esgotam as possibilidades desta sublime realidade \u201ccr\u00edstica\u201d. Ela se d\u00e1 em todos. Mas neles ganharam tal densidade que se transformaram em refer\u00eancias e arqu\u00e9tipos orientadores para muitos.<\/p>\n<p>O conhecido mestre yogui do Brasil, Herm\u00f3genes, j\u00e1 falecido, sem cair no sincretismo f\u00e1cil mas a partir de uma profunda experi\u00eancia espiritual de unidade com o Todo criou a seguinte f\u00f3rmula como \u201cGl\u00f3ria ao Uno\u201d:<\/p>\n<p>\u201cPedi a ben\u00e7\u00e3o a Krishna. E o Cristo me aben\u00e7oou. Orei ao Cristo. E foi Buda que me atendeu. Chamei por Buda. E foi Krishna que me respondeu\u201d.<\/p>\n<hr \/>\n<p><strong>Leonardo Boff<\/strong><em> \u00e9 te\u00f3logo, fil\u00f3sofo e escritor.<\/em><\/p>\n","protected":false},"excerpt":{"rendered":"<p>Artigo de Leonardo Boff<\/p>\n","protected":false},"author":3,"featured_media":187256,"comment_status":"open","ping_status":"open","sticky":false,"template":"","format":"standard","meta":{"footnotes":""},"categories":[26],"tags":[59],"yoast_head":"<!-- This site is optimized with the Yoast SEO plugin v19.4 - https:\/\/yoast.com\/wordpress\/plugins\/seo\/ -->\n<title>O Cristo c\u00f3smico e os muitos \u201cCristos\u201d na hist\u00f3ria - Vida Crist\u00e3 - Franciscanos<\/title>\n<meta name=\"robots\" content=\"index, follow, max-snippet:-1, max-image-preview:large, max-video-preview:-1\" \/>\n<link rel=\"canonical\" href=\"https:\/\/franciscanos.org.br\/vidacrista\/o-cristo-cosmico-e-os-muitos-cristos-na-historia\/\" \/>\n<meta property=\"og:locale\" content=\"pt_BR\" \/>\n<meta property=\"og:type\" content=\"article\" \/>\n<meta property=\"og:title\" content=\"O Cristo c\u00f3smico e os muitos \u201cCristos\u201d na hist\u00f3ria - Vida Crist\u00e3 - Franciscanos\" \/>\n<meta property=\"og:description\" content=\"Artigo de Leonardo Boff\" \/>\n<meta property=\"og:url\" content=\"https:\/\/franciscanos.org.br\/vidacrista\/o-cristo-cosmico-e-os-muitos-cristos-na-historia\/\" \/>\n<meta property=\"og:site_name\" content=\"Vida Crist\u00e3 - Franciscanos\" \/>\n<meta property=\"article:published_time\" content=\"2019-08-26T10:57:35+00:00\" \/>\n<meta property=\"article:modified_time\" content=\"2020-07-30T17:24:25+00:00\" \/>\n<meta property=\"og:image\" content=\"https:\/\/franciscanos.org.br\/vidacrista\/wp-content\/uploads\/2019\/08\/artigo_13d.jpg\" \/>\n\t<meta property=\"og:image:width\" content=\"800\" \/>\n\t<meta property=\"og:image:height\" content=\"600\" \/>\n\t<meta property=\"og:image:type\" content=\"image\/jpeg\" \/>\n<meta name=\"author\" content=\"moacir\" \/>\n<meta name=\"twitter:card\" content=\"summary_large_image\" \/>\n<meta name=\"twitter:label1\" content=\"Escrito por\" \/>\n\t<meta name=\"twitter:data1\" content=\"moacir\" \/>\n\t<meta name=\"twitter:label2\" content=\"Est. tempo de leitura\" \/>\n\t<meta name=\"twitter:data2\" content=\"5 minutos\" \/>\n<script type=\"application\/ld+json\" class=\"yoast-schema-graph\">{\"@context\":\"https:\/\/schema.org\",\"@graph\":[{\"@type\":\"WebSite\",\"@id\":\"https:\/\/franciscanos.org.br\/vidacrista\/#website\",\"url\":\"https:\/\/franciscanos.org.br\/vidacrista\/\",\"name\":\"Vida Crist\u00e3 - Franciscanos\",\"description\":\"Prov\u00edncia Franciscana da Imaculada Concei\u00e7\u00e3o do Brasil - Ordem dos Frades Menores\",\"potentialAction\":[{\"@type\":\"SearchAction\",\"target\":{\"@type\":\"EntryPoint\",\"urlTemplate\":\"https:\/\/franciscanos.org.br\/vidacrista\/?s={search_term_string}\"},\"query-input\":\"required name=search_term_string\"}],\"inLanguage\":\"pt-BR\"},{\"@type\":\"WebPage\",\"@id\":\"https:\/\/franciscanos.org.br\/vidacrista\/o-cristo-cosmico-e-os-muitos-cristos-na-historia\/\",\"url\":\"https:\/\/franciscanos.org.br\/vidacrista\/o-cristo-cosmico-e-os-muitos-cristos-na-historia\/\",\"name\":\"O Cristo c\u00f3smico e os muitos \u201cCristos\u201d na hist\u00f3ria - Vida Crist\u00e3 - Franciscanos\",\"isPartOf\":{\"@id\":\"https:\/\/franciscanos.org.br\/vidacrista\/#website\"},\"datePublished\":\"2019-08-26T10:57:35+00:00\",\"dateModified\":\"2020-07-30T17:24:25+00:00\",\"author\":{\"@id\":\"https:\/\/franciscanos.org.br\/vidacrista\/#\/schema\/person\/1880bdd2c350b735648725ef7614736a\"},\"breadcrumb\":{\"@id\":\"https:\/\/franciscanos.org.br\/vidacrista\/o-cristo-cosmico-e-os-muitos-cristos-na-historia\/#breadcrumb\"},\"inLanguage\":\"pt-BR\",\"potentialAction\":[{\"@type\":\"ReadAction\",\"target\":[\"https:\/\/franciscanos.org.br\/vidacrista\/o-cristo-cosmico-e-os-muitos-cristos-na-historia\/\"]}]},{\"@type\":\"BreadcrumbList\",\"@id\":\"https:\/\/franciscanos.org.br\/vidacrista\/o-cristo-cosmico-e-os-muitos-cristos-na-historia\/#breadcrumb\",\"itemListElement\":[{\"@type\":\"ListItem\",\"position\":1,\"name\":\"Home\",\"item\":\"https:\/\/franciscanos.org.br\/vidacrista\/\"},{\"@type\":\"ListItem\",\"position\":2,\"name\":\"O Cristo c\u00f3smico e os muitos \u201cCristos\u201d na hist\u00f3ria\"}]},{\"@type\":\"Person\",\"@id\":\"https:\/\/franciscanos.org.br\/vidacrista\/#\/schema\/person\/1880bdd2c350b735648725ef7614736a\",\"name\":\"moacir\",\"image\":{\"@type\":\"ImageObject\",\"inLanguage\":\"pt-BR\",\"@id\":\"https:\/\/franciscanos.org.br\/vidacrista\/#\/schema\/person\/image\/\",\"url\":\"https:\/\/secure.gravatar.com\/avatar\/d08aa2ce4c8dd416d4479aa8536fcf64?s=96&d=mm&r=g\",\"contentUrl\":\"https:\/\/secure.gravatar.com\/avatar\/d08aa2ce4c8dd416d4479aa8536fcf64?s=96&d=mm&r=g\",\"caption\":\"moacir\"},\"url\":\"https:\/\/franciscanos.org.br\/vidacrista\/author\/moacir\/\"}]}<\/script>\n<!-- \/ Yoast SEO plugin. -->","yoast_head_json":{"title":"O Cristo c\u00f3smico e os muitos \u201cCristos\u201d na hist\u00f3ria - Vida Crist\u00e3 - Franciscanos","robots":{"index":"index","follow":"follow","max-snippet":"max-snippet:-1","max-image-preview":"max-image-preview:large","max-video-preview":"max-video-preview:-1"},"canonical":"https:\/\/franciscanos.org.br\/vidacrista\/o-cristo-cosmico-e-os-muitos-cristos-na-historia\/","og_locale":"pt_BR","og_type":"article","og_title":"O Cristo c\u00f3smico e os muitos \u201cCristos\u201d na hist\u00f3ria - Vida Crist\u00e3 - Franciscanos","og_description":"Artigo de Leonardo Boff","og_url":"https:\/\/franciscanos.org.br\/vidacrista\/o-cristo-cosmico-e-os-muitos-cristos-na-historia\/","og_site_name":"Vida Crist\u00e3 - Franciscanos","article_published_time":"2019-08-26T10:57:35+00:00","article_modified_time":"2020-07-30T17:24:25+00:00","og_image":[{"width":800,"height":600,"url":"https:\/\/franciscanos.org.br\/vidacrista\/wp-content\/uploads\/2019\/08\/artigo_13d.jpg","type":"image\/jpeg"}],"author":"moacir","twitter_card":"summary_large_image","twitter_misc":{"Escrito por":"moacir","Est. tempo de leitura":"5 minutos"},"schema":{"@context":"https:\/\/schema.org","@graph":[{"@type":"WebSite","@id":"https:\/\/franciscanos.org.br\/vidacrista\/#website","url":"https:\/\/franciscanos.org.br\/vidacrista\/","name":"Vida Crist\u00e3 - Franciscanos","description":"Prov\u00edncia Franciscana da Imaculada Concei\u00e7\u00e3o do Brasil - Ordem dos Frades Menores","potentialAction":[{"@type":"SearchAction","target":{"@type":"EntryPoint","urlTemplate":"https:\/\/franciscanos.org.br\/vidacrista\/?s={search_term_string}"},"query-input":"required name=search_term_string"}],"inLanguage":"pt-BR"},{"@type":"WebPage","@id":"https:\/\/franciscanos.org.br\/vidacrista\/o-cristo-cosmico-e-os-muitos-cristos-na-historia\/","url":"https:\/\/franciscanos.org.br\/vidacrista\/o-cristo-cosmico-e-os-muitos-cristos-na-historia\/","name":"O Cristo c\u00f3smico e os muitos \u201cCristos\u201d na hist\u00f3ria - Vida Crist\u00e3 - Franciscanos","isPartOf":{"@id":"https:\/\/franciscanos.org.br\/vidacrista\/#website"},"datePublished":"2019-08-26T10:57:35+00:00","dateModified":"2020-07-30T17:24:25+00:00","author":{"@id":"https:\/\/franciscanos.org.br\/vidacrista\/#\/schema\/person\/1880bdd2c350b735648725ef7614736a"},"breadcrumb":{"@id":"https:\/\/franciscanos.org.br\/vidacrista\/o-cristo-cosmico-e-os-muitos-cristos-na-historia\/#breadcrumb"},"inLanguage":"pt-BR","potentialAction":[{"@type":"ReadAction","target":["https:\/\/franciscanos.org.br\/vidacrista\/o-cristo-cosmico-e-os-muitos-cristos-na-historia\/"]}]},{"@type":"BreadcrumbList","@id":"https:\/\/franciscanos.org.br\/vidacrista\/o-cristo-cosmico-e-os-muitos-cristos-na-historia\/#breadcrumb","itemListElement":[{"@type":"ListItem","position":1,"name":"Home","item":"https:\/\/franciscanos.org.br\/vidacrista\/"},{"@type":"ListItem","position":2,"name":"O Cristo c\u00f3smico e os muitos \u201cCristos\u201d na hist\u00f3ria"}]},{"@type":"Person","@id":"https:\/\/franciscanos.org.br\/vidacrista\/#\/schema\/person\/1880bdd2c350b735648725ef7614736a","name":"moacir","image":{"@type":"ImageObject","inLanguage":"pt-BR","@id":"https:\/\/franciscanos.org.br\/vidacrista\/#\/schema\/person\/image\/","url":"https:\/\/secure.gravatar.com\/avatar\/d08aa2ce4c8dd416d4479aa8536fcf64?s=96&d=mm&r=g","contentUrl":"https:\/\/secure.gravatar.com\/avatar\/d08aa2ce4c8dd416d4479aa8536fcf64?s=96&d=mm&r=g","caption":"moacir"},"url":"https:\/\/franciscanos.org.br\/vidacrista\/author\/moacir\/"}]}},"_links":{"self":[{"href":"https:\/\/franciscanos.org.br\/vidacrista\/wp-json\/wp\/v2\/posts\/181346"}],"collection":[{"href":"https:\/\/franciscanos.org.br\/vidacrista\/wp-json\/wp\/v2\/posts"}],"about":[{"href":"https:\/\/franciscanos.org.br\/vidacrista\/wp-json\/wp\/v2\/types\/post"}],"author":[{"embeddable":true,"href":"https:\/\/franciscanos.org.br\/vidacrista\/wp-json\/wp\/v2\/users\/3"}],"replies":[{"embeddable":true,"href":"https:\/\/franciscanos.org.br\/vidacrista\/wp-json\/wp\/v2\/comments?post=181346"}],"version-history":[{"count":6,"href":"https:\/\/franciscanos.org.br\/vidacrista\/wp-json\/wp\/v2\/posts\/181346\/revisions"}],"predecessor-version":[{"id":187258,"href":"https:\/\/franciscanos.org.br\/vidacrista\/wp-json\/wp\/v2\/posts\/181346\/revisions\/187258"}],"wp:featuredmedia":[{"embeddable":true,"href":"https:\/\/franciscanos.org.br\/vidacrista\/wp-json\/wp\/v2\/media\/187256"}],"wp:attachment":[{"href":"https:\/\/franciscanos.org.br\/vidacrista\/wp-json\/wp\/v2\/media?parent=181346"}],"wp:term":[{"taxonomy":"category","embeddable":true,"href":"https:\/\/franciscanos.org.br\/vidacrista\/wp-json\/wp\/v2\/categories?post=181346"},{"taxonomy":"post_tag","embeddable":true,"href":"https:\/\/franciscanos.org.br\/vidacrista\/wp-json\/wp\/v2\/tags?post=181346"}],"curies":[{"name":"wp","href":"https:\/\/api.w.org\/{rel}","templated":true}]}}