{"id":181201,"date":"2019-08-13T15:03:11","date_gmt":"2019-08-13T18:03:11","guid":{"rendered":"https:\/\/franciscanos.org.br\/vidacrista\/?p=181201"},"modified":"2020-07-30T14:33:48","modified_gmt":"2020-07-30T17:33:48","slug":"a-familia-como-vai","status":"publish","type":"post","link":"https:\/\/franciscanos.org.br\/vidacrista\/a-familia-como-vai\/","title":{"rendered":"A fam\u00edlia, como vai?"},"content":{"rendered":"<p>&nbsp;<\/p>\n<div id=\"attachment_187263\" style=\"width: 850px\" class=\"wp-caption alignnone\"><img aria-describedby=\"caption-attachment-187263\" decoding=\"async\" loading=\"lazy\" class=\"wp-image-187263 size-full\" src=\"https:\/\/franciscanos.org.br\/vidacrista\/wp-content\/uploads\/2019\/08\/artigo_15.png\" alt=\"\" width=\"840\" height=\"450\" srcset=\"https:\/\/franciscanos.org.br\/vidacrista\/wp-content\/uploads\/2019\/08\/artigo_15.png 840w, https:\/\/franciscanos.org.br\/vidacrista\/wp-content\/uploads\/2019\/08\/artigo_15-450x241.png 450w, https:\/\/franciscanos.org.br\/vidacrista\/wp-content\/uploads\/2019\/08\/artigo_15-768x411.png 768w, https:\/\/franciscanos.org.br\/vidacrista\/wp-content\/uploads\/2019\/08\/artigo_15-150x80.png 150w\" sizes=\"(max-width: 840px) 100vw, 840px\" \/><p id=\"caption-attachment-187263\" class=\"wp-caption-text\">\u00a0 \u00a0 \u00a0 \u00a0 \u00a0 \u00a0 \u00a0 \u00a0 \u00a0 \u00a0 \u00a0 \u00a0 \u00a0 \u00a0 \u00a0 \u00a0 \u00a0 \u00a0 \u00a0 \u00a0 \u00a0 \u00a0 \u00a0 \u00a0 \u00a0 \u00a0 \u00a0 \u00a0 \u00a0 \u00a0 \u00a0 \u00a0 \u00a0 \u00a0 \u00a0 \u00a0 \u00a0 \u00a0 \u00a0 \u00a0 \u00a0 \u00a0 \u00a0 \u00a0 \u00a0 \u00a0 \u00a0 \u00a0 \u00a0 \u00a0 \u00a0 \u00a0 \u00a0 \u00a0 \u00a0 \u00a0 \u00a0 \u00a0 \u00a0 \u00a0 \u00a0 \u00a0 \u00a0 \u00a0 \u00a0 \u00a0 \u00a0 \u00a0 \u00a0 \u00a0 \u00a0<em>Imagem ilustrativa (fonte: Canva)<\/em><\/p><\/div>\n<p><strong>Frei Luiz Iakovacz<\/strong><\/p>\n<p>Um dos grandes frutos do Concilio Vaticano II (1962 a 1965) \u00e9 o de ter sido um \u201cConc\u00edlio Pastoral\u201d.\u00a0De fato, seguidamente, os bispos conciliares insistem para que as Confer\u00eancias Episcopais de cada pa\u00eds elaborem e executem planos pastorais, assumidos por todas as dioceses e par\u00f3quias. \u00c9 a conhecida Pastoral de Conjunto.<\/p>\n<p>Assim, desde 1964, a Campanha da Fraternidade foi sendo, paulatinamente, implantada e persiste at\u00e9 hoje. O mesmo aconteceu com o M\u00eas Vocacional. Ap\u00f3s experi\u00eancias bem-sucedidas em v\u00e1rios pontos do Brasil, em 1983, a CNBB oficializou \u201cAgosto, M\u00eas Vocacional\u201d.<\/p>\n<p>No Evangelho, h\u00e1 o desafio de Jesus: \u201cSede santos como vosso Pai \u00e9 santo\u201d (Mt 5,48). Um dos meios para crescermos em santidade \u00e9 a viv\u00eancia da voca\u00e7\u00e3o. Assim, em cada semana, refletimos sobre uma delas: a sacerdotal (1\u00ba domingo), a familiar (2\u00ba domingo), a voca\u00e7\u00e3o religiosa (3\u00ba domingo) e a laical (4\u00ba domingo).<\/p>\n<p><strong>Vamos falar sobre uma delas: A fam\u00edlia.<\/strong><\/p>\n<p>Em 1994, esta frase &#8211; \u201cA fam\u00edlia, como vai\u201d? &#8211; fundamentou a CF daquele ano. J\u00e1 se passaram 25 anos. O que mudou?! Que avan\u00e7os foram constatados?!<\/p>\n<p>A quest\u00e3o da Fam\u00edlia \u2013 seus valores e contra-valores, os novos conceitos e os tradicionais \u2013 est\u00e1 na boca de todos os povos. \u00c9 como se fosse o \u201car que respiramos\u201d.\u00a0A Igreja, atenta a estes sinais, aponta caminhos e esperan\u00e7as atrav\u00e9s das Jornadas Mundiais. J\u00e1 s\u00e3o nove. A \u00faltima foi em Dublin, na Irlanda, no ano passado. A pr\u00f3xima ser\u00e1 em Roma em 2021. Sempre come\u00e7a na ter\u00e7a-feira e termina no domingo. S\u00e3o dias de reflex\u00e3o, palestras, celebra\u00e7\u00f5es, reavivamento dos valores\/desafios da fam\u00edlia e outros.<\/p>\n<p>Outro grande impulso sobre a Fam\u00edlia foi o S\u00ednodo dos Bispos, realizado em duas etapas (2014\/2015). O fruto desta assembleia foi a publica\u00e7\u00e3o do documento papal <em>Amoris Laetitia<\/em> (= A alegria do amor).<\/p>\n<p>No Brasil, em 1992, criou-se a Semana Nacional da Fam\u00edlia (do 2\u00ba domingo at\u00e9 o seguinte). O subs\u00eddio \u201cHora da Fam\u00edlia\u201d traz sete encontros para serem refletidos em grupos.<\/p>\n<p>N\u00e3o \u00e9 s\u00f3 isso! Dom Jo\u00e3o Bosco, bispo de Osasco e respons\u00e1vel pela Pastoral Familiar, diz, tamb\u00e9m, que \u201c\u00e9 para sair do ambiente de Igreja e ir \u00e0s escolas, associa\u00e7\u00f5es, \u00f3rg\u00e3os p\u00fablicos para despertar o amor e prote\u00e7\u00e3o \u00e0 Fam\u00edlia\u201d. Continua o Bispo: \u201cOriente-se os jovens e adolescentes, especialmente, aqueles que encontram problemas na conviv\u00eancia familiar e que se olhe com carinho os idosos, dando-lhes aten\u00e7\u00e3o e carinho\u201d.<\/p>\n<p>Tamb\u00e9m, nestes 25 anos de a \u201cFam\u00edlia, como vai\u201d, a Pastoral Familiar qualificou seus agentes, pois devem lidar com situa\u00e7\u00f5es delicadas, como paternidade respons\u00e1vel, educa\u00e7\u00e3o dos filhos, maternidade, aborto, fam\u00edlias incompletas e irregulares, desquites, div\u00f3rcios, forma\u00e7\u00e3o segura e aberta sobre o Sacramento do Matrim\u00f4nio e outros.\u00a0Portanto, \u00e9 uma gama de intenso trabalho e forma\u00e7\u00e3o.<\/p>\n<p><strong>\u201cDeus-Fam\u00edlia\u201d<\/strong><\/p>\n<p>Os crist\u00e3os professam a f\u00e9 num s\u00f3 Deus em Tr\u00eas Pessoas. Cada uma tem sua identidade pr\u00f3pria: o Pai \u00e9 Pai, o Filho \u00e9 Filho e o Esp\u00edrito Santo \u00e9 Esp\u00edrito Santo. Tr\u00eas em Um.\u00a0Assim tamb\u00e9m \u00e9 a fam\u00edlia: pai\/m\u00e3e\/filhos. N\u00e3o s\u00e3o tr\u00eas fam\u00edlias, mas uma s\u00f3.\u00a0Deus \u00e9 o Criador de tudo o que existe. Ele \u00e9 feliz em si mesmo e n\u00e3o precisa criar para que as criaturas O sirvam. Ele as criou para que participem da Sua felicidade.\u00a0Assim tamb\u00e9m \u00e9 a fam\u00edlia: a maior felicidade \u00e9 fazer o outro feliz.<\/p>\n<p>No Monte Sinai, Deus fez uma alian\u00e7a com Israel: \u201cV\u00f3s sereis o meu povo e eu serei o vosso Deus\u201d. O sinal da alian\u00e7a foi o sangue de novilhos com o qual Mois\u00e9s aspergiu o povo, dizendo \u201cEste \u00e9 o sangue da Alian\u00e7a que Deus fez convosco\u201d (Ex 24,5-8).<\/p>\n<p>Quando o povo quebrou a Alian\u00e7a, prestando culto a outros deuses, o profeta Os\u00e9ias o acusa de \u201cprostitui\u00e7\u00e3o\u201d (Os 5,3-4). Deus, por\u00e9m, n\u00e3o desfez a Alian\u00e7a e nem condenou o povo; ao contr\u00e1rio, vai seduzi-lo, leva-lo ao deserto e falar-lhe ao cora\u00e7\u00e3o (Os 2,4-25).\u00a0Este texto mostra a grandeza de Deus, o Esposo-tra\u00eddo, e \u00e9 prot\u00f3tipo para todo e qualquer vocacionado.<\/p>\n<p>Por\u00e9m, o amor mais pleno e total, Ele o mostrou no Monte Calv\u00e1rio com a morte de seu Filho. Seu sangue derramado \u2013 n\u00e3o como o de um touro abatido, mas voluntariamente oferecido \u2013 \u00e9 o \u201csinal da Nova e Eterna Alian\u00e7a\u201d (Lc 22,20) porque \u201cprova de amor maior n\u00e3o h\u00e1 do que doar a vida pelo irm\u00e3o\u201d (Jo 15,13).<\/p>\n<hr \/>\n<p><strong>Frei Luiz Iakovacz<\/strong> <em>\u00e9 frade na Par\u00f3quia de Nossa Senhora do Ros\u00e1rio, em Conc\u00f3rdia (SC)<\/em><\/p>\n","protected":false},"excerpt":{"rendered":"<p>Artigo de Frei Luiz Iakovacz<\/p>\n","protected":false},"author":3,"featured_media":187264,"comment_status":"open","ping_status":"open","sticky":false,"template":"","format":"standard","meta":{"footnotes":""},"categories":[26],"tags":[208],"yoast_head":"<!-- This site is optimized with the Yoast SEO plugin v19.4 - https:\/\/yoast.com\/wordpress\/plugins\/seo\/ -->\n<title>A fam\u00edlia, como vai? - Vida Crist\u00e3 - Franciscanos<\/title>\n<meta name=\"robots\" content=\"index, follow, max-snippet:-1, max-image-preview:large, max-video-preview:-1\" \/>\n<link rel=\"canonical\" href=\"https:\/\/franciscanos.org.br\/vidacrista\/a-familia-como-vai\/\" \/>\n<meta property=\"og:locale\" content=\"pt_BR\" \/>\n<meta property=\"og:type\" content=\"article\" \/>\n<meta property=\"og:title\" content=\"A fam\u00edlia, como vai? - Vida Crist\u00e3 - Franciscanos\" \/>\n<meta property=\"og:description\" content=\"Artigo de Frei Luiz Iakovacz\" \/>\n<meta property=\"og:url\" content=\"https:\/\/franciscanos.org.br\/vidacrista\/a-familia-como-vai\/\" \/>\n<meta property=\"og:site_name\" content=\"Vida Crist\u00e3 - Franciscanos\" \/>\n<meta property=\"article:published_time\" content=\"2019-08-13T18:03:11+00:00\" \/>\n<meta property=\"article:modified_time\" content=\"2020-07-30T17:33:48+00:00\" \/>\n<meta property=\"og:image\" content=\"https:\/\/franciscanos.org.br\/vidacrista\/wp-content\/uploads\/2019\/08\/artigo_15d.png\" \/>\n\t<meta property=\"og:image:width\" content=\"800\" \/>\n\t<meta property=\"og:image:height\" content=\"533\" \/>\n\t<meta property=\"og:image:type\" content=\"image\/png\" \/>\n<meta name=\"author\" content=\"moacir\" \/>\n<meta name=\"twitter:card\" content=\"summary_large_image\" \/>\n<meta name=\"twitter:label1\" content=\"Escrito por\" \/>\n\t<meta name=\"twitter:data1\" content=\"moacir\" \/>\n\t<meta name=\"twitter:label2\" content=\"Est. tempo de leitura\" \/>\n\t<meta name=\"twitter:data2\" content=\"4 minutos\" \/>\n<script type=\"application\/ld+json\" class=\"yoast-schema-graph\">{\"@context\":\"https:\/\/schema.org\",\"@graph\":[{\"@type\":\"WebSite\",\"@id\":\"https:\/\/franciscanos.org.br\/vidacrista\/#website\",\"url\":\"https:\/\/franciscanos.org.br\/vidacrista\/\",\"name\":\"Vida Crist\u00e3 - Franciscanos\",\"description\":\"Prov\u00edncia Franciscana da Imaculada Concei\u00e7\u00e3o do Brasil - Ordem dos Frades Menores\",\"potentialAction\":[{\"@type\":\"SearchAction\",\"target\":{\"@type\":\"EntryPoint\",\"urlTemplate\":\"https:\/\/franciscanos.org.br\/vidacrista\/?s={search_term_string}\"},\"query-input\":\"required name=search_term_string\"}],\"inLanguage\":\"pt-BR\"},{\"@type\":\"WebPage\",\"@id\":\"https:\/\/franciscanos.org.br\/vidacrista\/a-familia-como-vai\/\",\"url\":\"https:\/\/franciscanos.org.br\/vidacrista\/a-familia-como-vai\/\",\"name\":\"A fam\u00edlia, como vai? - Vida Crist\u00e3 - Franciscanos\",\"isPartOf\":{\"@id\":\"https:\/\/franciscanos.org.br\/vidacrista\/#website\"},\"datePublished\":\"2019-08-13T18:03:11+00:00\",\"dateModified\":\"2020-07-30T17:33:48+00:00\",\"author\":{\"@id\":\"https:\/\/franciscanos.org.br\/vidacrista\/#\/schema\/person\/1880bdd2c350b735648725ef7614736a\"},\"breadcrumb\":{\"@id\":\"https:\/\/franciscanos.org.br\/vidacrista\/a-familia-como-vai\/#breadcrumb\"},\"inLanguage\":\"pt-BR\",\"potentialAction\":[{\"@type\":\"ReadAction\",\"target\":[\"https:\/\/franciscanos.org.br\/vidacrista\/a-familia-como-vai\/\"]}]},{\"@type\":\"BreadcrumbList\",\"@id\":\"https:\/\/franciscanos.org.br\/vidacrista\/a-familia-como-vai\/#breadcrumb\",\"itemListElement\":[{\"@type\":\"ListItem\",\"position\":1,\"name\":\"Home\",\"item\":\"https:\/\/franciscanos.org.br\/vidacrista\/\"},{\"@type\":\"ListItem\",\"position\":2,\"name\":\"A fam\u00edlia, como vai?\"}]},{\"@type\":\"Person\",\"@id\":\"https:\/\/franciscanos.org.br\/vidacrista\/#\/schema\/person\/1880bdd2c350b735648725ef7614736a\",\"name\":\"moacir\",\"image\":{\"@type\":\"ImageObject\",\"inLanguage\":\"pt-BR\",\"@id\":\"https:\/\/franciscanos.org.br\/vidacrista\/#\/schema\/person\/image\/\",\"url\":\"https:\/\/secure.gravatar.com\/avatar\/d08aa2ce4c8dd416d4479aa8536fcf64?s=96&d=mm&r=g\",\"contentUrl\":\"https:\/\/secure.gravatar.com\/avatar\/d08aa2ce4c8dd416d4479aa8536fcf64?s=96&d=mm&r=g\",\"caption\":\"moacir\"},\"url\":\"https:\/\/franciscanos.org.br\/vidacrista\/author\/moacir\/\"}]}<\/script>\n<!-- \/ Yoast SEO plugin. -->","yoast_head_json":{"title":"A fam\u00edlia, como vai? - Vida Crist\u00e3 - Franciscanos","robots":{"index":"index","follow":"follow","max-snippet":"max-snippet:-1","max-image-preview":"max-image-preview:large","max-video-preview":"max-video-preview:-1"},"canonical":"https:\/\/franciscanos.org.br\/vidacrista\/a-familia-como-vai\/","og_locale":"pt_BR","og_type":"article","og_title":"A fam\u00edlia, como vai? - Vida Crist\u00e3 - Franciscanos","og_description":"Artigo de Frei Luiz Iakovacz","og_url":"https:\/\/franciscanos.org.br\/vidacrista\/a-familia-como-vai\/","og_site_name":"Vida Crist\u00e3 - Franciscanos","article_published_time":"2019-08-13T18:03:11+00:00","article_modified_time":"2020-07-30T17:33:48+00:00","og_image":[{"width":800,"height":533,"url":"https:\/\/franciscanos.org.br\/vidacrista\/wp-content\/uploads\/2019\/08\/artigo_15d.png","type":"image\/png"}],"author":"moacir","twitter_card":"summary_large_image","twitter_misc":{"Escrito por":"moacir","Est. tempo de leitura":"4 minutos"},"schema":{"@context":"https:\/\/schema.org","@graph":[{"@type":"WebSite","@id":"https:\/\/franciscanos.org.br\/vidacrista\/#website","url":"https:\/\/franciscanos.org.br\/vidacrista\/","name":"Vida Crist\u00e3 - Franciscanos","description":"Prov\u00edncia Franciscana da Imaculada Concei\u00e7\u00e3o do Brasil - Ordem dos Frades Menores","potentialAction":[{"@type":"SearchAction","target":{"@type":"EntryPoint","urlTemplate":"https:\/\/franciscanos.org.br\/vidacrista\/?s={search_term_string}"},"query-input":"required name=search_term_string"}],"inLanguage":"pt-BR"},{"@type":"WebPage","@id":"https:\/\/franciscanos.org.br\/vidacrista\/a-familia-como-vai\/","url":"https:\/\/franciscanos.org.br\/vidacrista\/a-familia-como-vai\/","name":"A fam\u00edlia, como vai? - Vida Crist\u00e3 - Franciscanos","isPartOf":{"@id":"https:\/\/franciscanos.org.br\/vidacrista\/#website"},"datePublished":"2019-08-13T18:03:11+00:00","dateModified":"2020-07-30T17:33:48+00:00","author":{"@id":"https:\/\/franciscanos.org.br\/vidacrista\/#\/schema\/person\/1880bdd2c350b735648725ef7614736a"},"breadcrumb":{"@id":"https:\/\/franciscanos.org.br\/vidacrista\/a-familia-como-vai\/#breadcrumb"},"inLanguage":"pt-BR","potentialAction":[{"@type":"ReadAction","target":["https:\/\/franciscanos.org.br\/vidacrista\/a-familia-como-vai\/"]}]},{"@type":"BreadcrumbList","@id":"https:\/\/franciscanos.org.br\/vidacrista\/a-familia-como-vai\/#breadcrumb","itemListElement":[{"@type":"ListItem","position":1,"name":"Home","item":"https:\/\/franciscanos.org.br\/vidacrista\/"},{"@type":"ListItem","position":2,"name":"A fam\u00edlia, como vai?"}]},{"@type":"Person","@id":"https:\/\/franciscanos.org.br\/vidacrista\/#\/schema\/person\/1880bdd2c350b735648725ef7614736a","name":"moacir","image":{"@type":"ImageObject","inLanguage":"pt-BR","@id":"https:\/\/franciscanos.org.br\/vidacrista\/#\/schema\/person\/image\/","url":"https:\/\/secure.gravatar.com\/avatar\/d08aa2ce4c8dd416d4479aa8536fcf64?s=96&d=mm&r=g","contentUrl":"https:\/\/secure.gravatar.com\/avatar\/d08aa2ce4c8dd416d4479aa8536fcf64?s=96&d=mm&r=g","caption":"moacir"},"url":"https:\/\/franciscanos.org.br\/vidacrista\/author\/moacir\/"}]}},"_links":{"self":[{"href":"https:\/\/franciscanos.org.br\/vidacrista\/wp-json\/wp\/v2\/posts\/181201"}],"collection":[{"href":"https:\/\/franciscanos.org.br\/vidacrista\/wp-json\/wp\/v2\/posts"}],"about":[{"href":"https:\/\/franciscanos.org.br\/vidacrista\/wp-json\/wp\/v2\/types\/post"}],"author":[{"embeddable":true,"href":"https:\/\/franciscanos.org.br\/vidacrista\/wp-json\/wp\/v2\/users\/3"}],"replies":[{"embeddable":true,"href":"https:\/\/franciscanos.org.br\/vidacrista\/wp-json\/wp\/v2\/comments?post=181201"}],"version-history":[{"count":4,"href":"https:\/\/franciscanos.org.br\/vidacrista\/wp-json\/wp\/v2\/posts\/181201\/revisions"}],"predecessor-version":[{"id":187266,"href":"https:\/\/franciscanos.org.br\/vidacrista\/wp-json\/wp\/v2\/posts\/181201\/revisions\/187266"}],"wp:featuredmedia":[{"embeddable":true,"href":"https:\/\/franciscanos.org.br\/vidacrista\/wp-json\/wp\/v2\/media\/187264"}],"wp:attachment":[{"href":"https:\/\/franciscanos.org.br\/vidacrista\/wp-json\/wp\/v2\/media?parent=181201"}],"wp:term":[{"taxonomy":"category","embeddable":true,"href":"https:\/\/franciscanos.org.br\/vidacrista\/wp-json\/wp\/v2\/categories?post=181201"},{"taxonomy":"post_tag","embeddable":true,"href":"https:\/\/franciscanos.org.br\/vidacrista\/wp-json\/wp\/v2\/tags?post=181201"}],"curies":[{"name":"wp","href":"https:\/\/api.w.org\/{rel}","templated":true}]}}