{"id":180643,"date":"2019-07-30T07:51:12","date_gmt":"2019-07-30T10:51:12","guid":{"rendered":"https:\/\/franciscanos.org.br\/vidacrista\/?p=180643"},"modified":"2020-06-15T12:10:04","modified_gmt":"2020-06-15T15:10:04","slug":"na-hospedaria-do-coracao","status":"publish","type":"post","link":"https:\/\/franciscanos.org.br\/vidacrista\/na-hospedaria-do-coracao\/","title":{"rendered":"Na hospedaria do cora\u00e7\u00e3o"},"content":{"rendered":"<p><img decoding=\"async\" loading=\"lazy\" class=\"alignnone size-full wp-image-180644\" src=\"https:\/\/franciscanos.org.br\/vidacrista\/wp-content\/uploads\/2019\/07\/sagrado_300719.jpg\" alt=\"\" width=\"840\" height=\"1082\" srcset=\"https:\/\/franciscanos.org.br\/vidacrista\/wp-content\/uploads\/2019\/07\/sagrado_300719.jpg 840w, https:\/\/franciscanos.org.br\/vidacrista\/wp-content\/uploads\/2019\/07\/sagrado_300719-349x450.jpg 349w, https:\/\/franciscanos.org.br\/vidacrista\/wp-content\/uploads\/2019\/07\/sagrado_300719-768x989.jpg 768w, https:\/\/franciscanos.org.br\/vidacrista\/wp-content\/uploads\/2019\/07\/sagrado_300719-795x1024.jpg 795w, https:\/\/franciscanos.org.br\/vidacrista\/wp-content\/uploads\/2019\/07\/sagrado_300719-150x193.jpg 150w\" sizes=\"(max-width: 840px) 100vw, 840px\" \/><\/p>\n<p style=\"padding-left: 40px;\"><em>Vosso lado por n\u00f3s foi aberto, <\/em><br \/>\n<em>revelando ao olhar dos mortais <\/em><br \/>\n<em>as ra\u00edzes do amor invis\u00edvel, <\/em><br \/>\n<em>da ternura com que nos amais.<\/em><\/p>\n<p style=\"padding-left: 40px;\">\u00a0 \u00a0 \u00a0 \u00a0 Hino do Of\u00edcio das Leituras da festa do Cora\u00e7\u00e3o de Jesus<\/p>\n<p>\u2666 Somos crist\u00e3os. Ao longo do tempo da vida vamos fazendo morrer o homem velho e acolhendo o surgimento de um homem novo em n\u00f3s gra\u00e7as \u00e0 a\u00e7\u00e3o do Senhor. Nossa vida, com diz Paulo, est\u00e1 escondida em Cristo Jesus. Toda sua pessoa vai nos envolvendo. Ele vive, \u00e9 o ressuscitado e, misteriosamente, senta-se \u00e0 mesa conosco, abre nossos cora\u00e7\u00f5es para compreender a a\u00e7\u00e3o do Pai em nossas vidas e se disp\u00f5e misteriosamente a curar nossas feridas com a miseric\u00f3rdia e o perd\u00e3o.<\/p>\n<p>\u2666 Ele, o Senhor, vai nos acompanhando na peregrina\u00e7\u00e3o da exist\u00eancia. Nascemos. Vestimos nossa nudez com a ternura e o carinho dos pais, dos amigos, dos irm\u00e3os. Vamos fazendo experi\u00eancias ao longo da caminhada. Temos companheiros de estrada. Nas horas mais delicadas sentimos necessidade do apoio e da for\u00e7a do amor dos companheiros. Precisamos da companhia do amor desse Jesus.<\/p>\n<p>\u2666 O que sempre nos impressiona nesse Jesus dos evangelhos e no Senhor ressuscitado s\u00e3o gestos concretos de bem-querer. Temos at\u00e9 receio de ficar usando a palavra amor quando esta anda t\u00e3o banalizada. Amor \u00e9 palavra forte, estimulante, alentadora, encantadora. Jesus e todos os seus verdadeiros disc\u00edpulos sempre se debru\u00e7aram sobre o fraco, o doente, o que est\u00e1 em perigo, o peregrino que precisa de uma pousada, o que entra no escuro t\u00fanel do afastamento de Deus. Os evangelhos descrevem essa bondade do Mestre. Ressuscitado, ele continua sua busca por meio da gra\u00e7a. Pecadores e indiferentes atrav\u00e9s dos s\u00e9culos foram descobrindo essa misteriosa presen\u00e7a do Ressuscitado e tiveram a certeza que ela os atingia no abismo de suas revoltas, d\u00favidas, questionamentos. E exultaram de alegria.<\/p>\n<p>\u2666 H\u00e1 vidas fechadas que se abrem ao Belo, ao Bem, ao Amor convivendo com o Jesus dos evangelho e com o Cristo estampado de modo muito particular no rosto de seus disc\u00edpulos l\u00edmpidos, sinceros e transparentes. Insistimos: hoje andamos no seguimento do Ressuscitado.<\/p>\n<p>\u2666 Estamos preocupados em seguir a Jesus. Nunca, como em nossos tempos, tanto de fala num seguimento consciente de Jesus que se traduz em acreditar naquilo que ele acreditou, em abra\u00e7ar sua causa, em interessar-se por aquilo que ele se interessou, em dar a vida pelo que ele deu a vida. Trata-se de olhar a vida como Jesus olhava, tratar as pessoas como ele as tratava: acolhendo, ouvindo e acompanhando.<\/p>\n<p>\u2666Crist\u00e3os que somos, disc\u00edpulos que desejamos ser, n\u00e3o nos cansamos de contemplar o amor de Deus feito cruz na hora das horas. Mais ainda: fixamos nosso olhar numa casa que foi aberta pela lan\u00e7a do soldado, o Cora\u00e7\u00e3o de Jesus. Esse lado aberto \u00e9 sacramento do amor e se transformou num lugar de intimidade do disc\u00edpulo com o Mestre. Casa, pousada, abrigo, lugar de refontaliza\u00e7\u00e3o.<\/p>\n<p style=\"padding-left: 40px;\"><em>Tal amor, haver\u00e1 quem n\u00e3o ame?<\/em><br \/>\n<em>Quem lhe possa ficar insens\u00edvel?<\/em><br \/>\n<em>Quem n\u00e3o busque na paz deste lado, <\/em><br \/>\n<em>o ref\u00fagio, a morda invis\u00edvel?<\/em><\/p>\n<p style=\"padding-left: 40px;\">Hino das Leituras<\/p>\n<p><strong>Frei Almir Guimar\u00e3es<\/strong><\/p>\n","protected":false},"excerpt":{"rendered":"<p>1\u00aa Sexta-feira do M\u00eas, reflex\u00e3o de Frei Almir Guimar\u00e3es<\/p>\n","protected":false},"author":3,"featured_media":185648,"comment_status":"open","ping_status":"open","sticky":false,"template":"","format":"standard","meta":{"footnotes":""},"categories":[105],"tags":[106],"yoast_head":"<!-- This site is optimized with the Yoast SEO plugin v19.4 - https:\/\/yoast.com\/wordpress\/plugins\/seo\/ -->\n<title>Na hospedaria do cora\u00e7\u00e3o - Vida Crist\u00e3 - Franciscanos<\/title>\n<meta name=\"robots\" content=\"index, follow, max-snippet:-1, max-image-preview:large, max-video-preview:-1\" \/>\n<link rel=\"canonical\" href=\"https:\/\/franciscanos.org.br\/vidacrista\/na-hospedaria-do-coracao\/\" \/>\n<meta property=\"og:locale\" content=\"pt_BR\" \/>\n<meta property=\"og:type\" content=\"article\" \/>\n<meta property=\"og:title\" content=\"Na hospedaria do cora\u00e7\u00e3o - Vida Crist\u00e3 - Franciscanos\" \/>\n<meta property=\"og:description\" content=\"1\u00aa Sexta-feira do M\u00eas, reflex\u00e3o de Frei Almir Guimar\u00e3es\" \/>\n<meta property=\"og:url\" content=\"https:\/\/franciscanos.org.br\/vidacrista\/na-hospedaria-do-coracao\/\" \/>\n<meta property=\"og:site_name\" content=\"Vida Crist\u00e3 - Franciscanos\" \/>\n<meta property=\"article:published_time\" content=\"2019-07-30T10:51:12+00:00\" \/>\n<meta property=\"article:modified_time\" content=\"2020-06-15T15:10:04+00:00\" \/>\n<meta property=\"og:image\" content=\"https:\/\/franciscanos.org.br\/vidacrista\/wp-content\/uploads\/2019\/07\/sagrado_300719-1.jpg\" \/>\n\t<meta property=\"og:image:width\" content=\"800\" \/>\n\t<meta property=\"og:image:height\" content=\"601\" \/>\n\t<meta property=\"og:image:type\" content=\"image\/jpeg\" \/>\n<meta name=\"author\" content=\"moacir\" \/>\n<meta name=\"twitter:card\" content=\"summary_large_image\" \/>\n<meta name=\"twitter:label1\" content=\"Escrito por\" \/>\n\t<meta name=\"twitter:data1\" content=\"moacir\" \/>\n\t<meta name=\"twitter:label2\" content=\"Est. tempo de leitura\" \/>\n\t<meta name=\"twitter:data2\" content=\"3 minutos\" \/>\n<script type=\"application\/ld+json\" class=\"yoast-schema-graph\">{\"@context\":\"https:\/\/schema.org\",\"@graph\":[{\"@type\":\"WebSite\",\"@id\":\"https:\/\/franciscanos.org.br\/vidacrista\/#website\",\"url\":\"https:\/\/franciscanos.org.br\/vidacrista\/\",\"name\":\"Vida Crist\u00e3 - Franciscanos\",\"description\":\"Prov\u00edncia Franciscana da Imaculada Concei\u00e7\u00e3o do Brasil - Ordem dos Frades Menores\",\"potentialAction\":[{\"@type\":\"SearchAction\",\"target\":{\"@type\":\"EntryPoint\",\"urlTemplate\":\"https:\/\/franciscanos.org.br\/vidacrista\/?s={search_term_string}\"},\"query-input\":\"required name=search_term_string\"}],\"inLanguage\":\"pt-BR\"},{\"@type\":\"WebPage\",\"@id\":\"https:\/\/franciscanos.org.br\/vidacrista\/na-hospedaria-do-coracao\/\",\"url\":\"https:\/\/franciscanos.org.br\/vidacrista\/na-hospedaria-do-coracao\/\",\"name\":\"Na hospedaria do cora\u00e7\u00e3o - Vida Crist\u00e3 - Franciscanos\",\"isPartOf\":{\"@id\":\"https:\/\/franciscanos.org.br\/vidacrista\/#website\"},\"datePublished\":\"2019-07-30T10:51:12+00:00\",\"dateModified\":\"2020-06-15T15:10:04+00:00\",\"author\":{\"@id\":\"https:\/\/franciscanos.org.br\/vidacrista\/#\/schema\/person\/1880bdd2c350b735648725ef7614736a\"},\"breadcrumb\":{\"@id\":\"https:\/\/franciscanos.org.br\/vidacrista\/na-hospedaria-do-coracao\/#breadcrumb\"},\"inLanguage\":\"pt-BR\",\"potentialAction\":[{\"@type\":\"ReadAction\",\"target\":[\"https:\/\/franciscanos.org.br\/vidacrista\/na-hospedaria-do-coracao\/\"]}]},{\"@type\":\"BreadcrumbList\",\"@id\":\"https:\/\/franciscanos.org.br\/vidacrista\/na-hospedaria-do-coracao\/#breadcrumb\",\"itemListElement\":[{\"@type\":\"ListItem\",\"position\":1,\"name\":\"Home\",\"item\":\"https:\/\/franciscanos.org.br\/vidacrista\/\"},{\"@type\":\"ListItem\",\"position\":2,\"name\":\"Na hospedaria do cora\u00e7\u00e3o\"}]},{\"@type\":\"Person\",\"@id\":\"https:\/\/franciscanos.org.br\/vidacrista\/#\/schema\/person\/1880bdd2c350b735648725ef7614736a\",\"name\":\"moacir\",\"image\":{\"@type\":\"ImageObject\",\"inLanguage\":\"pt-BR\",\"@id\":\"https:\/\/franciscanos.org.br\/vidacrista\/#\/schema\/person\/image\/\",\"url\":\"https:\/\/secure.gravatar.com\/avatar\/d08aa2ce4c8dd416d4479aa8536fcf64?s=96&d=mm&r=g\",\"contentUrl\":\"https:\/\/secure.gravatar.com\/avatar\/d08aa2ce4c8dd416d4479aa8536fcf64?s=96&d=mm&r=g\",\"caption\":\"moacir\"},\"url\":\"https:\/\/franciscanos.org.br\/vidacrista\/author\/moacir\/\"}]}<\/script>\n<!-- \/ Yoast SEO plugin. -->","yoast_head_json":{"title":"Na hospedaria do cora\u00e7\u00e3o - Vida Crist\u00e3 - Franciscanos","robots":{"index":"index","follow":"follow","max-snippet":"max-snippet:-1","max-image-preview":"max-image-preview:large","max-video-preview":"max-video-preview:-1"},"canonical":"https:\/\/franciscanos.org.br\/vidacrista\/na-hospedaria-do-coracao\/","og_locale":"pt_BR","og_type":"article","og_title":"Na hospedaria do cora\u00e7\u00e3o - Vida Crist\u00e3 - Franciscanos","og_description":"1\u00aa Sexta-feira do M\u00eas, reflex\u00e3o de Frei Almir Guimar\u00e3es","og_url":"https:\/\/franciscanos.org.br\/vidacrista\/na-hospedaria-do-coracao\/","og_site_name":"Vida Crist\u00e3 - Franciscanos","article_published_time":"2019-07-30T10:51:12+00:00","article_modified_time":"2020-06-15T15:10:04+00:00","og_image":[{"width":800,"height":601,"url":"https:\/\/franciscanos.org.br\/vidacrista\/wp-content\/uploads\/2019\/07\/sagrado_300719-1.jpg","type":"image\/jpeg"}],"author":"moacir","twitter_card":"summary_large_image","twitter_misc":{"Escrito por":"moacir","Est. tempo de leitura":"3 minutos"},"schema":{"@context":"https:\/\/schema.org","@graph":[{"@type":"WebSite","@id":"https:\/\/franciscanos.org.br\/vidacrista\/#website","url":"https:\/\/franciscanos.org.br\/vidacrista\/","name":"Vida Crist\u00e3 - Franciscanos","description":"Prov\u00edncia Franciscana da Imaculada Concei\u00e7\u00e3o do Brasil - Ordem dos Frades Menores","potentialAction":[{"@type":"SearchAction","target":{"@type":"EntryPoint","urlTemplate":"https:\/\/franciscanos.org.br\/vidacrista\/?s={search_term_string}"},"query-input":"required name=search_term_string"}],"inLanguage":"pt-BR"},{"@type":"WebPage","@id":"https:\/\/franciscanos.org.br\/vidacrista\/na-hospedaria-do-coracao\/","url":"https:\/\/franciscanos.org.br\/vidacrista\/na-hospedaria-do-coracao\/","name":"Na hospedaria do cora\u00e7\u00e3o - Vida Crist\u00e3 - Franciscanos","isPartOf":{"@id":"https:\/\/franciscanos.org.br\/vidacrista\/#website"},"datePublished":"2019-07-30T10:51:12+00:00","dateModified":"2020-06-15T15:10:04+00:00","author":{"@id":"https:\/\/franciscanos.org.br\/vidacrista\/#\/schema\/person\/1880bdd2c350b735648725ef7614736a"},"breadcrumb":{"@id":"https:\/\/franciscanos.org.br\/vidacrista\/na-hospedaria-do-coracao\/#breadcrumb"},"inLanguage":"pt-BR","potentialAction":[{"@type":"ReadAction","target":["https:\/\/franciscanos.org.br\/vidacrista\/na-hospedaria-do-coracao\/"]}]},{"@type":"BreadcrumbList","@id":"https:\/\/franciscanos.org.br\/vidacrista\/na-hospedaria-do-coracao\/#breadcrumb","itemListElement":[{"@type":"ListItem","position":1,"name":"Home","item":"https:\/\/franciscanos.org.br\/vidacrista\/"},{"@type":"ListItem","position":2,"name":"Na hospedaria do cora\u00e7\u00e3o"}]},{"@type":"Person","@id":"https:\/\/franciscanos.org.br\/vidacrista\/#\/schema\/person\/1880bdd2c350b735648725ef7614736a","name":"moacir","image":{"@type":"ImageObject","inLanguage":"pt-BR","@id":"https:\/\/franciscanos.org.br\/vidacrista\/#\/schema\/person\/image\/","url":"https:\/\/secure.gravatar.com\/avatar\/d08aa2ce4c8dd416d4479aa8536fcf64?s=96&d=mm&r=g","contentUrl":"https:\/\/secure.gravatar.com\/avatar\/d08aa2ce4c8dd416d4479aa8536fcf64?s=96&d=mm&r=g","caption":"moacir"},"url":"https:\/\/franciscanos.org.br\/vidacrista\/author\/moacir\/"}]}},"_links":{"self":[{"href":"https:\/\/franciscanos.org.br\/vidacrista\/wp-json\/wp\/v2\/posts\/180643"}],"collection":[{"href":"https:\/\/franciscanos.org.br\/vidacrista\/wp-json\/wp\/v2\/posts"}],"about":[{"href":"https:\/\/franciscanos.org.br\/vidacrista\/wp-json\/wp\/v2\/types\/post"}],"author":[{"embeddable":true,"href":"https:\/\/franciscanos.org.br\/vidacrista\/wp-json\/wp\/v2\/users\/3"}],"replies":[{"embeddable":true,"href":"https:\/\/franciscanos.org.br\/vidacrista\/wp-json\/wp\/v2\/comments?post=180643"}],"version-history":[{"count":2,"href":"https:\/\/franciscanos.org.br\/vidacrista\/wp-json\/wp\/v2\/posts\/180643\/revisions"}],"predecessor-version":[{"id":181280,"href":"https:\/\/franciscanos.org.br\/vidacrista\/wp-json\/wp\/v2\/posts\/180643\/revisions\/181280"}],"wp:featuredmedia":[{"embeddable":true,"href":"https:\/\/franciscanos.org.br\/vidacrista\/wp-json\/wp\/v2\/media\/185648"}],"wp:attachment":[{"href":"https:\/\/franciscanos.org.br\/vidacrista\/wp-json\/wp\/v2\/media?parent=180643"}],"wp:term":[{"taxonomy":"category","embeddable":true,"href":"https:\/\/franciscanos.org.br\/vidacrista\/wp-json\/wp\/v2\/categories?post=180643"},{"taxonomy":"post_tag","embeddable":true,"href":"https:\/\/franciscanos.org.br\/vidacrista\/wp-json\/wp\/v2\/tags?post=180643"}],"curies":[{"name":"wp","href":"https:\/\/api.w.org\/{rel}","templated":true}]}}