{"id":180211,"date":"2019-07-04T08:34:28","date_gmt":"2019-07-04T11:34:28","guid":{"rendered":"https:\/\/franciscanos.org.br\/vidacrista\/?p=180211"},"modified":"2020-07-29T13:59:10","modified_gmt":"2020-07-29T16:59:10","slug":"franciscanos-propoem-acoes-para-evitar-destruicao-do-planeta","status":"publish","type":"post","link":"https:\/\/franciscanos.org.br\/vidacrista\/franciscanos-propoem-acoes-para-evitar-destruicao-do-planeta\/","title":{"rendered":"Franciscanos prop\u00f5em a\u00e7\u00f5es para evitar destrui\u00e7\u00e3o do planeta"},"content":{"rendered":"<p><img decoding=\"async\" loading=\"lazy\" class=\"alignnone wp-image-187138 size-full\" src=\"https:\/\/franciscanos.org.br\/vidacrista\/wp-content\/uploads\/2019\/07\/ofm_0407-1.jpg\" alt=\"\" width=\"890\" height=\"386\" srcset=\"https:\/\/franciscanos.org.br\/vidacrista\/wp-content\/uploads\/2019\/07\/ofm_0407-1.jpg 890w, https:\/\/franciscanos.org.br\/vidacrista\/wp-content\/uploads\/2019\/07\/ofm_0407-1-450x195.jpg 450w, https:\/\/franciscanos.org.br\/vidacrista\/wp-content\/uploads\/2019\/07\/ofm_0407-1-768x333.jpg 768w, https:\/\/franciscanos.org.br\/vidacrista\/wp-content\/uploads\/2019\/07\/ofm_0407-1-150x65.jpg 150w\" sizes=\"(max-width: 890px) 100vw, 890px\" \/><\/p>\n<p>O <strong>Conselho Internacional de Justi\u00e7a, Paz e Integridade da Cria\u00e7\u00e3o (JPIC)<\/strong> da Ordem dos Frades Menores (CIJPIC) se reuniu de 3 a 10 de junho de 2019,\u00a0 em Jerusal\u00e9m, com o apoio da Cust\u00f3dia da Terra Santa. Organizado pelo Escrit\u00f3rio da JPIC da C\u00faria Geral de, o encontro tratou de temas como as mudan\u00e7as clim\u00e1ticas,\u00a0 prote\u00e7\u00e3o dos direitos humanos e aten\u00e7\u00e3o especial aos problemas e viola\u00e7\u00f5es reais existentes nos 119 pa\u00edses onde a Ordem dos Frades Menores est\u00e1 presente. Segundo Frei Jaime Campos, diretor do Escrit\u00f3rio Geral da JPIC,\u00a0 essa reuni\u00e3o permitiu avaliar o trabalho que foi feito e planejar, com nossas discuss\u00f5es, futuros trabalhos com aten\u00e7\u00e3o constante ao conte\u00fado da Enc\u00edclica <em>Laudato Si\u2019.<\/em><\/p>\n<p>O encontro, que contou com a participa\u00e7\u00e3o de representantes das diversas Confer\u00eancias dos Frades Menores &#8211; Austr\u00e1lia, Brasil, Chile, Col\u00f4mbia, Cor\u00e9ia, Eslov\u00eania, EUA, Filipinas, Fran\u00e7a, It\u00e1lia, M\u00e9xico, Pol\u00f4nia e Reino Unido &#8211; encerrou-se com o Documento Final, que trata de quest\u00f5es relacionas \u00e0 crise clim\u00e1tica, crise s\u00f3cio-ambiental, crise migrat\u00f3ria, sempre com propostas concretas e partindo da Enc\u00edclica <em>Laudato Si&#8217;<\/em>, do Papa Francisco, numa perspectiva de convers\u00e3o ecol\u00f3gica.<\/p>\n<h3>Declara\u00e7\u00e3o de Jerusal\u00e9m<\/h3>\n<p>&#8220;Queremos sonhar e ao mesmo tempo ser profetas de esperan\u00e7a, capazes de anunciar o Evangelho para a constru\u00e7\u00e3o de Reino, denunciando e combatendo as situa\u00e7\u00f5es concretas de injusti\u00e7a e viol\u00eancia do mundo atual. Esta atitude nos far\u00e1 dar muitos frutos como pessoas consagrada nos &#8230;&#8221;(CPO 2018 177).<\/p>\n<p><strong>&#8220;Laudato si'&#8221;: Convers\u00e3o ecol\u00f3gica integral<\/strong><\/p>\n<p>Inspirados pela enc\u00edclica papal <em>Laudato Si&#8217;<\/em> acreditamos firmemente que \u201ca sobriedade no estilo de vida e a sensibilidade pela solidariedade ecol\u00f3gica e social s\u00e3o express\u00f5es pr\u00f3prias do carisma franciscano, consciente de que o nosso compromisso com a ecologia \u00e9 parte da convers\u00e3o integral que nos torna irm\u00e3os e irm\u00e3s de todas as criaturas. Cada Fraternidade, em seu projeto de vida e miss\u00e3o, desenvolva um programa ecol\u00f3gico que promova estilos e op\u00e7\u00f5es concretas de vida que expressem respeito e cuidado para cria\u00e7\u00e3o&#8221; (Cf. CPO \/18 114-116)<\/p>\n<p>Os desafios colocados pelo documento do CPO 2018 e pela Enc\u00edclica <em>Laudato Si&#8217;,<\/em> nos levam a propor o seguinte:<\/p>\n<p style=\"padding-left: 40px;\">\u2666 Renovar a nossa presen\u00e7a prof\u00e9tica no mundo de hoje, atrav\u00e9s de um processo radical de convers\u00e3o ecol\u00f3gica individual e comunit\u00e1ria.<br \/>\n\u2666 Adotar a metodologia da n\u00e3o-viol\u00eancia ativa e da paz justa.<br \/>\n\u2666 Estar abertos a uma maior colabora\u00e7\u00e3o \u201cad intra\u201d e \u201cad extra\u201d na Igreja.<br \/>\n\u2666 Comprometer-se com a iniciativa \u201cCatholic Nonviolence Initiave\u201d de Pax Christi International.<br \/>\n\u2666 Integrar e celebrar ativamente <em>Laudato Si&#8217;<\/em> na liturgia.<br \/>\n\u2666 Promover o estudo da Enc\u00edclica atrav\u00e9s dos \u201cC\u00edrculos de anima\u00e7\u00e3o e dos retiros <em>Lautado Si&#8217;<\/em> do MovimentoCat\u00f3lico Global pelo Clima.<br \/>\n\u2666 Fazer mem\u00f3ria dos m\u00e1rtires do meio ambiente.<br \/>\n\u2666 Recolher e criar recursos (homil\u00e9ticos, catequ\u00e9ticos, pr\u00e1ticos&#8230;) e compartilh\u00e1-los.<br \/>\n\u2666 Melhorar a comunica\u00e7\u00e3o usando as redes sociais e servi\u00e7os multim\u00eddia dispon\u00edveis<\/p>\n<p><strong>Crise clim\u00e1tica<\/strong><\/p>\n<p>N\u00f3s, membros do CIJPIC, estamos profundamente preocupados com os desastres que ocorrem em todo o mundo e seu impacto negativo sobre os pobres e vulner\u00e1veis; e reconhecemos que a interven\u00e7\u00e3o humana indiscriminada est\u00e1 destruindo o sistema clim\u00e1tico do nosso planeta. Somos testemunhas da crise clim\u00e1tica e constatamos que nos resta pouco tempo para que a humanidade mude sua trajet\u00f3ria e evite as piores consequ\u00eancias desta cat\u00e1strofe clim\u00e1tica mundial para o genro humano e o resto dos seres vivos na terra. N\u00e3o podemos ficar indiferentes \u00e0 voz dos jovens que exigem justice clim\u00e1tica.<\/p>\n<p>\u00c9 por isso que propomos:<\/p>\n<p style=\"padding-left: 40px;\">\u2666 Promover e celebrar o &#8220;Tempo de o Cria\u00e7\u00e3o&#8221;, atrav\u00e9s da liturgia e atividades solid\u00e1ria.<br \/>\n\u2666 Colaborar com o Movimento Cat\u00f3lico Mundial pelo Clima.<br \/>\n\u2666 N\u00e3o fazer investimentos em ind\u00fastrias de combust\u00edveis f\u00f3sseis e investir em energias renov\u00e1vel.<br \/>\n\u2666 Participar dos movimentos que trabalham pela justi\u00e7a clim\u00e1tica.<br \/>\n\u2666 Aumentar nossa tomada de consci\u00eancia e aprofundar na compreens\u00e3o esta problem\u00e1tica.<br \/>\n\u2666 Recolher experi\u00eancias de boas pr\u00e1ticas e compartilh\u00e1-las.<br \/>\n\u2666 Promover alternativas \u00e0 cultura consumista (consumo respons\u00e1vel, decrescimento, consumir produtos locais, Km 0, etc.).<br \/>\n\u2666 Trabalhar pela transforma\u00e7\u00e3o social com a sociedade civil, autoridades governamentais e empreendedores sociais.<br \/>\n\u2666 Promover um projeto de plantio ecol\u00f3gico de \u00e1rvores<\/p>\n<p><strong>Crise socioambiental<\/strong><\/p>\n<p>Tamb\u00e9m estamos conscientes das muitas devasta\u00e7\u00f5es no meio ambiente e na humanidade devido a v\u00e1rias pr\u00e1ticas extrativistas, como a minera\u00e7\u00e3o e o <em>fracking<\/em>, ou a agricultura de monocultivos, etc. &#8220;Muitas vezes as t\u00e9cnicas de minera\u00e7\u00e3o, os despejos e a perda de poder de pessoas, a contamina\u00e7\u00e3o dos solos e da \u00e1gua, a corrup\u00e7\u00e3o e a prepot\u00eancia das multinacionais de minera\u00e7\u00e3o, com sua distribui\u00e7\u00e3o injusta das riquezas que obt\u00eam, nos impele a questionar seu verdadeiro valor.&#8221; (<em>Declara\u00e7\u00e3o de Verona).<\/em> Cremos que n\u00f3s, os franciscanos, estamos chamados \u00e0 a\u00e7\u00e3o solid\u00e1ria com as comunidades atingidas na Amaz\u00f4nia e em outros lugares. Pelo que reconhecemos e promovemos &#8220;um tipo diferente de economia: uma economia que \u00e9 inclusiva e n\u00e3o exclusiva, humana e n\u00e3o desumanizante, que cuida do meio ambiente e n\u00e3o o espolie\u201d (<em>convite do Papa Francisco ao evento \u201cEconomia de Francisco\u201d 2019<\/em>). Concretamente nos esfor\u00e7aremos para reduzir e reparar os danos sociais, ambientais e econ\u00f4micos, que se produzem em nossa casa comum.<\/p>\n<p>E por isso propomos:<\/p>\n<p style=\"padding-left: 40px;\">\u2666 Recusar-se a fazer parte da cultura consumista de nossa sociedade<br \/>\n\u2666 Apoiar e solidarizar-se com as v\u00edtimas de extrativismo.<br \/>\n\u2666 Juntar-se \u00e0 campanha &#8220;Direito de dizer n\u00e3o&#8221;.<br \/>\n\u2666 Desenvolver estrat\u00e9gias de &#8220;boicote&#8221; a determinados produtos.<br \/>\n\u2666 N\u00e3o fazer investimentos em empresas que atacam os direitos humanos e ambientais e investirem projetos sustent\u00e1veis e \u00e9ticos.<br \/>\n\u2666 Continuar colaborando com<em> Franciscans International<\/em> e com o F\u00f3rum Social sobre o Extrativismo.<br \/>\n\u2666 Incentivar as Entidades da Ordem a trabalhar com as ONGs de seu entorno nesse \u00e2mbito.<br \/>\n\u2666 Envolver as escolas de administra\u00e7\u00e3o propondo modelos econ\u00f4micos alternativos ao atual, que apoiem a Responsabilidade Social Corporativa, a convers\u00e3o ecol\u00f3gica e a justi\u00e7a clim\u00e1tica.<\/p>\n<p><strong>Crise migrat\u00f3ria<\/strong><\/p>\n<p>Vemos a migra\u00e7\u00e3o como um fen\u00f4meno global causado por m\u00faltiplos fatores, entre eles a viol\u00eancia, a desigualdade social, a crise pol\u00edtica e clim\u00e1tica. Seu alcance cada vez maior em todo o mundo desafia nossa &#8220;Vis\u00e3o franciscana da vida que encontra seus fundamentos na revela\u00e7\u00e3o b\u00edblica, que nos faz entender que um \u00e9 nosso Pai e que somos todos irm\u00e3os e irm\u00e3s, e que estamos unidos por v\u00ednculos invis\u00edveis, formando uma s\u00f3 fam\u00edlia universal com todos os seres do universo. Por tanto n\u00f3s podemos permanecer indiferentes ante \u00e0 grave crise da mobilidade humana, e n\u00e3o podemos ser indiferentes \u00e0 situa\u00e7\u00e3o de nossos irm\u00e3os e irm\u00e3s imigrantes&#8221;(Cf. CPO \/ 18, 122 &#8211; 123).<\/p>\n<p>Por isso propomos:<\/p>\n<p style=\"padding-left: 40px;\">\u2666 Criar uma cultura humanista de hospitalidade; aceitando, acolhendo e cuidando dos imigrantes como irm\u00e3os e irm\u00e3s nossas.<br \/>\n\u2666 Abrir nossa casas e conventos para receber, escutar e dialogar com os imigrantes.<br \/>\n\u2666 Celebrar a Jornada Mundial pelos Refugiados e migrantes, e a Ora\u00e7\u00e3o contra o Tr\u00e1fico de Pessoas.<br \/>\n\u2666 Ajudar e colaborar com os Centros de Imigrantes existentes.<br \/>\n\u2666 Promover &#8220;experi\u00eancias no terreno&#8221;, para os frades em forma\u00e7\u00e3o inicial e permanente, nos Centros de Atendimento aos Imigrante.<br \/>\n\u2666 Organizar &#8220;campos de trabalho e conscientiza\u00e7\u00e3o&#8221; para jovens e frades.<br \/>\n\u2666 Promover campanhas para superar preconceitos contra imigrantes.<br \/>\n\u2666 Participar da Rede Franciscana para os Imigrantes na Am\u00e9rica.<br \/>\n\u2666 Divulgar ferramentas legais e recursos para migrantes.<\/p>\n<p>Apesar da cont\u00ednua viol\u00eancia e conflito na regi\u00e3o fomos testemunhas e constatamos o trabalho e obras realizadas pelos nossos irm\u00e3os da Cust\u00f3dia da Terra Santa pela a paz e os direitos humanos. Tamb\u00e9m nos demos conta de que n\u00f3s como Franciscanos, temos que &#8220;trabalhar para ser instrumentos de paz e reconcilia\u00e7\u00e3o, permanecer presentes em lugares de guerra e viol\u00eancia e n\u00e3o abandonar os que sofrem\u201d . (cf. CPO \/ 18, 168). Com profunda preocupa\u00e7\u00e3o pela crise pol\u00edtica e pelas inacredit\u00e1veis viola\u00e7\u00f5es de direitos humanos em alguns pa\u00edses, expressamos nossa solidariedade com os oprimidos, os menores, os esquecidos e os \u00faltimos.<\/p>\n<p><strong>O Conselho Internacional de JPIC leu e discerniu os sinais dos tempos como um chamado, enquanto franciscanos, para responder \u00e0s crises globais atrav\u00e9s de uma convers\u00e3o ecol\u00f3gica integral radical; que inclui as dimens\u00f5es espirituais, sociais, econ\u00f4micas e pol\u00edticas. Como fraternidade contemplativa em miss\u00e3o, nos comprometemos \u00e0 a\u00e7\u00e3o atrav\u00e9s da contempla\u00e7\u00e3o e da ora\u00e7\u00e3o, do compromisso de solid\u00e1rio com os pobres e a Terra; pedindo a todos os frades da Ordem que aprofundemos nossa voca\u00e7\u00e3o e convers\u00e3o no s\u00e9culo XXI.<\/strong><\/p>\n","protected":false},"excerpt":{"rendered":"<p>JPIC<\/p>\n","protected":false},"author":3,"featured_media":187139,"comment_status":"open","ping_status":"open","sticky":false,"template":"","format":"standard","meta":{"footnotes":""},"categories":[26],"tags":[227,98],"yoast_head":"<!-- This site is optimized with the Yoast SEO plugin v19.4 - https:\/\/yoast.com\/wordpress\/plugins\/seo\/ -->\n<title>Franciscanos prop\u00f5em a\u00e7\u00f5es para evitar destrui\u00e7\u00e3o do planeta - Vida Crist\u00e3 - Franciscanos<\/title>\n<meta name=\"robots\" content=\"index, follow, max-snippet:-1, max-image-preview:large, max-video-preview:-1\" \/>\n<link rel=\"canonical\" href=\"https:\/\/franciscanos.org.br\/vidacrista\/franciscanos-propoem-acoes-para-evitar-destruicao-do-planeta\/\" \/>\n<meta property=\"og:locale\" content=\"pt_BR\" \/>\n<meta property=\"og:type\" content=\"article\" \/>\n<meta property=\"og:title\" content=\"Franciscanos prop\u00f5em a\u00e7\u00f5es para evitar destrui\u00e7\u00e3o do planeta - Vida Crist\u00e3 - Franciscanos\" \/>\n<meta property=\"og:description\" content=\"JPIC\" \/>\n<meta property=\"og:url\" content=\"https:\/\/franciscanos.org.br\/vidacrista\/franciscanos-propoem-acoes-para-evitar-destruicao-do-planeta\/\" \/>\n<meta property=\"og:site_name\" content=\"Vida Crist\u00e3 - Franciscanos\" \/>\n<meta property=\"article:published_time\" content=\"2019-07-04T11:34:28+00:00\" \/>\n<meta property=\"article:modified_time\" content=\"2020-07-29T16:59:10+00:00\" \/>\n<meta property=\"og:image\" content=\"https:\/\/franciscanos.org.br\/vidacrista\/wp-content\/uploads\/2019\/07\/ofm_0407d.jpg\" \/>\n\t<meta property=\"og:image:width\" content=\"800\" \/>\n\t<meta property=\"og:image:height\" content=\"601\" \/>\n\t<meta property=\"og:image:type\" content=\"image\/jpeg\" \/>\n<meta name=\"author\" content=\"moacir\" \/>\n<meta name=\"twitter:card\" content=\"summary_large_image\" \/>\n<meta name=\"twitter:label1\" content=\"Escrito por\" \/>\n\t<meta name=\"twitter:data1\" content=\"moacir\" \/>\n\t<meta name=\"twitter:label2\" content=\"Est. tempo de leitura\" \/>\n\t<meta name=\"twitter:data2\" content=\"7 minutos\" \/>\n<script type=\"application\/ld+json\" class=\"yoast-schema-graph\">{\"@context\":\"https:\/\/schema.org\",\"@graph\":[{\"@type\":\"WebSite\",\"@id\":\"https:\/\/franciscanos.org.br\/vidacrista\/#website\",\"url\":\"https:\/\/franciscanos.org.br\/vidacrista\/\",\"name\":\"Vida Crist\u00e3 - Franciscanos\",\"description\":\"Prov\u00edncia Franciscana da Imaculada Concei\u00e7\u00e3o do Brasil - Ordem dos Frades Menores\",\"potentialAction\":[{\"@type\":\"SearchAction\",\"target\":{\"@type\":\"EntryPoint\",\"urlTemplate\":\"https:\/\/franciscanos.org.br\/vidacrista\/?s={search_term_string}\"},\"query-input\":\"required name=search_term_string\"}],\"inLanguage\":\"pt-BR\"},{\"@type\":\"WebPage\",\"@id\":\"https:\/\/franciscanos.org.br\/vidacrista\/franciscanos-propoem-acoes-para-evitar-destruicao-do-planeta\/\",\"url\":\"https:\/\/franciscanos.org.br\/vidacrista\/franciscanos-propoem-acoes-para-evitar-destruicao-do-planeta\/\",\"name\":\"Franciscanos prop\u00f5em a\u00e7\u00f5es para evitar destrui\u00e7\u00e3o do planeta - Vida Crist\u00e3 - Franciscanos\",\"isPartOf\":{\"@id\":\"https:\/\/franciscanos.org.br\/vidacrista\/#website\"},\"datePublished\":\"2019-07-04T11:34:28+00:00\",\"dateModified\":\"2020-07-29T16:59:10+00:00\",\"author\":{\"@id\":\"https:\/\/franciscanos.org.br\/vidacrista\/#\/schema\/person\/1880bdd2c350b735648725ef7614736a\"},\"breadcrumb\":{\"@id\":\"https:\/\/franciscanos.org.br\/vidacrista\/franciscanos-propoem-acoes-para-evitar-destruicao-do-planeta\/#breadcrumb\"},\"inLanguage\":\"pt-BR\",\"potentialAction\":[{\"@type\":\"ReadAction\",\"target\":[\"https:\/\/franciscanos.org.br\/vidacrista\/franciscanos-propoem-acoes-para-evitar-destruicao-do-planeta\/\"]}]},{\"@type\":\"BreadcrumbList\",\"@id\":\"https:\/\/franciscanos.org.br\/vidacrista\/franciscanos-propoem-acoes-para-evitar-destruicao-do-planeta\/#breadcrumb\",\"itemListElement\":[{\"@type\":\"ListItem\",\"position\":1,\"name\":\"Home\",\"item\":\"https:\/\/franciscanos.org.br\/vidacrista\/\"},{\"@type\":\"ListItem\",\"position\":2,\"name\":\"Franciscanos prop\u00f5em a\u00e7\u00f5es para evitar destrui\u00e7\u00e3o do planeta\"}]},{\"@type\":\"Person\",\"@id\":\"https:\/\/franciscanos.org.br\/vidacrista\/#\/schema\/person\/1880bdd2c350b735648725ef7614736a\",\"name\":\"moacir\",\"image\":{\"@type\":\"ImageObject\",\"inLanguage\":\"pt-BR\",\"@id\":\"https:\/\/franciscanos.org.br\/vidacrista\/#\/schema\/person\/image\/\",\"url\":\"https:\/\/secure.gravatar.com\/avatar\/d08aa2ce4c8dd416d4479aa8536fcf64?s=96&d=mm&r=g\",\"contentUrl\":\"https:\/\/secure.gravatar.com\/avatar\/d08aa2ce4c8dd416d4479aa8536fcf64?s=96&d=mm&r=g\",\"caption\":\"moacir\"},\"url\":\"https:\/\/franciscanos.org.br\/vidacrista\/author\/moacir\/\"}]}<\/script>\n<!-- \/ Yoast SEO plugin. -->","yoast_head_json":{"title":"Franciscanos prop\u00f5em a\u00e7\u00f5es para evitar destrui\u00e7\u00e3o do planeta - Vida Crist\u00e3 - Franciscanos","robots":{"index":"index","follow":"follow","max-snippet":"max-snippet:-1","max-image-preview":"max-image-preview:large","max-video-preview":"max-video-preview:-1"},"canonical":"https:\/\/franciscanos.org.br\/vidacrista\/franciscanos-propoem-acoes-para-evitar-destruicao-do-planeta\/","og_locale":"pt_BR","og_type":"article","og_title":"Franciscanos prop\u00f5em a\u00e7\u00f5es para evitar destrui\u00e7\u00e3o do planeta - Vida Crist\u00e3 - Franciscanos","og_description":"JPIC","og_url":"https:\/\/franciscanos.org.br\/vidacrista\/franciscanos-propoem-acoes-para-evitar-destruicao-do-planeta\/","og_site_name":"Vida Crist\u00e3 - Franciscanos","article_published_time":"2019-07-04T11:34:28+00:00","article_modified_time":"2020-07-29T16:59:10+00:00","og_image":[{"width":800,"height":601,"url":"https:\/\/franciscanos.org.br\/vidacrista\/wp-content\/uploads\/2019\/07\/ofm_0407d.jpg","type":"image\/jpeg"}],"author":"moacir","twitter_card":"summary_large_image","twitter_misc":{"Escrito por":"moacir","Est. tempo de leitura":"7 minutos"},"schema":{"@context":"https:\/\/schema.org","@graph":[{"@type":"WebSite","@id":"https:\/\/franciscanos.org.br\/vidacrista\/#website","url":"https:\/\/franciscanos.org.br\/vidacrista\/","name":"Vida Crist\u00e3 - Franciscanos","description":"Prov\u00edncia Franciscana da Imaculada Concei\u00e7\u00e3o do Brasil - Ordem dos Frades Menores","potentialAction":[{"@type":"SearchAction","target":{"@type":"EntryPoint","urlTemplate":"https:\/\/franciscanos.org.br\/vidacrista\/?s={search_term_string}"},"query-input":"required name=search_term_string"}],"inLanguage":"pt-BR"},{"@type":"WebPage","@id":"https:\/\/franciscanos.org.br\/vidacrista\/franciscanos-propoem-acoes-para-evitar-destruicao-do-planeta\/","url":"https:\/\/franciscanos.org.br\/vidacrista\/franciscanos-propoem-acoes-para-evitar-destruicao-do-planeta\/","name":"Franciscanos prop\u00f5em a\u00e7\u00f5es para evitar destrui\u00e7\u00e3o do planeta - Vida Crist\u00e3 - Franciscanos","isPartOf":{"@id":"https:\/\/franciscanos.org.br\/vidacrista\/#website"},"datePublished":"2019-07-04T11:34:28+00:00","dateModified":"2020-07-29T16:59:10+00:00","author":{"@id":"https:\/\/franciscanos.org.br\/vidacrista\/#\/schema\/person\/1880bdd2c350b735648725ef7614736a"},"breadcrumb":{"@id":"https:\/\/franciscanos.org.br\/vidacrista\/franciscanos-propoem-acoes-para-evitar-destruicao-do-planeta\/#breadcrumb"},"inLanguage":"pt-BR","potentialAction":[{"@type":"ReadAction","target":["https:\/\/franciscanos.org.br\/vidacrista\/franciscanos-propoem-acoes-para-evitar-destruicao-do-planeta\/"]}]},{"@type":"BreadcrumbList","@id":"https:\/\/franciscanos.org.br\/vidacrista\/franciscanos-propoem-acoes-para-evitar-destruicao-do-planeta\/#breadcrumb","itemListElement":[{"@type":"ListItem","position":1,"name":"Home","item":"https:\/\/franciscanos.org.br\/vidacrista\/"},{"@type":"ListItem","position":2,"name":"Franciscanos prop\u00f5em a\u00e7\u00f5es para evitar destrui\u00e7\u00e3o do planeta"}]},{"@type":"Person","@id":"https:\/\/franciscanos.org.br\/vidacrista\/#\/schema\/person\/1880bdd2c350b735648725ef7614736a","name":"moacir","image":{"@type":"ImageObject","inLanguage":"pt-BR","@id":"https:\/\/franciscanos.org.br\/vidacrista\/#\/schema\/person\/image\/","url":"https:\/\/secure.gravatar.com\/avatar\/d08aa2ce4c8dd416d4479aa8536fcf64?s=96&d=mm&r=g","contentUrl":"https:\/\/secure.gravatar.com\/avatar\/d08aa2ce4c8dd416d4479aa8536fcf64?s=96&d=mm&r=g","caption":"moacir"},"url":"https:\/\/franciscanos.org.br\/vidacrista\/author\/moacir\/"}]}},"_links":{"self":[{"href":"https:\/\/franciscanos.org.br\/vidacrista\/wp-json\/wp\/v2\/posts\/180211"}],"collection":[{"href":"https:\/\/franciscanos.org.br\/vidacrista\/wp-json\/wp\/v2\/posts"}],"about":[{"href":"https:\/\/franciscanos.org.br\/vidacrista\/wp-json\/wp\/v2\/types\/post"}],"author":[{"embeddable":true,"href":"https:\/\/franciscanos.org.br\/vidacrista\/wp-json\/wp\/v2\/users\/3"}],"replies":[{"embeddable":true,"href":"https:\/\/franciscanos.org.br\/vidacrista\/wp-json\/wp\/v2\/comments?post=180211"}],"version-history":[{"count":5,"href":"https:\/\/franciscanos.org.br\/vidacrista\/wp-json\/wp\/v2\/posts\/180211\/revisions"}],"predecessor-version":[{"id":187141,"href":"https:\/\/franciscanos.org.br\/vidacrista\/wp-json\/wp\/v2\/posts\/180211\/revisions\/187141"}],"wp:featuredmedia":[{"embeddable":true,"href":"https:\/\/franciscanos.org.br\/vidacrista\/wp-json\/wp\/v2\/media\/187139"}],"wp:attachment":[{"href":"https:\/\/franciscanos.org.br\/vidacrista\/wp-json\/wp\/v2\/media?parent=180211"}],"wp:term":[{"taxonomy":"category","embeddable":true,"href":"https:\/\/franciscanos.org.br\/vidacrista\/wp-json\/wp\/v2\/categories?post=180211"},{"taxonomy":"post_tag","embeddable":true,"href":"https:\/\/franciscanos.org.br\/vidacrista\/wp-json\/wp\/v2\/tags?post=180211"}],"curies":[{"name":"wp","href":"https:\/\/api.w.org\/{rel}","templated":true}]}}