{"id":180195,"date":"2019-07-03T12:51:14","date_gmt":"2019-07-03T15:51:14","guid":{"rendered":"https:\/\/franciscanos.org.br\/vidacrista\/?p=180195"},"modified":"2020-06-15T08:13:51","modified_gmt":"2020-06-15T11:13:51","slug":"sempre-de-novo-voltar-a-jesus","status":"publish","type":"post","link":"https:\/\/franciscanos.org.br\/vidacrista\/sempre-de-novo-voltar-a-jesus\/","title":{"rendered":"Sempre de novo, voltar a Jesus"},"content":{"rendered":"<p><img decoding=\"async\" loading=\"lazy\" class=\"alignnone size-full wp-image-180196\" src=\"https:\/\/franciscanos.org.br\/vidacrista\/wp-content\/uploads\/2019\/07\/sagrado_030719.jpg\" alt=\"\" width=\"890\" height=\"1107\" srcset=\"https:\/\/franciscanos.org.br\/vidacrista\/wp-content\/uploads\/2019\/07\/sagrado_030719.jpg 890w, https:\/\/franciscanos.org.br\/vidacrista\/wp-content\/uploads\/2019\/07\/sagrado_030719-362x450.jpg 362w, https:\/\/franciscanos.org.br\/vidacrista\/wp-content\/uploads\/2019\/07\/sagrado_030719-768x955.jpg 768w, https:\/\/franciscanos.org.br\/vidacrista\/wp-content\/uploads\/2019\/07\/sagrado_030719-823x1024.jpg 823w, https:\/\/franciscanos.org.br\/vidacrista\/wp-content\/uploads\/2019\/07\/sagrado_030719-150x187.jpg 150w\" sizes=\"(max-width: 890px) 100vw, 890px\" \/><\/p>\n<p><strong>Frei Almir Guimar\u00e3es<\/strong><\/p>\n<p style=\"padding-left: 40px;\"><em>\u201cTodos os crist\u00e3os, em qualquer lugar e situa\u00e7\u00e3o em que se encontrem, est\u00e3o convidados a renovar hoje mesmo o seu encontro pessoal com Jesus Cristo ou, pelo menos, a tomar a decis\u00e3o de se deixar encontrar por Ele, de procur\u00e1-lo dia a dia, sem cessar\u201d<\/em>. <strong>Papa Francisco, A Alegria do Evangelho, 3<\/strong><\/p>\n<p>\u2666 M\u00eas ap\u00f3s m\u00eas, crist\u00e3os que somos, na Primeira Sexta-feira do M\u00eas, temos muito gosto em nos deter diante de Jesus, o Filho amado do Pai, com seu Cora\u00e7\u00e3o aberto no alto da cruz. Desde nossa mais tenra inf\u00e2ncia aprendemos a olhar com indiz\u00edvel amor e carinhoso respeito para o \u201clado aberto\u201d no lado do Senhor. Daquela fissura no peito do Senhor brotaram rios de \u00e1gua e sangue, mas sobretudo esse lugar se converteu para todos em \u00e2mbito de contempla\u00e7\u00e3o, de gratid\u00e3o e de j\u00fabilo interior. Uma for\u00e7a de vida prov\u00e9m desse amor que termina com uma gruta a ser habitada, a gruta do peito do Senhor.<\/p>\n<p>\u2666 N\u00e3o h\u00e1 d\u00favida, o Papa Francisco, tem toda raz\u00e3o quando nos convida a voltar ao encontro pessoal com Cristo. N\u00e3o nos sentimos satisfeitos com a mera \u201cpratica\u201d religiosa, com perten\u00e7a \u00e0 religi\u00e3o cat\u00f3lica. Colocamos ritos, formulamos ou recitamos ora\u00e7\u00f5es com o melhor de n\u00f3s mesmos. Nada, pois, a recriminar. Pode, no entanto, acontecer que tenhamos nos acostumado demais com tudo o que colocamos ou dizemos. Talvez falte o mais importante que \u00e9 o contato pessoal, direto com o Senhor Jesus. Ele vive, est\u00e1 em nosso meio, se imiscui em nosso cotidiano, faz-se presente. De modo particular sua presen\u00e7a se adensa quando nos reunimos para a ora\u00e7\u00e3o comunit\u00e1ria e para a celebra\u00e7\u00e3o da Eucaristia. Certamente, como disc\u00edpulos de Jesus, n\u00e3o faltamos a esses encontros que Ele marca conosco.<\/p>\n<p>\u2666H\u00e1, no entanto, hoje mais do que nunca, uma insist\u00eancia a que venhamos a nutrir uma amizade pessoal com o Senhor. Ele mesmo deu a entender que nos tratava como amigos e que tudo o que tinha de carinhoso a nos revelar foi feito. No sil\u00eancio do quarto, na ora\u00e7\u00e3o serena, na leitura carinhosa das p\u00e1ginas do Evangelho, mormente em suas exorta\u00e7\u00f5es e par\u00e1bolas ao longo da peregrina\u00e7\u00e3o da vida, vamos ouvindo o Mestre e deixando que Ele nos modele.<\/p>\n<p>\u2666 De modo muito particular, nosso encontro pessoal pode se dar por meio da contempla\u00e7\u00e3o da cruz. Detemo-nos diante do mais belo dos filhos do homens, do sonho das colinas eternas, daquele que foi enviado at\u00e9 n\u00f3s pela fornalha de amor que \u00e9 vida da Trindade. Ali, nada de majestade: um ser que morre de amor dizendo que nos ama por cada movimento, cada gesto, cada palavra mal sussurrada. Algu\u00e9m de muito bom e muito belo nos ama. Fixamos o olhar no lado, nesse lado bendito e nada temos a dizer sen\u00e3o: \u201cCora\u00e7\u00e3o do Senhor, tem piedade de n\u00f3s\u201d. Nasce no cora\u00e7\u00e3o do que contempla um desejo de renova\u00e7\u00e3o de vida. O amor que \u00e9 vida, vida que produz.<\/p>\n<p>\u2666 Concluamos com uma outra palavra do Papa Francisco: \u201cToda a vida de Jesus, sua forma de tratar os pobres, seus gestos, sua coer\u00eancia, sua generosidade simples e cotidiana e, finalmente, sua total dedica\u00e7\u00e3o, tudo \u00e9 precioso e fala \u00e0 nossa vida pessoal. Todas as vezes que algu\u00e9m volta a descobri-lo, convence-se de que \u00e9 isso mesmo que os precisam, embora n\u00e3o o saibam\u201d (A Alegria do Evangelho, n.265).<\/p>\n","protected":false},"excerpt":{"rendered":"<p>Primeira Sexta-feira do M\u00eas, reflex\u00e3o de Frei Almir Guimar\u00e3es<\/p>\n","protected":false},"author":3,"featured_media":185525,"comment_status":"open","ping_status":"open","sticky":false,"template":"","format":"standard","meta":{"footnotes":""},"categories":[105],"tags":[106],"yoast_head":"<!-- This site is optimized with the Yoast SEO plugin v19.4 - https:\/\/yoast.com\/wordpress\/plugins\/seo\/ -->\n<title>Sempre de novo, voltar a Jesus - Vida Crist\u00e3 - Franciscanos<\/title>\n<meta name=\"robots\" content=\"index, follow, max-snippet:-1, max-image-preview:large, max-video-preview:-1\" \/>\n<link rel=\"canonical\" href=\"https:\/\/franciscanos.org.br\/vidacrista\/sempre-de-novo-voltar-a-jesus\/\" \/>\n<meta property=\"og:locale\" content=\"pt_BR\" \/>\n<meta property=\"og:type\" content=\"article\" \/>\n<meta property=\"og:title\" content=\"Sempre de novo, voltar a Jesus - Vida Crist\u00e3 - Franciscanos\" \/>\n<meta property=\"og:description\" content=\"Primeira Sexta-feira do M\u00eas, reflex\u00e3o de Frei Almir Guimar\u00e3es\" \/>\n<meta property=\"og:url\" content=\"https:\/\/franciscanos.org.br\/vidacrista\/sempre-de-novo-voltar-a-jesus\/\" \/>\n<meta property=\"og:site_name\" content=\"Vida Crist\u00e3 - Franciscanos\" \/>\n<meta property=\"article:published_time\" content=\"2019-07-03T15:51:14+00:00\" \/>\n<meta property=\"article:modified_time\" content=\"2020-06-15T11:13:51+00:00\" \/>\n<meta property=\"og:image\" content=\"https:\/\/franciscanos.org.br\/vidacrista\/wp-content\/uploads\/2019\/07\/sagrado_030719-1.jpg\" \/>\n\t<meta property=\"og:image:width\" content=\"800\" \/>\n\t<meta property=\"og:image:height\" content=\"601\" \/>\n\t<meta property=\"og:image:type\" content=\"image\/jpeg\" \/>\n<meta name=\"author\" content=\"moacir\" \/>\n<meta name=\"twitter:card\" content=\"summary_large_image\" \/>\n<meta name=\"twitter:label1\" content=\"Escrito por\" \/>\n\t<meta name=\"twitter:data1\" content=\"moacir\" \/>\n\t<meta name=\"twitter:label2\" content=\"Est. tempo de leitura\" \/>\n\t<meta name=\"twitter:data2\" content=\"3 minutos\" \/>\n<script type=\"application\/ld+json\" class=\"yoast-schema-graph\">{\"@context\":\"https:\/\/schema.org\",\"@graph\":[{\"@type\":\"WebSite\",\"@id\":\"https:\/\/franciscanos.org.br\/vidacrista\/#website\",\"url\":\"https:\/\/franciscanos.org.br\/vidacrista\/\",\"name\":\"Vida Crist\u00e3 - Franciscanos\",\"description\":\"Prov\u00edncia Franciscana da Imaculada Concei\u00e7\u00e3o do Brasil - Ordem dos Frades Menores\",\"potentialAction\":[{\"@type\":\"SearchAction\",\"target\":{\"@type\":\"EntryPoint\",\"urlTemplate\":\"https:\/\/franciscanos.org.br\/vidacrista\/?s={search_term_string}\"},\"query-input\":\"required name=search_term_string\"}],\"inLanguage\":\"pt-BR\"},{\"@type\":\"WebPage\",\"@id\":\"https:\/\/franciscanos.org.br\/vidacrista\/sempre-de-novo-voltar-a-jesus\/\",\"url\":\"https:\/\/franciscanos.org.br\/vidacrista\/sempre-de-novo-voltar-a-jesus\/\",\"name\":\"Sempre de novo, voltar a Jesus - Vida Crist\u00e3 - Franciscanos\",\"isPartOf\":{\"@id\":\"https:\/\/franciscanos.org.br\/vidacrista\/#website\"},\"datePublished\":\"2019-07-03T15:51:14+00:00\",\"dateModified\":\"2020-06-15T11:13:51+00:00\",\"author\":{\"@id\":\"https:\/\/franciscanos.org.br\/vidacrista\/#\/schema\/person\/1880bdd2c350b735648725ef7614736a\"},\"breadcrumb\":{\"@id\":\"https:\/\/franciscanos.org.br\/vidacrista\/sempre-de-novo-voltar-a-jesus\/#breadcrumb\"},\"inLanguage\":\"pt-BR\",\"potentialAction\":[{\"@type\":\"ReadAction\",\"target\":[\"https:\/\/franciscanos.org.br\/vidacrista\/sempre-de-novo-voltar-a-jesus\/\"]}]},{\"@type\":\"BreadcrumbList\",\"@id\":\"https:\/\/franciscanos.org.br\/vidacrista\/sempre-de-novo-voltar-a-jesus\/#breadcrumb\",\"itemListElement\":[{\"@type\":\"ListItem\",\"position\":1,\"name\":\"Home\",\"item\":\"https:\/\/franciscanos.org.br\/vidacrista\/\"},{\"@type\":\"ListItem\",\"position\":2,\"name\":\"Sempre de novo, voltar a Jesus\"}]},{\"@type\":\"Person\",\"@id\":\"https:\/\/franciscanos.org.br\/vidacrista\/#\/schema\/person\/1880bdd2c350b735648725ef7614736a\",\"name\":\"moacir\",\"image\":{\"@type\":\"ImageObject\",\"inLanguage\":\"pt-BR\",\"@id\":\"https:\/\/franciscanos.org.br\/vidacrista\/#\/schema\/person\/image\/\",\"url\":\"https:\/\/secure.gravatar.com\/avatar\/d08aa2ce4c8dd416d4479aa8536fcf64?s=96&d=mm&r=g\",\"contentUrl\":\"https:\/\/secure.gravatar.com\/avatar\/d08aa2ce4c8dd416d4479aa8536fcf64?s=96&d=mm&r=g\",\"caption\":\"moacir\"},\"url\":\"https:\/\/franciscanos.org.br\/vidacrista\/author\/moacir\/\"}]}<\/script>\n<!-- \/ Yoast SEO plugin. -->","yoast_head_json":{"title":"Sempre de novo, voltar a Jesus - Vida Crist\u00e3 - Franciscanos","robots":{"index":"index","follow":"follow","max-snippet":"max-snippet:-1","max-image-preview":"max-image-preview:large","max-video-preview":"max-video-preview:-1"},"canonical":"https:\/\/franciscanos.org.br\/vidacrista\/sempre-de-novo-voltar-a-jesus\/","og_locale":"pt_BR","og_type":"article","og_title":"Sempre de novo, voltar a Jesus - Vida Crist\u00e3 - Franciscanos","og_description":"Primeira Sexta-feira do M\u00eas, reflex\u00e3o de Frei Almir Guimar\u00e3es","og_url":"https:\/\/franciscanos.org.br\/vidacrista\/sempre-de-novo-voltar-a-jesus\/","og_site_name":"Vida Crist\u00e3 - Franciscanos","article_published_time":"2019-07-03T15:51:14+00:00","article_modified_time":"2020-06-15T11:13:51+00:00","og_image":[{"width":800,"height":601,"url":"https:\/\/franciscanos.org.br\/vidacrista\/wp-content\/uploads\/2019\/07\/sagrado_030719-1.jpg","type":"image\/jpeg"}],"author":"moacir","twitter_card":"summary_large_image","twitter_misc":{"Escrito por":"moacir","Est. tempo de leitura":"3 minutos"},"schema":{"@context":"https:\/\/schema.org","@graph":[{"@type":"WebSite","@id":"https:\/\/franciscanos.org.br\/vidacrista\/#website","url":"https:\/\/franciscanos.org.br\/vidacrista\/","name":"Vida Crist\u00e3 - Franciscanos","description":"Prov\u00edncia Franciscana da Imaculada Concei\u00e7\u00e3o do Brasil - Ordem dos Frades Menores","potentialAction":[{"@type":"SearchAction","target":{"@type":"EntryPoint","urlTemplate":"https:\/\/franciscanos.org.br\/vidacrista\/?s={search_term_string}"},"query-input":"required name=search_term_string"}],"inLanguage":"pt-BR"},{"@type":"WebPage","@id":"https:\/\/franciscanos.org.br\/vidacrista\/sempre-de-novo-voltar-a-jesus\/","url":"https:\/\/franciscanos.org.br\/vidacrista\/sempre-de-novo-voltar-a-jesus\/","name":"Sempre de novo, voltar a Jesus - Vida Crist\u00e3 - Franciscanos","isPartOf":{"@id":"https:\/\/franciscanos.org.br\/vidacrista\/#website"},"datePublished":"2019-07-03T15:51:14+00:00","dateModified":"2020-06-15T11:13:51+00:00","author":{"@id":"https:\/\/franciscanos.org.br\/vidacrista\/#\/schema\/person\/1880bdd2c350b735648725ef7614736a"},"breadcrumb":{"@id":"https:\/\/franciscanos.org.br\/vidacrista\/sempre-de-novo-voltar-a-jesus\/#breadcrumb"},"inLanguage":"pt-BR","potentialAction":[{"@type":"ReadAction","target":["https:\/\/franciscanos.org.br\/vidacrista\/sempre-de-novo-voltar-a-jesus\/"]}]},{"@type":"BreadcrumbList","@id":"https:\/\/franciscanos.org.br\/vidacrista\/sempre-de-novo-voltar-a-jesus\/#breadcrumb","itemListElement":[{"@type":"ListItem","position":1,"name":"Home","item":"https:\/\/franciscanos.org.br\/vidacrista\/"},{"@type":"ListItem","position":2,"name":"Sempre de novo, voltar a Jesus"}]},{"@type":"Person","@id":"https:\/\/franciscanos.org.br\/vidacrista\/#\/schema\/person\/1880bdd2c350b735648725ef7614736a","name":"moacir","image":{"@type":"ImageObject","inLanguage":"pt-BR","@id":"https:\/\/franciscanos.org.br\/vidacrista\/#\/schema\/person\/image\/","url":"https:\/\/secure.gravatar.com\/avatar\/d08aa2ce4c8dd416d4479aa8536fcf64?s=96&d=mm&r=g","contentUrl":"https:\/\/secure.gravatar.com\/avatar\/d08aa2ce4c8dd416d4479aa8536fcf64?s=96&d=mm&r=g","caption":"moacir"},"url":"https:\/\/franciscanos.org.br\/vidacrista\/author\/moacir\/"}]}},"_links":{"self":[{"href":"https:\/\/franciscanos.org.br\/vidacrista\/wp-json\/wp\/v2\/posts\/180195"}],"collection":[{"href":"https:\/\/franciscanos.org.br\/vidacrista\/wp-json\/wp\/v2\/posts"}],"about":[{"href":"https:\/\/franciscanos.org.br\/vidacrista\/wp-json\/wp\/v2\/types\/post"}],"author":[{"embeddable":true,"href":"https:\/\/franciscanos.org.br\/vidacrista\/wp-json\/wp\/v2\/users\/3"}],"replies":[{"embeddable":true,"href":"https:\/\/franciscanos.org.br\/vidacrista\/wp-json\/wp\/v2\/comments?post=180195"}],"version-history":[{"count":1,"href":"https:\/\/franciscanos.org.br\/vidacrista\/wp-json\/wp\/v2\/posts\/180195\/revisions"}],"predecessor-version":[{"id":180198,"href":"https:\/\/franciscanos.org.br\/vidacrista\/wp-json\/wp\/v2\/posts\/180195\/revisions\/180198"}],"wp:featuredmedia":[{"embeddable":true,"href":"https:\/\/franciscanos.org.br\/vidacrista\/wp-json\/wp\/v2\/media\/185525"}],"wp:attachment":[{"href":"https:\/\/franciscanos.org.br\/vidacrista\/wp-json\/wp\/v2\/media?parent=180195"}],"wp:term":[{"taxonomy":"category","embeddable":true,"href":"https:\/\/franciscanos.org.br\/vidacrista\/wp-json\/wp\/v2\/categories?post=180195"},{"taxonomy":"post_tag","embeddable":true,"href":"https:\/\/franciscanos.org.br\/vidacrista\/wp-json\/wp\/v2\/tags?post=180195"}],"curies":[{"name":"wp","href":"https:\/\/api.w.org\/{rel}","templated":true}]}}