{"id":179962,"date":"2019-06-14T08:12:35","date_gmt":"2019-06-14T11:12:35","guid":{"rendered":"https:\/\/franciscanos.org.br\/vidacrista\/?p=179962"},"modified":"2020-07-31T10:52:06","modified_gmt":"2020-07-31T13:52:06","slug":"respeito-e-tudo","status":"publish","type":"post","link":"https:\/\/franciscanos.org.br\/vidacrista\/respeito-e-tudo\/","title":{"rendered":"Respeito \u00e9 tudo"},"content":{"rendered":"<div id=\"attachment_187147\" style=\"width: 850px\" class=\"wp-caption alignnone\"><img aria-describedby=\"caption-attachment-187147\" decoding=\"async\" loading=\"lazy\" class=\"wp-image-187147 size-full\" src=\"https:\/\/franciscanos.org.br\/vidacrista\/wp-content\/uploads\/2019\/06\/francisco_2907_1.jpg\" alt=\"\" width=\"840\" height=\"449\" srcset=\"https:\/\/franciscanos.org.br\/vidacrista\/wp-content\/uploads\/2019\/06\/francisco_2907_1.jpg 840w, https:\/\/franciscanos.org.br\/vidacrista\/wp-content\/uploads\/2019\/06\/francisco_2907_1-450x241.jpg 450w, https:\/\/franciscanos.org.br\/vidacrista\/wp-content\/uploads\/2019\/06\/francisco_2907_1-768x411.jpg 768w, https:\/\/franciscanos.org.br\/vidacrista\/wp-content\/uploads\/2019\/06\/francisco_2907_1-150x80.jpg 150w\" sizes=\"(max-width: 840px) 100vw, 840px\" \/><p id=\"caption-attachment-187147\" class=\"wp-caption-text\">\u00a0 \u00a0 \u00a0 \u00a0 \u00a0 \u00a0 \u00a0 \u00a0 \u00a0 \u00a0 \u00a0 \u00a0 \u00a0 \u00a0 \u00a0 \u00a0 \u00a0 \u00a0 \u00a0 \u00a0 \u00a0 \u00a0 \u00a0 \u00a0 \u00a0 \u00a0 \u00a0 \u00a0 \u00a0 \u00a0 \u00a0 \u00a0 \u00a0 \u00a0 \u00a0 \u00a0 \u00a0 \u00a0 \u00a0 \u00a0 \u00a0 \u00a0 \u00a0 \u00a0 \u00a0 \u00a0 \u00a0 \u00a0 \u00a0 \u00a0 \u00a0 \u00a0 \u00a0 \u00a0 \u00a0 \u00a0 \u00a0 \u00a0 \u00a0 \u00a0 \u00a0 \u00a0 \u00a0 \u00a0 \u00a0 \u00a0 <em>\u00a0Imagem (fonte: Wikigallery)<\/em><\/p><\/div>\n<p><strong style=\"font-size: 16px;\">Leonardo Boff<\/strong>Uma das chagas mais sofridas no mundo e tamb\u00e9m entre n\u00f3s \u00e9 seguramente a falta de respeito.<\/p>\n<p>O respeito exige, em primeiro lugar, reconhecer o outro como outro, diferente de n\u00f3s. Respeit\u00e1-lo significa dizer que ele tem direito de existir e de ser aceito assim como \u00e9. Essa atitude n\u00e3o convive com a intoler\u00e2ncia que expressa a rejei\u00e7\u00e3o do outro e de seu modo de ser.<\/p>\n<p>Assim um homoafetivo ou algu\u00e9m de outra condi\u00e7\u00e3o sexual como os da LGBT n\u00e3o devem ser discriminados, mas respeitados, primeiramente, por serem pessoas humanas, portadoras de algo sagrado e intoc\u00e1vel: uma dignidade intr\u00ednseca a todo ser com intelig\u00eancia, sentimento e amorosidade; em seguida, garantir-lhe o direito de ser como \u00e9 e de viver sua condi\u00e7\u00e3o sexual, racial ou religiosa.<\/p>\n<p>Com acerto, disseram os bispos do mundo inteiro reunidos em Roma, no Conc\u00edlio Vaticano II (1962-1965) em um dos mas belos documentos \u201cAlegria e Esperan\u00e7a\u201d(<em>Gaudium et Spes<\/em>):\u201dCada um respeite o pr\u00f3ximo como \u201coutro eu\u201d, sem excetuar nenhum\u201d(n.27).<\/p>\n<p>Em segundo lugar, o reconhecimento do outro, implica ver nele um valor em si mesmo, pois ao existir comparece como \u00fanico e irrepet\u00edvel no universo e expressa algo do Ser, daquela Fonte Origin\u00e1ria de energia e de virtualidades ilimitadas de onde todos procedem (a Energia de Fundo do Universo, a melhor met\u00e1fora do que Deus significa). Cada um carrega um pouco do mist\u00e9rio do mundo, do qual \u00e9 parte. Por isso entre eu e o outro se estabelece um limite que n\u00e3o pode ser transgredido: a sacralidade de cada ser humano, no fundo, de cada ser, pois tudo o que existe e vive, merece existir e viver.<\/p>\n<p>O budismo que n\u00e3o se apresenta como uma f\u00e9 mas como uma sabedoria, ensina respeitar a cada ser, especialmente aquele que sofre (a compaix\u00e3o). A sabedoria cotidiana expressa no\u00a0<em>Feng Shui<\/em>\u00a0integra e respeita todos os elementos, os ventos, as \u00e1guas, os solos, os v\u00e1rios espa\u00e7os. Semelhantemente o hindu\u00edsmo prega o respeito como a n\u00e3o-viol\u00eancia ativa (<em>ahimsa<\/em>) que encontrou em Gandhi seu arqu\u00e9tipo referencial.<\/p>\n<p>O cristianismo conhece a figura de S\u00e3o Francisco de Assis que respeitava cada ser, desde a minhoca do caminho, a abelha perdida no inverno em busca de alimento, a plantinha silvestre que o Papa Francisco em sua enc\u00edclica \u201csobre o cuidado da Casa Comum\u201dcitando S\u00e3o Francisco, manda respeitar porque, a seu modo, tamb\u00e9m louvam a Deus (n.12).<\/p>\n<p>Os bispos, no documento acima referido, alargam o espa\u00e7o do respeito afirmando:\u201dO respeito deve se estender \u00e0queles que em assuntos sociais, pol\u00edticos e mesmo religiosos, pensam e agem de maneira diferente da nossa\u201d(n.28). Como tal apelo \u00e9 atual para a nossa situa\u00e7\u00e3o brasileira, atravessada de intoler\u00e2ncia religiosa (invas\u00e3o de terreiros do candombl\u00e9), intoler\u00e2ncia pol\u00edtica com apelativos desrespeitosos a pessoas e a atores sociais ou de outra leitura da realidade hist\u00f3rica.<\/p>\n<p>Temos assistido a cenas de grande falta de respeito por parte de alunos contra professoras e professores, usando de viol\u00eancia f\u00edsica al\u00e9m da simb\u00f3lica com nomes que sequer podemos escrever. Muitos se perguntam: que m\u00e3es tiveram aqueles alunos? A pergunta correta \u00e9 outra: que pais tiveram eles? Cabe ao pai a miss\u00e3o, por vezes onerosa, de ensinar o respeito, impor limites e repassar valores pessoais e sociais sem os quais uma sociedade deixa de ser civilizada. Atualmente, com o eclipse da figura do pai, surgem setores de uma sem pai e por isso sem o sentido dos limites e do respeito. A consequ\u00eancia \u00e9 o recurso f\u00e1cil \u00e0 viol\u00eancia at\u00e9 letal para resolver desaven\u00e7as pessoais, como,n\u00e3o raro, se tem visto.<\/p>\n<p>Armar \u00e0 popula\u00e7\u00e3o como pretende o atual Presidente al\u00e9m de ser irrespons\u00e1vel, s\u00f3 favorece a falta perigosa de respeito e o aumento da ruptura de todos os limites.<\/p>\n<p>Por fim, um das maiores express\u00f5es de falta de respeito \u00e9 para com a M\u00e3e Terra, com seus ecossistemas super-explorados, com o espantoso desflorestamento da Amaz\u00f4nia e com\u00a0 a excessiva utiliza\u00e7\u00e3o de agrot\u00f3xicos que envenenam solos, \u00e1guas e ares. Essa falta de respeito ecol\u00f3gico nos poder\u00e1 surpreender com graves consequ\u00eancias para a vida, a biodiversidade e o nosso futuro como civiliza\u00e7\u00e3o e como esp\u00e9cie.<\/p>\n<hr \/>\n<p><strong>Leonardo Boff<\/strong> <em>\u00e9 eco-te\u00f3logo, fil\u00f3sofo e escritor e escreveu\u00a0Como cuidar da Casa Comum, Vozes 2018.<\/em><\/p>\n","protected":false},"excerpt":{"rendered":"<p>Artigo de Leonardo Boff<\/p>\n","protected":false},"author":3,"featured_media":187148,"comment_status":"open","ping_status":"open","sticky":false,"template":"","format":"standard","meta":{"footnotes":""},"categories":[26],"tags":[59],"yoast_head":"<!-- This site is optimized with the Yoast SEO plugin v19.4 - https:\/\/yoast.com\/wordpress\/plugins\/seo\/ -->\n<title>Respeito \u00e9 tudo - Vida Crist\u00e3 - Franciscanos<\/title>\n<meta name=\"robots\" content=\"index, follow, max-snippet:-1, max-image-preview:large, max-video-preview:-1\" \/>\n<link rel=\"canonical\" href=\"https:\/\/franciscanos.org.br\/vidacrista\/respeito-e-tudo\/\" \/>\n<meta property=\"og:locale\" content=\"pt_BR\" \/>\n<meta property=\"og:type\" content=\"article\" \/>\n<meta property=\"og:title\" content=\"Respeito \u00e9 tudo - Vida Crist\u00e3 - Franciscanos\" \/>\n<meta property=\"og:description\" content=\"Artigo de Leonardo Boff\" \/>\n<meta property=\"og:url\" content=\"https:\/\/franciscanos.org.br\/vidacrista\/respeito-e-tudo\/\" \/>\n<meta property=\"og:site_name\" content=\"Vida Crist\u00e3 - Franciscanos\" \/>\n<meta property=\"article:published_time\" content=\"2019-06-14T11:12:35+00:00\" \/>\n<meta property=\"article:modified_time\" content=\"2020-07-31T13:52:06+00:00\" \/>\n<meta property=\"og:image\" content=\"https:\/\/franciscanos.org.br\/vidacrista\/wp-content\/uploads\/2019\/06\/francisco_2907d.jpg\" \/>\n\t<meta property=\"og:image:width\" content=\"800\" \/>\n\t<meta property=\"og:image:height\" content=\"600\" \/>\n\t<meta property=\"og:image:type\" content=\"image\/jpeg\" \/>\n<meta name=\"author\" content=\"moacir\" \/>\n<meta name=\"twitter:card\" content=\"summary_large_image\" \/>\n<meta name=\"twitter:label1\" content=\"Escrito por\" \/>\n\t<meta name=\"twitter:data1\" content=\"moacir\" \/>\n\t<meta name=\"twitter:label2\" content=\"Est. tempo de leitura\" \/>\n\t<meta name=\"twitter:data2\" content=\"4 minutos\" \/>\n<script type=\"application\/ld+json\" class=\"yoast-schema-graph\">{\"@context\":\"https:\/\/schema.org\",\"@graph\":[{\"@type\":\"WebSite\",\"@id\":\"https:\/\/franciscanos.org.br\/vidacrista\/#website\",\"url\":\"https:\/\/franciscanos.org.br\/vidacrista\/\",\"name\":\"Vida Crist\u00e3 - Franciscanos\",\"description\":\"Prov\u00edncia Franciscana da Imaculada Concei\u00e7\u00e3o do Brasil - Ordem dos Frades Menores\",\"potentialAction\":[{\"@type\":\"SearchAction\",\"target\":{\"@type\":\"EntryPoint\",\"urlTemplate\":\"https:\/\/franciscanos.org.br\/vidacrista\/?s={search_term_string}\"},\"query-input\":\"required name=search_term_string\"}],\"inLanguage\":\"pt-BR\"},{\"@type\":\"WebPage\",\"@id\":\"https:\/\/franciscanos.org.br\/vidacrista\/respeito-e-tudo\/\",\"url\":\"https:\/\/franciscanos.org.br\/vidacrista\/respeito-e-tudo\/\",\"name\":\"Respeito \u00e9 tudo - Vida Crist\u00e3 - Franciscanos\",\"isPartOf\":{\"@id\":\"https:\/\/franciscanos.org.br\/vidacrista\/#website\"},\"datePublished\":\"2019-06-14T11:12:35+00:00\",\"dateModified\":\"2020-07-31T13:52:06+00:00\",\"author\":{\"@id\":\"https:\/\/franciscanos.org.br\/vidacrista\/#\/schema\/person\/1880bdd2c350b735648725ef7614736a\"},\"breadcrumb\":{\"@id\":\"https:\/\/franciscanos.org.br\/vidacrista\/respeito-e-tudo\/#breadcrumb\"},\"inLanguage\":\"pt-BR\",\"potentialAction\":[{\"@type\":\"ReadAction\",\"target\":[\"https:\/\/franciscanos.org.br\/vidacrista\/respeito-e-tudo\/\"]}]},{\"@type\":\"BreadcrumbList\",\"@id\":\"https:\/\/franciscanos.org.br\/vidacrista\/respeito-e-tudo\/#breadcrumb\",\"itemListElement\":[{\"@type\":\"ListItem\",\"position\":1,\"name\":\"Home\",\"item\":\"https:\/\/franciscanos.org.br\/vidacrista\/\"},{\"@type\":\"ListItem\",\"position\":2,\"name\":\"Respeito \u00e9 tudo\"}]},{\"@type\":\"Person\",\"@id\":\"https:\/\/franciscanos.org.br\/vidacrista\/#\/schema\/person\/1880bdd2c350b735648725ef7614736a\",\"name\":\"moacir\",\"image\":{\"@type\":\"ImageObject\",\"inLanguage\":\"pt-BR\",\"@id\":\"https:\/\/franciscanos.org.br\/vidacrista\/#\/schema\/person\/image\/\",\"url\":\"https:\/\/secure.gravatar.com\/avatar\/d08aa2ce4c8dd416d4479aa8536fcf64?s=96&d=mm&r=g\",\"contentUrl\":\"https:\/\/secure.gravatar.com\/avatar\/d08aa2ce4c8dd416d4479aa8536fcf64?s=96&d=mm&r=g\",\"caption\":\"moacir\"},\"url\":\"https:\/\/franciscanos.org.br\/vidacrista\/author\/moacir\/\"}]}<\/script>\n<!-- \/ Yoast SEO plugin. -->","yoast_head_json":{"title":"Respeito \u00e9 tudo - Vida Crist\u00e3 - Franciscanos","robots":{"index":"index","follow":"follow","max-snippet":"max-snippet:-1","max-image-preview":"max-image-preview:large","max-video-preview":"max-video-preview:-1"},"canonical":"https:\/\/franciscanos.org.br\/vidacrista\/respeito-e-tudo\/","og_locale":"pt_BR","og_type":"article","og_title":"Respeito \u00e9 tudo - Vida Crist\u00e3 - Franciscanos","og_description":"Artigo de Leonardo Boff","og_url":"https:\/\/franciscanos.org.br\/vidacrista\/respeito-e-tudo\/","og_site_name":"Vida Crist\u00e3 - Franciscanos","article_published_time":"2019-06-14T11:12:35+00:00","article_modified_time":"2020-07-31T13:52:06+00:00","og_image":[{"width":800,"height":600,"url":"https:\/\/franciscanos.org.br\/vidacrista\/wp-content\/uploads\/2019\/06\/francisco_2907d.jpg","type":"image\/jpeg"}],"author":"moacir","twitter_card":"summary_large_image","twitter_misc":{"Escrito por":"moacir","Est. tempo de leitura":"4 minutos"},"schema":{"@context":"https:\/\/schema.org","@graph":[{"@type":"WebSite","@id":"https:\/\/franciscanos.org.br\/vidacrista\/#website","url":"https:\/\/franciscanos.org.br\/vidacrista\/","name":"Vida Crist\u00e3 - Franciscanos","description":"Prov\u00edncia Franciscana da Imaculada Concei\u00e7\u00e3o do Brasil - Ordem dos Frades Menores","potentialAction":[{"@type":"SearchAction","target":{"@type":"EntryPoint","urlTemplate":"https:\/\/franciscanos.org.br\/vidacrista\/?s={search_term_string}"},"query-input":"required name=search_term_string"}],"inLanguage":"pt-BR"},{"@type":"WebPage","@id":"https:\/\/franciscanos.org.br\/vidacrista\/respeito-e-tudo\/","url":"https:\/\/franciscanos.org.br\/vidacrista\/respeito-e-tudo\/","name":"Respeito \u00e9 tudo - Vida Crist\u00e3 - Franciscanos","isPartOf":{"@id":"https:\/\/franciscanos.org.br\/vidacrista\/#website"},"datePublished":"2019-06-14T11:12:35+00:00","dateModified":"2020-07-31T13:52:06+00:00","author":{"@id":"https:\/\/franciscanos.org.br\/vidacrista\/#\/schema\/person\/1880bdd2c350b735648725ef7614736a"},"breadcrumb":{"@id":"https:\/\/franciscanos.org.br\/vidacrista\/respeito-e-tudo\/#breadcrumb"},"inLanguage":"pt-BR","potentialAction":[{"@type":"ReadAction","target":["https:\/\/franciscanos.org.br\/vidacrista\/respeito-e-tudo\/"]}]},{"@type":"BreadcrumbList","@id":"https:\/\/franciscanos.org.br\/vidacrista\/respeito-e-tudo\/#breadcrumb","itemListElement":[{"@type":"ListItem","position":1,"name":"Home","item":"https:\/\/franciscanos.org.br\/vidacrista\/"},{"@type":"ListItem","position":2,"name":"Respeito \u00e9 tudo"}]},{"@type":"Person","@id":"https:\/\/franciscanos.org.br\/vidacrista\/#\/schema\/person\/1880bdd2c350b735648725ef7614736a","name":"moacir","image":{"@type":"ImageObject","inLanguage":"pt-BR","@id":"https:\/\/franciscanos.org.br\/vidacrista\/#\/schema\/person\/image\/","url":"https:\/\/secure.gravatar.com\/avatar\/d08aa2ce4c8dd416d4479aa8536fcf64?s=96&d=mm&r=g","contentUrl":"https:\/\/secure.gravatar.com\/avatar\/d08aa2ce4c8dd416d4479aa8536fcf64?s=96&d=mm&r=g","caption":"moacir"},"url":"https:\/\/franciscanos.org.br\/vidacrista\/author\/moacir\/"}]}},"_links":{"self":[{"href":"https:\/\/franciscanos.org.br\/vidacrista\/wp-json\/wp\/v2\/posts\/179962"}],"collection":[{"href":"https:\/\/franciscanos.org.br\/vidacrista\/wp-json\/wp\/v2\/posts"}],"about":[{"href":"https:\/\/franciscanos.org.br\/vidacrista\/wp-json\/wp\/v2\/types\/post"}],"author":[{"embeddable":true,"href":"https:\/\/franciscanos.org.br\/vidacrista\/wp-json\/wp\/v2\/users\/3"}],"replies":[{"embeddable":true,"href":"https:\/\/franciscanos.org.br\/vidacrista\/wp-json\/wp\/v2\/comments?post=179962"}],"version-history":[{"count":4,"href":"https:\/\/franciscanos.org.br\/vidacrista\/wp-json\/wp\/v2\/posts\/179962\/revisions"}],"predecessor-version":[{"id":187301,"href":"https:\/\/franciscanos.org.br\/vidacrista\/wp-json\/wp\/v2\/posts\/179962\/revisions\/187301"}],"wp:featuredmedia":[{"embeddable":true,"href":"https:\/\/franciscanos.org.br\/vidacrista\/wp-json\/wp\/v2\/media\/187148"}],"wp:attachment":[{"href":"https:\/\/franciscanos.org.br\/vidacrista\/wp-json\/wp\/v2\/media?parent=179962"}],"wp:term":[{"taxonomy":"category","embeddable":true,"href":"https:\/\/franciscanos.org.br\/vidacrista\/wp-json\/wp\/v2\/categories?post=179962"},{"taxonomy":"post_tag","embeddable":true,"href":"https:\/\/franciscanos.org.br\/vidacrista\/wp-json\/wp\/v2\/tags?post=179962"}],"curies":[{"name":"wp","href":"https:\/\/api.w.org\/{rel}","templated":true}]}}