{"id":179537,"date":"2019-05-28T07:38:15","date_gmt":"2019-05-28T10:38:15","guid":{"rendered":"https:\/\/franciscanos.org.br\/vidacrista\/?p=179537"},"modified":"2020-05-22T11:53:39","modified_gmt":"2020-05-22T14:53:39","slug":"os-tres-santos-do-povo","status":"publish","type":"post","link":"https:\/\/franciscanos.org.br\/vidacrista\/os-tres-santos-do-povo\/","title":{"rendered":"Os tr\u00eas santos do povo"},"content":{"rendered":"<p><strong> <img decoding=\"async\" loading=\"lazy\" class=\"alignnone size-full wp-image-179538\" src=\"https:\/\/franciscanos.org.br\/vidacrista\/wp-content\/uploads\/2019\/05\/junina_280519.jpg\" alt=\"\" width=\"890\" height=\"399\" srcset=\"https:\/\/franciscanos.org.br\/vidacrista\/wp-content\/uploads\/2019\/05\/junina_280519.jpg 890w, https:\/\/franciscanos.org.br\/vidacrista\/wp-content\/uploads\/2019\/05\/junina_280519-450x202.jpg 450w, https:\/\/franciscanos.org.br\/vidacrista\/wp-content\/uploads\/2019\/05\/junina_280519-768x344.jpg 768w, https:\/\/franciscanos.org.br\/vidacrista\/wp-content\/uploads\/2019\/05\/junina_280519-150x67.jpg 150w\" sizes=\"(max-width: 890px) 100vw, 890px\" \/><\/strong><\/p>\n<p style=\"padding-left: 40px;\">Numa revista, li: \u201cSanto Ant\u00f4nio, S\u00e3o Jo\u00e3o Batista e S\u00e3o Pedro s\u00e3o os santos que motivam as tradicionais festas de junho no Brasil\u201d. Fiquei curioso e fui pesquisar na B\u00edblia, dicion\u00e1rios e internet. De fato, os tr\u00eas fazem parte da vida di\u00e1ria do povo.<\/p>\n<h3><strong>Santo Ant\u00f4nio<\/strong><\/h3>\n<p><strong>\u00a0<\/strong>Santo Ant\u00f4nio, em sua curta vida de 36 anos, nasceu em Lisboa (1195) e morreu \u00e0s portas da cidade de P\u00e1dua (1231), onde ia tratar da sa\u00fade, \u201cpuxado num carro de boi\u201d. As crian\u00e7as sa\u00edram pelas ruas, gritando \u201co santo morreu, o santo morreu\u201d. Simultaneamente, em Lisboa, \u201cos sinos puseram-se a tocar por si s\u00f3s e o povo saiu \u00e0s ruas. Somente, mais tarde, \u00e9 que souberam do ocorrido\u201d. N\u00e3o se passou um (01) ano e Greg\u00f3rio IX o canonizou. \u00c9 o processo mais curto, na Hist\u00f3ria da Igreja.<\/p>\n<p>Esta mesma Igreja o cognominou de \u201cArca do Testamento\u201d, por conhecer e vivenciar, profundamente, a B\u00edblia. Chamou-o de \u201cTrombeta do Evangelho\u201d por ser dotado de uma voz forte e clara, de \u201cMartelo dos Hereges\u201d por defender a s\u00e3 doutrina. \u00c9 \u201cDoutor da Igreja\u201d por ser um te\u00f3logo eloquente e estudioso, e pelos famosos Serm\u00f5es sobre a Quaresma e os Evangelhos, impressos em dois grandes volumes.<\/p>\n<p>A Igreja lhe atribui, tamb\u00e9m, o ep\u00edteto de \u201cmaior taumaturgo de todos os tempos\u201d e \u201co santo de todo o mundo\u201d porque \u201cem toda a parte se encontra sua imagem e devotos\u201d.<\/p>\n<p>Foi um frade orante, humilde, dispon\u00edvel nos afazeres da casa, atencioso e caridoso com os pobres, defendia-os com \u201cserm\u00f5es fulminantes contra a gan\u00e2ncia dos ricos\u201d.<\/p>\n<p>E o povo&#8230; como via Santo Ant\u00f4nio?! Via-o como \u201cum dos nossos\u201d. Representava-o com a B\u00edblia aberta e sobre ela, o Menino Jesus \u2013 dois elementos fundamentais de sua prega\u00e7\u00e3o. Outras vezes com o l\u00edrio nas m\u00e3os, flor mais comum em P\u00e1dua e que exala um suave odor.<\/p>\n<p>Sentia-o presente em seu dia a dia e o invocava quando alguma coisa se extraviava, ou mesmo para ter um casamento. \u00c9 o protetor dos pobres e viajantes, dos pedreiros e padeiros, dos caminhoneiros da cidade de Itabaiana (BA) que s\u00e3o os impulsionadores da economia local.<\/p>\n<p><strong>Duas curiosidades: l\u00edngua e cordas vocais inatecatas<\/strong><\/p>\n<p>Dois anos antes de sua morte, veio morar no convento de Ancella, perto de P\u00e1dua. Estava muito debilitado pela hidropisia. Logo ap\u00f3s a morte, \u201cfrades e povo come\u00e7aram a erguer um santu\u00e1rio em sua homenagem, inaugurado 32 anos mais tarde, em 1263. Quando o sarc\u00f3fago foi aberto, a l\u00edngua estava intacta. O Ministro Geral da Ordem,S\u00e3o Boaventura que estava presente, pegando-a em suas m\u00e3os exclamou: \u2018Oh, l\u00edngua bendita! Agora nos \u00e9 permitido avaliar como foram grandes teus m\u00e9ritos perante Deus\u2019. A l\u00edngua foi colocada num relic\u00e1rio dourado onde est\u00e1 at\u00e9 hoje\u201d.<\/p>\n<p>O corpo foi exumado mais duas vezes: \u201cEm 1350, quando v\u00e1rios ossos foram colocados em relic\u00e1rios pr\u00f3prios\u201d. A outra foi em \u201c1981, por ordem de Jo\u00e3o Paulo II, quando notaram que as cordas vocais estavam incorruptas\u201d.<\/p>\n<p>A incorrup\u00e7\u00e3o da l\u00edngua e cordas vocais n\u00e3o deixam d\u00favidas de que a prega\u00e7\u00e3o \u00e9 a grande marca de Santo Ant\u00f4nio. \u201cEssa virtude era t\u00e3o resplandecente que n\u00e3o havia olhos que n\u00e3o a vissem. Aquela l\u00edngua e cordas vocais levaram a Deus tantas almas que, mesmo reunindo 30 mil pessoas, n\u00e3o se ouvia um sinal de clamor ou murm\u00fario. Ao contr\u00e1rio, num sil\u00eancio prolongado, todos o escutavam\u201d. \u201cMais importante que os milagres, \u00e9 a convers\u00e3o do cora\u00e7\u00e3o. Depois que escutavam sua prega\u00e7\u00e3o, eram tantos os homens e mulheres que corriam para o confession\u00e1rio que faltavam sacerdotes para atender tanta gente\u201d.<\/p>\n<p>Mesmo sendo um grande taumaturgo foram a l\u00edngua e as cordas vocais que n\u00e3o experimentaram a corrup\u00e7\u00e3o. Mais que multiplicar p\u00e3es, curar doentes e ressuscitar mortos \u2013 milagres realizados por Santo Ant\u00f4nio \u2013 \u00e9 levar pessoas \u00e0 convers\u00e3o e \u00e0 mudan\u00e7a de vida.<\/p>\n<h3><strong>S\u00e3o Jo\u00e3o Batista<\/strong><\/h3>\n<p><strong>\u00a0Festas juninas ou joaninas<\/strong><\/p>\n<p>Jo\u00e3o \u00e9 filho \u00fanico de um casal idoso e est\u00e9ril. Seu nascimento foi motivo de muita alegria entre os vizinhos e parentes. Por ocasi\u00e3o da circuncis\u00e3o, no oitavo dia, uma multid\u00e3o se reuniu para festejar e dar-lhe o nome de seu pai Zacarias, como era costume. Mas a m\u00e3e se op\u00f4s, categoricamente, dizendo que se chamaria Jo\u00e3o. O pai confirmou e, de mudo, come\u00e7ou a falar. O menino cresceu e vivia no deserto. O povo se admirava e dizia: \u201cque ser\u00e1 deste menino\u201d?! (Lc 1,5-25. 57-80).<\/p>\n<p>Tinha raz\u00e3o porque tudo lhe era estranho e na contram\u00e3o dos costumes. Mais ainda: como adulto, vivia rudemente, tanto no vestir como no comer (Mt 3,4). Provavelmente era adepto dos ess\u00eanios \u2013 um grupo de pessoas que vivia isolado, em constante penit\u00eancia, aguardando a chegada do Messias.<\/p>\n<p>De repente, come\u00e7ou a pregar, quase que aos gritos: o Messias est\u00e1 perto e, para acolh\u00ea-lo, \u00e9 necess\u00e1rio convers\u00e3o e confiss\u00e3o dos pecados. Quem aceitava, recebia um banho no Jord\u00e3o como sinal de penit\u00eancia (Lc 3,1-20). Quem n\u00e3o aceitava e, mesmo assim, vinha para o batismo, Jo\u00e3o os repreendia, taxando-os de \u201ccobras venenosas\u201d (Mt 3,7-12).<\/p>\n<p>Como coadunar um estilo de vida t\u00e3o rude e prega\u00e7\u00e3o contundente com a fartura de comidas t\u00edpicas das festas juninas, dan\u00e7as, cantos, fogos, fogueiras, bal\u00f5es e bandeirinhas?!&#8230;<\/p>\n<p>A origem das festas juninas \u00e9 agr\u00e1ria. No Hemisf\u00e9rio Norte, em junho, inicia-se a colheita e os agricultores ofereciam os primeiros feixes \u00e0s divindades, agradecendo a colheita e pedinto prote\u00e7\u00e3o contra as pestes e estiagens. Alegria, comida farta, fogueira com saltos sobre as chamas e dan\u00e7as ao seu redor \u2013 era a caracter\u00edstica desta festa.<\/p>\n<p>Por que o dia 24 de junho?! Neste dia, acontece o solst\u00edcio do ver\u00e3o, isto \u00e9, \u00e9 o dia mais longo e, consequentemente, a noite \u00e9 a mais curta. O mesmo, de modo inverso, acontece no solst\u00edcio do inverno, 25 de dezembro (nascimento de Jesus).<\/p>\n<p>No transcorrer da hist\u00f3ria, especialmente, na Idade M\u00e9dia, a Igreja Cat\u00f3lica, no intuito de cristianizar as \u201cfestas pag\u00e3s\u201d, adotou a metodologia de, nelas, inserir conte\u00fados crist\u00e3os. Jo\u00e3o Batista nasceria, ent\u00e3o, seis meses e um (01) dia antes do nascimento de Jesus. Por isso \u00e9 o Precursor.<\/p>\n<p>As festas juninas s\u00e3o realizadas em todos os pa\u00edses lus\u00f3fonos. Ainda hoje, a cidade do Porto atrai o turismo e milhares de pessoas a festejam nas ruas. Chegou ao Brasil com o nome de \u201cfestas joaninas\u201d que, aos poucos, foram assumidas como \u201cjuninas\u201d.<\/p>\n<p>\u00c9 a segunda festa mais popular, perdendo, apenas, para o Carnaval. Est\u00e1 espalhada em todo o Nordeste, particularmente, em Caruaru (PE) e Campina Grande (PB). S\u00e3o verdadeiras alavancadoras da economia local e do turismo.<\/p>\n<p><strong>\u00a0<\/strong><strong>S\u00e3o Pedro Protagonista da vida do povo<\/strong><\/p>\n<p><strong>\u00a0<\/strong>Seu protagonismo come\u00e7a com o Dia do Pescador, 29 de junho. Ele era profissional e, hoje, h\u00e1 quem viva deste of\u00edcio. H\u00e1, tamb\u00e9m, quem diz \u201cvou pescar\u201d e, junto com ele, convida amigos para momentos de lazer, acompanhados de comida e bebida, anedotas e est\u00f3rias fict\u00edcias. \u00c9 poss\u00edvel que o prov\u00e9rbio \u2013 \u201cparece hist\u00f3ria de pescador\u201d \u2013 tenha nascido neste contexto.<\/p>\n<p>S\u00e3o Pedro \u00e9, tamb\u00e9m, \u201cprotetor das vi\u00favas e vi\u00favos\u201d. Jesus curou a sogra de Pedro (Mc 1,30), palavra que ocorre uma \u00fanica vez na B\u00edblia.<\/p>\n<p>Qual \u00e9 a filha que n\u00e3o acolhe sua m\u00e3e em casa?! No entanto, s\u00e3o muitas as anedotas que se fazem sobre a sogra. Interessante que o texto cita, somente ela, ignorando a esposa de Pedro. Estaria ele vi\u00favo?!<\/p>\n<p>O ap\u00f3stolo Paulo, em suas viagens mission\u00e1rias, dizia que ele tinha direito de levar consigo \u201cuma esposa crist\u00e3\u201d, como fazem os ap\u00f3stolos, inclusive, Pedro (1 Cor 9,5).<\/p>\n<p>Pedro tem uma \u201ccultura limitada\u201d. Falava o dialeto aramaico, como tantos outros povos e culturas. N\u00e3o \u201cpensava muito no que dizia\u201d e \u201csem um racioc\u00ednio mais profundo\u201d. Por\u00e9m os membros do Sin\u00e9drio o admiram pela coragem em testemunhar a ressurrei\u00e7\u00e3o de Cristo, embora fosse uma \u201cpessoa iletrada\u201d (At 4,5-13).<\/p>\n<p>\u00c9 o \u201cprotetor dos que querem comprar casa pr\u00f3pria\u201d. Se Jesus disse \u201cTu \u00e9s Pedro e sobre esta pedra edificarei minha Igreja\u201d (Mt 16,18), por que n\u00e3o \u201cpedir-lhe ajuda na compra de uma casa\u201d?!<\/p>\n<p>\u00c9 o \u201csanto da chuva\u201d. Jesus lhe disse \u201cdar-te-ei as chaves do Reino dos C\u00e9us\u201d (Mt 16,19). Ele \u00e9 o \u201cporteiro\u201d da casa. Ent\u00e3o, \u00e9 a \u201cele que pediremos para chover ou cassar as inunda\u00e7\u00f5es\u201d.<\/p>\n<p>Nas tr\u00eas listas dos ap\u00f3stolos, \u00e9 o primeiro a ser mencionado (Mt 10,2; Mc 3,16; Lc 6,14). Faz parte do grupo dos privilegiados (Pedro, Tiago e Jo\u00e3o) aos quais Jesus os leva ao Monte Tabor ((Mt 17,1-13), na ressurrei\u00e7\u00e3o da filho de Jairo (Lc 8,40-56) e no Gets\u00eamani (Mc 114,32-33).<\/p>\n<p>Jesus o chama de \u201cFeliz \u00e9s tu, Sim\u00e3o, Filho de Jonas\u201d (Mt 16,17), outorga-lhe o cuidado do rebanho (Jo 21,15-19), o poder de ligar e deligar e, sobre ele (pedra) construir\u00e1 sua Igreja (Mt 16,18-19).<\/p>\n<p>L\u00edder nato \u00e9 o primeiro a responder \u00e0s perguntas de Jesus (Mt 18,21; 19,27), especialmente, no que se refere \u00e0 messianidade ( Jo 6,68; Mt 16,16).<\/p>\n<p>Com todo esse \u201cacesso f\u00e1cil\u201d, tem a ousadia e o atrevimento de sugerir o n\u00famero de vezes que devemos perdoar o irm\u00e3o (Mt 18,21) e de propor-lhe que n\u00e3o v\u00e1 a Jerusal\u00e9m se l\u00e1 ser\u00e1 preso e sofrer\u00e1 o supl\u00edcio da cruz (Mc 8,31-33).<\/p>\n<p>De temperamento impulsivo, pede para andar sobre as ondas tumultuadas (Mt 14,28), corta a orelha de Malco\u00a0 com a espada (Jo18,10); em ambos os casos n\u00e3o pensa nas consequ\u00eancias.<\/p>\n<p>Em algumas de suas atitudes, mostra-se vol\u00favel como no Lava-p\u00e9s: \u201cTu nunca me lavar\u00e1s os p\u00e9s\u201d at\u00e9 ao \u201cent\u00e3o, lava-me por inteiro\u201d (Jo 13,8-11).<\/p>\n<p>Homem prestativo: no Monte Tabor, prontifica-se a construir tr\u00eas tendas (Mt 17,4) e, na pesca milagrosa, diz: \u201cTrabalhamos a noite toda e nada apanhamos, mas em aten\u00e7\u00e3o \u00e0 tua palavra, lan\u00e7arei as redes\u201d (Lc 5,5). \u00a0\u00a0Pedro pecador! Iniciou sua caminhada de ap\u00f3stolo, declarando-se pecador: \u201cAfasta-te de mim que sou pecador\u201d (Lc 5,8), isto \u00e9, ente mim e Ti h\u00e1 uma grande dist\u00e2ncia de santidade.<\/p>\n<p>Terminou sua vida, segundo a tradi\u00e7\u00e3o da Igreja, crucificado de cabe\u00e7a para, isto \u00e9, \u201cn\u00e3o mere\u00e7o morrer de cabe\u00e7a erguida porque tra\u00ed o Mestre, homem justo e inocente\u201d.<\/p>\n<p>Por fim, um homem de cora\u00e7\u00e3o sens\u00edvel. Jurou que n\u00e3o trairia Jesus e, at\u00e9, morreria por Ele. No entanto, o negou tr\u00eas vezes, jurando que n\u00e3o o conhecia (Mc 14,66-72). Quando o galo cantou, o olhar de Jesus encontroou o de Pedro e este \u201cchorou amargamente\u201d (Lc 22,60-62).<\/p>\n<p>Ap\u00f3s a Ressurrei\u00e7\u00e3o, Cristo lhe pergunta, tr\u00eas vezes, se O amava. Na terceira vez, \u201cficou triste\u201d sem d\u00favida, recordando as tr\u00eas nega\u00e7\u00f5es. Encontrou for\u00e7as para o perd\u00e3o e disse: \u201cSenhor, Tu sabes tudo, sabes que te amo\u201d. A resposta foi \u201csiga-Me\u201d, indicando o tipo de morte com a qual iria \u201cglorificar a Deus\u201d (Jo 21,15-19). \u00a0\u00a0O estilo de vida de Pedro e o cont\u00ednuo processo de \u201capaixonar-se pelo Mestre\u201d \u2013 \u00e9 e pode ser percorrido por todos os homens de \u201cboa vontade\u201d (Lc 2,14).\u00a0 Por isso, \u00e9 um prot\u00f3tipo da vida do povo.<\/p>\n<p><strong>FREI LUIZ IAKOVACZ<\/strong><\/p>\n","protected":false},"excerpt":{"rendered":"<p>Artigo de Frei Luiz Iakovacz<\/p>\n","protected":false},"author":3,"featured_media":184509,"comment_status":"open","ping_status":"open","sticky":false,"template":"","format":"standard","meta":{"footnotes":""},"categories":[26],"tags":[208],"yoast_head":"<!-- This site is optimized with the Yoast SEO plugin v19.4 - https:\/\/yoast.com\/wordpress\/plugins\/seo\/ -->\n<title>Os tr\u00eas santos do povo - Vida Crist\u00e3 - Franciscanos<\/title>\n<meta name=\"robots\" content=\"index, follow, max-snippet:-1, max-image-preview:large, max-video-preview:-1\" \/>\n<link rel=\"canonical\" href=\"https:\/\/franciscanos.org.br\/vidacrista\/os-tres-santos-do-povo\/\" \/>\n<meta property=\"og:locale\" content=\"pt_BR\" \/>\n<meta property=\"og:type\" content=\"article\" \/>\n<meta property=\"og:title\" content=\"Os tr\u00eas santos do povo - Vida Crist\u00e3 - Franciscanos\" \/>\n<meta property=\"og:description\" content=\"Artigo de Frei Luiz Iakovacz\" \/>\n<meta property=\"og:url\" content=\"https:\/\/franciscanos.org.br\/vidacrista\/os-tres-santos-do-povo\/\" \/>\n<meta property=\"og:site_name\" content=\"Vida Crist\u00e3 - Franciscanos\" \/>\n<meta property=\"article:published_time\" content=\"2019-05-28T10:38:15+00:00\" \/>\n<meta property=\"article:modified_time\" content=\"2020-05-22T14:53:39+00:00\" \/>\n<meta property=\"og:image\" content=\"https:\/\/franciscanos.org.br\/vidacrista\/wp-content\/uploads\/2008\/06\/junina-1.jpg\" \/>\n\t<meta property=\"og:image:width\" content=\"800\" \/>\n\t<meta property=\"og:image:height\" content=\"603\" \/>\n\t<meta property=\"og:image:type\" content=\"image\/jpeg\" \/>\n<meta name=\"author\" content=\"moacir\" \/>\n<meta name=\"twitter:card\" content=\"summary_large_image\" \/>\n<meta name=\"twitter:label1\" content=\"Escrito por\" \/>\n\t<meta name=\"twitter:data1\" content=\"moacir\" \/>\n\t<meta name=\"twitter:label2\" content=\"Est. tempo de leitura\" \/>\n\t<meta name=\"twitter:data2\" content=\"10 minutos\" \/>\n<script type=\"application\/ld+json\" class=\"yoast-schema-graph\">{\"@context\":\"https:\/\/schema.org\",\"@graph\":[{\"@type\":\"WebSite\",\"@id\":\"https:\/\/franciscanos.org.br\/vidacrista\/#website\",\"url\":\"https:\/\/franciscanos.org.br\/vidacrista\/\",\"name\":\"Vida Crist\u00e3 - Franciscanos\",\"description\":\"Prov\u00edncia Franciscana da Imaculada Concei\u00e7\u00e3o do Brasil - Ordem dos Frades Menores\",\"potentialAction\":[{\"@type\":\"SearchAction\",\"target\":{\"@type\":\"EntryPoint\",\"urlTemplate\":\"https:\/\/franciscanos.org.br\/vidacrista\/?s={search_term_string}\"},\"query-input\":\"required name=search_term_string\"}],\"inLanguage\":\"pt-BR\"},{\"@type\":\"WebPage\",\"@id\":\"https:\/\/franciscanos.org.br\/vidacrista\/os-tres-santos-do-povo\/\",\"url\":\"https:\/\/franciscanos.org.br\/vidacrista\/os-tres-santos-do-povo\/\",\"name\":\"Os tr\u00eas santos do povo - Vida Crist\u00e3 - Franciscanos\",\"isPartOf\":{\"@id\":\"https:\/\/franciscanos.org.br\/vidacrista\/#website\"},\"datePublished\":\"2019-05-28T10:38:15+00:00\",\"dateModified\":\"2020-05-22T14:53:39+00:00\",\"author\":{\"@id\":\"https:\/\/franciscanos.org.br\/vidacrista\/#\/schema\/person\/1880bdd2c350b735648725ef7614736a\"},\"breadcrumb\":{\"@id\":\"https:\/\/franciscanos.org.br\/vidacrista\/os-tres-santos-do-povo\/#breadcrumb\"},\"inLanguage\":\"pt-BR\",\"potentialAction\":[{\"@type\":\"ReadAction\",\"target\":[\"https:\/\/franciscanos.org.br\/vidacrista\/os-tres-santos-do-povo\/\"]}]},{\"@type\":\"BreadcrumbList\",\"@id\":\"https:\/\/franciscanos.org.br\/vidacrista\/os-tres-santos-do-povo\/#breadcrumb\",\"itemListElement\":[{\"@type\":\"ListItem\",\"position\":1,\"name\":\"Home\",\"item\":\"https:\/\/franciscanos.org.br\/vidacrista\/\"},{\"@type\":\"ListItem\",\"position\":2,\"name\":\"Os tr\u00eas santos do povo\"}]},{\"@type\":\"Person\",\"@id\":\"https:\/\/franciscanos.org.br\/vidacrista\/#\/schema\/person\/1880bdd2c350b735648725ef7614736a\",\"name\":\"moacir\",\"image\":{\"@type\":\"ImageObject\",\"inLanguage\":\"pt-BR\",\"@id\":\"https:\/\/franciscanos.org.br\/vidacrista\/#\/schema\/person\/image\/\",\"url\":\"https:\/\/secure.gravatar.com\/avatar\/d08aa2ce4c8dd416d4479aa8536fcf64?s=96&d=mm&r=g\",\"contentUrl\":\"https:\/\/secure.gravatar.com\/avatar\/d08aa2ce4c8dd416d4479aa8536fcf64?s=96&d=mm&r=g\",\"caption\":\"moacir\"},\"url\":\"https:\/\/franciscanos.org.br\/vidacrista\/author\/moacir\/\"}]}<\/script>\n<!-- \/ Yoast SEO plugin. -->","yoast_head_json":{"title":"Os tr\u00eas santos do povo - Vida Crist\u00e3 - Franciscanos","robots":{"index":"index","follow":"follow","max-snippet":"max-snippet:-1","max-image-preview":"max-image-preview:large","max-video-preview":"max-video-preview:-1"},"canonical":"https:\/\/franciscanos.org.br\/vidacrista\/os-tres-santos-do-povo\/","og_locale":"pt_BR","og_type":"article","og_title":"Os tr\u00eas santos do povo - Vida Crist\u00e3 - Franciscanos","og_description":"Artigo de Frei Luiz Iakovacz","og_url":"https:\/\/franciscanos.org.br\/vidacrista\/os-tres-santos-do-povo\/","og_site_name":"Vida Crist\u00e3 - Franciscanos","article_published_time":"2019-05-28T10:38:15+00:00","article_modified_time":"2020-05-22T14:53:39+00:00","og_image":[{"width":800,"height":603,"url":"https:\/\/franciscanos.org.br\/vidacrista\/wp-content\/uploads\/2008\/06\/junina-1.jpg","type":"image\/jpeg"}],"author":"moacir","twitter_card":"summary_large_image","twitter_misc":{"Escrito por":"moacir","Est. tempo de leitura":"10 minutos"},"schema":{"@context":"https:\/\/schema.org","@graph":[{"@type":"WebSite","@id":"https:\/\/franciscanos.org.br\/vidacrista\/#website","url":"https:\/\/franciscanos.org.br\/vidacrista\/","name":"Vida Crist\u00e3 - Franciscanos","description":"Prov\u00edncia Franciscana da Imaculada Concei\u00e7\u00e3o do Brasil - Ordem dos Frades Menores","potentialAction":[{"@type":"SearchAction","target":{"@type":"EntryPoint","urlTemplate":"https:\/\/franciscanos.org.br\/vidacrista\/?s={search_term_string}"},"query-input":"required name=search_term_string"}],"inLanguage":"pt-BR"},{"@type":"WebPage","@id":"https:\/\/franciscanos.org.br\/vidacrista\/os-tres-santos-do-povo\/","url":"https:\/\/franciscanos.org.br\/vidacrista\/os-tres-santos-do-povo\/","name":"Os tr\u00eas santos do povo - Vida Crist\u00e3 - Franciscanos","isPartOf":{"@id":"https:\/\/franciscanos.org.br\/vidacrista\/#website"},"datePublished":"2019-05-28T10:38:15+00:00","dateModified":"2020-05-22T14:53:39+00:00","author":{"@id":"https:\/\/franciscanos.org.br\/vidacrista\/#\/schema\/person\/1880bdd2c350b735648725ef7614736a"},"breadcrumb":{"@id":"https:\/\/franciscanos.org.br\/vidacrista\/os-tres-santos-do-povo\/#breadcrumb"},"inLanguage":"pt-BR","potentialAction":[{"@type":"ReadAction","target":["https:\/\/franciscanos.org.br\/vidacrista\/os-tres-santos-do-povo\/"]}]},{"@type":"BreadcrumbList","@id":"https:\/\/franciscanos.org.br\/vidacrista\/os-tres-santos-do-povo\/#breadcrumb","itemListElement":[{"@type":"ListItem","position":1,"name":"Home","item":"https:\/\/franciscanos.org.br\/vidacrista\/"},{"@type":"ListItem","position":2,"name":"Os tr\u00eas santos do povo"}]},{"@type":"Person","@id":"https:\/\/franciscanos.org.br\/vidacrista\/#\/schema\/person\/1880bdd2c350b735648725ef7614736a","name":"moacir","image":{"@type":"ImageObject","inLanguage":"pt-BR","@id":"https:\/\/franciscanos.org.br\/vidacrista\/#\/schema\/person\/image\/","url":"https:\/\/secure.gravatar.com\/avatar\/d08aa2ce4c8dd416d4479aa8536fcf64?s=96&d=mm&r=g","contentUrl":"https:\/\/secure.gravatar.com\/avatar\/d08aa2ce4c8dd416d4479aa8536fcf64?s=96&d=mm&r=g","caption":"moacir"},"url":"https:\/\/franciscanos.org.br\/vidacrista\/author\/moacir\/"}]}},"_links":{"self":[{"href":"https:\/\/franciscanos.org.br\/vidacrista\/wp-json\/wp\/v2\/posts\/179537"}],"collection":[{"href":"https:\/\/franciscanos.org.br\/vidacrista\/wp-json\/wp\/v2\/posts"}],"about":[{"href":"https:\/\/franciscanos.org.br\/vidacrista\/wp-json\/wp\/v2\/types\/post"}],"author":[{"embeddable":true,"href":"https:\/\/franciscanos.org.br\/vidacrista\/wp-json\/wp\/v2\/users\/3"}],"replies":[{"embeddable":true,"href":"https:\/\/franciscanos.org.br\/vidacrista\/wp-json\/wp\/v2\/comments?post=179537"}],"version-history":[{"count":2,"href":"https:\/\/franciscanos.org.br\/vidacrista\/wp-json\/wp\/v2\/posts\/179537\/revisions"}],"predecessor-version":[{"id":179545,"href":"https:\/\/franciscanos.org.br\/vidacrista\/wp-json\/wp\/v2\/posts\/179537\/revisions\/179545"}],"wp:featuredmedia":[{"embeddable":true,"href":"https:\/\/franciscanos.org.br\/vidacrista\/wp-json\/wp\/v2\/media\/184509"}],"wp:attachment":[{"href":"https:\/\/franciscanos.org.br\/vidacrista\/wp-json\/wp\/v2\/media?parent=179537"}],"wp:term":[{"taxonomy":"category","embeddable":true,"href":"https:\/\/franciscanos.org.br\/vidacrista\/wp-json\/wp\/v2\/categories?post=179537"},{"taxonomy":"post_tag","embeddable":true,"href":"https:\/\/franciscanos.org.br\/vidacrista\/wp-json\/wp\/v2\/tags?post=179537"}],"curies":[{"name":"wp","href":"https:\/\/api.w.org\/{rel}","templated":true}]}}