{"id":179505,"date":"2019-05-23T07:31:49","date_gmt":"2019-05-23T10:31:49","guid":{"rendered":"https:\/\/franciscanos.org.br\/vidacrista\/?p=179505"},"modified":"2020-07-31T13:00:22","modified_gmt":"2020-07-31T16:00:22","slug":"sob-o-imperio-do-grosseiro-e-do-obsceno","status":"publish","type":"post","link":"https:\/\/franciscanos.org.br\/vidacrista\/sob-o-imperio-do-grosseiro-e-do-obsceno\/","title":{"rendered":"Sob o imp\u00e9rio do grosseiro e do obsceno"},"content":{"rendered":"<p><img decoding=\"async\" loading=\"lazy\" class=\"wp-image-187313 size-full\" src=\"https:\/\/franciscanos.org.br\/vidacrista\/wp-content\/uploads\/2019\/05\/artigo_16.jpg\" alt=\"\" width=\"840\" height=\"449\" srcset=\"https:\/\/franciscanos.org.br\/vidacrista\/wp-content\/uploads\/2019\/05\/artigo_16.jpg 840w, https:\/\/franciscanos.org.br\/vidacrista\/wp-content\/uploads\/2019\/05\/artigo_16-450x241.jpg 450w, https:\/\/franciscanos.org.br\/vidacrista\/wp-content\/uploads\/2019\/05\/artigo_16-768x411.jpg 768w, https:\/\/franciscanos.org.br\/vidacrista\/wp-content\/uploads\/2019\/05\/artigo_16-150x80.jpg 150w\" sizes=\"(max-width: 840px) 100vw, 840px\" \/><\/p>\n<p><em>\u00a0 \u00a0 \u00a0 \u00a0 \u00a0 \u00a0 \u00a0 \u00a0 \u00a0 \u00a0 \u00a0 \u00a0 \u00a0 \u00a0 \u00a0 \u00a0 \u00a0 \u00a0 \u00a0 \u00a0 \u00a0 \u00a0 \u00a0 \u00a0 \u00a0 \u00a0 \u00a0 \u00a0 \u00a0 \u00a0 \u00a0 \u00a0 \u00a0 \u00a0 \u00a0 \u00a0 \u00a0 \u00a0 \u00a0 \u00a0 \u00a0 \u00a0 \u00a0 \u00a0 \u00a0 \u00a0 \u00a0 Imagem ilustrativa (reprodu\u00e7\u00e3o)<\/em><\/p>\n<p><strong>Leonardo Boff<\/strong><\/p>\n<p>Se h\u00e1 algo a lamentar profundamente hoje em dia nas redes sociais de nosso pa\u00eds \u00e9 o imp\u00e9rio da grosseria e da obscenidade.<\/p>\n<p>Essa met\u00e1fora j\u00e1 foi usada por outros: parece que as portas e as janelas do inferno se abriram de par em par. Da\u00ed sa\u00edram os dem\u00f4nios das ofensas pessoais, das inj\u00farias, dos<em> fake news<\/em>, das mentiras, das cal\u00fanias e de toda sorte de palavras de baix\u00edssimo cal\u00e3o. Nem precisaria Freud ter chamado a aten\u00e7\u00e3o ao fato de que h\u00e1 pessoas com fixa\u00e7\u00e3o anal, usando palavras escatol\u00f3gicas e met\u00e1foras ligadas a pervers\u00f5es sexuais, pois as encontramos frequentemente nos <em>twitters<\/em>, nos <em>facebooks<\/em>, nos <em>youtubes<\/em> e em outros canais.<\/p>\n<p>A grosseria demonstra a falta de educa\u00e7\u00e3o, de civilidade, de cortesia e de polidez no trato para com as pessoas. A grosseria transforma a pessoa em vulgar. O linguajar vulgar usa express\u00f5es que ferem a sensibilidade dos outros ao seu redor. A vulgaridade contumaz deixa as pessoas inseguras, pois, nunca sabem quais gestos, palavr\u00f5es ou met\u00e1foras de mau gosto podem sair de gente grosseira. O grosseiro casa o mau gosto com o desrespeito.<\/p>\n<p>Especialmente, embora n\u00e3o exclusivamente, \u00e9 o homem mais vulgar em sua linguagem. A mulher, n\u00e3o exclusivamente, pode ser vulgar no modo de se expor. N\u00e3o se trata apenas no modo de se vestir, tornando-a explicitamente sensual e sedutora, mas no comportamento inadequado de se portar. Se a isso ainda se somam palavras obscenas e grosseiras faz-se mais vulgar e grotesca.<\/p>\n<p>Especialmente grave \u00e9 quando os portadores de poder como um presidente, um juiz da corte suprema, um ministro de Estado ou senador entre outros, esquecem o car\u00e1ter simb\u00f3lico de seu cargo e usam express\u00f5es vulgares e at\u00e9 obscenas. Espera-se que expressem privada e publicamente os valores que representam para todos. Quando falta esta coer\u00eancia, a sociedade e os cidad\u00e3os se sentem tra\u00eddos e at\u00e9 enganados. Aqueles que usam excessivamente express\u00f5es indignas de sua alta fun\u00e7\u00e3o s\u00e3o os menos indicadas para exerc\u00ea-las.<\/p>\n<p>Infelizmente \u00e9 o que verificamos quase diariamente no linguajar daquele que ocupa o cargo mais alto da na\u00e7\u00e3o. Seu linguajar, n\u00e3o raro, \u00e9 tosco, ofensivo, quando n\u00e3o escatol\u00f3gico e quase sempre burlesco.<\/p>\n<p>Se \u00e9 grave algu\u00e9m ser grosseiro, mais grave ainda \u00e9 o ser obsceno. Pois, este, o obsceno, rompe o limite natural daquilo que implica respeito e o sentido bom da vergonha. J\u00e1 Arist\u00f3teles em sua \u00c9tica anotava que nos damos conta da falta de \u00e9tica quando se perdeu o sentido da vergonha. Sem ela, tudo \u00e9 poss\u00edvel, pois, n\u00e3o haver\u00e1 nada que imponha algum limite. At\u00e9 a Shoah, o exterm\u00ednio em massa de judeus pelo nazismo, se tornou terr\u00edvel realidade.<\/p>\n<p>Nem tudo vale neste mundo. Houve Algu\u00e9m que foi sentenciado \u00e0 morte na cruz por testemunhar que nem tudo vale e que \u00e9 digno entregar a pr\u00f3pria vida por aquilo que deve ser incondicionalmente intoc\u00e1vel e respeit\u00e1vel: a rever\u00eancia ao Sagrado e a sacralidade do pobre e do que injustamente sofre.<\/p>\n<p>Houve no Ocidente uma figura que se transformou em arqu\u00e9tipo da cortesia e da finura de esp\u00edrito, daquilo que Pascal chamava de \u201cesprit de finesse\u201d contraposto ao \u201cesprit de g\u00e9om\u00e9trie\u201d; aquele, cheio de cuidado e de delicadeza e este outro, marcado pela frieza do c\u00e1lculo e pela vontade de poder.<\/p>\n<p>Um franciscano franc\u00eas, Eloi Leclerc, sobrevivente do campo nazista de exterm\u00ednio de Dachau e Birkenau, traduziu assim a cortesia de Francisco de Assis: \u201cter um cora\u00e7\u00e3o leve\u201d sem nenhum esp\u00edrito de viol\u00eancia e de vingan\u00e7a, o reverso o de ter um cora\u00e7\u00e3o pesado como o nosso, cheio de grosserias e de obscenidades. A\u00ed ele faz o <em>Poverello<\/em> de Assis dizer:<\/p>\n<p>\u201cTer um cora\u00e7\u00e3o leve \u00e9 escutar o p\u00e1ssaro cantando no jardim. N\u00e3o o perturbes. Faze-te o mais silencioso poss\u00edvel. Escuta-o. Seu canto \u00e9 o canto de seu Criador.\u201d<\/p>\n<p>\u201cRosas desabrocham no jardim. Deixa que possam florir. N\u00e3o estendas a m\u00e3o para colh\u00ea-las. Elas s\u00e3o o sorriso do Criador\u201d.<\/p>\n<p>\u201cE se encontrares um miser\u00e1vel, algu\u00e9m que est\u00e1 sofrendo desesperado, cala-te, escuta-o. Enche teus olhos com a presen\u00e7a dele, com a vida dele at\u00e9 que ele possa descobrir em teu olhar que tu \u00e9s seu irm\u00e3o. Ent\u00e3o tu o fizeste existir. Tu foste Deus para teu irm\u00e3o\u201d (<em>O Sol nasce em Assis<\/em>, Vozes 2000 p.127).<\/p>\n<p>Releva dizer: somos seres duplos, grosseiros e obscenos, mas tamb\u00e9m podemos e devemos ser gentis e corteses. Destes precisamos muitos, nos dias atuais, em nosso pa\u00eds. Para isso importa educar o cora\u00e7\u00e3o (sim, dar valor \u00e0 educa\u00e7\u00e3o) para que seja leve e totalmente distante de toda a grosseria e de toda a obscenidade, t\u00e3o vigentes entre n\u00f3s.<\/p>\n<hr \/>\n<p><strong>Leonardo Boff<\/strong> <em>\u00e9 te\u00f3logo, fil\u00f3sofo, ex-frade mas conservando o esp\u00edrito franciscano de Assis.<\/em><\/p>\n","protected":false},"excerpt":{"rendered":"<p>Artigo de Leonardo Boff<\/p>\n","protected":false},"author":3,"featured_media":187314,"comment_status":"open","ping_status":"open","sticky":false,"template":"","format":"standard","meta":{"footnotes":""},"categories":[26],"tags":[59],"yoast_head":"<!-- This site is optimized with the Yoast SEO plugin v19.4 - https:\/\/yoast.com\/wordpress\/plugins\/seo\/ -->\n<title>Sob o imp\u00e9rio do grosseiro e do obsceno - Vida Crist\u00e3 - Franciscanos<\/title>\n<meta name=\"robots\" content=\"index, follow, max-snippet:-1, max-image-preview:large, max-video-preview:-1\" \/>\n<link rel=\"canonical\" href=\"https:\/\/franciscanos.org.br\/vidacrista\/sob-o-imperio-do-grosseiro-e-do-obsceno\/\" \/>\n<meta property=\"og:locale\" content=\"pt_BR\" \/>\n<meta property=\"og:type\" content=\"article\" \/>\n<meta property=\"og:title\" content=\"Sob o imp\u00e9rio do grosseiro e do obsceno - Vida Crist\u00e3 - Franciscanos\" \/>\n<meta property=\"og:description\" content=\"Artigo de Leonardo Boff\" \/>\n<meta property=\"og:url\" content=\"https:\/\/franciscanos.org.br\/vidacrista\/sob-o-imperio-do-grosseiro-e-do-obsceno\/\" \/>\n<meta property=\"og:site_name\" content=\"Vida Crist\u00e3 - Franciscanos\" \/>\n<meta property=\"article:published_time\" content=\"2019-05-23T10:31:49+00:00\" \/>\n<meta property=\"article:modified_time\" content=\"2020-07-31T16:00:22+00:00\" \/>\n<meta property=\"og:image\" content=\"https:\/\/franciscanos.org.br\/vidacrista\/wp-content\/uploads\/2019\/05\/artigo_16d.jpg\" \/>\n\t<meta property=\"og:image:width\" content=\"800\" \/>\n\t<meta property=\"og:image:height\" content=\"600\" \/>\n\t<meta property=\"og:image:type\" content=\"image\/jpeg\" \/>\n<meta name=\"author\" content=\"moacir\" \/>\n<meta name=\"twitter:card\" content=\"summary_large_image\" \/>\n<meta name=\"twitter:label1\" content=\"Escrito por\" \/>\n\t<meta name=\"twitter:data1\" content=\"moacir\" \/>\n\t<meta name=\"twitter:label2\" content=\"Est. tempo de leitura\" \/>\n\t<meta name=\"twitter:data2\" content=\"4 minutos\" \/>\n<script type=\"application\/ld+json\" class=\"yoast-schema-graph\">{\"@context\":\"https:\/\/schema.org\",\"@graph\":[{\"@type\":\"WebSite\",\"@id\":\"https:\/\/franciscanos.org.br\/vidacrista\/#website\",\"url\":\"https:\/\/franciscanos.org.br\/vidacrista\/\",\"name\":\"Vida Crist\u00e3 - Franciscanos\",\"description\":\"Prov\u00edncia Franciscana da Imaculada Concei\u00e7\u00e3o do Brasil - Ordem dos Frades Menores\",\"potentialAction\":[{\"@type\":\"SearchAction\",\"target\":{\"@type\":\"EntryPoint\",\"urlTemplate\":\"https:\/\/franciscanos.org.br\/vidacrista\/?s={search_term_string}\"},\"query-input\":\"required name=search_term_string\"}],\"inLanguage\":\"pt-BR\"},{\"@type\":\"WebPage\",\"@id\":\"https:\/\/franciscanos.org.br\/vidacrista\/sob-o-imperio-do-grosseiro-e-do-obsceno\/\",\"url\":\"https:\/\/franciscanos.org.br\/vidacrista\/sob-o-imperio-do-grosseiro-e-do-obsceno\/\",\"name\":\"Sob o imp\u00e9rio do grosseiro e do obsceno - Vida Crist\u00e3 - Franciscanos\",\"isPartOf\":{\"@id\":\"https:\/\/franciscanos.org.br\/vidacrista\/#website\"},\"datePublished\":\"2019-05-23T10:31:49+00:00\",\"dateModified\":\"2020-07-31T16:00:22+00:00\",\"author\":{\"@id\":\"https:\/\/franciscanos.org.br\/vidacrista\/#\/schema\/person\/1880bdd2c350b735648725ef7614736a\"},\"breadcrumb\":{\"@id\":\"https:\/\/franciscanos.org.br\/vidacrista\/sob-o-imperio-do-grosseiro-e-do-obsceno\/#breadcrumb\"},\"inLanguage\":\"pt-BR\",\"potentialAction\":[{\"@type\":\"ReadAction\",\"target\":[\"https:\/\/franciscanos.org.br\/vidacrista\/sob-o-imperio-do-grosseiro-e-do-obsceno\/\"]}]},{\"@type\":\"BreadcrumbList\",\"@id\":\"https:\/\/franciscanos.org.br\/vidacrista\/sob-o-imperio-do-grosseiro-e-do-obsceno\/#breadcrumb\",\"itemListElement\":[{\"@type\":\"ListItem\",\"position\":1,\"name\":\"Home\",\"item\":\"https:\/\/franciscanos.org.br\/vidacrista\/\"},{\"@type\":\"ListItem\",\"position\":2,\"name\":\"Sob o imp\u00e9rio do grosseiro e do obsceno\"}]},{\"@type\":\"Person\",\"@id\":\"https:\/\/franciscanos.org.br\/vidacrista\/#\/schema\/person\/1880bdd2c350b735648725ef7614736a\",\"name\":\"moacir\",\"image\":{\"@type\":\"ImageObject\",\"inLanguage\":\"pt-BR\",\"@id\":\"https:\/\/franciscanos.org.br\/vidacrista\/#\/schema\/person\/image\/\",\"url\":\"https:\/\/secure.gravatar.com\/avatar\/d08aa2ce4c8dd416d4479aa8536fcf64?s=96&d=mm&r=g\",\"contentUrl\":\"https:\/\/secure.gravatar.com\/avatar\/d08aa2ce4c8dd416d4479aa8536fcf64?s=96&d=mm&r=g\",\"caption\":\"moacir\"},\"url\":\"https:\/\/franciscanos.org.br\/vidacrista\/author\/moacir\/\"}]}<\/script>\n<!-- \/ Yoast SEO plugin. -->","yoast_head_json":{"title":"Sob o imp\u00e9rio do grosseiro e do obsceno - Vida Crist\u00e3 - Franciscanos","robots":{"index":"index","follow":"follow","max-snippet":"max-snippet:-1","max-image-preview":"max-image-preview:large","max-video-preview":"max-video-preview:-1"},"canonical":"https:\/\/franciscanos.org.br\/vidacrista\/sob-o-imperio-do-grosseiro-e-do-obsceno\/","og_locale":"pt_BR","og_type":"article","og_title":"Sob o imp\u00e9rio do grosseiro e do obsceno - Vida Crist\u00e3 - Franciscanos","og_description":"Artigo de Leonardo Boff","og_url":"https:\/\/franciscanos.org.br\/vidacrista\/sob-o-imperio-do-grosseiro-e-do-obsceno\/","og_site_name":"Vida Crist\u00e3 - Franciscanos","article_published_time":"2019-05-23T10:31:49+00:00","article_modified_time":"2020-07-31T16:00:22+00:00","og_image":[{"width":800,"height":600,"url":"https:\/\/franciscanos.org.br\/vidacrista\/wp-content\/uploads\/2019\/05\/artigo_16d.jpg","type":"image\/jpeg"}],"author":"moacir","twitter_card":"summary_large_image","twitter_misc":{"Escrito por":"moacir","Est. tempo de leitura":"4 minutos"},"schema":{"@context":"https:\/\/schema.org","@graph":[{"@type":"WebSite","@id":"https:\/\/franciscanos.org.br\/vidacrista\/#website","url":"https:\/\/franciscanos.org.br\/vidacrista\/","name":"Vida Crist\u00e3 - Franciscanos","description":"Prov\u00edncia Franciscana da Imaculada Concei\u00e7\u00e3o do Brasil - Ordem dos Frades Menores","potentialAction":[{"@type":"SearchAction","target":{"@type":"EntryPoint","urlTemplate":"https:\/\/franciscanos.org.br\/vidacrista\/?s={search_term_string}"},"query-input":"required name=search_term_string"}],"inLanguage":"pt-BR"},{"@type":"WebPage","@id":"https:\/\/franciscanos.org.br\/vidacrista\/sob-o-imperio-do-grosseiro-e-do-obsceno\/","url":"https:\/\/franciscanos.org.br\/vidacrista\/sob-o-imperio-do-grosseiro-e-do-obsceno\/","name":"Sob o imp\u00e9rio do grosseiro e do obsceno - Vida Crist\u00e3 - Franciscanos","isPartOf":{"@id":"https:\/\/franciscanos.org.br\/vidacrista\/#website"},"datePublished":"2019-05-23T10:31:49+00:00","dateModified":"2020-07-31T16:00:22+00:00","author":{"@id":"https:\/\/franciscanos.org.br\/vidacrista\/#\/schema\/person\/1880bdd2c350b735648725ef7614736a"},"breadcrumb":{"@id":"https:\/\/franciscanos.org.br\/vidacrista\/sob-o-imperio-do-grosseiro-e-do-obsceno\/#breadcrumb"},"inLanguage":"pt-BR","potentialAction":[{"@type":"ReadAction","target":["https:\/\/franciscanos.org.br\/vidacrista\/sob-o-imperio-do-grosseiro-e-do-obsceno\/"]}]},{"@type":"BreadcrumbList","@id":"https:\/\/franciscanos.org.br\/vidacrista\/sob-o-imperio-do-grosseiro-e-do-obsceno\/#breadcrumb","itemListElement":[{"@type":"ListItem","position":1,"name":"Home","item":"https:\/\/franciscanos.org.br\/vidacrista\/"},{"@type":"ListItem","position":2,"name":"Sob o imp\u00e9rio do grosseiro e do obsceno"}]},{"@type":"Person","@id":"https:\/\/franciscanos.org.br\/vidacrista\/#\/schema\/person\/1880bdd2c350b735648725ef7614736a","name":"moacir","image":{"@type":"ImageObject","inLanguage":"pt-BR","@id":"https:\/\/franciscanos.org.br\/vidacrista\/#\/schema\/person\/image\/","url":"https:\/\/secure.gravatar.com\/avatar\/d08aa2ce4c8dd416d4479aa8536fcf64?s=96&d=mm&r=g","contentUrl":"https:\/\/secure.gravatar.com\/avatar\/d08aa2ce4c8dd416d4479aa8536fcf64?s=96&d=mm&r=g","caption":"moacir"},"url":"https:\/\/franciscanos.org.br\/vidacrista\/author\/moacir\/"}]}},"_links":{"self":[{"href":"https:\/\/franciscanos.org.br\/vidacrista\/wp-json\/wp\/v2\/posts\/179505"}],"collection":[{"href":"https:\/\/franciscanos.org.br\/vidacrista\/wp-json\/wp\/v2\/posts"}],"about":[{"href":"https:\/\/franciscanos.org.br\/vidacrista\/wp-json\/wp\/v2\/types\/post"}],"author":[{"embeddable":true,"href":"https:\/\/franciscanos.org.br\/vidacrista\/wp-json\/wp\/v2\/users\/3"}],"replies":[{"embeddable":true,"href":"https:\/\/franciscanos.org.br\/vidacrista\/wp-json\/wp\/v2\/comments?post=179505"}],"version-history":[{"count":7,"href":"https:\/\/franciscanos.org.br\/vidacrista\/wp-json\/wp\/v2\/posts\/179505\/revisions"}],"predecessor-version":[{"id":187319,"href":"https:\/\/franciscanos.org.br\/vidacrista\/wp-json\/wp\/v2\/posts\/179505\/revisions\/187319"}],"wp:featuredmedia":[{"embeddable":true,"href":"https:\/\/franciscanos.org.br\/vidacrista\/wp-json\/wp\/v2\/media\/187314"}],"wp:attachment":[{"href":"https:\/\/franciscanos.org.br\/vidacrista\/wp-json\/wp\/v2\/media?parent=179505"}],"wp:term":[{"taxonomy":"category","embeddable":true,"href":"https:\/\/franciscanos.org.br\/vidacrista\/wp-json\/wp\/v2\/categories?post=179505"},{"taxonomy":"post_tag","embeddable":true,"href":"https:\/\/franciscanos.org.br\/vidacrista\/wp-json\/wp\/v2\/tags?post=179505"}],"curies":[{"name":"wp","href":"https:\/\/api.w.org\/{rel}","templated":true}]}}